{"id":10106,"date":"2019-05-25T10:36:24","date_gmt":"2019-05-25T08:36:24","guid":{"rendered":"http:\/\/lignesauto.fr\/?p=10106"},"modified":"2019-05-26T08:10:16","modified_gmt":"2019-05-26T06:10:16","slug":"bmw-garmisch-de-gandini-son-incroyable-fabrication","status":"publish","type":"post","link":"https:\/\/lignesauto.fr\/?p=10106","title":{"rendered":"BMW Garmisch de Gandini : son incroyable fabrication !"},"content":{"rendered":"<p><a href=\"http:\/\/lignesauto.fr\/wp-content\/uploads\/2018\/10\/LOGOActus_BD.jpg\"><img loading=\"lazy\" decoding=\"async\" class=\"alignnone size-medium wp-image-4921\" src=\"http:\/\/lignesauto.fr\/wp-content\/uploads\/2018\/10\/LOGOActus_BD-300x108.jpg\" alt=\"\" width=\"300\" height=\"108\" srcset=\"https:\/\/lignesauto.fr\/wp-content\/uploads\/2018\/10\/LOGOActus_BD-300x108.jpg 300w, https:\/\/lignesauto.fr\/wp-content\/uploads\/2018\/10\/LOGOActus_BD-768x276.jpg 768w, https:\/\/lignesauto.fr\/wp-content\/uploads\/2018\/10\/LOGOActus_BD-1024x367.jpg 1024w, https:\/\/lignesauto.fr\/wp-content\/uploads\/2018\/10\/LOGOActus_BD-370x133.jpg 370w, https:\/\/lignesauto.fr\/wp-content\/uploads\/2018\/10\/LOGOActus_BD-1040x373.jpg 1040w, https:\/\/lignesauto.fr\/wp-content\/uploads\/2018\/10\/LOGOActus_BD.jpg 1240w\" sizes=\"(max-width: 300px) 100vw, 300px\" \/><\/a><\/p>\n<p><img loading=\"lazy\" decoding=\"async\" class=\"alignnone wp-image-10110 size-large\" src=\"http:\/\/lignesauto.fr\/wp-content\/uploads\/2019\/05\/LIGNESGANDINI_01-1024x683.jpg\" alt=\"\" width=\"1024\" height=\"683\" srcset=\"https:\/\/lignesauto.fr\/wp-content\/uploads\/2019\/05\/LIGNESGANDINI_01-1024x683.jpg 1024w, https:\/\/lignesauto.fr\/wp-content\/uploads\/2019\/05\/LIGNESGANDINI_01-300x200.jpg 300w, https:\/\/lignesauto.fr\/wp-content\/uploads\/2019\/05\/LIGNESGANDINI_01-768x512.jpg 768w, https:\/\/lignesauto.fr\/wp-content\/uploads\/2019\/05\/LIGNESGANDINI_01-370x247.jpg 370w, https:\/\/lignesauto.fr\/wp-content\/uploads\/2019\/05\/LIGNESGANDINI_01-1040x694.jpg 1040w, https:\/\/lignesauto.fr\/wp-content\/uploads\/2019\/05\/LIGNESGANDINI_01.jpg 1417w\" sizes=\"(max-width: 1024px) 100vw, 1024px\" \/><\/p>\n<p>BMW a reconstruit, \u00e0 l&#8217;identique, le concept-car BMW Garmisch que Marcello Gandini avait r\u00e9alis\u00e9 chez Bertone en 1970. Plus intense qu&#8217;une restauration car plus complexe, cette reconstruction est tout simplement ahurissante de pr\u00e9cision. Et pour parvenir \u00e0 leurs fins, BMW Classic et BMW Design Group se sont aid\u00e9s des souvenirs et de la ma\u00eetrise de l&#8217;auteur de ce concept, le designer Marcello Gandini en personne.<\/p>\n<p><img loading=\"lazy\" decoding=\"async\" class=\"alignnone wp-image-10124 size-large\" src=\"http:\/\/lignesauto.fr\/wp-content\/uploads\/2019\/05\/AJOUT_01-1024x683.jpg\" alt=\"\" width=\"1024\" height=\"683\" srcset=\"https:\/\/lignesauto.fr\/wp-content\/uploads\/2019\/05\/AJOUT_01-1024x683.jpg 1024w, https:\/\/lignesauto.fr\/wp-content\/uploads\/2019\/05\/AJOUT_01-300x200.jpg 300w, https:\/\/lignesauto.fr\/wp-content\/uploads\/2019\/05\/AJOUT_01-768x512.jpg 768w, https:\/\/lignesauto.fr\/wp-content\/uploads\/2019\/05\/AJOUT_01-370x247.jpg 370w, https:\/\/lignesauto.fr\/wp-content\/uploads\/2019\/05\/AJOUT_01-1040x694.jpg 1040w, https:\/\/lignesauto.fr\/wp-content\/uploads\/2019\/05\/AJOUT_01.jpg 1417w\" sizes=\"(max-width: 1024px) 100vw, 1024px\" \/><\/p>\n<p>L&#8217;italien ne s&#8217;est pas content\u00e9 d&#8217;approuver une maquette ou m\u00eame l&#8217;objet fini, non : il a particip\u00e9 \u00e0 chaque \u00e9tape de la reconstruction de &#8220;sa&#8221; Garmisch. Et l&#8217;affaire n&#8217;\u00e9tait pas simple car le concept a disparu, les documents techniques sont rares et les photos restantes de cette \u00e9poque sont pour la plupart en noir et blanc.<\/p>\n<p><img loading=\"lazy\" decoding=\"async\" class=\"alignnone wp-image-10122 size-large\" src=\"http:\/\/lignesauto.fr\/wp-content\/uploads\/2019\/05\/LIGNESGANDINI_18-1024x683.jpg\" alt=\"\" width=\"1024\" height=\"683\" srcset=\"https:\/\/lignesauto.fr\/wp-content\/uploads\/2019\/05\/LIGNESGANDINI_18-1024x683.jpg 1024w, https:\/\/lignesauto.fr\/wp-content\/uploads\/2019\/05\/LIGNESGANDINI_18-300x200.jpg 300w, https:\/\/lignesauto.fr\/wp-content\/uploads\/2019\/05\/LIGNESGANDINI_18-768x512.jpg 768w, https:\/\/lignesauto.fr\/wp-content\/uploads\/2019\/05\/LIGNESGANDINI_18-370x247.jpg 370w, https:\/\/lignesauto.fr\/wp-content\/uploads\/2019\/05\/LIGNESGANDINI_18-1040x694.jpg 1040w, https:\/\/lignesauto.fr\/wp-content\/uploads\/2019\/05\/LIGNESGANDINI_18.jpg 1417w\" sizes=\"(max-width: 1024px) 100vw, 1024px\" \/><\/p>\n<p>Mais la t\u00e2che n&#8217;a pas rebut\u00e9 les orf\u00e8vres de BMW Classic et de BMW Design Group. Ils ont reconstitu\u00e9 chaque \u00e9l\u00e9ment de t\u00f4le, de m\u00e9tal, de verre, de plastique, de cuir et tant d&#8217;autres d\u00e9tails pour fournir \u00e0 une <em>carrozzeri<\/em>a italienne le soin de fabriquer la &#8220;nouvelle&#8221; Garmisch. Car c&#8217;est en Italie que BMW a trouv\u00e9 les meilleurs &#8220;t\u00f4liers-formeurs&#8221; qui ont r\u00e9ussi l&#8217;impensable : redonner vie \u00e0 ce concept-car BMW n\u00e9 voici presque 50 ans !<\/p>\n<p><img loading=\"lazy\" decoding=\"async\" class=\"alignnone wp-image-10127 size-large\" src=\"http:\/\/lignesauto.fr\/wp-content\/uploads\/2019\/05\/AJOUT_04-682x1024.jpg\" alt=\"\" width=\"682\" height=\"1024\" srcset=\"https:\/\/lignesauto.fr\/wp-content\/uploads\/2019\/05\/AJOUT_04-682x1024.jpg 682w, https:\/\/lignesauto.fr\/wp-content\/uploads\/2019\/05\/AJOUT_04-200x300.jpg 200w, https:\/\/lignesauto.fr\/wp-content\/uploads\/2019\/05\/AJOUT_04-768x1153.jpg 768w, https:\/\/lignesauto.fr\/wp-content\/uploads\/2019\/05\/AJOUT_04-370x555.jpg 370w, https:\/\/lignesauto.fr\/wp-content\/uploads\/2019\/05\/AJOUT_04-1040x1561.jpg 1040w, https:\/\/lignesauto.fr\/wp-content\/uploads\/2019\/05\/AJOUT_04.jpg 1417w\" sizes=\"(max-width: 682px) 100vw, 682px\" \/><\/p>\n<h3><strong>Revivez par les photos cette renaissance exceptionnelle !<\/strong><\/h3>\n<p><img loading=\"lazy\" decoding=\"async\" class=\"alignnone wp-image-10115 size-large\" src=\"http:\/\/lignesauto.fr\/wp-content\/uploads\/2019\/05\/LIGNESGANDINI_27-683x1024.jpg\" alt=\"\" width=\"683\" height=\"1024\" srcset=\"https:\/\/lignesauto.fr\/wp-content\/uploads\/2019\/05\/LIGNESGANDINI_27-683x1024.jpg 683w, https:\/\/lignesauto.fr\/wp-content\/uploads\/2019\/05\/LIGNESGANDINI_27-200x300.jpg 200w, https:\/\/lignesauto.fr\/wp-content\/uploads\/2019\/05\/LIGNESGANDINI_27-768x1152.jpg 768w, https:\/\/lignesauto.fr\/wp-content\/uploads\/2019\/05\/LIGNESGANDINI_27-370x555.jpg 370w, https:\/\/lignesauto.fr\/wp-content\/uploads\/2019\/05\/LIGNESGANDINI_27-1040x1560.jpg 1040w, https:\/\/lignesauto.fr\/wp-content\/uploads\/2019\/05\/LIGNESGANDINI_27.jpg 1417w\" sizes=\"(max-width: 683px) 100vw, 683px\" \/><\/p>\n<p>Comme Marcello Gandini l&#8217;avait fait en son temps, voici pr\u00e8s de 50 ans, tout (re)commence par un dessin trois vues avec des cotes, tout simplement ! Les archives Bertone ont \u00e9t\u00e9 utiles lors de cette phase.<\/p>\n<p><img loading=\"lazy\" decoding=\"async\" class=\"alignnone wp-image-10111 size-large\" src=\"http:\/\/lignesauto.fr\/wp-content\/uploads\/2019\/05\/LIGNESGANDINI_14-1024x683.jpg\" alt=\"\" width=\"1024\" height=\"683\" srcset=\"https:\/\/lignesauto.fr\/wp-content\/uploads\/2019\/05\/LIGNESGANDINI_14-1024x683.jpg 1024w, https:\/\/lignesauto.fr\/wp-content\/uploads\/2019\/05\/LIGNESGANDINI_14-300x200.jpg 300w, https:\/\/lignesauto.fr\/wp-content\/uploads\/2019\/05\/LIGNESGANDINI_14-768x512.jpg 768w, https:\/\/lignesauto.fr\/wp-content\/uploads\/2019\/05\/LIGNESGANDINI_14-370x247.jpg 370w, https:\/\/lignesauto.fr\/wp-content\/uploads\/2019\/05\/LIGNESGANDINI_14-1040x694.jpg 1040w, https:\/\/lignesauto.fr\/wp-content\/uploads\/2019\/05\/LIGNESGANDINI_14.jpg 1417w\" sizes=\"(max-width: 1024px) 100vw, 1024px\" \/><\/p>\n<p>Puis le &#8220;grand plan&#8221; est r\u00e9alis\u00e9 et surtout, l&#8217;ensemble des donn\u00e9es est num\u00e9ris\u00e9 afin de constituer une banque de donn\u00e9es n\u00e9cessaire \u00e0 la production de l&#8217;unique exemplaire de la Garmisch de 2019.<\/p>\n<p><img loading=\"lazy\" decoding=\"async\" class=\"alignnone wp-image-10140 size-large\" src=\"http:\/\/lignesauto.fr\/wp-content\/uploads\/2019\/05\/A-683x1024.jpg\" alt=\"\" width=\"683\" height=\"1024\" srcset=\"https:\/\/lignesauto.fr\/wp-content\/uploads\/2019\/05\/A-683x1024.jpg 683w, https:\/\/lignesauto.fr\/wp-content\/uploads\/2019\/05\/A-200x300.jpg 200w, https:\/\/lignesauto.fr\/wp-content\/uploads\/2019\/05\/A-768x1152.jpg 768w, https:\/\/lignesauto.fr\/wp-content\/uploads\/2019\/05\/A-370x555.jpg 370w, https:\/\/lignesauto.fr\/wp-content\/uploads\/2019\/05\/A-1040x1560.jpg 1040w, https:\/\/lignesauto.fr\/wp-content\/uploads\/2019\/05\/A.jpg 1417w\" sizes=\"(max-width: 683px) 100vw, 683px\" \/><\/p>\n<p><img loading=\"lazy\" decoding=\"async\" class=\"alignnone wp-image-10125 size-large\" src=\"http:\/\/lignesauto.fr\/wp-content\/uploads\/2019\/05\/AJOUT_02-683x1024.jpg\" alt=\"\" width=\"683\" height=\"1024\" srcset=\"https:\/\/lignesauto.fr\/wp-content\/uploads\/2019\/05\/AJOUT_02-683x1024.jpg 683w, https:\/\/lignesauto.fr\/wp-content\/uploads\/2019\/05\/AJOUT_02-200x300.jpg 200w, https:\/\/lignesauto.fr\/wp-content\/uploads\/2019\/05\/AJOUT_02-768x1152.jpg 768w, https:\/\/lignesauto.fr\/wp-content\/uploads\/2019\/05\/AJOUT_02-370x555.jpg 370w, https:\/\/lignesauto.fr\/wp-content\/uploads\/2019\/05\/AJOUT_02-1040x1560.jpg 1040w, https:\/\/lignesauto.fr\/wp-content\/uploads\/2019\/05\/AJOUT_02.jpg 1417w\" sizes=\"(max-width: 683px) 100vw, 683px\" \/><\/p>\n<p>Parfois, il a fallu se contenter de photos noir et blanc pour peaufiner un d\u00e9tail o\u00f9 en deviner le coloris&#8230;<\/p>\n<p><img loading=\"lazy\" decoding=\"async\" class=\"alignnone wp-image-10114 size-large\" src=\"http:\/\/lignesauto.fr\/wp-content\/uploads\/2019\/05\/LIGNESGANDINI_29-683x1024.jpg\" alt=\"\" width=\"683\" height=\"1024\" srcset=\"https:\/\/lignesauto.fr\/wp-content\/uploads\/2019\/05\/LIGNESGANDINI_29-683x1024.jpg 683w, https:\/\/lignesauto.fr\/wp-content\/uploads\/2019\/05\/LIGNESGANDINI_29-200x300.jpg 200w, https:\/\/lignesauto.fr\/wp-content\/uploads\/2019\/05\/LIGNESGANDINI_29-768x1152.jpg 768w, https:\/\/lignesauto.fr\/wp-content\/uploads\/2019\/05\/LIGNESGANDINI_29-370x555.jpg 370w, https:\/\/lignesauto.fr\/wp-content\/uploads\/2019\/05\/LIGNESGANDINI_29-1040x1560.jpg 1040w, https:\/\/lignesauto.fr\/wp-content\/uploads\/2019\/05\/LIGNESGANDINI_29.jpg 1417w\" sizes=\"(max-width: 683px) 100vw, 683px\" \/><\/p>\n<p>Comme pour un vrai programme \u00e0 l&#8217;\u00e9tude, une maquette \u00e9chelle 1 (pleine) est frais\u00e9e pour d\u00e9buter les relev\u00e9s, afin que les t\u00f4liers italiens se mettent \u00e0 l&#8217;ouvrage.<\/p>\n<p><img loading=\"lazy\" decoding=\"async\" class=\"alignnone wp-image-10113 size-large\" src=\"http:\/\/lignesauto.fr\/wp-content\/uploads\/2019\/05\/LIGNESGANDINI_33-1024x683.jpg\" alt=\"\" width=\"1024\" height=\"683\" srcset=\"https:\/\/lignesauto.fr\/wp-content\/uploads\/2019\/05\/LIGNESGANDINI_33-1024x683.jpg 1024w, https:\/\/lignesauto.fr\/wp-content\/uploads\/2019\/05\/LIGNESGANDINI_33-300x200.jpg 300w, https:\/\/lignesauto.fr\/wp-content\/uploads\/2019\/05\/LIGNESGANDINI_33-768x512.jpg 768w, https:\/\/lignesauto.fr\/wp-content\/uploads\/2019\/05\/LIGNESGANDINI_33-370x247.jpg 370w, https:\/\/lignesauto.fr\/wp-content\/uploads\/2019\/05\/LIGNESGANDINI_33-1040x694.jpg 1040w, https:\/\/lignesauto.fr\/wp-content\/uploads\/2019\/05\/LIGNESGANDINI_33.jpg 1417w\" sizes=\"(max-width: 1024px) 100vw, 1024px\" \/><\/p>\n<p>Marcello Gandini est intervenu lors de cette \u00e9tape \u00e9galement&#8230;<\/p>\n<p><img loading=\"lazy\" decoding=\"async\" class=\"alignnone wp-image-10128 size-large\" src=\"http:\/\/lignesauto.fr\/wp-content\/uploads\/2019\/05\/AJOUT_05-1024x683.jpg\" alt=\"\" width=\"1024\" height=\"683\" srcset=\"https:\/\/lignesauto.fr\/wp-content\/uploads\/2019\/05\/AJOUT_05-1024x683.jpg 1024w, https:\/\/lignesauto.fr\/wp-content\/uploads\/2019\/05\/AJOUT_05-300x200.jpg 300w, https:\/\/lignesauto.fr\/wp-content\/uploads\/2019\/05\/AJOUT_05-768x512.jpg 768w, https:\/\/lignesauto.fr\/wp-content\/uploads\/2019\/05\/AJOUT_05-370x247.jpg 370w, https:\/\/lignesauto.fr\/wp-content\/uploads\/2019\/05\/AJOUT_05-1040x694.jpg 1040w, https:\/\/lignesauto.fr\/wp-content\/uploads\/2019\/05\/AJOUT_05.jpg 1417w\" sizes=\"(max-width: 1024px) 100vw, 1024px\" \/><\/p>\n<p>Il ne s&#8217;agit pas de r\u00e9aliser des outils d&#8217;emboutissage car l&#8217;objet est unique. Mais un &#8220;master model&#8221; est r\u00e9alis\u00e9 pour venir frapper les feuilles de t\u00f4les qui vont constituer la carrosserie&#8230; Comme \u00e0 la plus belle \u00e9poque des <em>&#8220;carrozzeria&#8221; <\/em>italiennes.<\/p>\n<p><img loading=\"lazy\" decoding=\"async\" class=\"alignnone wp-image-10121 size-large\" src=\"http:\/\/lignesauto.fr\/wp-content\/uploads\/2019\/05\/LIGNESGANDINI_16-1024x683.jpg\" alt=\"\" width=\"1024\" height=\"683\" srcset=\"https:\/\/lignesauto.fr\/wp-content\/uploads\/2019\/05\/LIGNESGANDINI_16-1024x683.jpg 1024w, https:\/\/lignesauto.fr\/wp-content\/uploads\/2019\/05\/LIGNESGANDINI_16-300x200.jpg 300w, https:\/\/lignesauto.fr\/wp-content\/uploads\/2019\/05\/LIGNESGANDINI_16-768x512.jpg 768w, https:\/\/lignesauto.fr\/wp-content\/uploads\/2019\/05\/LIGNESGANDINI_16-370x247.jpg 370w, https:\/\/lignesauto.fr\/wp-content\/uploads\/2019\/05\/LIGNESGANDINI_16-1040x694.jpg 1040w, https:\/\/lignesauto.fr\/wp-content\/uploads\/2019\/05\/LIGNESGANDINI_16.jpg 1417w\" sizes=\"(max-width: 1024px) 100vw, 1024px\" \/><\/p>\n<p>M\u00eame si elle a perdu Bertone, m\u00eame si Pininfarina a vacill\u00e9, l&#8217;Italie conserve de nombreuses petites <em>carrozzeria<\/em> capables de produire \u00e0 la main un v\u00e9hicule unique !<\/p>\n<p><img loading=\"lazy\" decoding=\"async\" class=\"alignnone wp-image-10119 size-large\" src=\"http:\/\/lignesauto.fr\/wp-content\/uploads\/2019\/05\/LIGNESGANDINI_23-683x1024.jpg\" alt=\"\" width=\"683\" height=\"1024\" srcset=\"https:\/\/lignesauto.fr\/wp-content\/uploads\/2019\/05\/LIGNESGANDINI_23-683x1024.jpg 683w, https:\/\/lignesauto.fr\/wp-content\/uploads\/2019\/05\/LIGNESGANDINI_23-200x300.jpg 200w, https:\/\/lignesauto.fr\/wp-content\/uploads\/2019\/05\/LIGNESGANDINI_23-768x1152.jpg 768w, https:\/\/lignesauto.fr\/wp-content\/uploads\/2019\/05\/LIGNESGANDINI_23-370x555.jpg 370w, https:\/\/lignesauto.fr\/wp-content\/uploads\/2019\/05\/LIGNESGANDINI_23-1040x1560.jpg 1040w, https:\/\/lignesauto.fr\/wp-content\/uploads\/2019\/05\/LIGNESGANDINI_23.jpg 1417w\" sizes=\"(max-width: 683px) 100vw, 683px\" \/><\/p>\n<p><img loading=\"lazy\" decoding=\"async\" class=\"alignnone wp-image-10116 size-large\" src=\"http:\/\/lignesauto.fr\/wp-content\/uploads\/2019\/05\/LIGNESGANDINI_26-1024x683.jpg\" alt=\"\" width=\"1024\" height=\"683\" srcset=\"https:\/\/lignesauto.fr\/wp-content\/uploads\/2019\/05\/LIGNESGANDINI_26-1024x683.jpg 1024w, https:\/\/lignesauto.fr\/wp-content\/uploads\/2019\/05\/LIGNESGANDINI_26-300x200.jpg 300w, https:\/\/lignesauto.fr\/wp-content\/uploads\/2019\/05\/LIGNESGANDINI_26-768x512.jpg 768w, https:\/\/lignesauto.fr\/wp-content\/uploads\/2019\/05\/LIGNESGANDINI_26-370x247.jpg 370w, https:\/\/lignesauto.fr\/wp-content\/uploads\/2019\/05\/LIGNESGANDINI_26-1040x694.jpg 1040w, https:\/\/lignesauto.fr\/wp-content\/uploads\/2019\/05\/LIGNESGANDINI_26.jpg 1417w\" sizes=\"(max-width: 1024px) 100vw, 1024px\" \/><\/p>\n<p>Voil\u00e0, la Garmisch du renouveau est (presque) assembl\u00e9e !<\/p>\n<p><img loading=\"lazy\" decoding=\"async\" class=\"alignnone wp-image-10118 size-large\" src=\"http:\/\/lignesauto.fr\/wp-content\/uploads\/2019\/05\/LIGNESGANDINI_24-1024x683.jpg\" alt=\"\" width=\"1024\" height=\"683\" srcset=\"https:\/\/lignesauto.fr\/wp-content\/uploads\/2019\/05\/LIGNESGANDINI_24-1024x683.jpg 1024w, https:\/\/lignesauto.fr\/wp-content\/uploads\/2019\/05\/LIGNESGANDINI_24-300x200.jpg 300w, https:\/\/lignesauto.fr\/wp-content\/uploads\/2019\/05\/LIGNESGANDINI_24-768x512.jpg 768w, https:\/\/lignesauto.fr\/wp-content\/uploads\/2019\/05\/LIGNESGANDINI_24-370x247.jpg 370w, https:\/\/lignesauto.fr\/wp-content\/uploads\/2019\/05\/LIGNESGANDINI_24-1040x694.jpg 1040w, https:\/\/lignesauto.fr\/wp-content\/uploads\/2019\/05\/LIGNESGANDINI_24.jpg 1417w\" sizes=\"(max-width: 1024px) 100vw, 1024px\" \/><\/p>\n<p><img loading=\"lazy\" decoding=\"async\" class=\"alignnone wp-image-10117 size-large\" src=\"http:\/\/lignesauto.fr\/wp-content\/uploads\/2019\/05\/LIGNESGANDINI_25-1024x683.jpg\" alt=\"\" width=\"1024\" height=\"683\" srcset=\"https:\/\/lignesauto.fr\/wp-content\/uploads\/2019\/05\/LIGNESGANDINI_25-1024x683.jpg 1024w, https:\/\/lignesauto.fr\/wp-content\/uploads\/2019\/05\/LIGNESGANDINI_25-300x200.jpg 300w, https:\/\/lignesauto.fr\/wp-content\/uploads\/2019\/05\/LIGNESGANDINI_25-768x512.jpg 768w, https:\/\/lignesauto.fr\/wp-content\/uploads\/2019\/05\/LIGNESGANDINI_25-370x247.jpg 370w, https:\/\/lignesauto.fr\/wp-content\/uploads\/2019\/05\/LIGNESGANDINI_25-1040x694.jpg 1040w, https:\/\/lignesauto.fr\/wp-content\/uploads\/2019\/05\/LIGNESGANDINI_25.jpg 1417w\" sizes=\"(max-width: 1024px) 100vw, 1024px\" \/><\/p>\n<p><img loading=\"lazy\" decoding=\"async\" class=\"alignnone wp-image-10150 size-large\" src=\"http:\/\/lignesauto.fr\/wp-content\/uploads\/2019\/05\/LIGNESG_03-1024x683.jpg\" alt=\"\" width=\"1024\" height=\"683\" srcset=\"https:\/\/lignesauto.fr\/wp-content\/uploads\/2019\/05\/LIGNESG_03-1024x683.jpg 1024w, https:\/\/lignesauto.fr\/wp-content\/uploads\/2019\/05\/LIGNESG_03-300x200.jpg 300w, https:\/\/lignesauto.fr\/wp-content\/uploads\/2019\/05\/LIGNESG_03-768x512.jpg 768w, https:\/\/lignesauto.fr\/wp-content\/uploads\/2019\/05\/LIGNESG_03-370x247.jpg 370w, https:\/\/lignesauto.fr\/wp-content\/uploads\/2019\/05\/LIGNESG_03-1040x694.jpg 1040w, https:\/\/lignesauto.fr\/wp-content\/uploads\/2019\/05\/LIGNESG_03.jpg 1417w\" sizes=\"(max-width: 1024px) 100vw, 1024px\" \/><\/p>\n<p><img loading=\"lazy\" decoding=\"async\" class=\"alignnone wp-image-10148 size-large\" src=\"http:\/\/lignesauto.fr\/wp-content\/uploads\/2019\/05\/LIGNESG_01-1024x683.jpg\" alt=\"\" width=\"1024\" height=\"683\" srcset=\"https:\/\/lignesauto.fr\/wp-content\/uploads\/2019\/05\/LIGNESG_01-1024x683.jpg 1024w, https:\/\/lignesauto.fr\/wp-content\/uploads\/2019\/05\/LIGNESG_01-300x200.jpg 300w, https:\/\/lignesauto.fr\/wp-content\/uploads\/2019\/05\/LIGNESG_01-768x512.jpg 768w, https:\/\/lignesauto.fr\/wp-content\/uploads\/2019\/05\/LIGNESG_01-370x247.jpg 370w, https:\/\/lignesauto.fr\/wp-content\/uploads\/2019\/05\/LIGNESG_01-1040x694.jpg 1040w, https:\/\/lignesauto.fr\/wp-content\/uploads\/2019\/05\/LIGNESG_01.jpg 1417w\" sizes=\"(max-width: 1024px) 100vw, 1024px\" \/><\/p>\n<p>Tous le mobilier int\u00e9rieur mont\u00e9, Marcello Gandini peut venir \u00e0 nouveau d\u00e9couvrir &#8220;sa&#8221; Garmisch cette fois termin\u00e9e<\/p>\n<p><img loading=\"lazy\" decoding=\"async\" class=\"alignnone wp-image-10129 size-large\" src=\"http:\/\/lignesauto.fr\/wp-content\/uploads\/2019\/05\/AJOUT_06-682x1024.jpg\" alt=\"\" width=\"682\" height=\"1024\" srcset=\"https:\/\/lignesauto.fr\/wp-content\/uploads\/2019\/05\/AJOUT_06-682x1024.jpg 682w, https:\/\/lignesauto.fr\/wp-content\/uploads\/2019\/05\/AJOUT_06-200x300.jpg 200w, https:\/\/lignesauto.fr\/wp-content\/uploads\/2019\/05\/AJOUT_06-768x1153.jpg 768w, https:\/\/lignesauto.fr\/wp-content\/uploads\/2019\/05\/AJOUT_06-370x555.jpg 370w, https:\/\/lignesauto.fr\/wp-content\/uploads\/2019\/05\/AJOUT_06-1040x1561.jpg 1040w, https:\/\/lignesauto.fr\/wp-content\/uploads\/2019\/05\/AJOUT_06.jpg 1417w\" sizes=\"(max-width: 682px) 100vw, 682px\" \/><\/p>\n<p><img loading=\"lazy\" decoding=\"async\" class=\"alignnone wp-image-10112 size-large\" src=\"http:\/\/lignesauto.fr\/wp-content\/uploads\/2019\/05\/LIGNESGANDINI_15-1024x683.jpg\" alt=\"\" width=\"1024\" height=\"683\" srcset=\"https:\/\/lignesauto.fr\/wp-content\/uploads\/2019\/05\/LIGNESGANDINI_15-1024x683.jpg 1024w, https:\/\/lignesauto.fr\/wp-content\/uploads\/2019\/05\/LIGNESGANDINI_15-300x200.jpg 300w, https:\/\/lignesauto.fr\/wp-content\/uploads\/2019\/05\/LIGNESGANDINI_15-768x512.jpg 768w, https:\/\/lignesauto.fr\/wp-content\/uploads\/2019\/05\/LIGNESGANDINI_15-370x247.jpg 370w, https:\/\/lignesauto.fr\/wp-content\/uploads\/2019\/05\/LIGNESGANDINI_15-1040x694.jpg 1040w, https:\/\/lignesauto.fr\/wp-content\/uploads\/2019\/05\/LIGNESGANDINI_15.jpg 1417w\" sizes=\"(max-width: 1024px) 100vw, 1024px\" \/><\/p>\n<p><img loading=\"lazy\" decoding=\"async\" class=\"alignnone wp-image-10132 size-large\" src=\"http:\/\/lignesauto.fr\/wp-content\/uploads\/2019\/05\/LIGNESGANDINI_17-1024x683.jpg\" alt=\"\" width=\"1024\" height=\"683\" srcset=\"https:\/\/lignesauto.fr\/wp-content\/uploads\/2019\/05\/LIGNESGANDINI_17-1024x683.jpg 1024w, https:\/\/lignesauto.fr\/wp-content\/uploads\/2019\/05\/LIGNESGANDINI_17-300x200.jpg 300w, https:\/\/lignesauto.fr\/wp-content\/uploads\/2019\/05\/LIGNESGANDINI_17-768x512.jpg 768w, https:\/\/lignesauto.fr\/wp-content\/uploads\/2019\/05\/LIGNESGANDINI_17-370x247.jpg 370w, https:\/\/lignesauto.fr\/wp-content\/uploads\/2019\/05\/LIGNESGANDINI_17-1040x694.jpg 1040w, https:\/\/lignesauto.fr\/wp-content\/uploads\/2019\/05\/LIGNESGANDINI_17.jpg 1417w\" sizes=\"(max-width: 1024px) 100vw, 1024px\" \/><\/p>\n<p><strong>VIDEO<\/strong><\/p>\n<p><iframe loading=\"lazy\" title=\"LIGNES GARMISCH GANDINI BERTONE\" width=\"640\" height=\"360\" src=\"https:\/\/www.youtube.com\/embed\/vqkoywH2ozc?feature=oembed\" frameborder=\"0\" allow=\"accelerometer; autoplay; clipboard-write; encrypted-media; gyroscope; picture-in-picture; web-share\" referrerpolicy=\"strict-origin-when-cross-origin\" allowfullscreen><\/iframe><\/p>\n<p><a href=\"http:\/\/lignesauto.fr\/wp-content\/uploads\/2018\/10\/LOGOActus_BD.jpg\"><img loading=\"lazy\" decoding=\"async\" class=\"alignnone size-medium wp-image-4921\" src=\"http:\/\/lignesauto.fr\/wp-content\/uploads\/2018\/10\/LOGOActus_BD-300x108.jpg\" alt=\"\" width=\"300\" height=\"108\" srcset=\"https:\/\/lignesauto.fr\/wp-content\/uploads\/2018\/10\/LOGOActus_BD-300x108.jpg 300w, https:\/\/lignesauto.fr\/wp-content\/uploads\/2018\/10\/LOGOActus_BD-768x276.jpg 768w, https:\/\/lignesauto.fr\/wp-content\/uploads\/2018\/10\/LOGOActus_BD-1024x367.jpg 1024w, https:\/\/lignesauto.fr\/wp-content\/uploads\/2018\/10\/LOGOActus_BD-370x133.jpg 370w, https:\/\/lignesauto.fr\/wp-content\/uploads\/2018\/10\/LOGOActus_BD-1040x373.jpg 1040w, https:\/\/lignesauto.fr\/wp-content\/uploads\/2018\/10\/LOGOActus_BD.jpg 1240w\" sizes=\"(max-width: 300px) 100vw, 300px\" \/><\/a><\/p>\n<p>&nbsp;<\/p>\n<p>&nbsp;<\/p>\n","protected":false},"excerpt":{"rendered":"<p>BMW a reconstruit, \u00e0 l&#8217;identique, le concept-car BMW Garmisch que Marcello Gandini avait r\u00e9alis\u00e9 chez Bertone en 1970. Plus intense qu&#8217;une restauration car plus complexe, cette reconstruction est tout simplement ahurissante de pr\u00e9cision. Et pour parvenir \u00e0 leurs fins, BMW Classic et BMW Design Group se sont aid\u00e9s des souvenirs [&hellip;]<\/p>\n","protected":false},"author":1,"featured_media":10128,"comment_status":"open","ping_status":"open","sticky":false,"template":"","format":"standard","meta":{"footnotes":""},"categories":[1],"tags":[],"_links":{"self":[{"href":"https:\/\/lignesauto.fr\/index.php?rest_route=\/wp\/v2\/posts\/10106"}],"collection":[{"href":"https:\/\/lignesauto.fr\/index.php?rest_route=\/wp\/v2\/posts"}],"about":[{"href":"https:\/\/lignesauto.fr\/index.php?rest_route=\/wp\/v2\/types\/post"}],"author":[{"embeddable":true,"href":"https:\/\/lignesauto.fr\/index.php?rest_route=\/wp\/v2\/users\/1"}],"replies":[{"embeddable":true,"href":"https:\/\/lignesauto.fr\/index.php?rest_route=%2Fwp%2Fv2%2Fcomments&post=10106"}],"version-history":[{"count":15,"href":"https:\/\/lignesauto.fr\/index.php?rest_route=\/wp\/v2\/posts\/10106\/revisions"}],"predecessor-version":[{"id":10157,"href":"https:\/\/lignesauto.fr\/index.php?rest_route=\/wp\/v2\/posts\/10106\/revisions\/10157"}],"wp:featuredmedia":[{"embeddable":true,"href":"https:\/\/lignesauto.fr\/index.php?rest_route=\/wp\/v2\/media\/10128"}],"wp:attachment":[{"href":"https:\/\/lignesauto.fr\/index.php?rest_route=%2Fwp%2Fv2%2Fmedia&parent=10106"}],"wp:term":[{"taxonomy":"category","embeddable":true,"href":"https:\/\/lignesauto.fr\/index.php?rest_route=%2Fwp%2Fv2%2Fcategories&post=10106"},{"taxonomy":"post_tag","embeddable":true,"href":"https:\/\/lignesauto.fr\/index.php?rest_route=%2Fwp%2Fv2%2Ftags&post=10106"}],"curies":[{"name":"wp","href":"https:\/\/api.w.org\/{rel}","templated":true}]}}