{"id":10189,"date":"2019-05-27T17:51:34","date_gmt":"2019-05-27T15:51:34","guid":{"rendered":"http:\/\/lignesauto.fr\/?p=10189"},"modified":"2019-05-27T17:51:34","modified_gmt":"2019-05-27T15:51:34","slug":"le-design-pininfarina-en-valeur-au-concours-delegance-de-la-villa-deste","status":"publish","type":"post","link":"https:\/\/lignesauto.fr\/?p=10189","title":{"rendered":"Le design Pininfarina en valeur au concours d&#8217;\u00e9l\u00e9gance de la Villa d&#8217;Este"},"content":{"rendered":"<p><a href=\"http:\/\/lignesauto.fr\/wp-content\/uploads\/2018\/10\/LOGOActus_BD.jpg\"><img loading=\"lazy\" decoding=\"async\" class=\"alignnone size-medium wp-image-4921\" src=\"http:\/\/lignesauto.fr\/wp-content\/uploads\/2018\/10\/LOGOActus_BD-300x108.jpg\" alt=\"\" width=\"300\" height=\"108\" srcset=\"https:\/\/lignesauto.fr\/wp-content\/uploads\/2018\/10\/LOGOActus_BD-300x108.jpg 300w, https:\/\/lignesauto.fr\/wp-content\/uploads\/2018\/10\/LOGOActus_BD-768x276.jpg 768w, https:\/\/lignesauto.fr\/wp-content\/uploads\/2018\/10\/LOGOActus_BD-1024x367.jpg 1024w, https:\/\/lignesauto.fr\/wp-content\/uploads\/2018\/10\/LOGOActus_BD-370x133.jpg 370w, https:\/\/lignesauto.fr\/wp-content\/uploads\/2018\/10\/LOGOActus_BD-1040x373.jpg 1040w, https:\/\/lignesauto.fr\/wp-content\/uploads\/2018\/10\/LOGOActus_BD.jpg 1240w\" sizes=\"(max-width: 300px) 100vw, 300px\" \/><\/a><br \/>\nDu classique au moderne, le design Pininfarina s&#8217;impose \u00e0 nouveau \u00e0 la Villa d&#8217;Este lors du Concours d&#8217;Elegance. Les prix de certaines cat\u00e9gories et des mentions d&#8217;honneur ont \u00e9t\u00e9 d\u00e9cern\u00e9s pour les huit classes dans lesquelles les participants \u00e9taient r\u00e9partis. Le BMW Group Italia Trophy, cr\u00e9\u00e9 par r\u00e9f\u00e9rendum par le public, a \u00e9t\u00e9 attribu\u00e9 \u00e0 une Lancia Astura Cabriolet IV Series de 1938, un puissant cabriolet quatre places con\u00e7u par Pinin Farina au tournant de la seconde guerre mondiale, r\u00e9v\u00e9lant un changement stylistique en cours et anticipant les visions et tendances caract\u00e9ristiques des ann\u00e9es 1950.<\/p>\n<p><img loading=\"lazy\" decoding=\"async\" class=\"alignnone wp-image-10195 size-full\" src=\"http:\/\/lignesauto.fr\/wp-content\/uploads\/2019\/05\/LANCIA-ASTURA-CABRIOLET.jpg\" alt=\"\" width=\"661\" height=\"377\" srcset=\"https:\/\/lignesauto.fr\/wp-content\/uploads\/2019\/05\/LANCIA-ASTURA-CABRIOLET.jpg 661w, https:\/\/lignesauto.fr\/wp-content\/uploads\/2019\/05\/LANCIA-ASTURA-CABRIOLET-300x171.jpg 300w, https:\/\/lignesauto.fr\/wp-content\/uploads\/2019\/05\/LANCIA-ASTURA-CABRIOLET-370x211.jpg 370w\" sizes=\"(max-width: 661px) 100vw, 661px\" \/><\/p>\n<p>Pour la cat\u00e9gorie Swinging Sixties : le ciel est la limite, le prix est all\u00e9 \u00e0 la Ferrari 250 GT California Spyder SWB Pinin Farina (1961), tandis qu&#8217;une autre Ferrari de Pininfarina, la 275 GTB Competition Berlinetta Pininfarina (1966) a re\u00e7u le prix du meilleur son promis par le titre de l&#8217;\u00e9dition &#8220;The Symphony of Engines&#8221;, et a \u00e9t\u00e9 reconnue comme un mod\u00e8le au design le plus iconique (&#8220;Most Iconic Car&#8221;).<\/p>\n<p><img loading=\"lazy\" decoding=\"async\" class=\"alignnone wp-image-10192 size-full\" src=\"http:\/\/lignesauto.fr\/wp-content\/uploads\/2019\/05\/FERRARI-250-GT-CALIFORNIA-SPYDER-SWB.jpg\" alt=\"\" width=\"656\" height=\"380\" srcset=\"https:\/\/lignesauto.fr\/wp-content\/uploads\/2019\/05\/FERRARI-250-GT-CALIFORNIA-SPYDER-SWB.jpg 656w, https:\/\/lignesauto.fr\/wp-content\/uploads\/2019\/05\/FERRARI-250-GT-CALIFORNIA-SPYDER-SWB-300x174.jpg 300w, https:\/\/lignesauto.fr\/wp-content\/uploads\/2019\/05\/FERRARI-250-GT-CALIFORNIA-SPYDER-SWB-370x214.jpg 370w\" sizes=\"(max-width: 656px) 100vw, 656px\" \/><\/p>\n<p>Une autre pi\u00e8ce exceptionnelle de l&#8217;\u00e9v\u00e9nement a \u00e9t\u00e9 la futuriste Ferrari 512 S Modulo Pininfarina de 1970, \u00e9lue &#8220;Most Exciting Design&#8221;. N\u00e9 comme un pur objet de recherche et devenu, par la renomm\u00e9e mondiale, une \u0153uvre d&#8217;art admir\u00e9e pour ses solutions conceptuelles avant-gardistes, il est revenu sur sc\u00e8ne \u00e0 la Villa d&#8217;Este apr\u00e8s trois ans de restauration.<\/p>\n<p><img loading=\"lazy\" decoding=\"async\" class=\"alignnone wp-image-10196 size-full\" src=\"http:\/\/lignesauto.fr\/wp-content\/uploads\/2019\/05\/Modulo-2.jpg\" alt=\"\" width=\"632\" height=\"394\" srcset=\"https:\/\/lignesauto.fr\/wp-content\/uploads\/2019\/05\/Modulo-2.jpg 632w, https:\/\/lignesauto.fr\/wp-content\/uploads\/2019\/05\/Modulo-2-300x187.jpg 300w, https:\/\/lignesauto.fr\/wp-content\/uploads\/2019\/05\/Modulo-2-370x231.jpg 370w\" sizes=\"(max-width: 632px) 100vw, 632px\" \/><\/p>\n<p>Rappelons que la manifestation fut \u00e9galement l&#8217;occasion de c\u00e9l\u00e9brer la renaissance du concept-car BMW Bertone Garmisch dessin\u00e9 par Gandini et reconstruit par BMW Classic aid\u00e9 de BMW Design group et de Marcello Gandini en personne ! (ci-dessous la Vid\u00e9o)<\/p>\n<p><iframe loading=\"lazy\" title=\"LIGNES GARMISCH GANDINI BERTONE\" width=\"640\" height=\"360\" src=\"https:\/\/www.youtube.com\/embed\/vqkoywH2ozc?feature=oembed\" frameborder=\"0\" allow=\"accelerometer; autoplay; clipboard-write; encrypted-media; gyroscope; picture-in-picture; web-share\" referrerpolicy=\"strict-origin-when-cross-origin\" allowfullscreen><\/iframe><\/p>\n<p><a href=\"http:\/\/lignesauto.fr\/wp-content\/uploads\/2018\/10\/LOGOActus_BD.jpg\"><img loading=\"lazy\" decoding=\"async\" class=\"alignnone size-medium wp-image-4921\" src=\"http:\/\/lignesauto.fr\/wp-content\/uploads\/2018\/10\/LOGOActus_BD-300x108.jpg\" alt=\"\" width=\"300\" height=\"108\" srcset=\"https:\/\/lignesauto.fr\/wp-content\/uploads\/2018\/10\/LOGOActus_BD-300x108.jpg 300w, https:\/\/lignesauto.fr\/wp-content\/uploads\/2018\/10\/LOGOActus_BD-768x276.jpg 768w, https:\/\/lignesauto.fr\/wp-content\/uploads\/2018\/10\/LOGOActus_BD-1024x367.jpg 1024w, https:\/\/lignesauto.fr\/wp-content\/uploads\/2018\/10\/LOGOActus_BD-370x133.jpg 370w, https:\/\/lignesauto.fr\/wp-content\/uploads\/2018\/10\/LOGOActus_BD-1040x373.jpg 1040w, https:\/\/lignesauto.fr\/wp-content\/uploads\/2018\/10\/LOGOActus_BD.jpg 1240w\" sizes=\"(max-width: 300px) 100vw, 300px\" \/><\/a><\/p>\n","protected":false},"excerpt":{"rendered":"<p>Du classique au moderne, le design Pininfarina s&#8217;impose \u00e0 nouveau \u00e0 la Villa d&#8217;Este lors du Concours d&#8217;Elegance. Les prix de certaines cat\u00e9gories et des mentions d&#8217;honneur ont \u00e9t\u00e9 d\u00e9cern\u00e9s pour les huit classes dans lesquelles les participants \u00e9taient r\u00e9partis. Le BMW Group Italia Trophy, cr\u00e9\u00e9 par r\u00e9f\u00e9rendum par le [&hellip;]<\/p>\n","protected":false},"author":1,"featured_media":10197,"comment_status":"open","ping_status":"open","sticky":false,"template":"","format":"standard","meta":{"footnotes":""},"categories":[1],"tags":[],"_links":{"self":[{"href":"https:\/\/lignesauto.fr\/index.php?rest_route=\/wp\/v2\/posts\/10189"}],"collection":[{"href":"https:\/\/lignesauto.fr\/index.php?rest_route=\/wp\/v2\/posts"}],"about":[{"href":"https:\/\/lignesauto.fr\/index.php?rest_route=\/wp\/v2\/types\/post"}],"author":[{"embeddable":true,"href":"https:\/\/lignesauto.fr\/index.php?rest_route=\/wp\/v2\/users\/1"}],"replies":[{"embeddable":true,"href":"https:\/\/lignesauto.fr\/index.php?rest_route=%2Fwp%2Fv2%2Fcomments&post=10189"}],"version-history":[{"count":6,"href":"https:\/\/lignesauto.fr\/index.php?rest_route=\/wp\/v2\/posts\/10189\/revisions"}],"predecessor-version":[{"id":10200,"href":"https:\/\/lignesauto.fr\/index.php?rest_route=\/wp\/v2\/posts\/10189\/revisions\/10200"}],"wp:featuredmedia":[{"embeddable":true,"href":"https:\/\/lignesauto.fr\/index.php?rest_route=\/wp\/v2\/media\/10197"}],"wp:attachment":[{"href":"https:\/\/lignesauto.fr\/index.php?rest_route=%2Fwp%2Fv2%2Fmedia&parent=10189"}],"wp:term":[{"taxonomy":"category","embeddable":true,"href":"https:\/\/lignesauto.fr\/index.php?rest_route=%2Fwp%2Fv2%2Fcategories&post=10189"},{"taxonomy":"post_tag","embeddable":true,"href":"https:\/\/lignesauto.fr\/index.php?rest_route=%2Fwp%2Fv2%2Ftags&post=10189"}],"curies":[{"name":"wp","href":"https:\/\/api.w.org\/{rel}","templated":true}]}}