{"id":10201,"date":"2019-06-05T18:01:37","date_gmt":"2019-06-05T16:01:37","guid":{"rendered":"http:\/\/lignesauto.fr\/?p=10201"},"modified":"2019-06-06T22:15:42","modified_gmt":"2019-06-06T20:15:42","slug":"1968-1973-quand-fiat-voulait-manger-citroen","status":"publish","type":"post","link":"https:\/\/lignesauto.fr\/?p=10201","title":{"rendered":"1968-1973 : quand Fiat voulait manger&#8230; Citro\u00ebn !"},"content":{"rendered":"<p><img loading=\"lazy\" decoding=\"async\" class=\"alignnone size-medium wp-image-4925\" src=\"http:\/\/lignesauto.fr\/wp-content\/uploads\/2018\/10\/LOGOArchives_BD-300x108.jpg\" alt=\"\" width=\"300\" height=\"108\" srcset=\"https:\/\/lignesauto.fr\/wp-content\/uploads\/2018\/10\/LOGOArchives_BD-300x108.jpg 300w, https:\/\/lignesauto.fr\/wp-content\/uploads\/2018\/10\/LOGOArchives_BD-768x276.jpg 768w, https:\/\/lignesauto.fr\/wp-content\/uploads\/2018\/10\/LOGOArchives_BD-1024x367.jpg 1024w, https:\/\/lignesauto.fr\/wp-content\/uploads\/2018\/10\/LOGOArchives_BD-370x133.jpg 370w, https:\/\/lignesauto.fr\/wp-content\/uploads\/2018\/10\/LOGOArchives_BD-1040x373.jpg 1040w, https:\/\/lignesauto.fr\/wp-content\/uploads\/2018\/10\/LOGOArchives_BD.jpg 1240w\" sizes=\"(max-width: 300px) 100vw, 300px\" \/><\/p>\n<p>Fiat et Renault mari\u00e9s ? Ce n&#8217;est pas la premi\u00e8re fois que le g\u00e9ant italien s&#8217;int\u00e9resse aux constructeurs automobiles fran\u00e7ais. En 1968, Fiat entrouvre la porte de Citro\u00ebn avant de vouloir en prendre les r\u00eanes en 1973 ! Pas question de jouer ici les Cassandres vis-\u00e0-vis de ce qui est en train de se nouer entre Renault et Fiat, il s&#8217;agit simplement de rappeler un pan de l&#8217;histoire automobile fran\u00e7aise.<\/p>\n<p><em>Ce texte est un extrait du feuilleton LIGNES\/auto sur le centenaire de la marque Citro\u00ebn publi\u00e9 chaque semaine sur ce site, dans le MENU d\u00e9roulant, onglet &#8220;Centenaire Citro\u00ebn&#8221;.<img loading=\"lazy\" decoding=\"async\" class=\"alignnone wp-image-9298 size-large\" src=\"http:\/\/lignesauto.fr\/wp-content\/uploads\/2019\/04\/LIGNESBERCOT01-1024x707.png\" alt=\"\" width=\"1024\" height=\"707\" srcset=\"https:\/\/lignesauto.fr\/wp-content\/uploads\/2019\/04\/LIGNESBERCOT01-1024x707.png 1024w, https:\/\/lignesauto.fr\/wp-content\/uploads\/2019\/04\/LIGNESBERCOT01-300x207.png 300w, https:\/\/lignesauto.fr\/wp-content\/uploads\/2019\/04\/LIGNESBERCOT01-768x531.png 768w, https:\/\/lignesauto.fr\/wp-content\/uploads\/2019\/04\/LIGNESBERCOT01-370x256.png 370w, https:\/\/lignesauto.fr\/wp-content\/uploads\/2019\/04\/LIGNESBERCOT01-1040x719.png 1040w, https:\/\/lignesauto.fr\/wp-content\/uploads\/2019\/04\/LIGNESBERCOT01.png 1417w\" sizes=\"(max-width: 1024px) 100vw, 1024px\" \/><br \/>\nPierre Bercot, alors pr\u00e9sident de Citro\u00ebn<\/em><\/p>\n<p>Pour Citro\u00ebn, l\u2019ann\u00e9e 1968 est celle de la restructuration de la soci\u00e9t\u00e9. Celle que l\u2019on connait jusqu\u2019alors sous le nom de Soci\u00e9t\u00e9 Anonyme Andr\u00e9 Citro\u00ebn devient Citro\u00ebn S.A. et englobe les automobiles Citro\u00ebn, ainsi que Berliet et Panhard.\u00a0Pierre Bercot, patron de l\u2019\u00e9poque, veut rapprocher la structuration de son entreprise de celle de Peugeot.<span class=\"apple-converted-space\">\u00a0<\/span><em>\u00ab\u00a0D\u00e8s les premiers jours de 1968\u00a0\u00bb\u00a0<\/em>\u00e9crit Lucien Robin dans ses m\u00e9moires (Lucien Robin est un ing\u00e9nieur qui a pass\u00e9 pr\u00e8s de quarante ans de sa vie chez Citro\u00ebn, de 1937 \u00e0 1974)\u00a0<em>\u00ab\u00a0Pierre Bercot convoqua Jalady et lui demanda s\u2019il se sentait capable de r\u00e9aliser une restructuration des Soci\u00e9t\u00e9s Citro\u00ebn sur le mod\u00e8le de Peugeot avant le 1<sup>e\u00a0<\/sup>juin. La chose \u00e9tait possible, mais il ne fallait pas perdre de temps. Pierre Bercot donna le feu vert et associa \u00e0 l\u2019op\u00e9ration monsieur Geoffroy, un sp\u00e9cialiste de finance et de fiscalit\u00e9.\u00a0\u00bb<\/em>Pour ne pas cr\u00e9er des soci\u00e9t\u00e9s nouvelles, on d\u00e9pouilla donc la soci\u00e9t\u00e9 anonyme Andr\u00e9 Citro\u00ebn.<span class=\"apple-converted-space\">\u00a0<\/span><em>\u00ab\u00a0D\u2019une part, on lui enleva ses usines et son fonds industriel au profit d\u2019une soci\u00e9t\u00e9 du groupe, la SPA. D\u2019autre part, on lui soutira ses filiales commercialises et succursales de vente directe, au profit d\u2019une autre soci\u00e9t\u00e9 du groupe\u00a0: l\u2019Etoile du Nord.\u00a0\u00bb<\/em><\/p>\n<p><img loading=\"lazy\" decoding=\"async\" class=\"alignnone wp-image-9295 size-full\" src=\"http:\/\/lignesauto.fr\/wp-content\/uploads\/2019\/04\/SARRE-LIGNESAUTO01.jpg\" alt=\"\" width=\"627\" height=\"743\" srcset=\"https:\/\/lignesauto.fr\/wp-content\/uploads\/2019\/04\/SARRE-LIGNESAUTO01.jpg 627w, https:\/\/lignesauto.fr\/wp-content\/uploads\/2019\/04\/SARRE-LIGNESAUTO01-253x300.jpg 253w, https:\/\/lignesauto.fr\/wp-content\/uploads\/2019\/04\/SARRE-LIGNESAUTO01-370x438.jpg 370w\" sizes=\"(max-width: 627px) 100vw, 627px\" \/><br \/>\n<em>Claude-Alain Sarre<\/em><\/p>\n<p>Ainsi, la Soci\u00e9t\u00e9 Anonyme Andr\u00e9 Citro\u00ebn devint Citro\u00ebn S.A., les usines bascul\u00e8rent dans la soci\u00e9t\u00e9 Anonyme des Automobiles Citro\u00ebn et l\u2019Etoile du Nord devint la Soci\u00e9t\u00e9 Commerciale Citro\u00ebn. <em>\u00ab\u00a0Pour Citro\u00ebn, ce fut l\u2019occasion de mettre en place un \u00e9tat-major d\u2019hommes jeunes, ce qui constitua une \u00e9norme r\u00e9volution.\u00a0\u00bb\u00a0<\/em>De nouveaux administrateurs furent alors mis aux postes de la direction de ces diff\u00e9rentes soci\u00e9t\u00e9 Citro\u00ebn. Pierre Bercot restait \u00e9videmment \u00e0 la t\u00eate de Citro\u00ebn S.A. alors que Citro\u00ebn Automobiles ainsi que la Soci\u00e9t\u00e9 Commerciale Citro\u00ebn \u00e9taient manag\u00e9es par George Depre, Pierre Ingueneau, Fran\u00e7ois Michelin et Claude Alain Sarre. C\u2019est ce dernier qui fut nomm\u00e9 pr\u00e9sident des deux soci\u00e9t\u00e9s avec \u00e0 ses c\u00f4t\u00e9s Messiers, Ravenel et Fleury.<\/p>\n<p><img loading=\"lazy\" decoding=\"async\" class=\"alignnone wp-image-9293 size-full\" src=\"http:\/\/lignesauto.fr\/wp-content\/uploads\/2019\/04\/LATTAY-SM-LIGNESAUTO01.jpg\" alt=\"\" width=\"800\" height=\"441\" srcset=\"https:\/\/lignesauto.fr\/wp-content\/uploads\/2019\/04\/LATTAY-SM-LIGNESAUTO01.jpg 800w, https:\/\/lignesauto.fr\/wp-content\/uploads\/2019\/04\/LATTAY-SM-LIGNESAUTO01-300x165.jpg 300w, https:\/\/lignesauto.fr\/wp-content\/uploads\/2019\/04\/LATTAY-SM-LIGNESAUTO01-768x423.jpg 768w, https:\/\/lignesauto.fr\/wp-content\/uploads\/2019\/04\/LATTAY-SM-LIGNESAUTO01-370x204.jpg 370w\" sizes=\"(max-width: 800px) 100vw, 800px\" \/><br \/>\n<em>Dessin de Lattay concernant le d\u00e9veloppement d&#8217;un coup\u00e9 sportif chez Citro\u00ebn qui donnera naissance \u00e0 la SM<\/em><\/p>\n<p>Tout \u00e9tait en place pour redynamiser l\u2019entreprise dans une p\u00e9riode de crise. Une crise qui n\u2019emp\u00eache pas Pierre Bercot de voir toujours plus loin. C\u2019est d\u2019abord la signature d\u2019un accord avec Maserati.<span class=\"apple-converted-space\">\u00a0<\/span><em>\u00ab\u00a0Depuis 1968\u00a0\u00bb <\/em>se souvient Lucien Robin,<span class=\"apple-converted-space\">\u00a0<\/span><em>\u00ab\u00a0Citro\u00ebn rendait public un accord avec Maserati, le constructeur italien de Mod\u00e8ne, et cette fois annon\u00e7ait en m\u00eame temps la probabilit\u00e9 d\u2019une prise prochaine de participation. Cela confirmait officiellement l\u2019intention de lancer un mod\u00e8le de haut de gamme Citro\u00ebn \u00e9quip\u00e9 d\u2019un moteur fabriqu\u00e9 par Maserati.\u00a0\u00bb\u00a0<\/em>Apr\u00e8s Panhard et Berliet, Maserati venait se joindre \u00e0 Citro\u00ebn.<\/p>\n<p><img loading=\"lazy\" decoding=\"async\" class=\"alignnone wp-image-9296 size-full\" src=\"http:\/\/lignesauto.fr\/wp-content\/uploads\/2019\/04\/LIGNESAUJOSM01.png\" alt=\"\" width=\"992\" height=\"604\" srcset=\"https:\/\/lignesauto.fr\/wp-content\/uploads\/2019\/04\/LIGNESAUJOSM01.png 992w, https:\/\/lignesauto.fr\/wp-content\/uploads\/2019\/04\/LIGNESAUJOSM01-300x183.png 300w, https:\/\/lignesauto.fr\/wp-content\/uploads\/2019\/04\/LIGNESAUJOSM01-768x468.png 768w, https:\/\/lignesauto.fr\/wp-content\/uploads\/2019\/04\/LIGNESAUJOSM01-370x225.png 370w\" sizes=\"(max-width: 992px) 100vw, 992px\" \/><br \/>\n<em>L&#8217;accord avec Maserati (aujourd&#8217;hui marque de FCA !!) donna naissance au V6 du coup\u00e9 GT Citro\u00ebn SM en 1970<\/em><\/p>\n<p>Mais ce n\u2019est pas tout, peu. Apr\u00e8s <b>ce fut l\u2019annonce de l\u2019alliance avec Fiat<\/b>, alors que Pierre Bercot avait d\u00e9montr\u00e9 que ce n\u2019\u00e9tait pas jouable\u00a0!<span class=\"apple-converted-space\">\u00a0<\/span><em>\u00ab\u00a0C\u2019\u00e9tait assez dans la mani\u00e8re de Bercot d\u2019exposer brillamment toutes les impossibilit\u00e9s de faire quelque chose et finalement&#8230; de le faire\u00a0!\u00a0\u00bb\u00a0<\/em>\u00e9crit Robin.<span class=\"apple-converted-space\">\u00a0<\/span><em>\u00ab\u00a0Toutes les autres alliances, y compris celle avec Peugeot qui prit fin en 1966 avaient \u00e9t\u00e9 accueillies par le personnel avec s\u00e9r\u00e9nit\u00e9 et m\u00eame une certaine fiert\u00e9. Le sentiment dominant cette fois-ci \u00e9tait l\u2019inqui\u00e9tude, car le partenaire \u00e9tait beaucoup plus puissant que nous. Les Agnelli, qui parlaient beaucoup n\u2019avaient jamais tenu Citro\u00ebn en grand estime. On avait m\u00eame \u00e9t\u00e9 mis par l\u2019un d\u2019eux sur la liste des constructeurs qui devaient disparaitre et cela \u00e0 une \u00e9poque o\u00f9 notre r\u00e9ussite \u00e9tait incontestable.\u00a0\u00bb<\/em><\/p>\n<p><img loading=\"lazy\" decoding=\"async\" class=\"alignnone wp-image-9297 size-full\" src=\"http:\/\/lignesauto.fr\/wp-content\/uploads\/2019\/04\/LIGNE.AGNELLI.01.jpg\" alt=\"\" width=\"718\" height=\"479\" srcset=\"https:\/\/lignesauto.fr\/wp-content\/uploads\/2019\/04\/LIGNE.AGNELLI.01.jpg 718w, https:\/\/lignesauto.fr\/wp-content\/uploads\/2019\/04\/LIGNE.AGNELLI.01-300x200.jpg 300w, https:\/\/lignesauto.fr\/wp-content\/uploads\/2019\/04\/LIGNE.AGNELLI.01-370x247.jpg 370w\" sizes=\"(max-width: 718px) 100vw, 718px\" \/><br \/>\n<em>Agnelli abandonna l&#8217;id\u00e9e de reprendre Citro\u00ebn en 1973.<\/em><\/p>\n<p>Pour autant, c\u2019est bien avec Fiat que d\u00e9bute le projet d\u2019une petite voiture urbaine et les pr\u00e9mices des v\u00e9hicules utilitaires communs. L\u2019affaire durera jusqu\u2019en 1973, lorsque les Agnelli voulurent prendre la main sur Citro\u00ebn et que le gouvernement stoppa les discussions. Ce qui n\u2019emp\u00eacha pas Citro\u00ebn de faire faillite et, de voir m\u00eame gouvernement pousser Peugeot \u00e0 racheter la soci\u00e9t\u00e9 n\u00e9e en 1919. Ce fut le d\u00e9but d\u2019une tout autre histoire avec la formation du groupe PSA en 1976.<\/p>\n<p><img loading=\"lazy\" decoding=\"async\" class=\"alignnone size-medium wp-image-4925\" src=\"http:\/\/lignesauto.fr\/wp-content\/uploads\/2018\/10\/LOGOArchives_BD-300x108.jpg\" alt=\"\" width=\"300\" height=\"108\" srcset=\"https:\/\/lignesauto.fr\/wp-content\/uploads\/2018\/10\/LOGOArchives_BD-300x108.jpg 300w, https:\/\/lignesauto.fr\/wp-content\/uploads\/2018\/10\/LOGOArchives_BD-768x276.jpg 768w, https:\/\/lignesauto.fr\/wp-content\/uploads\/2018\/10\/LOGOArchives_BD-1024x367.jpg 1024w, https:\/\/lignesauto.fr\/wp-content\/uploads\/2018\/10\/LOGOArchives_BD-370x133.jpg 370w, https:\/\/lignesauto.fr\/wp-content\/uploads\/2018\/10\/LOGOArchives_BD-1040x373.jpg 1040w, https:\/\/lignesauto.fr\/wp-content\/uploads\/2018\/10\/LOGOArchives_BD.jpg 1240w\" sizes=\"(max-width: 300px) 100vw, 300px\" \/><\/p>\n","protected":false},"excerpt":{"rendered":"<p>Fiat et Renault mari\u00e9s ? Ce n&#8217;est pas la premi\u00e8re fois que le g\u00e9ant italien s&#8217;int\u00e9resse aux constructeurs automobiles fran\u00e7ais. En 1968, Fiat entrouvre la porte de Citro\u00ebn avant de vouloir en prendre les r\u00eanes en 1973 ! Pas question de jouer ici les Cassandres vis-\u00e0-vis de ce qui est [&hellip;]<\/p>\n","protected":false},"author":1,"featured_media":9297,"comment_status":"open","ping_status":"open","sticky":false,"template":"","format":"standard","meta":{"footnotes":""},"categories":[1],"tags":[],"_links":{"self":[{"href":"https:\/\/lignesauto.fr\/index.php?rest_route=\/wp\/v2\/posts\/10201"}],"collection":[{"href":"https:\/\/lignesauto.fr\/index.php?rest_route=\/wp\/v2\/posts"}],"about":[{"href":"https:\/\/lignesauto.fr\/index.php?rest_route=\/wp\/v2\/types\/post"}],"author":[{"embeddable":true,"href":"https:\/\/lignesauto.fr\/index.php?rest_route=\/wp\/v2\/users\/1"}],"replies":[{"embeddable":true,"href":"https:\/\/lignesauto.fr\/index.php?rest_route=%2Fwp%2Fv2%2Fcomments&post=10201"}],"version-history":[{"count":8,"href":"https:\/\/lignesauto.fr\/index.php?rest_route=\/wp\/v2\/posts\/10201\/revisions"}],"predecessor-version":[{"id":14328,"href":"https:\/\/lignesauto.fr\/index.php?rest_route=\/wp\/v2\/posts\/10201\/revisions\/14328"}],"wp:featuredmedia":[{"embeddable":true,"href":"https:\/\/lignesauto.fr\/index.php?rest_route=\/wp\/v2\/media\/9297"}],"wp:attachment":[{"href":"https:\/\/lignesauto.fr\/index.php?rest_route=%2Fwp%2Fv2%2Fmedia&parent=10201"}],"wp:term":[{"taxonomy":"category","embeddable":true,"href":"https:\/\/lignesauto.fr\/index.php?rest_route=%2Fwp%2Fv2%2Fcategories&post=10201"},{"taxonomy":"post_tag","embeddable":true,"href":"https:\/\/lignesauto.fr\/index.php?rest_route=%2Fwp%2Fv2%2Ftags&post=10201"}],"curies":[{"name":"wp","href":"https:\/\/api.w.org\/{rel}","templated":true}]}}