{"id":10213,"date":"2019-05-28T08:31:34","date_gmt":"2019-05-28T06:31:34","guid":{"rendered":"http:\/\/lignesauto.fr\/?p=10213"},"modified":"2019-05-28T08:43:02","modified_gmt":"2019-05-28T06:43:02","slug":"decouvrez-la-nouvelle-bmw-serie-1-traction-en-quelques-slides","status":"publish","type":"post","link":"https:\/\/lignesauto.fr\/?p=10213","title":{"rendered":"D\u00e9couvrez la nouvelle BMW S\u00e9rie 1 (traction) en quelques &#8216;slides&#8217;"},"content":{"rendered":"<p><a href=\"http:\/\/lignesauto.fr\/wp-content\/uploads\/2018\/10\/LOGOActus_BD.jpg\"><img loading=\"lazy\" decoding=\"async\" class=\"alignnone size-medium wp-image-4921\" src=\"http:\/\/lignesauto.fr\/wp-content\/uploads\/2018\/10\/LOGOActus_BD-300x108.jpg\" alt=\"\" width=\"300\" height=\"108\" srcset=\"https:\/\/lignesauto.fr\/wp-content\/uploads\/2018\/10\/LOGOActus_BD-300x108.jpg 300w, https:\/\/lignesauto.fr\/wp-content\/uploads\/2018\/10\/LOGOActus_BD-768x276.jpg 768w, https:\/\/lignesauto.fr\/wp-content\/uploads\/2018\/10\/LOGOActus_BD-1024x367.jpg 1024w, https:\/\/lignesauto.fr\/wp-content\/uploads\/2018\/10\/LOGOActus_BD-370x133.jpg 370w, https:\/\/lignesauto.fr\/wp-content\/uploads\/2018\/10\/LOGOActus_BD-1040x373.jpg 1040w, https:\/\/lignesauto.fr\/wp-content\/uploads\/2018\/10\/LOGOActus_BD.jpg 1240w\" sizes=\"(max-width: 300px) 100vw, 300px\" \/><\/a><\/p>\n<p><img loading=\"lazy\" decoding=\"async\" class=\"alignnone wp-image-10228 size-large\" src=\"http:\/\/lignesauto.fr\/wp-content\/uploads\/2019\/05\/LIGNESBMW1_13-1024x724.jpg\" alt=\"\" width=\"1024\" height=\"724\" srcset=\"https:\/\/lignesauto.fr\/wp-content\/uploads\/2019\/05\/LIGNESBMW1_13-1024x724.jpg 1024w, https:\/\/lignesauto.fr\/wp-content\/uploads\/2019\/05\/LIGNESBMW1_13-300x212.jpg 300w, https:\/\/lignesauto.fr\/wp-content\/uploads\/2019\/05\/LIGNESBMW1_13-768x543.jpg 768w, https:\/\/lignesauto.fr\/wp-content\/uploads\/2019\/05\/LIGNESBMW1_13-370x262.jpg 370w, https:\/\/lignesauto.fr\/wp-content\/uploads\/2019\/05\/LIGNESBMW1_13-1040x735.jpg 1040w, https:\/\/lignesauto.fr\/wp-content\/uploads\/2019\/05\/LIGNESBMW1_13.jpg 1417w\" sizes=\"(max-width: 1024px) 100vw, 1024px\" \/><\/p>\n<p>La nouvelle BMW S\u00e9rie 1 vient d&#8217;\u00eatre d\u00e9voil\u00e9e. La principale rupture vient de son architecture technique puisque la berline BMW adopte la traction avant avec la plateforme de la S\u00e9rie 2 (celle \u00e9galement de la&#8230; MINI). Ce passage aux roues avant motrices profite grandement \u00e0 l&#8217;habitabilit\u00e9 arri\u00e8re.<\/p>\n<p><img loading=\"lazy\" decoding=\"async\" class=\"alignnone wp-image-10229 size-large\" src=\"http:\/\/lignesauto.fr\/wp-content\/uploads\/2019\/05\/LIGNESBMW1_14-1024x724.jpg\" alt=\"\" width=\"1024\" height=\"724\" srcset=\"https:\/\/lignesauto.fr\/wp-content\/uploads\/2019\/05\/LIGNESBMW1_14-1024x724.jpg 1024w, https:\/\/lignesauto.fr\/wp-content\/uploads\/2019\/05\/LIGNESBMW1_14-300x212.jpg 300w, https:\/\/lignesauto.fr\/wp-content\/uploads\/2019\/05\/LIGNESBMW1_14-768x543.jpg 768w, https:\/\/lignesauto.fr\/wp-content\/uploads\/2019\/05\/LIGNESBMW1_14-370x262.jpg 370w, https:\/\/lignesauto.fr\/wp-content\/uploads\/2019\/05\/LIGNESBMW1_14-1040x735.jpg 1040w, https:\/\/lignesauto.fr\/wp-content\/uploads\/2019\/05\/LIGNESBMW1_14.jpg 1417w\" sizes=\"(max-width: 1024px) 100vw, 1024px\" \/><\/p>\n<p>Seconde rupture, outre un style bien plus dynamique, c&#8217;est le traitement de la ligne\u00a0Hofmeister au niveau de la porti\u00e8re arri\u00e8re qui est subtilement con\u00e7ue. La porte embarque le fenestron arri\u00e8re qui vient en affleurement du cadre.<\/p>\n<p><img loading=\"lazy\" decoding=\"async\" class=\"alignnone wp-image-10217 size-large\" src=\"http:\/\/lignesauto.fr\/wp-content\/uploads\/2019\/05\/LIGNESBMW1_03-1024x664.jpg\" alt=\"\" width=\"1024\" height=\"664\" srcset=\"https:\/\/lignesauto.fr\/wp-content\/uploads\/2019\/05\/LIGNESBMW1_03-1024x664.jpg 1024w, https:\/\/lignesauto.fr\/wp-content\/uploads\/2019\/05\/LIGNESBMW1_03-300x195.jpg 300w, https:\/\/lignesauto.fr\/wp-content\/uploads\/2019\/05\/LIGNESBMW1_03-768x498.jpg 768w, https:\/\/lignesauto.fr\/wp-content\/uploads\/2019\/05\/LIGNESBMW1_03-370x240.jpg 370w, https:\/\/lignesauto.fr\/wp-content\/uploads\/2019\/05\/LIGNESBMW1_03-1040x674.jpg 1040w, https:\/\/lignesauto.fr\/wp-content\/uploads\/2019\/05\/LIGNESBMW1_03.jpg 1417w\" sizes=\"(max-width: 1024px) 100vw, 1024px\" \/><\/p>\n<p>De plus, la vitre de porti\u00e8re est \u00e9tir\u00e9e au maximum vers l&#8217;arri\u00e8re pour accentuer le c\u00f4t\u00e9 dynamique de la silhouette. Cela impose finalement une vitre descendante assez \u00e9troite mais la luminosit\u00e9 aux places arri\u00e8re y gagne.<\/p>\n<p><strong>Un d\u00e9tail que l&#8217;on per\u00e7oit tr\u00e8s bien sur la vid\u00e9o de nos confr\u00e8res de &#8220;PlaneteGT TV&#8221; ci-dessous (\u00e0 5&#8217;05) :<\/strong><\/p>\n<p><iframe loading=\"lazy\" title=\"BMW S\u00e9rie 1 2019 : Je vous montre Presque Tout !\" width=\"640\" height=\"360\" src=\"https:\/\/www.youtube.com\/embed\/lhKXeSvsjvU?start=312&#038;feature=oembed\" frameborder=\"0\" allow=\"accelerometer; autoplay; clipboard-write; encrypted-media; gyroscope; picture-in-picture; web-share\" referrerpolicy=\"strict-origin-when-cross-origin\" allowfullscreen><\/iframe><\/p>\n<p><img loading=\"lazy\" decoding=\"async\" class=\"alignnone wp-image-10218 size-large\" src=\"http:\/\/lignesauto.fr\/wp-content\/uploads\/2019\/05\/LIGNESBMW1_04-1024x684.jpg\" alt=\"\" width=\"1024\" height=\"684\" srcset=\"https:\/\/lignesauto.fr\/wp-content\/uploads\/2019\/05\/LIGNESBMW1_04-1024x684.jpg 1024w, https:\/\/lignesauto.fr\/wp-content\/uploads\/2019\/05\/LIGNESBMW1_04-300x200.jpg 300w, https:\/\/lignesauto.fr\/wp-content\/uploads\/2019\/05\/LIGNESBMW1_04-768x513.jpg 768w, https:\/\/lignesauto.fr\/wp-content\/uploads\/2019\/05\/LIGNESBMW1_04-370x247.jpg 370w, https:\/\/lignesauto.fr\/wp-content\/uploads\/2019\/05\/LIGNESBMW1_04-1040x694.jpg 1040w, https:\/\/lignesauto.fr\/wp-content\/uploads\/2019\/05\/LIGNESBMW1_04.jpg 1417w\" sizes=\"(max-width: 1024px) 100vw, 1024px\" \/><\/p>\n<p><img loading=\"lazy\" decoding=\"async\" class=\"alignnone wp-image-10216 size-large\" src=\"http:\/\/lignesauto.fr\/wp-content\/uploads\/2019\/05\/LIGNESBMW1_02-1024x664.jpg\" alt=\"\" width=\"1024\" height=\"664\" srcset=\"https:\/\/lignesauto.fr\/wp-content\/uploads\/2019\/05\/LIGNESBMW1_02-1024x664.jpg 1024w, https:\/\/lignesauto.fr\/wp-content\/uploads\/2019\/05\/LIGNESBMW1_02-300x195.jpg 300w, https:\/\/lignesauto.fr\/wp-content\/uploads\/2019\/05\/LIGNESBMW1_02-768x498.jpg 768w, https:\/\/lignesauto.fr\/wp-content\/uploads\/2019\/05\/LIGNESBMW1_02-370x240.jpg 370w, https:\/\/lignesauto.fr\/wp-content\/uploads\/2019\/05\/LIGNESBMW1_02-1040x674.jpg 1040w, https:\/\/lignesauto.fr\/wp-content\/uploads\/2019\/05\/LIGNESBMW1_02.jpg 1417w\" sizes=\"(max-width: 1024px) 100vw, 1024px\" \/><\/p>\n<p><strong>Pour le reste, voici de quoi d\u00e9couvrir en quelques &#8216;slides&#8217; officielles les principales caract\u00e9ristiques de cette BMW traction&#8230;<\/strong><br \/>\nPr\u00e9f\u00e9rez l&#8217;\u00e9cran de votre ordi plut\u00f4t que celui de votre smartphone pour une meilleure d\u00e9couverte \ud83d\ude42<\/p>\n<p><img loading=\"lazy\" decoding=\"async\" class=\"alignnone wp-image-10222 size-large\" src=\"http:\/\/lignesauto.fr\/wp-content\/uploads\/2019\/05\/LIGNESBMW1_06-1024x724.jpg\" alt=\"\" width=\"1024\" height=\"724\" srcset=\"https:\/\/lignesauto.fr\/wp-content\/uploads\/2019\/05\/LIGNESBMW1_06-1024x724.jpg 1024w, https:\/\/lignesauto.fr\/wp-content\/uploads\/2019\/05\/LIGNESBMW1_06-300x212.jpg 300w, https:\/\/lignesauto.fr\/wp-content\/uploads\/2019\/05\/LIGNESBMW1_06-768x543.jpg 768w, https:\/\/lignesauto.fr\/wp-content\/uploads\/2019\/05\/LIGNESBMW1_06-370x262.jpg 370w, https:\/\/lignesauto.fr\/wp-content\/uploads\/2019\/05\/LIGNESBMW1_06-1040x735.jpg 1040w, https:\/\/lignesauto.fr\/wp-content\/uploads\/2019\/05\/LIGNESBMW1_06.jpg 1417w\" sizes=\"(max-width: 1024px) 100vw, 1024px\" \/><\/p>\n<p><img loading=\"lazy\" decoding=\"async\" class=\"alignnone wp-image-10223 size-large\" src=\"http:\/\/lignesauto.fr\/wp-content\/uploads\/2019\/05\/LIGNESBMW1_08-1024x724.jpg\" alt=\"\" width=\"1024\" height=\"724\" srcset=\"https:\/\/lignesauto.fr\/wp-content\/uploads\/2019\/05\/LIGNESBMW1_08-1024x724.jpg 1024w, https:\/\/lignesauto.fr\/wp-content\/uploads\/2019\/05\/LIGNESBMW1_08-300x212.jpg 300w, https:\/\/lignesauto.fr\/wp-content\/uploads\/2019\/05\/LIGNESBMW1_08-768x543.jpg 768w, https:\/\/lignesauto.fr\/wp-content\/uploads\/2019\/05\/LIGNESBMW1_08-370x262.jpg 370w, https:\/\/lignesauto.fr\/wp-content\/uploads\/2019\/05\/LIGNESBMW1_08-1040x735.jpg 1040w, https:\/\/lignesauto.fr\/wp-content\/uploads\/2019\/05\/LIGNESBMW1_08.jpg 1417w\" sizes=\"(max-width: 1024px) 100vw, 1024px\" \/><\/p>\n<p><img loading=\"lazy\" decoding=\"async\" class=\"alignnone wp-image-10220 size-large\" src=\"http:\/\/lignesauto.fr\/wp-content\/uploads\/2019\/05\/LIGNESBMW1_07-1024x724.jpg\" alt=\"\" width=\"1024\" height=\"724\" srcset=\"https:\/\/lignesauto.fr\/wp-content\/uploads\/2019\/05\/LIGNESBMW1_07-1024x724.jpg 1024w, https:\/\/lignesauto.fr\/wp-content\/uploads\/2019\/05\/LIGNESBMW1_07-300x212.jpg 300w, https:\/\/lignesauto.fr\/wp-content\/uploads\/2019\/05\/LIGNESBMW1_07-768x543.jpg 768w, https:\/\/lignesauto.fr\/wp-content\/uploads\/2019\/05\/LIGNESBMW1_07-370x262.jpg 370w, https:\/\/lignesauto.fr\/wp-content\/uploads\/2019\/05\/LIGNESBMW1_07-1040x735.jpg 1040w, https:\/\/lignesauto.fr\/wp-content\/uploads\/2019\/05\/LIGNESBMW1_07.jpg 1417w\" sizes=\"(max-width: 1024px) 100vw, 1024px\" \/><\/p>\n<p><img loading=\"lazy\" decoding=\"async\" class=\"alignnone wp-image-10224 size-large\" src=\"http:\/\/lignesauto.fr\/wp-content\/uploads\/2019\/05\/LIGNESBMW1_09-1024x724.jpg\" alt=\"\" width=\"1024\" height=\"724\" srcset=\"https:\/\/lignesauto.fr\/wp-content\/uploads\/2019\/05\/LIGNESBMW1_09-1024x724.jpg 1024w, https:\/\/lignesauto.fr\/wp-content\/uploads\/2019\/05\/LIGNESBMW1_09-300x212.jpg 300w, https:\/\/lignesauto.fr\/wp-content\/uploads\/2019\/05\/LIGNESBMW1_09-768x543.jpg 768w, https:\/\/lignesauto.fr\/wp-content\/uploads\/2019\/05\/LIGNESBMW1_09-370x262.jpg 370w, https:\/\/lignesauto.fr\/wp-content\/uploads\/2019\/05\/LIGNESBMW1_09-1040x735.jpg 1040w, https:\/\/lignesauto.fr\/wp-content\/uploads\/2019\/05\/LIGNESBMW1_09.jpg 1417w\" sizes=\"(max-width: 1024px) 100vw, 1024px\" \/><\/p>\n<p><a href=\"http:\/\/lignesauto.fr\/wp-content\/uploads\/2018\/10\/LOGOActus_BD.jpg\"><img loading=\"lazy\" decoding=\"async\" class=\"alignnone size-medium wp-image-4921\" src=\"http:\/\/lignesauto.fr\/wp-content\/uploads\/2018\/10\/LOGOActus_BD-300x108.jpg\" alt=\"\" width=\"300\" height=\"108\" srcset=\"https:\/\/lignesauto.fr\/wp-content\/uploads\/2018\/10\/LOGOActus_BD-300x108.jpg 300w, https:\/\/lignesauto.fr\/wp-content\/uploads\/2018\/10\/LOGOActus_BD-768x276.jpg 768w, https:\/\/lignesauto.fr\/wp-content\/uploads\/2018\/10\/LOGOActus_BD-1024x367.jpg 1024w, https:\/\/lignesauto.fr\/wp-content\/uploads\/2018\/10\/LOGOActus_BD-370x133.jpg 370w, https:\/\/lignesauto.fr\/wp-content\/uploads\/2018\/10\/LOGOActus_BD-1040x373.jpg 1040w, https:\/\/lignesauto.fr\/wp-content\/uploads\/2018\/10\/LOGOActus_BD.jpg 1240w\" sizes=\"(max-width: 300px) 100vw, 300px\" \/><\/a><\/p>\n","protected":false},"excerpt":{"rendered":"<p>La nouvelle BMW S\u00e9rie 1 vient d&#8217;\u00eatre d\u00e9voil\u00e9e. La principale rupture vient de son architecture technique puisque la berline BMW adopte la traction avant avec la plateforme de la S\u00e9rie 2 (celle \u00e9galement de la&#8230; MINI). Ce passage aux roues avant motrices profite grandement \u00e0 l&#8217;habitabilit\u00e9 arri\u00e8re. Seconde rupture, outre [&hellip;]<\/p>\n","protected":false},"author":1,"featured_media":10225,"comment_status":"open","ping_status":"open","sticky":false,"template":"","format":"standard","meta":{"footnotes":""},"categories":[1],"tags":[],"_links":{"self":[{"href":"https:\/\/lignesauto.fr\/index.php?rest_route=\/wp\/v2\/posts\/10213"}],"collection":[{"href":"https:\/\/lignesauto.fr\/index.php?rest_route=\/wp\/v2\/posts"}],"about":[{"href":"https:\/\/lignesauto.fr\/index.php?rest_route=\/wp\/v2\/types\/post"}],"author":[{"embeddable":true,"href":"https:\/\/lignesauto.fr\/index.php?rest_route=\/wp\/v2\/users\/1"}],"replies":[{"embeddable":true,"href":"https:\/\/lignesauto.fr\/index.php?rest_route=%2Fwp%2Fv2%2Fcomments&post=10213"}],"version-history":[{"count":9,"href":"https:\/\/lignesauto.fr\/index.php?rest_route=\/wp\/v2\/posts\/10213\/revisions"}],"predecessor-version":[{"id":10238,"href":"https:\/\/lignesauto.fr\/index.php?rest_route=\/wp\/v2\/posts\/10213\/revisions\/10238"}],"wp:featuredmedia":[{"embeddable":true,"href":"https:\/\/lignesauto.fr\/index.php?rest_route=\/wp\/v2\/media\/10225"}],"wp:attachment":[{"href":"https:\/\/lignesauto.fr\/index.php?rest_route=%2Fwp%2Fv2%2Fmedia&parent=10213"}],"wp:term":[{"taxonomy":"category","embeddable":true,"href":"https:\/\/lignesauto.fr\/index.php?rest_route=%2Fwp%2Fv2%2Fcategories&post=10213"},{"taxonomy":"post_tag","embeddable":true,"href":"https:\/\/lignesauto.fr\/index.php?rest_route=%2Fwp%2Fv2%2Ftags&post=10213"}],"curies":[{"name":"wp","href":"https:\/\/api.w.org\/{rel}","templated":true}]}}