{"id":10478,"date":"2019-06-06T09:45:44","date_gmt":"2019-06-06T07:45:44","guid":{"rendered":"http:\/\/lignesauto.fr\/?p=10478"},"modified":"2019-06-06T16:36:03","modified_gmt":"2019-06-06T14:36:03","slug":"hommage-michel-beligond-du-mans-a-lalpine-a310","status":"publish","type":"post","link":"https:\/\/lignesauto.fr\/?p=10478","title":{"rendered":"HOMMAGE &#8211; Michel Beligond, du Mans \u00e0 l&#8217;Alpine A310"},"content":{"rendered":"<p><img loading=\"lazy\" decoding=\"async\" class=\"alignnone size-medium wp-image-4925\" src=\"http:\/\/lignesauto.fr\/wp-content\/uploads\/2018\/10\/LOGOArchives_BD-300x108.jpg\" alt=\"\" width=\"300\" height=\"108\" srcset=\"https:\/\/lignesauto.fr\/wp-content\/uploads\/2018\/10\/LOGOArchives_BD-300x108.jpg 300w, https:\/\/lignesauto.fr\/wp-content\/uploads\/2018\/10\/LOGOArchives_BD-768x276.jpg 768w, https:\/\/lignesauto.fr\/wp-content\/uploads\/2018\/10\/LOGOArchives_BD-1024x367.jpg 1024w, https:\/\/lignesauto.fr\/wp-content\/uploads\/2018\/10\/LOGOArchives_BD-370x133.jpg 370w, https:\/\/lignesauto.fr\/wp-content\/uploads\/2018\/10\/LOGOArchives_BD-1040x373.jpg 1040w, https:\/\/lignesauto.fr\/wp-content\/uploads\/2018\/10\/LOGOArchives_BD.jpg 1240w\" sizes=\"(max-width: 300px) 100vw, 300px\" \/><\/p>\n<p>LIGNES\/auto, c&#8217;est aussi une page Facebook :\u00a0<a href=\"https:\/\/www.facebook.com\/lignesauto\/?modal=admin_todo_tour\">https:\/\/www.facebook.com\/lignesauto\/?modal=admin_todo_tour<\/a><\/p>\n<p>Il y a 46 ans, un styliste reconnu par ses amis designers mais surtout pour ses travaux sur le programme Alpine A310 s&#8217;est \u00e9teint. Michel Beligond (1927-1973) n&#8217;avait que&#8230; 46 ans, emport\u00e9 par une scl\u00e9rose en plaque.<\/p>\n<p>Michel Beligond \u0153uvre chez Simca puis chez Renault o\u00f9 il travaille en collaboration avec Gaston Juchet sur &#8220;les v\u00e9hicules du futur&#8221;. Mais c&#8217;est aupr\u00e8s de Jean R\u00e9d\u00e9l\u00e9 que le courant passe le mieux. Et lorsqu&#8217;Alpine d\u00e9cide d&#8217;accompagner la petite A110 par un produit aux g\u00e8nes de Grand Tourisme &#8211; il deviendra l&#8217;A310 en 1971 -, c&#8217;est tout naturellement Michel Beligond qui prend en charge ce dessin si moderne pour l&#8217;\u00e9poque.<\/p>\n<p><a href=\"http:\/\/lignesauto.fr\/wp-content\/uploads\/2019\/06\/BELIGOND_02.jpg\"><img loading=\"lazy\" decoding=\"async\" class=\"alignnone wp-image-10546 size-large\" src=\"http:\/\/lignesauto.fr\/wp-content\/uploads\/2019\/06\/BELIGOND_02-1024x812.jpg\" alt=\"\" width=\"1024\" height=\"812\" srcset=\"https:\/\/lignesauto.fr\/wp-content\/uploads\/2019\/06\/BELIGOND_02-1024x812.jpg 1024w, https:\/\/lignesauto.fr\/wp-content\/uploads\/2019\/06\/BELIGOND_02-300x238.jpg 300w, https:\/\/lignesauto.fr\/wp-content\/uploads\/2019\/06\/BELIGOND_02-768x609.jpg 768w, https:\/\/lignesauto.fr\/wp-content\/uploads\/2019\/06\/BELIGOND_02-370x293.jpg 370w, https:\/\/lignesauto.fr\/wp-content\/uploads\/2019\/06\/BELIGOND_02-1040x824.jpg 1040w, https:\/\/lignesauto.fr\/wp-content\/uploads\/2019\/06\/BELIGOND_02.jpg 1417w\" sizes=\"(max-width: 1024px) 100vw, 1024px\" \/><\/a><\/p>\n<p>L&#8217;Alpine A310 sera d\u00e9voil\u00e9e dix ans apr\u00e8s sa petite s\u0153ur l&#8217;A110. Mais pour Michel Beligond, cette voiture signe l&#8217;un de ses derniers travaux puisqu&#8217;il d\u00e9c\u00e8dera deux ans plus tard&#8230;<\/p>\n<p><a href=\"http:\/\/lignesauto.fr\/wp-content\/uploads\/2019\/06\/BELIGOND_03.jpg\"><img loading=\"lazy\" decoding=\"async\" class=\"alignnone wp-image-10547 size-large\" src=\"http:\/\/lignesauto.fr\/wp-content\/uploads\/2019\/06\/BELIGOND_03-1024x827.jpg\" alt=\"\" width=\"1024\" height=\"827\" srcset=\"https:\/\/lignesauto.fr\/wp-content\/uploads\/2019\/06\/BELIGOND_03-1024x827.jpg 1024w, https:\/\/lignesauto.fr\/wp-content\/uploads\/2019\/06\/BELIGOND_03-300x242.jpg 300w, https:\/\/lignesauto.fr\/wp-content\/uploads\/2019\/06\/BELIGOND_03-768x620.jpg 768w, https:\/\/lignesauto.fr\/wp-content\/uploads\/2019\/06\/BELIGOND_03-370x299.jpg 370w, https:\/\/lignesauto.fr\/wp-content\/uploads\/2019\/06\/BELIGOND_03-1040x840.jpg 1040w, https:\/\/lignesauto.fr\/wp-content\/uploads\/2019\/06\/BELIGOND_03.jpg 1417w\" sizes=\"(max-width: 1024px) 100vw, 1024px\" \/><\/a><\/p>\n<p>Michel Beligond n&#8217;\u00e9tait pas seulement reconnu comme un styliste talentueux, c&#8217;\u00e9tait avant-tout un peintre illustrateur qui exprimait son art sur les affiches des plus grandes comp\u00e9titions automobiles europ\u00e9ennes, et notamment pour les 24 Heures du Mans.<\/p>\n<p><a href=\"http:\/\/lignesauto.fr\/wp-content\/uploads\/2019\/06\/LIGNESMANS_04.jpg\"><img loading=\"lazy\" decoding=\"async\" class=\"alignnone wp-image-10482 size-large\" src=\"http:\/\/lignesauto.fr\/wp-content\/uploads\/2019\/06\/LIGNESMANS_04-652x1024.jpg\" alt=\"\" width=\"652\" height=\"1024\" srcset=\"https:\/\/lignesauto.fr\/wp-content\/uploads\/2019\/06\/LIGNESMANS_04-652x1024.jpg 652w, https:\/\/lignesauto.fr\/wp-content\/uploads\/2019\/06\/LIGNESMANS_04-191x300.jpg 191w, https:\/\/lignesauto.fr\/wp-content\/uploads\/2019\/06\/LIGNESMANS_04-768x1206.jpg 768w, https:\/\/lignesauto.fr\/wp-content\/uploads\/2019\/06\/LIGNESMANS_04-370x581.jpg 370w, https:\/\/lignesauto.fr\/wp-content\/uploads\/2019\/06\/LIGNESMANS_04-1040x1634.jpg 1040w, https:\/\/lignesauto.fr\/wp-content\/uploads\/2019\/06\/LIGNESMANS_04.jpg 1417w\" sizes=\"(max-width: 652px) 100vw, 652px\" \/><\/a><br \/>\nNous vous proposons aujourd&#8217;hui quatre de ses affiches, \u00e0 quelques jours du d\u00e9part des 24 Heures du Mans 2019 (\u00a0<a href=\"https:\/\/www.lemans.org\/fr\/24-heures-du-mans\">https:\/\/www.lemans.org\/fr\/24-heures-du-mans<\/a> )<br \/>\nLes affiches de cette comp\u00e9tition mondialement connue \u00e9taient jusqu&#8217;en 1955 assez agressives mais le terrible accident de 1955 ( <a href=\"https:\/\/www.youtube.com\/watch?v=5U7tKsV8qDs\">https:\/\/www.youtube.com\/watch?v=5U7tKsV8qDs<\/a>) va changer la donne.<\/p>\n<p><img loading=\"lazy\" decoding=\"async\" class=\"alignnone wp-image-10491 size-large\" src=\"http:\/\/lignesauto.fr\/wp-content\/uploads\/2019\/06\/LIGNESMANS_17-738x1024.jpg\" alt=\"\" width=\"738\" height=\"1024\" srcset=\"https:\/\/lignesauto.fr\/wp-content\/uploads\/2019\/06\/LIGNESMANS_17-738x1024.jpg 738w, https:\/\/lignesauto.fr\/wp-content\/uploads\/2019\/06\/LIGNESMANS_17-216x300.jpg 216w, https:\/\/lignesauto.fr\/wp-content\/uploads\/2019\/06\/LIGNESMANS_17-768x1066.jpg 768w, https:\/\/lignesauto.fr\/wp-content\/uploads\/2019\/06\/LIGNESMANS_17-370x513.jpg 370w, https:\/\/lignesauto.fr\/wp-content\/uploads\/2019\/06\/LIGNESMANS_17-1040x1443.jpg 1040w, https:\/\/lignesauto.fr\/wp-content\/uploads\/2019\/06\/LIGNESMANS_17.jpg 1417w\" sizes=\"(max-width: 738px) 100vw, 738px\" \/><\/p>\n<p>Michel Beligond va apporter dans ses peintures une touche plus artistique, tr\u00e8s color\u00e9e et refl\u00e9tant davantage l&#8217;ambiance in\u00e9galable de cette course mythique.<\/p>\n<p><a href=\"http:\/\/lignesauto.fr\/wp-content\/uploads\/2019\/06\/LIGNESBELIGOND.jpg\"><img loading=\"lazy\" decoding=\"async\" class=\"alignnone wp-image-10542 size-large\" src=\"http:\/\/lignesauto.fr\/wp-content\/uploads\/2019\/06\/LIGNESBELIGOND-658x1024.jpg\" alt=\"\" width=\"658\" height=\"1024\" srcset=\"https:\/\/lignesauto.fr\/wp-content\/uploads\/2019\/06\/LIGNESBELIGOND-658x1024.jpg 658w, https:\/\/lignesauto.fr\/wp-content\/uploads\/2019\/06\/LIGNESBELIGOND-193x300.jpg 193w, https:\/\/lignesauto.fr\/wp-content\/uploads\/2019\/06\/LIGNESBELIGOND-768x1195.jpg 768w, https:\/\/lignesauto.fr\/wp-content\/uploads\/2019\/06\/LIGNESBELIGOND-370x575.jpg 370w, https:\/\/lignesauto.fr\/wp-content\/uploads\/2019\/06\/LIGNESBELIGOND-1040x1618.jpg 1040w, https:\/\/lignesauto.fr\/wp-content\/uploads\/2019\/06\/LIGNESBELIGOND.jpg 1417w\" sizes=\"(max-width: 658px) 100vw, 658px\" \/><\/a><\/p>\n<p><img loading=\"lazy\" decoding=\"async\" class=\"alignnone wp-image-10486 size-large\" src=\"http:\/\/lignesauto.fr\/wp-content\/uploads\/2019\/06\/LIGNESMANS_08-706x1024.jpg\" alt=\"\" width=\"706\" height=\"1024\" srcset=\"https:\/\/lignesauto.fr\/wp-content\/uploads\/2019\/06\/LIGNESMANS_08-706x1024.jpg 706w, https:\/\/lignesauto.fr\/wp-content\/uploads\/2019\/06\/LIGNESMANS_08-207x300.jpg 207w, https:\/\/lignesauto.fr\/wp-content\/uploads\/2019\/06\/LIGNESMANS_08-768x1114.jpg 768w, https:\/\/lignesauto.fr\/wp-content\/uploads\/2019\/06\/LIGNESMANS_08-370x537.jpg 370w, https:\/\/lignesauto.fr\/wp-content\/uploads\/2019\/06\/LIGNESMANS_08-1040x1509.jpg 1040w, https:\/\/lignesauto.fr\/wp-content\/uploads\/2019\/06\/LIGNESMANS_08.jpg 1417w\" sizes=\"(max-width: 706px) 100vw, 706px\" \/><\/p>\n<p>Alors que l&#8217;Alpine A310 f\u00eatera dans deux ans son demi-si\u00e8cle, il est bon de se souvenir de cet homme discret, dont un hommage\u00a0digne et formidable a \u00e9t\u00e9 rendu au cours de ce reportage de France.3 Normandie, <strong>en vid\u00e9o ci-dessous. <\/strong>Un reportage\u00a0au cours\u00a0duquel la veuve de Michel Beligond, Marie-Christine Batsalle, confie que pour Michel Beligond, le projet A310 <em>&#8220;a \u00e9t\u00e9 le bonheur de sa vie&#8221;<\/em>. Et aussi celui de tant de passionn\u00e9s de ce mod\u00e8le&#8230;<\/p>\n<p><iframe loading=\"lazy\" title=\"Hommage \u00e0 Michel B\u00e9ligond\" width=\"640\" height=\"360\" src=\"https:\/\/www.youtube.com\/embed\/cGpFpBrucWk?start=16&#038;feature=oembed\" frameborder=\"0\" allow=\"accelerometer; autoplay; clipboard-write; encrypted-media; gyroscope; picture-in-picture; web-share\" referrerpolicy=\"strict-origin-when-cross-origin\" allowfullscreen><\/iframe><\/p>\n<p>&nbsp;<\/p>\n<p><img loading=\"lazy\" decoding=\"async\" class=\"alignnone size-medium wp-image-4925\" src=\"http:\/\/lignesauto.fr\/wp-content\/uploads\/2018\/10\/LOGOArchives_BD-300x108.jpg\" alt=\"\" width=\"300\" height=\"108\" srcset=\"https:\/\/lignesauto.fr\/wp-content\/uploads\/2018\/10\/LOGOArchives_BD-300x108.jpg 300w, https:\/\/lignesauto.fr\/wp-content\/uploads\/2018\/10\/LOGOArchives_BD-768x276.jpg 768w, https:\/\/lignesauto.fr\/wp-content\/uploads\/2018\/10\/LOGOArchives_BD-1024x367.jpg 1024w, https:\/\/lignesauto.fr\/wp-content\/uploads\/2018\/10\/LOGOArchives_BD-370x133.jpg 370w, https:\/\/lignesauto.fr\/wp-content\/uploads\/2018\/10\/LOGOArchives_BD-1040x373.jpg 1040w, https:\/\/lignesauto.fr\/wp-content\/uploads\/2018\/10\/LOGOArchives_BD.jpg 1240w\" sizes=\"(max-width: 300px) 100vw, 300px\" \/><\/p>\n","protected":false},"excerpt":{"rendered":"<p>LIGNES\/auto, c&#8217;est aussi une page Facebook :\u00a0https:\/\/www.facebook.com\/lignesauto\/?modal=admin_todo_tour Il y a 46 ans, un styliste reconnu par ses amis designers mais surtout pour ses travaux sur le programme Alpine A310 s&#8217;est \u00e9teint. Michel Beligond (1927-1973) n&#8217;avait que&#8230; 46 ans, emport\u00e9 par une scl\u00e9rose en plaque. Michel Beligond \u0153uvre chez Simca puis [&hellip;]<\/p>\n","protected":false},"author":1,"featured_media":10551,"comment_status":"open","ping_status":"open","sticky":false,"template":"","format":"standard","meta":{"footnotes":""},"categories":[1],"tags":[],"_links":{"self":[{"href":"https:\/\/lignesauto.fr\/index.php?rest_route=\/wp\/v2\/posts\/10478"}],"collection":[{"href":"https:\/\/lignesauto.fr\/index.php?rest_route=\/wp\/v2\/posts"}],"about":[{"href":"https:\/\/lignesauto.fr\/index.php?rest_route=\/wp\/v2\/types\/post"}],"author":[{"embeddable":true,"href":"https:\/\/lignesauto.fr\/index.php?rest_route=\/wp\/v2\/users\/1"}],"replies":[{"embeddable":true,"href":"https:\/\/lignesauto.fr\/index.php?rest_route=%2Fwp%2Fv2%2Fcomments&post=10478"}],"version-history":[{"count":25,"href":"https:\/\/lignesauto.fr\/index.php?rest_route=\/wp\/v2\/posts\/10478\/revisions"}],"predecessor-version":[{"id":10592,"href":"https:\/\/lignesauto.fr\/index.php?rest_route=\/wp\/v2\/posts\/10478\/revisions\/10592"}],"wp:featuredmedia":[{"embeddable":true,"href":"https:\/\/lignesauto.fr\/index.php?rest_route=\/wp\/v2\/media\/10551"}],"wp:attachment":[{"href":"https:\/\/lignesauto.fr\/index.php?rest_route=%2Fwp%2Fv2%2Fmedia&parent=10478"}],"wp:term":[{"taxonomy":"category","embeddable":true,"href":"https:\/\/lignesauto.fr\/index.php?rest_route=%2Fwp%2Fv2%2Fcategories&post=10478"},{"taxonomy":"post_tag","embeddable":true,"href":"https:\/\/lignesauto.fr\/index.php?rest_route=%2Fwp%2Fv2%2Ftags&post=10478"}],"curies":[{"name":"wp","href":"https:\/\/api.w.org\/{rel}","templated":true}]}}