{"id":10564,"date":"2019-06-06T09:52:17","date_gmt":"2019-06-06T07:52:17","guid":{"rendered":"http:\/\/lignesauto.fr\/?p=10564"},"modified":"2019-06-06T16:34:47","modified_gmt":"2019-06-06T14:34:47","slug":"tribute-michel-beligond-from-le-mans-to-alpine-a310","status":"publish","type":"post","link":"https:\/\/lignesauto.fr\/?p=10564","title":{"rendered":"ENGLISH &#8211; Tribute : Michel Beligond, from Le Mans to Alpine A310"},"content":{"rendered":"<p><img loading=\"lazy\" decoding=\"async\" class=\"alignnone size-medium wp-image-4925\" src=\"http:\/\/lignesauto.fr\/wp-content\/uploads\/2018\/10\/LOGOArchives_BD-300x108.jpg\" alt=\"\" width=\"300\" height=\"108\" srcset=\"https:\/\/lignesauto.fr\/wp-content\/uploads\/2018\/10\/LOGOArchives_BD-300x108.jpg 300w, https:\/\/lignesauto.fr\/wp-content\/uploads\/2018\/10\/LOGOArchives_BD-768x276.jpg 768w, https:\/\/lignesauto.fr\/wp-content\/uploads\/2018\/10\/LOGOArchives_BD-1024x367.jpg 1024w, https:\/\/lignesauto.fr\/wp-content\/uploads\/2018\/10\/LOGOArchives_BD-370x133.jpg 370w, https:\/\/lignesauto.fr\/wp-content\/uploads\/2018\/10\/LOGOArchives_BD-1040x373.jpg 1040w, https:\/\/lignesauto.fr\/wp-content\/uploads\/2018\/10\/LOGOArchives_BD.jpg 1240w\" sizes=\"(max-width: 300px) 100vw, 300px\" \/><\/p>\n<p>LIGNES\/auto\u00a0is also a Facebook page:\u00a0<a href=\"https:\/\/www.facebook.com\/lignesauto\/?modal=admin_todo_tour\">https:\/\/www.facebook.com\/lignesauto\/?modal=admin_todo_tour<\/a><\/p>\n<p>Forty-six years ago, a designer recognized by his design friends but especially for his work on the Alpine A310 program passed away. Michel Beligond (1927-1973) had only&#8230; 46 years old.<\/p>\n<p>Michel Beligond works at Simca and then at Renault where he works in collaboration with Gaston Juchet on &#8220;the vehicles of the future&#8221;. But it is with Jean R\u00e9d\u00e9l\u00e9 that the current flows best. And when Alpine decided to accompany the small A110 with a product with Grand Tourisme genes &#8211; it became the A310 in 1971 -, it was quite naturally Michel Beligond who took charge of this design, so modern for the time.<\/p>\n<p><a href=\"http:\/\/lignesauto.fr\/wp-content\/uploads\/2019\/06\/BELIGOND_02.jpg\"><img loading=\"lazy\" decoding=\"async\" class=\"alignnone wp-image-10546 size-large\" src=\"http:\/\/lignesauto.fr\/wp-content\/uploads\/2019\/06\/BELIGOND_02-1024x812.jpg\" alt=\"\" width=\"1024\" height=\"812\" srcset=\"https:\/\/lignesauto.fr\/wp-content\/uploads\/2019\/06\/BELIGOND_02-1024x812.jpg 1024w, https:\/\/lignesauto.fr\/wp-content\/uploads\/2019\/06\/BELIGOND_02-300x238.jpg 300w, https:\/\/lignesauto.fr\/wp-content\/uploads\/2019\/06\/BELIGOND_02-768x609.jpg 768w, https:\/\/lignesauto.fr\/wp-content\/uploads\/2019\/06\/BELIGOND_02-370x293.jpg 370w, https:\/\/lignesauto.fr\/wp-content\/uploads\/2019\/06\/BELIGOND_02-1040x824.jpg 1040w, https:\/\/lignesauto.fr\/wp-content\/uploads\/2019\/06\/BELIGOND_02.jpg 1417w\" sizes=\"(max-width: 1024px) 100vw, 1024px\" \/><\/a><\/p>\n<p>The Alpine A310 will be unveiled ten years after its little sister the A110. But for Michel Beligond, this car was one of his last works, since he died two years later&#8230;<\/p>\n<p><a href=\"http:\/\/lignesauto.fr\/wp-content\/uploads\/2019\/06\/BELIGOND_03.jpg\"><img loading=\"lazy\" decoding=\"async\" class=\"alignnone wp-image-10547 size-large\" src=\"http:\/\/lignesauto.fr\/wp-content\/uploads\/2019\/06\/BELIGOND_03-1024x827.jpg\" alt=\"\" width=\"1024\" height=\"827\" srcset=\"https:\/\/lignesauto.fr\/wp-content\/uploads\/2019\/06\/BELIGOND_03-1024x827.jpg 1024w, https:\/\/lignesauto.fr\/wp-content\/uploads\/2019\/06\/BELIGOND_03-300x242.jpg 300w, https:\/\/lignesauto.fr\/wp-content\/uploads\/2019\/06\/BELIGOND_03-768x620.jpg 768w, https:\/\/lignesauto.fr\/wp-content\/uploads\/2019\/06\/BELIGOND_03-370x299.jpg 370w, https:\/\/lignesauto.fr\/wp-content\/uploads\/2019\/06\/BELIGOND_03-1040x840.jpg 1040w, https:\/\/lignesauto.fr\/wp-content\/uploads\/2019\/06\/BELIGOND_03.jpg 1417w\" sizes=\"(max-width: 1024px) 100vw, 1024px\" \/><\/a><\/p>\n<p>Michel Beligond was not only recognized as a talented stylist, he was above all a painter illustrator who expressed his art on the posters of the most important European automobile competitions, and in particular for the Le Mans 24 Hours.<\/p>\n<p><a href=\"http:\/\/lignesauto.fr\/wp-content\/uploads\/2019\/06\/LIGNESMANS_04.jpg\"><img loading=\"lazy\" decoding=\"async\" class=\"alignnone wp-image-10482 size-large\" src=\"http:\/\/lignesauto.fr\/wp-content\/uploads\/2019\/06\/LIGNESMANS_04-652x1024.jpg\" alt=\"\" width=\"652\" height=\"1024\" srcset=\"https:\/\/lignesauto.fr\/wp-content\/uploads\/2019\/06\/LIGNESMANS_04-652x1024.jpg 652w, https:\/\/lignesauto.fr\/wp-content\/uploads\/2019\/06\/LIGNESMANS_04-191x300.jpg 191w, https:\/\/lignesauto.fr\/wp-content\/uploads\/2019\/06\/LIGNESMANS_04-768x1206.jpg 768w, https:\/\/lignesauto.fr\/wp-content\/uploads\/2019\/06\/LIGNESMANS_04-370x581.jpg 370w, https:\/\/lignesauto.fr\/wp-content\/uploads\/2019\/06\/LIGNESMANS_04-1040x1634.jpg 1040w, https:\/\/lignesauto.fr\/wp-content\/uploads\/2019\/06\/LIGNESMANS_04.jpg 1417w\" sizes=\"(max-width: 652px) 100vw, 652px\" \/><\/a><br \/>\nWe are offering you four of his posters today, a few days before the start of the 24 Hours of Le Mans 2019 ( <a href=\"https:\/\/www.lemans.org\/fr\/24-heures-du-mans\">https:\/\/www.lemans.org\/fr\/24-heures-du-mans<\/a>)<br \/>\nThe posters of this world famous competition were quite aggressive until 1955 but the terrible accident of 1955 ( <a href=\"https:\/\/www.youtube.com\/watch?v=5U7tKsV8qDs\">https:\/\/www.youtube.com\/watch?v=5U7tKsV8qDs<\/a>) will change the situation.<\/p>\n<p><img loading=\"lazy\" decoding=\"async\" class=\"alignnone wp-image-10491 size-large\" src=\"http:\/\/lignesauto.fr\/wp-content\/uploads\/2019\/06\/LIGNESMANS_17-738x1024.jpg\" alt=\"\" width=\"738\" height=\"1024\" srcset=\"https:\/\/lignesauto.fr\/wp-content\/uploads\/2019\/06\/LIGNESMANS_17-738x1024.jpg 738w, https:\/\/lignesauto.fr\/wp-content\/uploads\/2019\/06\/LIGNESMANS_17-216x300.jpg 216w, https:\/\/lignesauto.fr\/wp-content\/uploads\/2019\/06\/LIGNESMANS_17-768x1066.jpg 768w, https:\/\/lignesauto.fr\/wp-content\/uploads\/2019\/06\/LIGNESMANS_17-370x513.jpg 370w, https:\/\/lignesauto.fr\/wp-content\/uploads\/2019\/06\/LIGNESMANS_17-1040x1443.jpg 1040w, https:\/\/lignesauto.fr\/wp-content\/uploads\/2019\/06\/LIGNESMANS_17.jpg 1417w\" sizes=\"(max-width: 738px) 100vw, 738px\" \/><\/p>\n<p>Michel Beligond will bring in his paintings a more artistic touch, very colourful and reflecting more the incomparable atmosphere of this mythical race.<\/p>\n<p><a href=\"http:\/\/lignesauto.fr\/wp-content\/uploads\/2019\/06\/LIGNESBELIGOND.jpg\"><img loading=\"lazy\" decoding=\"async\" class=\"alignnone wp-image-10542 size-large\" src=\"http:\/\/lignesauto.fr\/wp-content\/uploads\/2019\/06\/LIGNESBELIGOND-658x1024.jpg\" alt=\"\" width=\"658\" height=\"1024\" srcset=\"https:\/\/lignesauto.fr\/wp-content\/uploads\/2019\/06\/LIGNESBELIGOND-658x1024.jpg 658w, https:\/\/lignesauto.fr\/wp-content\/uploads\/2019\/06\/LIGNESBELIGOND-193x300.jpg 193w, https:\/\/lignesauto.fr\/wp-content\/uploads\/2019\/06\/LIGNESBELIGOND-768x1195.jpg 768w, https:\/\/lignesauto.fr\/wp-content\/uploads\/2019\/06\/LIGNESBELIGOND-370x575.jpg 370w, https:\/\/lignesauto.fr\/wp-content\/uploads\/2019\/06\/LIGNESBELIGOND-1040x1618.jpg 1040w, https:\/\/lignesauto.fr\/wp-content\/uploads\/2019\/06\/LIGNESBELIGOND.jpg 1417w\" sizes=\"(max-width: 658px) 100vw, 658px\" \/><\/a><\/p>\n<p><img loading=\"lazy\" decoding=\"async\" class=\"alignnone wp-image-10486 size-large\" src=\"http:\/\/lignesauto.fr\/wp-content\/uploads\/2019\/06\/LIGNESMANS_08-706x1024.jpg\" alt=\"\" width=\"706\" height=\"1024\" srcset=\"https:\/\/lignesauto.fr\/wp-content\/uploads\/2019\/06\/LIGNESMANS_08-706x1024.jpg 706w, https:\/\/lignesauto.fr\/wp-content\/uploads\/2019\/06\/LIGNESMANS_08-207x300.jpg 207w, https:\/\/lignesauto.fr\/wp-content\/uploads\/2019\/06\/LIGNESMANS_08-768x1114.jpg 768w, https:\/\/lignesauto.fr\/wp-content\/uploads\/2019\/06\/LIGNESMANS_08-370x537.jpg 370w, https:\/\/lignesauto.fr\/wp-content\/uploads\/2019\/06\/LIGNESMANS_08-1040x1509.jpg 1040w, https:\/\/lignesauto.fr\/wp-content\/uploads\/2019\/06\/LIGNESMANS_08.jpg 1417w\" sizes=\"(max-width: 706px) 100vw, 706px\" \/><\/p>\n<p>As the Alpine A310 celebrates its half-century in two years&#8217; time, it is good to remember this discreet man, whose dignified and formidable tribute was paid during this report from France.3 Normandy, in the video below. A report during which Michel Beligond&#8217;s widow, Marie-Christine Batsalle, confides that for Michel Beligond, the A310 project &#8220;was the happiness of his life&#8221;. And also the one of so many enthusiasts of this model&#8230;.<\/p>\n<p><iframe loading=\"lazy\" title=\"Hommage \u00e0 Michel B\u00e9ligond\" width=\"640\" height=\"360\" src=\"https:\/\/www.youtube.com\/embed\/cGpFpBrucWk?start=16&#038;feature=oembed\" frameborder=\"0\" allow=\"accelerometer; autoplay; clipboard-write; encrypted-media; gyroscope; picture-in-picture; web-share\" referrerpolicy=\"strict-origin-when-cross-origin\" allowfullscreen><\/iframe><\/p>\n<p>&nbsp;<\/p>\n<p><img loading=\"lazy\" decoding=\"async\" class=\"alignnone size-medium wp-image-4925\" src=\"http:\/\/lignesauto.fr\/wp-content\/uploads\/2018\/10\/LOGOArchives_BD-300x108.jpg\" alt=\"\" width=\"300\" height=\"108\" srcset=\"https:\/\/lignesauto.fr\/wp-content\/uploads\/2018\/10\/LOGOArchives_BD-300x108.jpg 300w, https:\/\/lignesauto.fr\/wp-content\/uploads\/2018\/10\/LOGOArchives_BD-768x276.jpg 768w, https:\/\/lignesauto.fr\/wp-content\/uploads\/2018\/10\/LOGOArchives_BD-1024x367.jpg 1024w, https:\/\/lignesauto.fr\/wp-content\/uploads\/2018\/10\/LOGOArchives_BD-370x133.jpg 370w, https:\/\/lignesauto.fr\/wp-content\/uploads\/2018\/10\/LOGOArchives_BD-1040x373.jpg 1040w, https:\/\/lignesauto.fr\/wp-content\/uploads\/2018\/10\/LOGOArchives_BD.jpg 1240w\" sizes=\"(max-width: 300px) 100vw, 300px\" \/><\/p>\n","protected":false},"excerpt":{"rendered":"<p>LIGNES\/auto\u00a0is also a Facebook page:\u00a0https:\/\/www.facebook.com\/lignesauto\/?modal=admin_todo_tour Forty-six years ago, a designer recognized by his design friends but especially for his work on the Alpine A310 program passed away. Michel Beligond (1927-1973) had only&#8230; 46 years old. Michel Beligond works at Simca and then at Renault where he works in collaboration with [&hellip;]<\/p>\n","protected":false},"author":1,"featured_media":10551,"comment_status":"open","ping_status":"open","sticky":false,"template":"","format":"standard","meta":{"footnotes":""},"categories":[1],"tags":[],"_links":{"self":[{"href":"https:\/\/lignesauto.fr\/index.php?rest_route=\/wp\/v2\/posts\/10564"}],"collection":[{"href":"https:\/\/lignesauto.fr\/index.php?rest_route=\/wp\/v2\/posts"}],"about":[{"href":"https:\/\/lignesauto.fr\/index.php?rest_route=\/wp\/v2\/types\/post"}],"author":[{"embeddable":true,"href":"https:\/\/lignesauto.fr\/index.php?rest_route=\/wp\/v2\/users\/1"}],"replies":[{"embeddable":true,"href":"https:\/\/lignesauto.fr\/index.php?rest_route=%2Fwp%2Fv2%2Fcomments&post=10564"}],"version-history":[{"count":5,"href":"https:\/\/lignesauto.fr\/index.php?rest_route=\/wp\/v2\/posts\/10564\/revisions"}],"predecessor-version":[{"id":10590,"href":"https:\/\/lignesauto.fr\/index.php?rest_route=\/wp\/v2\/posts\/10564\/revisions\/10590"}],"wp:featuredmedia":[{"embeddable":true,"href":"https:\/\/lignesauto.fr\/index.php?rest_route=\/wp\/v2\/media\/10551"}],"wp:attachment":[{"href":"https:\/\/lignesauto.fr\/index.php?rest_route=%2Fwp%2Fv2%2Fmedia&parent=10564"}],"wp:term":[{"taxonomy":"category","embeddable":true,"href":"https:\/\/lignesauto.fr\/index.php?rest_route=%2Fwp%2Fv2%2Fcategories&post=10564"},{"taxonomy":"post_tag","embeddable":true,"href":"https:\/\/lignesauto.fr\/index.php?rest_route=%2Fwp%2Fv2%2Ftags&post=10564"}],"curies":[{"name":"wp","href":"https:\/\/api.w.org\/{rel}","templated":true}]}}