{"id":10770,"date":"2019-06-27T10:13:39","date_gmt":"2019-06-27T08:13:39","guid":{"rendered":"http:\/\/lignesauto.fr\/?p=10770"},"modified":"2019-06-28T09:20:21","modified_gmt":"2019-06-28T07:20:21","slug":"interview-xavier-peugeot-directeur-du-produit-citroen","status":"publish","type":"post","link":"https:\/\/lignesauto.fr\/?p=10770","title":{"rendered":"INTERVIEW : Xavier Peugeot, directeur du produit Citro\u00ebn"},"content":{"rendered":"<p><a href=\"http:\/\/lignesauto.fr\/wp-content\/uploads\/2018\/10\/LOGOActus_BD.jpg\"><img loading=\"lazy\" decoding=\"async\" class=\"alignnone size-medium wp-image-4921\" src=\"http:\/\/lignesauto.fr\/wp-content\/uploads\/2018\/10\/LOGOActus_BD-300x108.jpg\" alt=\"\" width=\"300\" height=\"108\" srcset=\"https:\/\/lignesauto.fr\/wp-content\/uploads\/2018\/10\/LOGOActus_BD-300x108.jpg 300w, https:\/\/lignesauto.fr\/wp-content\/uploads\/2018\/10\/LOGOActus_BD-768x276.jpg 768w, https:\/\/lignesauto.fr\/wp-content\/uploads\/2018\/10\/LOGOActus_BD-1024x367.jpg 1024w, https:\/\/lignesauto.fr\/wp-content\/uploads\/2018\/10\/LOGOActus_BD-370x133.jpg 370w, https:\/\/lignesauto.fr\/wp-content\/uploads\/2018\/10\/LOGOActus_BD-1040x373.jpg 1040w, https:\/\/lignesauto.fr\/wp-content\/uploads\/2018\/10\/LOGOActus_BD.jpg 1240w\" sizes=\"(max-width: 300px) 100vw, 300px\" \/><\/a><\/p>\n<p>Nomm\u00e9 directeur du produit Citro\u00ebn en 2014, Xavier Peugeot a v\u00e9cu la &#8220;renaissance&#8221; de la marque fran\u00e7aise, apr\u00e8s que cette derni\u00e8re a perdu sa &#8220;ligne DS&#8221;, une branche fleurie et profitable qui s&#8217;est transform\u00e9e en marque \u00e0 part enti\u00e8re cette ann\u00e9e-l\u00e0. Porter le nom de Peugeot lorsqu&#8217;on est \u00e0 la t\u00eate du produit Citro\u00ebn, voil\u00e0 qui, en 1976, aurait \u00e9t\u00e9 inconcevable. La passion de cet homme pour la marque est pourtant bien palpable et c&#8217;est rue Linois, lors de ce WE un peu particulier o\u00f9 Citro\u00ebn a offert un mus\u00e9e \u00e0 ciel ouvert (<a href=\"http:\/\/lignesauto.fr\/?p=10741\">http:\/\/lignesauto.fr\/?p=10741<\/a>) que nous l&#8217;avons bri\u00e8vement rencontr\u00e9.<\/p>\n<p><strong>LIGNES\/auto&nbsp;: 2040 doit th\u00e9oriquement signer la mort des moteurs thermiques. Serez-vous pr\u00eats ou est-ce une d\u00e9cision totalement ubuesque&nbsp;?<br \/>\n<\/strong>Xavier Peugeot&nbsp;: &#8220;Je vais d\u2019abord r\u00e9pondre que c\u2019est une question qui concerne l\u2019ensemble du groupe PSA. Nous allons proc\u00e9der par \u00e9tapes. Ce qui est \u00e9vident et la premi\u00e8re chose que nous avons vue, c\u2019est que les objectifs de CO<sub>2<\/sub>ont \u00e9t\u00e9 s\u00e9v\u00e9ris\u00e9s (*) et qu\u2019il existe d\u2019autres \u00e9ch\u00e9ances qui se trouvent bien avant celle que vous avez mentionn\u00e9e et qui sont d\u00e9j\u00e0 de jolis challenges&nbsp;! Carlos Tavares nous a donn\u00e9 une mission, c\u2019est de faire en sorte que le groupe PSA n\u2019ait pas de p\u00e9nalit\u00e9s financi\u00e8res par rapport \u00e0 ses \u00e9ch\u00e9ances. Nous sommes en train de nous organiser pour cela et nous sommes en ligne avec nos objectifs.&#8221;<\/p>\n<p><em><a href=\"http:\/\/lignesauto.fr\/wp-content\/uploads\/2019\/06\/LIGNESX_06.jpg\"><img loading=\"lazy\" decoding=\"async\" class=\"alignnone wp-image-10778 size-large\" src=\"http:\/\/lignesauto.fr\/wp-content\/uploads\/2019\/06\/LIGNESX_06-1024x576.jpg\" alt=\"\" width=\"1024\" height=\"576\" srcset=\"https:\/\/lignesauto.fr\/wp-content\/uploads\/2019\/06\/LIGNESX_06-1024x576.jpg 1024w, https:\/\/lignesauto.fr\/wp-content\/uploads\/2019\/06\/LIGNESX_06-300x169.jpg 300w, https:\/\/lignesauto.fr\/wp-content\/uploads\/2019\/06\/LIGNESX_06-768x432.jpg 768w, https:\/\/lignesauto.fr\/wp-content\/uploads\/2019\/06\/LIGNESX_06-370x208.jpg 370w, https:\/\/lignesauto.fr\/wp-content\/uploads\/2019\/06\/LIGNESX_06-1040x585.jpg 1040w, https:\/\/lignesauto.fr\/wp-content\/uploads\/2019\/06\/LIGNESX_06.jpg 1417w\" sizes=\"(max-width: 1024px) 100vw, 1024px\" \/><\/a><br \/>\nLe C5 Aircross adoptera une chaine de traction hybride rechargeable et sera commercialis\u00e9 l&#8217;an prochain. Il sera accompagn\u00e9 d&#8217;un in\u00e9dit v\u00e9hicule 100% \u00e9lectrique.<\/em><\/p>\n<p><strong>Concr\u00e8tement, \u00e7a se passe comment&nbsp;?<br \/>\n<\/strong>X.P.&nbsp;: &#8220;Ca passe par l\u2019\u00e9lectrification de 100 % de notre gamme \u00e0 l\u2019horizon 2025. Nous y serons avec d\u00e8s l\u2019ann\u00e9e prochaine un nouveau mod\u00e8le 100% \u00e9lectrique et un mod\u00e8le plug-in hybride.&#8221;<\/p>\n<p><a href=\"http:\/\/lignesauto.fr\/wp-content\/uploads\/2019\/06\/LIGNESX_07.jpg\"><img loading=\"lazy\" decoding=\"async\" class=\"alignnone wp-image-10779 size-large\" src=\"http:\/\/lignesauto.fr\/wp-content\/uploads\/2019\/06\/LIGNESX_07-1024x960.jpg\" alt=\"\" width=\"1024\" height=\"960\" srcset=\"https:\/\/lignesauto.fr\/wp-content\/uploads\/2019\/06\/LIGNESX_07-1024x960.jpg 1024w, https:\/\/lignesauto.fr\/wp-content\/uploads\/2019\/06\/LIGNESX_07-300x281.jpg 300w, https:\/\/lignesauto.fr\/wp-content\/uploads\/2019\/06\/LIGNESX_07-768x720.jpg 768w, https:\/\/lignesauto.fr\/wp-content\/uploads\/2019\/06\/LIGNESX_07-370x347.jpg 370w, https:\/\/lignesauto.fr\/wp-content\/uploads\/2019\/06\/LIGNESX_07-1040x975.jpg 1040w, https:\/\/lignesauto.fr\/wp-content\/uploads\/2019\/06\/LIGNESX_07.jpg 1417w\" sizes=\"(max-width: 1024px) 100vw, 1024px\" \/><\/a><br \/>\n<em>Pr\u00e9sent\u00e9 en 2016, voici plus de deux ans maintenant, le concept-car CXperience annonce le th\u00e8me esth\u00e9tique de la future grande berline Citro\u00ebn.<\/em><\/p>\n<p><strong>La marque DS pr\u00e9sentera sa grande berline en fin d\u2019ann\u00e9e, avant la grande berline de Citro\u00ebn&#8230; \u00cates-vous chagrin\u00e9 ou au contraire serein&nbsp;?<br \/>\n<\/strong>X.P.&nbsp;: &#8221; Je vais vous dire une chose&nbsp;: je suis extr\u00eamement serein&nbsp;! Depuis 5 ans nous d\u00e9ployons une feuille de route que nous avons annonc\u00e9e et nous faisons ce qui a \u00e9t\u00e9 annonc\u00e9. C\u2019est vrai qu\u2019il y a eu quelques inqui\u00e9tudes lors de la cr\u00e9ation de la marque DS en 2014 parce qu\u2019on s\u2019est dit, finalement, que va devenir Citro\u00ebn dans ce contexte. Mais cette d\u00e9cision de Carlos Tavares de faire de DS une marque \u00e0 part enti\u00e8re a \u00e9t\u00e9 une opportunit\u00e9 pour Citro\u00ebn de se replonger dans son ADN, de red\u00e9finir une feuille de route et de red\u00e9finir une coh\u00e9rence dans son histoire. Nous avons l\u2019ambition d\u2019\u00eatre un constructeur du c\u0153ur de march\u00e9 avec des ambitions de plus en plus internationales. Cette ambition est donc d\u2019offrir des voitures de diff\u00e9rentes tailles qui correspondent aux attentes des clients, et il n\u2019y a aucune difficult\u00e9 ou ambigu\u00eft\u00e9 \u00e0 \u00eatre un constructeur de grande diffusion qui propose une offre de grande berline \u00e0 c\u00f4t\u00e9 d\u2019une marque comme la marque DS qui fera une proposition de cet ordre. Tout simplement parce que nous ne parlons au pas au m\u00eame client, nous ne sommes pas dans les m\u00eames tranches de prix, nous n\u2019offrons pas exactement les m\u00eames prestations.&#8221;<\/p>\n<p><a href=\"http:\/\/lignesauto.fr\/wp-content\/uploads\/2019\/06\/LIGNESX_05.jpg\"><img loading=\"lazy\" decoding=\"async\" class=\"alignnone wp-image-10777 size-large\" src=\"http:\/\/lignesauto.fr\/wp-content\/uploads\/2019\/06\/LIGNESX_05-1024x660.jpg\" alt=\"\" width=\"1024\" height=\"660\" srcset=\"https:\/\/lignesauto.fr\/wp-content\/uploads\/2019\/06\/LIGNESX_05-1024x660.jpg 1024w, https:\/\/lignesauto.fr\/wp-content\/uploads\/2019\/06\/LIGNESX_05-300x193.jpg 300w, https:\/\/lignesauto.fr\/wp-content\/uploads\/2019\/06\/LIGNESX_05-768x495.jpg 768w, https:\/\/lignesauto.fr\/wp-content\/uploads\/2019\/06\/LIGNESX_05-370x238.jpg 370w, https:\/\/lignesauto.fr\/wp-content\/uploads\/2019\/06\/LIGNESX_05-1040x670.jpg 1040w, https:\/\/lignesauto.fr\/wp-content\/uploads\/2019\/06\/LIGNESX_05.jpg 1417w\" sizes=\"(max-width: 1024px) 100vw, 1024px\" \/><\/a><\/p>\n<p><strong>Une \u00ab&nbsp;voiture&nbsp;\u00bb classique de 3,40 m a-t-elle encore sa place dans le contexte actuel sachant que l\u2019usine qui produit la C1 va devenir un site 100% Toyota&#8230;<br \/>\n<\/strong>X.P. &#8220;Tout d\u2019abord nous continuons avec C1 qui fonctionne tr\u00e8s bien. En parall\u00e8le, nous avons la fameuse \u2018Core Model Strategy\u2019 (**) avec un certain nombre de silhouettes d\u00e9velopp\u00e9es en partenariat au sein du groupe et que nous d\u00e9ployons progressivement. C\u2019est une opportunit\u00e9 pour nous sur le segment des petites citadines de se connecter \u00e0 l\u2019\u00e9volution des attentes clients.&nbsp; Nous voyons qu\u2019en termes de prix bas, de r\u00e9ponse de mobilit\u00e9, de compacit\u00e9 \u00e9lectrique et de voitures urbaines, il y a encore beaucoup de choses \u00e0 faire. C\u2019est dans nos r\u00e9flexions actuelles. Et le fait que nous ayons pr\u00e9sent\u00e9 un concept-car comme Ami One, qui reste un objet unique et qui le restera, n\u2019est pas un hasard. Ca prouve bien que nous sommes au c\u0153ur de ces r\u00e9flexions et que nous continuerons \u00e0 proposer d\u2019une fa\u00e7on ou d\u2019une autre, une r\u00e9ponse urbaine en ligne avec ses nouvelles attentes. Laissez-nous un peu de temps&nbsp;!&#8221;<\/p>\n<p><a href=\"http:\/\/lignesauto.fr\/wp-content\/uploads\/2019\/02\/LIGNESD03.jpg\"><img loading=\"lazy\" decoding=\"async\" class=\"alignnone wp-image-7896 size-large\" src=\"http:\/\/lignesauto.fr\/wp-content\/uploads\/2019\/02\/LIGNESD03-1024x724.jpg\" alt=\"\" width=\"1024\" height=\"724\" srcset=\"https:\/\/lignesauto.fr\/wp-content\/uploads\/2019\/02\/LIGNESD03-1024x724.jpg 1024w, https:\/\/lignesauto.fr\/wp-content\/uploads\/2019\/02\/LIGNESD03-300x212.jpg 300w, https:\/\/lignesauto.fr\/wp-content\/uploads\/2019\/02\/LIGNESD03-768x543.jpg 768w, https:\/\/lignesauto.fr\/wp-content\/uploads\/2019\/02\/LIGNESD03-370x262.jpg 370w, https:\/\/lignesauto.fr\/wp-content\/uploads\/2019\/02\/LIGNESD03-1040x735.jpg 1040w, https:\/\/lignesauto.fr\/wp-content\/uploads\/2019\/02\/LIGNESD03.jpg 1276w\" sizes=\"(max-width: 1024px) 100vw, 1024px\" \/><\/a><\/p>\n<p><strong>Le client de demain ne veut plus poss\u00e9der sa voiture, mais viser plut\u00f4t toutes sortes de locations&nbsp;?<br \/>\n<\/strong>X.P.&nbsp;: &#8220;Absolument, mais pas seulement. Le client attend une voiture compacte, \u00e9lectrique. Mais il veut aussi des r\u00e9ponses intelligentes, une palette de solutions, des prix comp\u00e9titifs&#8230; Finalement des r\u00e9ponses pas si lointaines de celles qu\u2019offre l\u2019Ami One (ci-dessus).&#8221;<\/p>\n<p><a href=\"http:\/\/lignesauto.fr\/wp-content\/uploads\/2019\/06\/LIGNESX_08.jpg\"><img loading=\"lazy\" decoding=\"async\" class=\"alignnone wp-image-10780 size-large\" src=\"http:\/\/lignesauto.fr\/wp-content\/uploads\/2019\/06\/LIGNESX_08-1024x681.jpg\" alt=\"\" width=\"1024\" height=\"681\" srcset=\"https:\/\/lignesauto.fr\/wp-content\/uploads\/2019\/06\/LIGNESX_08-1024x681.jpg 1024w, https:\/\/lignesauto.fr\/wp-content\/uploads\/2019\/06\/LIGNESX_08-300x200.jpg 300w, https:\/\/lignesauto.fr\/wp-content\/uploads\/2019\/06\/LIGNESX_08-768x511.jpg 768w, https:\/\/lignesauto.fr\/wp-content\/uploads\/2019\/06\/LIGNESX_08-370x246.jpg 370w, https:\/\/lignesauto.fr\/wp-content\/uploads\/2019\/06\/LIGNESX_08-1040x692.jpg 1040w, https:\/\/lignesauto.fr\/wp-content\/uploads\/2019\/06\/LIGNESX_08.jpg 1417w\" sizes=\"(max-width: 1024px) 100vw, 1024px\" \/><\/a><\/p>\n<p><strong>Un mod\u00e8le iconique va c\u00e9l\u00e9brer ses 50 ans l\u2019an prochain, la SM. Qui de Citro\u00ebn ou de DS va se charger de comm\u00e9morer ce cinquantenaire&nbsp;?<br \/>\n<\/strong>X.P.&nbsp;: &#8220;Nous ne faisons pas de r\u00e9visionnisme&nbsp;! Autant aujourd\u2019hui il y a deux marques distinctes (Citro\u00ebn et DS), autant avant 2014 il y a qu\u2019une seule histoire, commune. Nous n\u2019allons pas r\u00e9\u00e9crire cette histoire sous pr\u00e9texte que nous avons donn\u00e9 deux orientations diff\u00e9rentes aux marques. Notre relation avec les clubs et les passionn\u00e9s est transparente, ce n\u2019est pas une insulte si l\u2019une ou l\u2019autre, voire les deux marques, c\u00e9l\u00e8brent le cinquantenaire de la SM. Franchement, en termes d\u2019icone, la SM en est vraiment une&nbsp;!&#8221;<\/p>\n<p><strong>J\u2019entendais par-l\u00e0, r\u00e9aliser un concept-car \u2018hommage\u2019, pourquoi pas comme e-Legend vis-\u00e0-vis du coup\u00e9 504&nbsp;?<br \/>\n<\/strong>X.P.&nbsp;: &#8220;Un concept-car centr\u00e9 sur la SM&nbsp;? Non, je pense qu\u2019il faut se r\u00e9interpr\u00e9ter. 19_19 pr\u00e9pare l\u2019avenir \u00e0 notre fa\u00e7on. Pas de concept-car, mais marquer l\u2019anniversaire des 50 ans de la SM, oui&nbsp;!&#8221;<\/p>\n<p><a href=\"http:\/\/lignesauto.fr\/wp-content\/uploads\/2018\/09\/LIG2.jpg\"><img loading=\"lazy\" decoding=\"async\" class=\"alignnone wp-image-4634 size-large\" src=\"http:\/\/lignesauto.fr\/wp-content\/uploads\/2018\/09\/LIG2-1024x683.jpg\" alt=\"\" width=\"1024\" height=\"683\" srcset=\"https:\/\/lignesauto.fr\/wp-content\/uploads\/2018\/09\/LIG2-1024x683.jpg 1024w, https:\/\/lignesauto.fr\/wp-content\/uploads\/2018\/09\/LIG2-300x200.jpg 300w, https:\/\/lignesauto.fr\/wp-content\/uploads\/2018\/09\/LIG2-768x512.jpg 768w, https:\/\/lignesauto.fr\/wp-content\/uploads\/2018\/09\/LIG2-370x247.jpg 370w, https:\/\/lignesauto.fr\/wp-content\/uploads\/2018\/09\/LIG2-1040x694.jpg 1040w\" sizes=\"(max-width: 1024px) 100vw, 1024px\" \/><\/a><br \/>\n<em>Le coup\u00e9 504 a eu droit aux honneurs d&#8217;un concept-car en 2018. Ce ne sera pas le cas de la Citro\u00ebn SM&#8230;<\/em><\/p>\n<p><strong>Pierre Leclercq a succ\u00e9d\u00e9 \u00e0 Alexandre Malval \u00e0 la t\u00eate du design Citro\u00ebn. Qu\u2019est-ce qui va changer avec son arriv\u00e9e&nbsp;?<br \/>\n<\/strong>X.P.&nbsp;: &#8220;Nous avons fait un excellent travail avec Alexandre Malval et j\u2019en profite ici pour lui rendre hommage car c\u2019est un tr\u00e8s grand talent qui a apport\u00e9 beaucoup pendant de nombreuses ann\u00e9es et notamment \u00e0 un moment charni\u00e8re. Je m\u2019en r\u00e9jouis et je le salue. L\u2019arriv\u00e9e de Pierre Leclercq (ci-dessous) fait partie de la vie d\u2019une entreprise, o\u00f9 il y a des renouvellements logiques des hommes et des femmes. Pierre va nous apporter son exp\u00e9rience internationale, sa connaissance d\u2019autres marques. Il est en train de s\u2019immerger dans l\u2019ADN Citro\u00ebn et nous apportera un renouvellement dont je me r\u00e9jouis par avance, car l\u00e0 aussi notre collaboration a bien d\u00e9marr\u00e9.&#8221;<\/p>\n<p><a href=\"http:\/\/lignesauto.fr\/wp-content\/uploads\/2019\/06\/20190614_142707.jpg\"><img loading=\"lazy\" decoding=\"async\" class=\"alignnone wp-image-10748 size-large\" src=\"http:\/\/lignesauto.fr\/wp-content\/uploads\/2019\/06\/20190614_142707-576x1024.jpg\" alt=\"\" width=\"576\" height=\"1024\" srcset=\"https:\/\/lignesauto.fr\/wp-content\/uploads\/2019\/06\/20190614_142707-576x1024.jpg 576w, https:\/\/lignesauto.fr\/wp-content\/uploads\/2019\/06\/20190614_142707-169x300.jpg 169w, https:\/\/lignesauto.fr\/wp-content\/uploads\/2019\/06\/20190614_142707-768x1366.jpg 768w, https:\/\/lignesauto.fr\/wp-content\/uploads\/2019\/06\/20190614_142707-370x658.jpg 370w, https:\/\/lignesauto.fr\/wp-content\/uploads\/2019\/06\/20190614_142707-1040x1850.jpg 1040w, https:\/\/lignesauto.fr\/wp-content\/uploads\/2019\/06\/20190614_142707.jpg 1417w\" sizes=\"(max-width: 576px) 100vw, 576px\" \/><\/a><\/p>\n<p><a href=\"http:\/\/lignesauto.fr\/wp-content\/uploads\/2018\/10\/LOGOActus_BD.jpg\"><img loading=\"lazy\" decoding=\"async\" class=\"alignnone size-medium wp-image-4921\" src=\"http:\/\/lignesauto.fr\/wp-content\/uploads\/2018\/10\/LOGOActus_BD-300x108.jpg\" alt=\"\" width=\"300\" height=\"108\" srcset=\"https:\/\/lignesauto.fr\/wp-content\/uploads\/2018\/10\/LOGOActus_BD-300x108.jpg 300w, https:\/\/lignesauto.fr\/wp-content\/uploads\/2018\/10\/LOGOActus_BD-768x276.jpg 768w, https:\/\/lignesauto.fr\/wp-content\/uploads\/2018\/10\/LOGOActus_BD-1024x367.jpg 1024w, https:\/\/lignesauto.fr\/wp-content\/uploads\/2018\/10\/LOGOActus_BD-370x133.jpg 370w, https:\/\/lignesauto.fr\/wp-content\/uploads\/2018\/10\/LOGOActus_BD-1040x373.jpg 1040w, https:\/\/lignesauto.fr\/wp-content\/uploads\/2018\/10\/LOGOActus_BD.jpg 1240w\" sizes=\"(max-width: 300px) 100vw, 300px\" \/><\/a><\/p>\n<p><strong>(*)<\/strong> A partir de 2020, les \u00e9missions de CO<sub>2<\/sub>&nbsp;des v\u00e9hicules neufs immatricul\u00e9s dans l\u2019Union Europ\u00e9enne ne devront pas d\u00e9passer une moyenne de 95 g\/km de CO<sub>2<\/sub>&nbsp;par voiture, contre 117 g en Chine par exemple. La p\u00e9nalit\u00e9 sera de 95 \u20ac par gramme de d\u00e9passement et par v\u00e9hicule vendu. Ces p\u00e9nalit\u00e9s pour PSA seraient fortement impact\u00e9es par ses ventes majoritairement europ\u00e9ennes, avec 3,1 millions de v\u00e9hicules vendus en 2018 en Europe pour un total mondial de 3,9 millions.<\/p>\n<p><strong>(**)<\/strong> &#8220;Core Model Strategy&#8221; &nbsp;conduira d\u2019ici 2023 \u00e0 avoir 80% de la gamme Citro\u00ebn disposant d\u2019une offre \u00e9lectrifi\u00e9e, puis 100% en 2025. En janvier dernier, le groupe PSA annon\u00e7ait notamment un plan produit global avec 34 v\u00e9hicules construits sur 2 seuls types de plateformes permettant 1 lancement annuel par marque et par r\u00e9gion, soit 121 lancements entre 2016 et 2021.<\/p>\n<p><strong>LIGNES\/auto, c&#8217;est aussi une page Facebook<\/strong>&nbsp;<a href=\"https:\/\/www.facebook.com\/lignesauto\/?modal=admin_todo_tour\">https:\/\/www.facebook.com\/lignesauto\/?modal=admin_todo_tour&nbsp;<\/a>o\u00f9 vous d\u00e9couvrirez aujourd&#8217;hui un \u00e9tonnant break Citro\u00ebn C3 !<\/p>\n<p><a href=\"http:\/\/lignesauto.fr\/wp-content\/uploads\/2018\/10\/LOGOActus_BD.jpg\"><img loading=\"lazy\" decoding=\"async\" class=\"alignnone size-medium wp-image-4921\" src=\"http:\/\/lignesauto.fr\/wp-content\/uploads\/2018\/10\/LOGOActus_BD-300x108.jpg\" alt=\"\" width=\"300\" height=\"108\" srcset=\"https:\/\/lignesauto.fr\/wp-content\/uploads\/2018\/10\/LOGOActus_BD-300x108.jpg 300w, https:\/\/lignesauto.fr\/wp-content\/uploads\/2018\/10\/LOGOActus_BD-768x276.jpg 768w, https:\/\/lignesauto.fr\/wp-content\/uploads\/2018\/10\/LOGOActus_BD-1024x367.jpg 1024w, https:\/\/lignesauto.fr\/wp-content\/uploads\/2018\/10\/LOGOActus_BD-370x133.jpg 370w, https:\/\/lignesauto.fr\/wp-content\/uploads\/2018\/10\/LOGOActus_BD-1040x373.jpg 1040w, https:\/\/lignesauto.fr\/wp-content\/uploads\/2018\/10\/LOGOActus_BD.jpg 1240w\" sizes=\"(max-width: 300px) 100vw, 300px\" \/><\/a><\/p>\n","protected":false},"excerpt":{"rendered":"<p>Nomm\u00e9 directeur du produit Citro\u00ebn en 2014, Xavier Peugeot a v\u00e9cu la &#8220;renaissance&#8221; de la marque fran\u00e7aise, apr\u00e8s que cette derni\u00e8re a perdu sa &#8220;ligne DS&#8221;, une branche fleurie et profitable qui s&#8217;est transform\u00e9e en marque \u00e0 part enti\u00e8re cette ann\u00e9e-l\u00e0. Porter le nom de Peugeot lorsqu&#8217;on est \u00e0 la [&hellip;]<\/p>\n","protected":false},"author":1,"featured_media":10774,"comment_status":"open","ping_status":"open","sticky":false,"template":"","format":"standard","meta":{"footnotes":""},"categories":[1],"tags":[],"_links":{"self":[{"href":"https:\/\/lignesauto.fr\/index.php?rest_route=\/wp\/v2\/posts\/10770"}],"collection":[{"href":"https:\/\/lignesauto.fr\/index.php?rest_route=\/wp\/v2\/posts"}],"about":[{"href":"https:\/\/lignesauto.fr\/index.php?rest_route=\/wp\/v2\/types\/post"}],"author":[{"embeddable":true,"href":"https:\/\/lignesauto.fr\/index.php?rest_route=\/wp\/v2\/users\/1"}],"replies":[{"embeddable":true,"href":"https:\/\/lignesauto.fr\/index.php?rest_route=%2Fwp%2Fv2%2Fcomments&post=10770"}],"version-history":[{"count":16,"href":"https:\/\/lignesauto.fr\/index.php?rest_route=\/wp\/v2\/posts\/10770\/revisions"}],"predecessor-version":[{"id":11153,"href":"https:\/\/lignesauto.fr\/index.php?rest_route=\/wp\/v2\/posts\/10770\/revisions\/11153"}],"wp:featuredmedia":[{"embeddable":true,"href":"https:\/\/lignesauto.fr\/index.php?rest_route=\/wp\/v2\/media\/10774"}],"wp:attachment":[{"href":"https:\/\/lignesauto.fr\/index.php?rest_route=%2Fwp%2Fv2%2Fmedia&parent=10770"}],"wp:term":[{"taxonomy":"category","embeddable":true,"href":"https:\/\/lignesauto.fr\/index.php?rest_route=%2Fwp%2Fv2%2Fcategories&post=10770"},{"taxonomy":"post_tag","embeddable":true,"href":"https:\/\/lignesauto.fr\/index.php?rest_route=%2Fwp%2Fv2%2Ftags&post=10770"}],"curies":[{"name":"wp","href":"https:\/\/api.w.org\/{rel}","templated":true}]}}