{"id":10902,"date":"2019-06-19T15:41:01","date_gmt":"2019-06-19T13:41:01","guid":{"rendered":"http:\/\/lignesauto.fr\/?p=10902"},"modified":"2020-01-05T12:29:14","modified_gmt":"2020-01-05T11:29:14","slug":"design-nouvelle-peugeot-2008-la-grosse-caisse-et-les-triangles","status":"publish","type":"post","link":"https:\/\/lignesauto.fr\/?p=10902","title":{"rendered":"La Peugeot 2008 en vente : retour sur une grosse caisse et ses triangles !"},"content":{"rendered":"<p><a href=\"http:\/\/lignesauto.fr\/wp-content\/uploads\/2018\/10\/LOGOActus_BD.jpg\"><img loading=\"lazy\" decoding=\"async\" class=\"alignnone size-medium wp-image-4921\" src=\"http:\/\/lignesauto.fr\/wp-content\/uploads\/2018\/10\/LOGOActus_BD-300x108.jpg\" alt=\"\" width=\"300\" height=\"108\" srcset=\"https:\/\/lignesauto.fr\/wp-content\/uploads\/2018\/10\/LOGOActus_BD-300x108.jpg 300w, https:\/\/lignesauto.fr\/wp-content\/uploads\/2018\/10\/LOGOActus_BD-768x276.jpg 768w, https:\/\/lignesauto.fr\/wp-content\/uploads\/2018\/10\/LOGOActus_BD-1024x367.jpg 1024w, https:\/\/lignesauto.fr\/wp-content\/uploads\/2018\/10\/LOGOActus_BD-370x133.jpg 370w, https:\/\/lignesauto.fr\/wp-content\/uploads\/2018\/10\/LOGOActus_BD-1040x373.jpg 1040w, https:\/\/lignesauto.fr\/wp-content\/uploads\/2018\/10\/LOGOActus_BD.jpg 1240w\" sizes=\"(max-width: 300px) 100vw, 300px\" \/><\/a><\/p>\n<p><strong>LIGNES\/auto<\/strong>, c&#8217;est aussi une page Facebook :&nbsp;<a href=\"https:\/\/www.facebook.com\/lignesauto\/?modal=admin_todo_tour\">https:\/\/www.facebook.com\/lignesauto\/?modal=admin_todo_tour<\/a><\/p>\n<p><a href=\"http:\/\/lignesauto.fr\/wp-content\/uploads\/2019\/06\/LIGNES2008_11.png\"><img loading=\"lazy\" decoding=\"async\" class=\"alignnone wp-image-10917 size-large\" src=\"http:\/\/lignesauto.fr\/wp-content\/uploads\/2019\/06\/LIGNES2008_11-1024x783.png\" alt=\"\" width=\"1024\" height=\"783\" srcset=\"https:\/\/lignesauto.fr\/wp-content\/uploads\/2019\/06\/LIGNES2008_11-1024x783.png 1024w, https:\/\/lignesauto.fr\/wp-content\/uploads\/2019\/06\/LIGNES2008_11-300x229.png 300w, https:\/\/lignesauto.fr\/wp-content\/uploads\/2019\/06\/LIGNES2008_11-768x587.png 768w, https:\/\/lignesauto.fr\/wp-content\/uploads\/2019\/06\/LIGNES2008_11-370x283.png 370w, https:\/\/lignesauto.fr\/wp-content\/uploads\/2019\/06\/LIGNES2008_11-1040x795.png 1040w, https:\/\/lignesauto.fr\/wp-content\/uploads\/2019\/06\/LIGNES2008_11.png 1417w\" sizes=\"(max-width: 1024px) 100vw, 1024px\" \/><\/a><\/p>\n<p>Peugeot ne ch\u00f4me pas ! Alors que dans les couloirs de la direction, par tous les (bons) moyens, on tente de proposer une gamme enti\u00e8rement \u00e9lectrifi\u00e9e d&#8217;ici le milieu de la prochaine d\u00e9cennie et alors que la 208 va \u00eatre commercialis\u00e9e, voici la nouvelle 2008. Le pendant SUV de la petite berline d\u00e9voil\u00e9e \u00e0 Gen\u00e8ve en mars dernier jette ses habits de break-SUV pour rev\u00eatir la parfaite panoplie du vrai SUV, m\u00eame s&#8217;il demeure une deux roues motrices.<\/p>\n<p>Nous nous contenterons d&#8217;aborder le th\u00e8me du style dans ce post et saluer une nouvelle fois l&#8217;avanc\u00e9e syst\u00e9matique des propositions de la marque. Elle aurait pu s&#8217;endormir sur le succ\u00e8s de son 3008 et interpr\u00e9ter sa 2008 selon les m\u00eames th\u00e8mes esth\u00e9tiques. Et pourtant, la 2008 apporte une \u00e9volution tr\u00e8s sensible du style que l&#8217;on retrouvera peut-\u00eatre sur certains d\u00e9riv\u00e9s de la marque.<\/p>\n<p><a href=\"http:\/\/lignesauto.fr\/wp-content\/uploads\/2019\/06\/LIGNES2008_12.jpg\"><img loading=\"lazy\" decoding=\"async\" class=\"alignnone wp-image-10918 size-large\" src=\"http:\/\/lignesauto.fr\/wp-content\/uploads\/2019\/06\/LIGNES2008_12-1024x731.jpg\" alt=\"\" width=\"1024\" height=\"731\" srcset=\"https:\/\/lignesauto.fr\/wp-content\/uploads\/2019\/06\/LIGNES2008_12-1024x731.jpg 1024w, https:\/\/lignesauto.fr\/wp-content\/uploads\/2019\/06\/LIGNES2008_12-300x214.jpg 300w, https:\/\/lignesauto.fr\/wp-content\/uploads\/2019\/06\/LIGNES2008_12-768x548.jpg 768w, https:\/\/lignesauto.fr\/wp-content\/uploads\/2019\/06\/LIGNES2008_12-370x264.jpg 370w, https:\/\/lignesauto.fr\/wp-content\/uploads\/2019\/06\/LIGNES2008_12-1040x743.jpg 1040w, https:\/\/lignesauto.fr\/wp-content\/uploads\/2019\/06\/LIGNES2008_12.jpg 1417w\" sizes=\"(max-width: 1024px) 100vw, 1024px\" \/><\/a><\/p>\n<p>Car la 2008 de 2019 n&#8217;est pas une simple r\u00e9duction du 3008. Bien au contraire&#8230;<br \/>\nGilles Vidal, le patron du design Peugeot nous l&#8217;avait expliqu\u00e9 en mars dernier (ici :&nbsp;<a href=\"http:\/\/lignesauto.fr\/wp-admin\/post.php?post=8719&amp;action=edit\">http:\/\/lignesauto.fr\/wp-admin\/post.php?post=8719&amp;action=edit<\/a> )&nbsp;&#8220;<em>On ne clone pas nos voitures. Il faut trouver un \u00e9quilibre entre la reconnaissance de la marque et le design sp\u00e9cifique de chacun de nos mod\u00e8les. \u00c7a a du sens de cr\u00e9er un design plus joueur et ludique sur la 208, plut\u00f4t s\u00e9rieux sur la 508 et encore diff\u00e9rent sur la 3008.<\/em>&#8221; Et lorsqu&#8217;on lui demandait si la future 308 marquerait la fin de ce th\u00e8me de style, Gilles Vidal nous r\u00e9pondait que &#8220;n<em>on, car il y a des choses qui se sont d\u00e9clench\u00e9es entre temps. Prenez la signature lumineuse \u00e0 l\u2019avant avec les crocs&nbsp;: elle est intervenue en cours du renouvellement de la gamme, avec le concept-car Instinct, et donc pr\u00e9sente seulement sur 508 et 208 pour le moment.<\/em>&#8221; Et d\u00e9sormais sur 2008.<\/p>\n<p><a href=\"http:\/\/lignesauto.fr\/wp-content\/uploads\/2019\/06\/LIGNES2008_04.jpg\"><img loading=\"lazy\" decoding=\"async\" class=\"alignnone wp-image-10910 size-large\" src=\"http:\/\/lignesauto.fr\/wp-content\/uploads\/2019\/06\/LIGNES2008_04-1024x692.jpg\" alt=\"\" width=\"1024\" height=\"692\" srcset=\"https:\/\/lignesauto.fr\/wp-content\/uploads\/2019\/06\/LIGNES2008_04-1024x692.jpg 1024w, https:\/\/lignesauto.fr\/wp-content\/uploads\/2019\/06\/LIGNES2008_04-300x203.jpg 300w, https:\/\/lignesauto.fr\/wp-content\/uploads\/2019\/06\/LIGNES2008_04-768x519.jpg 768w, https:\/\/lignesauto.fr\/wp-content\/uploads\/2019\/06\/LIGNES2008_04-370x250.jpg 370w, https:\/\/lignesauto.fr\/wp-content\/uploads\/2019\/06\/LIGNES2008_04-1040x703.jpg 1040w, https:\/\/lignesauto.fr\/wp-content\/uploads\/2019\/06\/LIGNES2008_04.jpg 1417w\" sizes=\"(max-width: 1024px) 100vw, 1024px\" \/><\/a><\/p>\n<p>&#8220;<em>Mais pour les coups d\u2019apr\u00e8s, il ne nous est pas interdit d\u2019imaginer des ruptures plus fortes, sans nuire \u00e0 des \u00e9l\u00e9ments qui restent dans la continuit\u00e9.&nbsp;Je ne veux pas parler de la 308 mais pour les coups d\u2019apr\u00e8s, on ne veut pas d\u00e9cider d\u2019une strat\u00e9gie trop vite, parce qu\u2019aujourd\u2019hui, il est bon d\u2019attendre le plus tard possible pour d\u00e9cider des choses. Par&nbsp;exemple, la signature lumineuse \u00e0 l\u2019avant de la 508 n\u2019ira sans doute pas jusqu\u2019au renouvellement du mod\u00e8le car il va s\u2019\u00e9couler au moins huit ans. On ne sait pas dire aujourd\u2019hui ce qu\u2019elle sera, ni quand elle arrivera. Je saurai vous r\u00e9pondre dans trois ans peut-\u00eatre&nbsp;! Dans le monde de la conception automobile, on peut apporter des r\u00e9ponses rapides malgr\u00e9 la lourdeur de cet univers industriel. On a une vision \u00e0 long terme claire mais il faut \u00eatre capable de changer tous les jours s\u2019il y a besoin de changer. Et nous sommes capables de faire \u00e7a\u2026<\/em>&nbsp;&#8221;<br \/>\n<strong>Voil\u00e0 qui est bien dit puisque d\u00e8s cette nouvelle 2008, les choses ont chang\u00e9 avec une petite r\u00e9volution stylistique sur le traitement des flancs.<\/strong><\/p>\n<p><a href=\"http:\/\/lignesauto.fr\/wp-content\/uploads\/2019\/06\/LIGNES2008_10.png\"><img loading=\"lazy\" decoding=\"async\" class=\"alignnone wp-image-10916 size-large\" src=\"http:\/\/lignesauto.fr\/wp-content\/uploads\/2019\/06\/LIGNES2008_10-1024x556.png\" alt=\"\" width=\"1024\" height=\"556\" srcset=\"https:\/\/lignesauto.fr\/wp-content\/uploads\/2019\/06\/LIGNES2008_10-1024x556.png 1024w, https:\/\/lignesauto.fr\/wp-content\/uploads\/2019\/06\/LIGNES2008_10-300x163.png 300w, https:\/\/lignesauto.fr\/wp-content\/uploads\/2019\/06\/LIGNES2008_10-768x417.png 768w, https:\/\/lignesauto.fr\/wp-content\/uploads\/2019\/06\/LIGNES2008_10-370x201.png 370w, https:\/\/lignesauto.fr\/wp-content\/uploads\/2019\/06\/LIGNES2008_10-1040x564.png 1040w, https:\/\/lignesauto.fr\/wp-content\/uploads\/2019\/06\/LIGNES2008_10.png 1417w\" sizes=\"(max-width: 1024px) 100vw, 1024px\" \/><\/a><\/p>\n<p>Peugeot nous avait habitu\u00e9 \u00e0 tailler un costume (dans le sens noble du terme) \u00e0 ses cr\u00e9ations avec un cintr\u00e9 des volumes sur les flancs qui donnait toute sa dynamique \u00e0 l&#8217;ensemble. D\u00e9sormais, Peugeot ose le triangle et adopte sur ses flancs un th\u00e8me esth\u00e9tique que deux autres marques au moins ont choisi : Audi et&#8230; Lada ! Quels extr\u00eames !<\/p>\n<p><a href=\"http:\/\/lignesauto.fr\/wp-content\/uploads\/2019\/06\/LIGNES2008_06.png\"><img loading=\"lazy\" decoding=\"async\" class=\"alignnone wp-image-10912 size-large\" src=\"http:\/\/lignesauto.fr\/wp-content\/uploads\/2019\/06\/LIGNES2008_06-1024x739.png\" alt=\"\" width=\"1024\" height=\"739\" srcset=\"https:\/\/lignesauto.fr\/wp-content\/uploads\/2019\/06\/LIGNES2008_06-1024x739.png 1024w, https:\/\/lignesauto.fr\/wp-content\/uploads\/2019\/06\/LIGNES2008_06-300x216.png 300w, https:\/\/lignesauto.fr\/wp-content\/uploads\/2019\/06\/LIGNES2008_06-768x554.png 768w, https:\/\/lignesauto.fr\/wp-content\/uploads\/2019\/06\/LIGNES2008_06-370x267.png 370w, https:\/\/lignesauto.fr\/wp-content\/uploads\/2019\/06\/LIGNES2008_06-1040x750.png 1040w, https:\/\/lignesauto.fr\/wp-content\/uploads\/2019\/06\/LIGNES2008_06.png 1417w\" sizes=\"(max-width: 1024px) 100vw, 1024px\" \/><\/a><\/p>\n<p><a href=\"http:\/\/lignesauto.fr\/wp-content\/uploads\/2019\/06\/LIGNES2008_07.png\"><img loading=\"lazy\" decoding=\"async\" class=\"alignnone wp-image-10913 size-large\" src=\"http:\/\/lignesauto.fr\/wp-content\/uploads\/2019\/06\/LIGNES2008_07-1024x765.png\" alt=\"\" width=\"1024\" height=\"765\" srcset=\"https:\/\/lignesauto.fr\/wp-content\/uploads\/2019\/06\/LIGNES2008_07-1024x765.png 1024w, https:\/\/lignesauto.fr\/wp-content\/uploads\/2019\/06\/LIGNES2008_07-300x224.png 300w, https:\/\/lignesauto.fr\/wp-content\/uploads\/2019\/06\/LIGNES2008_07-768x573.png 768w, https:\/\/lignesauto.fr\/wp-content\/uploads\/2019\/06\/LIGNES2008_07-370x276.png 370w, https:\/\/lignesauto.fr\/wp-content\/uploads\/2019\/06\/LIGNES2008_07-1040x777.png 1040w, https:\/\/lignesauto.fr\/wp-content\/uploads\/2019\/06\/LIGNES2008_07.png 1417w\" sizes=\"(max-width: 1024px) 100vw, 1024px\" \/><\/a><\/p>\n<p>Il s&#8217;agit de concevoir les volumes des flancs non plus seulement en longitudinal avec des lignes de carre parcourant toute la longueur du v\u00e9hicule, mais de traiter ces flancs en &#8220;latitude&#8221; avec des lignes qui cette fois voyagent dans la hauteur du flanc. &nbsp;Ici, sur la 2008 (ci-dessus), elles cr\u00e9ent des triangles en amont et en aval de chacun des passages de roues.<\/p>\n<p><a href=\"http:\/\/lignesauto.fr\/wp-content\/uploads\/2019\/06\/LIGNES2008_14.png\"><img loading=\"lazy\" decoding=\"async\" class=\"alignnone wp-image-10920 size-large\" src=\"http:\/\/lignesauto.fr\/wp-content\/uploads\/2019\/06\/LIGNES2008_14-856x1024.png\" alt=\"\" width=\"856\" height=\"1024\" srcset=\"https:\/\/lignesauto.fr\/wp-content\/uploads\/2019\/06\/LIGNES2008_14-856x1024.png 856w, https:\/\/lignesauto.fr\/wp-content\/uploads\/2019\/06\/LIGNES2008_14-251x300.png 251w, https:\/\/lignesauto.fr\/wp-content\/uploads\/2019\/06\/LIGNES2008_14-768x919.png 768w, https:\/\/lignesauto.fr\/wp-content\/uploads\/2019\/06\/LIGNES2008_14-370x443.png 370w, https:\/\/lignesauto.fr\/wp-content\/uploads\/2019\/06\/LIGNES2008_14-1040x1245.png 1040w, https:\/\/lignesauto.fr\/wp-content\/uploads\/2019\/06\/LIGNES2008_14.png 1417w\" sizes=\"(max-width: 856px) 100vw, 856px\" \/><\/a><\/p>\n<p>Avec son Q2, Audi tutoie ce principe mais avec plus de r\u00e9serve que sur les flancs de la Peugeot 2008, comme on peut le deviner sur les d\u00e9tails ci-dessus et ci-dessous.<\/p>\n<p><a href=\"http:\/\/lignesauto.fr\/wp-content\/uploads\/2019\/06\/LIGNES2008_15.png\"><img loading=\"lazy\" decoding=\"async\" class=\"alignnone wp-image-10921 size-large\" src=\"http:\/\/lignesauto.fr\/wp-content\/uploads\/2019\/06\/LIGNES2008_15-852x1024.png\" alt=\"\" width=\"852\" height=\"1024\" srcset=\"https:\/\/lignesauto.fr\/wp-content\/uploads\/2019\/06\/LIGNES2008_15-852x1024.png 852w, https:\/\/lignesauto.fr\/wp-content\/uploads\/2019\/06\/LIGNES2008_15-250x300.png 250w, https:\/\/lignesauto.fr\/wp-content\/uploads\/2019\/06\/LIGNES2008_15-768x923.png 768w, https:\/\/lignesauto.fr\/wp-content\/uploads\/2019\/06\/LIGNES2008_15-370x445.png 370w, https:\/\/lignesauto.fr\/wp-content\/uploads\/2019\/06\/LIGNES2008_15-1040x1250.png 1040w, https:\/\/lignesauto.fr\/wp-content\/uploads\/2019\/06\/LIGNES2008_15.png 1417w\" sizes=\"(max-width: 852px) 100vw, 852px\" \/><\/a><\/p>\n<p>Mais pour un constructeur appartenant au groupe Volkswagen, les flancs de la Q2 (ci-dessous) sont consid\u00e9r\u00e9s comme une audace extraordinaire !!<\/p>\n<p><a href=\"http:\/\/lignesauto.fr\/wp-content\/uploads\/2019\/06\/LIGNES2008_13.png\"><img loading=\"lazy\" decoding=\"async\" class=\"alignnone wp-image-10919 size-large\" src=\"http:\/\/lignesauto.fr\/wp-content\/uploads\/2019\/06\/LIGNES2008_13-1024x544.png\" alt=\"\" width=\"1024\" height=\"544\" srcset=\"https:\/\/lignesauto.fr\/wp-content\/uploads\/2019\/06\/LIGNES2008_13-1024x544.png 1024w, https:\/\/lignesauto.fr\/wp-content\/uploads\/2019\/06\/LIGNES2008_13-300x159.png 300w, https:\/\/lignesauto.fr\/wp-content\/uploads\/2019\/06\/LIGNES2008_13-768x408.png 768w, https:\/\/lignesauto.fr\/wp-content\/uploads\/2019\/06\/LIGNES2008_13-370x197.png 370w, https:\/\/lignesauto.fr\/wp-content\/uploads\/2019\/06\/LIGNES2008_13-1040x553.png 1040w\" sizes=\"(max-width: 1024px) 100vw, 1024px\" \/><\/a><\/p>\n<p>Peugeot, lui, n&#8217;a donc pas h\u00e9sit\u00e9 a casser les codes et plus que le design, c&#8217;est le &#8220;design-industriel&#8221; qu&#8217;il faut saluer car les emboutis de ces pi\u00e8ces sont finement r\u00e9alis\u00e9s avec juste ce qu&#8217;il faut de relief. Un beau travail qui a d\u00fb faire pousser quelques cheveux blancs \u00e0 certains ! D&#8217;ailleurs, ce profil facett\u00e9 et audacieux, selon Peugeot, &#8220;<em>attire imm\u00e9diatement le regard, avec diff\u00e9rentes lignes triangulaires. En r\u00e9sulte un style nerveux et incisif, repr\u00e9sentant une v\u00e9ritable prouesse technique pour l\u2019emboutissage des pi\u00e8ces : jamais des flancs n\u2019auront eu autant de volume ! Ces lignes se terminent sur le hayon, pour une coh\u00e9rence et une homog\u00e9n\u00e9it\u00e9 d\u2019ensemble ind\u00e9niables.<\/em>&#8221;<\/p>\n<p><a href=\"http:\/\/lignesauto.fr\/wp-content\/uploads\/2019\/06\/LIGNES2008_08.png\"><img loading=\"lazy\" decoding=\"async\" class=\"alignnone wp-image-10914 size-large\" src=\"http:\/\/lignesauto.fr\/wp-content\/uploads\/2019\/06\/LIGNES2008_08-1024x748.png\" alt=\"\" width=\"1024\" height=\"748\" srcset=\"https:\/\/lignesauto.fr\/wp-content\/uploads\/2019\/06\/LIGNES2008_08-1024x748.png 1024w, https:\/\/lignesauto.fr\/wp-content\/uploads\/2019\/06\/LIGNES2008_08-300x219.png 300w, https:\/\/lignesauto.fr\/wp-content\/uploads\/2019\/06\/LIGNES2008_08-768x561.png 768w, https:\/\/lignesauto.fr\/wp-content\/uploads\/2019\/06\/LIGNES2008_08-370x270.png 370w, https:\/\/lignesauto.fr\/wp-content\/uploads\/2019\/06\/LIGNES2008_08-1040x760.png 1040w, https:\/\/lignesauto.fr\/wp-content\/uploads\/2019\/06\/LIGNES2008_08.png 1417w\" sizes=\"(max-width: 1024px) 100vw, 1024px\" \/><\/a><\/p>\n<p>Lada, de son c\u00f4t\u00e9 (ci-dessous) a \u00e9galement adoub\u00e9 ce th\u00e8me pour ses nouvelles cr\u00e9ations, mais il est volontairement appliqu\u00e9 \u00e0 outrance, et le relief est exag\u00e9r\u00e9, selon la volont\u00e9 de donner une nouvelle image \u00e0 une marque qui progresse en Russie.<\/p>\n<p><a href=\"http:\/\/lignesauto.fr\/wp-content\/uploads\/2019\/06\/LIGNES2008_01.png\"><img loading=\"lazy\" decoding=\"async\" class=\"alignnone wp-image-10907 size-large\" src=\"http:\/\/lignesauto.fr\/wp-content\/uploads\/2019\/06\/LIGNES2008_01-1024x560.png\" alt=\"\" width=\"1024\" height=\"560\" srcset=\"https:\/\/lignesauto.fr\/wp-content\/uploads\/2019\/06\/LIGNES2008_01-1024x560.png 1024w, https:\/\/lignesauto.fr\/wp-content\/uploads\/2019\/06\/LIGNES2008_01-300x164.png 300w, https:\/\/lignesauto.fr\/wp-content\/uploads\/2019\/06\/LIGNES2008_01-768x420.png 768w, https:\/\/lignesauto.fr\/wp-content\/uploads\/2019\/06\/LIGNES2008_01-370x202.png 370w, https:\/\/lignesauto.fr\/wp-content\/uploads\/2019\/06\/LIGNES2008_01-1040x569.png 1040w, https:\/\/lignesauto.fr\/wp-content\/uploads\/2019\/06\/LIGNES2008_01.png 1417w\" sizes=\"(max-width: 1024px) 100vw, 1024px\" \/><\/a><\/p>\n<p>Revenons \u00e0 cette nouvelle 2008 qui change v\u00e9ritablement tout puisqu&#8217;elle grandit \u00e9galement de pr\u00e8s de quinze centim\u00e8tres ! Avec 4,30 m de longueur contre 4,15 m pour la g\u00e9n\u00e9ration pr\u00e9c\u00e9dente, la 2008 change presque de cat\u00e9gorie. On en vient \u00e0 regretter que le concept-car urbain HR1 du d\u00e9but de cette d\u00e9cennie (ci-dessous) n&#8217;ait&nbsp;pas vu le jour car il aurait parfaitement combl\u00e9 l&#8217;espace laiss\u00e9 libre par cette \u00e9volution de 2008.<\/p>\n<p><a href=\"http:\/\/lignesauto.fr\/wp-content\/uploads\/2019\/06\/making-of-14.jpg\"><img loading=\"lazy\" decoding=\"async\" class=\"alignnone wp-image-10938 size-large\" src=\"http:\/\/lignesauto.fr\/wp-content\/uploads\/2019\/06\/making-of-14-1024x564.jpg\" alt=\"\" width=\"1024\" height=\"564\" srcset=\"https:\/\/lignesauto.fr\/wp-content\/uploads\/2019\/06\/making-of-14-1024x564.jpg 1024w, https:\/\/lignesauto.fr\/wp-content\/uploads\/2019\/06\/making-of-14-300x165.jpg 300w, https:\/\/lignesauto.fr\/wp-content\/uploads\/2019\/06\/making-of-14-768x423.jpg 768w, https:\/\/lignesauto.fr\/wp-content\/uploads\/2019\/06\/making-of-14-370x204.jpg 370w, https:\/\/lignesauto.fr\/wp-content\/uploads\/2019\/06\/making-of-14-1040x572.jpg 1040w, https:\/\/lignesauto.fr\/wp-content\/uploads\/2019\/06\/making-of-14.jpg 1417w\" sizes=\"(max-width: 1024px) 100vw, 1024px\" \/><\/a><\/p>\n<p>Il faut bien pr\u00e9ciser que les presque 15 cm suppl\u00e9mentaires par rapport \u00e0 la 2008 actuelle sont principalement d\u00e9di\u00e9s \u00e0 l&#8217;empattement. La plateforme CMP est ici utilis\u00e9e dans sa version \u00e0 empattement long (2,65 m) soit 11 cm de plus que la version \u00e0 empattement classique retenue pour la nouvelle 208 ( 2,54 m). A noter que la 2008 emprunte \u00e0 la berline 208 sa planche de bord avec une dalle d&#8217;instrumentation disponible en 3D et, via sa plateforme CMP, sa cha\u00eene de traction pour une version 100% \u00e9lectrique.<\/p>\n<p>La nouvelle 2008 d\u00e9sormais commercialis\u00e9e sera produite \u00e0 Vigo pour l\u2019Europe et Wuhan pour la Chine.<br \/>\nVoici les caract\u00e9ristiques techniques des versions essence et de celles de la version \u00e9lectrique :<\/p>\n<p><a href=\"http:\/\/lignesauto.fr\/wp-content\/uploads\/2019\/06\/Capture-d\u2019\u00e9cran-2019-06-19-\u00e0-15.16.11.png\"><img loading=\"lazy\" decoding=\"async\" class=\"alignnone wp-image-10927 size-large\" src=\"http:\/\/lignesauto.fr\/wp-content\/uploads\/2019\/06\/Capture-d\u2019\u00e9cran-2019-06-19-\u00e0-15.16.11-1024x633.png\" alt=\"\" width=\"1024\" height=\"633\" srcset=\"https:\/\/lignesauto.fr\/wp-content\/uploads\/2019\/06\/Capture-d\u2019\u00e9cran-2019-06-19-\u00e0-15.16.11-1024x633.png 1024w, https:\/\/lignesauto.fr\/wp-content\/uploads\/2019\/06\/Capture-d\u2019\u00e9cran-2019-06-19-\u00e0-15.16.11-300x185.png 300w, https:\/\/lignesauto.fr\/wp-content\/uploads\/2019\/06\/Capture-d\u2019\u00e9cran-2019-06-19-\u00e0-15.16.11-768x475.png 768w, https:\/\/lignesauto.fr\/wp-content\/uploads\/2019\/06\/Capture-d\u2019\u00e9cran-2019-06-19-\u00e0-15.16.11-370x229.png 370w, https:\/\/lignesauto.fr\/wp-content\/uploads\/2019\/06\/Capture-d\u2019\u00e9cran-2019-06-19-\u00e0-15.16.11-1040x643.png 1040w, https:\/\/lignesauto.fr\/wp-content\/uploads\/2019\/06\/Capture-d\u2019\u00e9cran-2019-06-19-\u00e0-15.16.11.png 1417w\" sizes=\"(max-width: 1024px) 100vw, 1024px\" \/><\/a><\/p>\n<p><a href=\"http:\/\/lignesauto.fr\/wp-content\/uploads\/2019\/06\/Capture-d\u2019\u00e9cran-2019-06-19-\u00e0-15.16.58.png\"><img loading=\"lazy\" decoding=\"async\" class=\"alignnone wp-image-10928 size-large\" src=\"http:\/\/lignesauto.fr\/wp-content\/uploads\/2019\/06\/Capture-d\u2019\u00e9cran-2019-06-19-\u00e0-15.16.58-1024x705.png\" alt=\"\" width=\"1024\" height=\"705\" srcset=\"https:\/\/lignesauto.fr\/wp-content\/uploads\/2019\/06\/Capture-d\u2019\u00e9cran-2019-06-19-\u00e0-15.16.58-1024x705.png 1024w, https:\/\/lignesauto.fr\/wp-content\/uploads\/2019\/06\/Capture-d\u2019\u00e9cran-2019-06-19-\u00e0-15.16.58-300x207.png 300w, https:\/\/lignesauto.fr\/wp-content\/uploads\/2019\/06\/Capture-d\u2019\u00e9cran-2019-06-19-\u00e0-15.16.58-768x529.png 768w, https:\/\/lignesauto.fr\/wp-content\/uploads\/2019\/06\/Capture-d\u2019\u00e9cran-2019-06-19-\u00e0-15.16.58-370x255.png 370w, https:\/\/lignesauto.fr\/wp-content\/uploads\/2019\/06\/Capture-d\u2019\u00e9cran-2019-06-19-\u00e0-15.16.58-1040x716.png 1040w, https:\/\/lignesauto.fr\/wp-content\/uploads\/2019\/06\/Capture-d\u2019\u00e9cran-2019-06-19-\u00e0-15.16.58.png 1417w\" sizes=\"(max-width: 1024px) 100vw, 1024px\" \/><\/a><\/p>\n<p><strong>VIDEO<\/strong><\/p>\n<p><iframe loading=\"lazy\" title=\"Peugeot 2008 | Press Film\" width=\"640\" height=\"360\" src=\"https:\/\/www.youtube.com\/embed\/eZNlrs85GDk?feature=oembed\" frameborder=\"0\" allow=\"accelerometer; autoplay; clipboard-write; encrypted-media; gyroscope; picture-in-picture; web-share\" referrerpolicy=\"strict-origin-when-cross-origin\" allowfullscreen><\/iframe><\/p>\n<div class=\"page\" title=\"Page 3\">\n<div class=\"section\">\n<div class=\"layoutArea\">\n<div class=\"column\">\n<p><a href=\"http:\/\/lignesauto.fr\/wp-content\/uploads\/2018\/10\/LOGOActus_BD.jpg\"><img loading=\"lazy\" decoding=\"async\" class=\"alignnone size-medium wp-image-4921\" src=\"http:\/\/lignesauto.fr\/wp-content\/uploads\/2018\/10\/LOGOActus_BD-300x108.jpg\" alt=\"\" width=\"300\" height=\"108\" srcset=\"https:\/\/lignesauto.fr\/wp-content\/uploads\/2018\/10\/LOGOActus_BD-300x108.jpg 300w, https:\/\/lignesauto.fr\/wp-content\/uploads\/2018\/10\/LOGOActus_BD-768x276.jpg 768w, https:\/\/lignesauto.fr\/wp-content\/uploads\/2018\/10\/LOGOActus_BD-1024x367.jpg 1024w, https:\/\/lignesauto.fr\/wp-content\/uploads\/2018\/10\/LOGOActus_BD-370x133.jpg 370w, https:\/\/lignesauto.fr\/wp-content\/uploads\/2018\/10\/LOGOActus_BD-1040x373.jpg 1040w, https:\/\/lignesauto.fr\/wp-content\/uploads\/2018\/10\/LOGOActus_BD.jpg 1240w\" sizes=\"(max-width: 300px) 100vw, 300px\" \/><\/a><\/p>\n<\/div>\n<\/div>\n<\/div>\n<\/div>\n","protected":false},"excerpt":{"rendered":"<p>LIGNES\/auto, c&#8217;est aussi une page Facebook :&nbsp;https:\/\/www.facebook.com\/lignesauto\/?modal=admin_todo_tour Peugeot ne ch\u00f4me pas ! Alors que dans les couloirs de la direction, par tous les (bons) moyens, on tente de proposer une gamme enti\u00e8rement \u00e9lectrifi\u00e9e d&#8217;ici le milieu de la prochaine d\u00e9cennie et alors que la 208 va \u00eatre commercialis\u00e9e, voici la [&hellip;]<\/p>\n","protected":false},"author":1,"featured_media":15135,"comment_status":"open","ping_status":"open","sticky":false,"template":"","format":"standard","meta":{"footnotes":""},"categories":[1],"tags":[],"_links":{"self":[{"href":"https:\/\/lignesauto.fr\/index.php?rest_route=\/wp\/v2\/posts\/10902"}],"collection":[{"href":"https:\/\/lignesauto.fr\/index.php?rest_route=\/wp\/v2\/posts"}],"about":[{"href":"https:\/\/lignesauto.fr\/index.php?rest_route=\/wp\/v2\/types\/post"}],"author":[{"embeddable":true,"href":"https:\/\/lignesauto.fr\/index.php?rest_route=\/wp\/v2\/users\/1"}],"replies":[{"embeddable":true,"href":"https:\/\/lignesauto.fr\/index.php?rest_route=%2Fwp%2Fv2%2Fcomments&post=10902"}],"version-history":[{"count":42,"href":"https:\/\/lignesauto.fr\/index.php?rest_route=\/wp\/v2\/posts\/10902\/revisions"}],"predecessor-version":[{"id":15138,"href":"https:\/\/lignesauto.fr\/index.php?rest_route=\/wp\/v2\/posts\/10902\/revisions\/15138"}],"wp:featuredmedia":[{"embeddable":true,"href":"https:\/\/lignesauto.fr\/index.php?rest_route=\/wp\/v2\/media\/15135"}],"wp:attachment":[{"href":"https:\/\/lignesauto.fr\/index.php?rest_route=%2Fwp%2Fv2%2Fmedia&parent=10902"}],"wp:term":[{"taxonomy":"category","embeddable":true,"href":"https:\/\/lignesauto.fr\/index.php?rest_route=%2Fwp%2Fv2%2Fcategories&post=10902"},{"taxonomy":"post_tag","embeddable":true,"href":"https:\/\/lignesauto.fr\/index.php?rest_route=%2Fwp%2Fv2%2Ftags&post=10902"}],"curies":[{"name":"wp","href":"https:\/\/api.w.org\/{rel}","templated":true}]}}