{"id":11036,"date":"2019-06-27T15:11:34","date_gmt":"2019-06-27T13:11:34","guid":{"rendered":"http:\/\/lignesauto.fr\/?p=11036"},"modified":"2019-06-27T15:11:34","modified_gmt":"2019-06-27T13:11:34","slug":"vision-m-next-et-si-bmw-changeait-de-disque-video","status":"publish","type":"post","link":"https:\/\/lignesauto.fr\/?p=11036","title":{"rendered":"Vision M Next. Et si BMW changeait de disque ? (vid\u00e9o)"},"content":{"rendered":"\n<figure class=\"wp-block-image is-resized\"><img loading=\"lazy\" decoding=\"async\" src=\"http:\/\/lignesauto.fr\/wp-content\/uploads\/2019\/06\/LOGOActus-1024x367.jpg\" alt=\"\" class=\"wp-image-11058\" width=\"301\" height=\"107\" srcset=\"https:\/\/lignesauto.fr\/wp-content\/uploads\/2019\/06\/LOGOActus-1024x367.jpg 1024w, https:\/\/lignesauto.fr\/wp-content\/uploads\/2019\/06\/LOGOActus-300x108.jpg 300w, https:\/\/lignesauto.fr\/wp-content\/uploads\/2019\/06\/LOGOActus-768x275.jpg 768w, https:\/\/lignesauto.fr\/wp-content\/uploads\/2019\/06\/LOGOActus-370x133.jpg 370w, https:\/\/lignesauto.fr\/wp-content\/uploads\/2019\/06\/LOGOActus-1040x373.jpg 1040w\" sizes=\"(max-width: 301px) 100vw, 301px\" \/><\/figure>\n\n\n\n<p>LIGNES\/auto, c&#8217;est \u00e9galement une cha\u00eene You Tube <a href=\"https:\/\/www.youtube.com\/channel\/UCtd0i6ZUwsguWsDwwfiK3cA\">https:\/\/www.youtube.com\/channel\/UCtd0i6ZUwsguWsDwwfiK3cA<\/a> et une page Facebook : <a href=\"https:\/\/www.facebook.com\/lignesauto\/?modal=admin_todo_tour\">https:\/\/www.facebook.com\/lignesauto\/?modal=admin_todo_tour<\/a><\/p>\n\n\n\n<p>Un nouveau concept-car BMW est toujours un \u00e9v\u00e9nement attendu. Cette fois, avec le concept Vision M Next, BMW veut rassurer les amateurs de sensations et de plaisir(s) automobile(s) en confirmant que m\u00eame avec la folie \u00e9lectrique, les BMW resteront des engins d&#8217;\u00e9motions et de passion. Et expliquer que la &#8220;ligne&#8221; M conservera ses fondamentaux, m\u00eame lorsqu&#8217;elle sera \u00e9lectrifi\u00e9e ! (vid\u00e9o en bas de ce post)<\/p>\n\n\n\n<figure class=\"wp-block-image\"><img loading=\"lazy\" decoding=\"async\" width=\"1024\" height=\"683\" src=\"http:\/\/lignesauto.fr\/wp-content\/uploads\/2019\/06\/LIGNES11-1024x683.jpg\" alt=\"\" class=\"wp-image-11094\" srcset=\"https:\/\/lignesauto.fr\/wp-content\/uploads\/2019\/06\/LIGNES11-1024x683.jpg 1024w, https:\/\/lignesauto.fr\/wp-content\/uploads\/2019\/06\/LIGNES11-300x200.jpg 300w, https:\/\/lignesauto.fr\/wp-content\/uploads\/2019\/06\/LIGNES11-768x512.jpg 768w, https:\/\/lignesauto.fr\/wp-content\/uploads\/2019\/06\/LIGNES11-370x247.jpg 370w, https:\/\/lignesauto.fr\/wp-content\/uploads\/2019\/06\/LIGNES11-1040x694.jpg 1040w, https:\/\/lignesauto.fr\/wp-content\/uploads\/2019\/06\/LIGNES11.jpg 1417w\" sizes=\"(max-width: 1024px) 100vw, 1024px\" \/><\/figure>\n\n\n\n<p>Ce concept se caract\u00e9rise d&#8217;abord par sa teinte biton avec des parties avant et arri\u00e8re peintes en orange mat &#8220;Thrilling Orange&#8221;, qui contrastent avec la peinture m\u00e9tallis\u00e9e &#8220;argent fondu&#8221;. Et puis bien s\u00fbr, cette nouvelle BMW vous rappelle sans doute d&#8217;autres mod\u00e8les embl\u00e9matiques&#8230; Nous allons y venir, mais avant, quelques mots sur cette Vision M Next.<\/p>\n\n\n\n<figure class=\"wp-block-image\"><img loading=\"lazy\" decoding=\"async\" width=\"1024\" height=\"683\" src=\"http:\/\/lignesauto.fr\/wp-content\/uploads\/2019\/06\/LIGNES12-1024x683.jpg\" alt=\"\" class=\"wp-image-11095\" srcset=\"https:\/\/lignesauto.fr\/wp-content\/uploads\/2019\/06\/LIGNES12-1024x683.jpg 1024w, https:\/\/lignesauto.fr\/wp-content\/uploads\/2019\/06\/LIGNES12-300x200.jpg 300w, https:\/\/lignesauto.fr\/wp-content\/uploads\/2019\/06\/LIGNES12-768x512.jpg 768w, https:\/\/lignesauto.fr\/wp-content\/uploads\/2019\/06\/LIGNES12-370x247.jpg 370w, https:\/\/lignesauto.fr\/wp-content\/uploads\/2019\/06\/LIGNES12-1040x694.jpg 1040w, https:\/\/lignesauto.fr\/wp-content\/uploads\/2019\/06\/LIGNES12.jpg 1417w\" sizes=\"(max-width: 1024px) 100vw, 1024px\" \/><\/figure>\n\n\n\n<p>Avec sa segmentation horizontale bicolore, le dessin arri\u00e8re (ci-dessous) accentue la largeur de la voiture. Les feux sont dot\u00e9s de la technologie Laser Wire et s&#8217;tendent jusqu&#8217;\u00e0 la ligne verticale ext\u00e9rieure de l&#8217;aile arri\u00e8re. Le logo BMW &#8211; avec une touche moderne et bidimensionnelle &#8211; fait r\u00e9f\u00e9rence \u00e0 la BMW Turbo et \u00e0 la BMW M1 et flotte dans ces feux.<\/p>\n\n\n\n<figure class=\"wp-block-image\"><img loading=\"lazy\" decoding=\"async\" width=\"1024\" height=\"683\" src=\"http:\/\/lignesauto.fr\/wp-content\/uploads\/2019\/06\/LIGNES04-1024x683.jpg\" alt=\"\" class=\"wp-image-11087\" srcset=\"https:\/\/lignesauto.fr\/wp-content\/uploads\/2019\/06\/LIGNES04-1024x683.jpg 1024w, https:\/\/lignesauto.fr\/wp-content\/uploads\/2019\/06\/LIGNES04-300x200.jpg 300w, https:\/\/lignesauto.fr\/wp-content\/uploads\/2019\/06\/LIGNES04-768x512.jpg 768w, https:\/\/lignesauto.fr\/wp-content\/uploads\/2019\/06\/LIGNES04-370x247.jpg 370w, https:\/\/lignesauto.fr\/wp-content\/uploads\/2019\/06\/LIGNES04-1040x694.jpg 1040w, https:\/\/lignesauto.fr\/wp-content\/uploads\/2019\/06\/LIGNES04.jpg 1417w\" sizes=\"(max-width: 1024px) 100vw, 1024px\" \/><\/figure>\n\n\n\n<p>La partie frontale ci dessous s&#8217;inspire de deux th\u00e8mes iconiques du design BMW  : la calandre aux doubles haricots et les quatre optiques qui disposent eux aussi de la technologie Laser Wire.<\/p>\n\n\n\n<figure class=\"wp-block-image\"><img loading=\"lazy\" decoding=\"async\" width=\"1024\" height=\"683\" src=\"http:\/\/lignesauto.fr\/wp-content\/uploads\/2019\/06\/LIGNES02-1024x683.jpg\" alt=\"\" class=\"wp-image-11085\" srcset=\"https:\/\/lignesauto.fr\/wp-content\/uploads\/2019\/06\/LIGNES02-1024x683.jpg 1024w, https:\/\/lignesauto.fr\/wp-content\/uploads\/2019\/06\/LIGNES02-300x200.jpg 300w, https:\/\/lignesauto.fr\/wp-content\/uploads\/2019\/06\/LIGNES02-768x512.jpg 768w, https:\/\/lignesauto.fr\/wp-content\/uploads\/2019\/06\/LIGNES02-370x247.jpg 370w, https:\/\/lignesauto.fr\/wp-content\/uploads\/2019\/06\/LIGNES02-1040x694.jpg 1040w, https:\/\/lignesauto.fr\/wp-content\/uploads\/2019\/06\/LIGNES02.jpg 1417w\" sizes=\"(max-width: 1024px) 100vw, 1024px\" \/><\/figure>\n\n\n\n<p>Les dessins sont issus du petit studio de design BMW M dont l&#8217;actuel patron du style Citro\u00ebn a \u00e9t\u00e9 le responsable. On verra plus bas qu&#8217;effectivement les ic\u00f4nes BMW Turbo et M1 ont largement influenc\u00e9 ce petit groupe de designers. Mais pas seulement ces deux BMW&#8230;<\/p>\n\n\n\n<figure class=\"wp-block-image\"><img loading=\"lazy\" decoding=\"async\" width=\"1024\" height=\"724\" src=\"http:\/\/lignesauto.fr\/wp-content\/uploads\/2019\/06\/LIGNES05-1024x724.jpg\" alt=\"\" class=\"wp-image-11088\" srcset=\"https:\/\/lignesauto.fr\/wp-content\/uploads\/2019\/06\/LIGNES05-1024x724.jpg 1024w, https:\/\/lignesauto.fr\/wp-content\/uploads\/2019\/06\/LIGNES05-300x212.jpg 300w, https:\/\/lignesauto.fr\/wp-content\/uploads\/2019\/06\/LIGNES05-768x543.jpg 768w, https:\/\/lignesauto.fr\/wp-content\/uploads\/2019\/06\/LIGNES05-370x262.jpg 370w, https:\/\/lignesauto.fr\/wp-content\/uploads\/2019\/06\/LIGNES05-1040x735.jpg 1040w, https:\/\/lignesauto.fr\/wp-content\/uploads\/2019\/06\/LIGNES05.jpg 1417w\" sizes=\"(max-width: 1024px) 100vw, 1024px\" \/><\/figure>\n\n\n\n<p>BMW explique que l&#8217;un des th\u00e8mes de d\u00e9veloppement concerne bien s\u00fbr&#8230; le conducteur : <em>&#8220;la technologie intelligente de la BMW Vision M NEXT &#8211; bas\u00e9e sur les modules D+ACES (Design + Autonomous driving, Connectivity, Electrification and Services) pour le futur &#8211; fait du conducteur le &#8220;pilote&#8221; ultim<\/em>e.&#8221; Ci-dessous.<\/p>\n\n\n\n<figure class=\"wp-block-image\"><img loading=\"lazy\" decoding=\"async\" width=\"1024\" height=\"616\" src=\"http:\/\/lignesauto.fr\/wp-content\/uploads\/2019\/06\/LIGNES09-1024x616.jpg\" alt=\"\" class=\"wp-image-11092\" srcset=\"https:\/\/lignesauto.fr\/wp-content\/uploads\/2019\/06\/LIGNES09-1024x616.jpg 1024w, https:\/\/lignesauto.fr\/wp-content\/uploads\/2019\/06\/LIGNES09-300x180.jpg 300w, https:\/\/lignesauto.fr\/wp-content\/uploads\/2019\/06\/LIGNES09-768x462.jpg 768w, https:\/\/lignesauto.fr\/wp-content\/uploads\/2019\/06\/LIGNES09-370x222.jpg 370w, https:\/\/lignesauto.fr\/wp-content\/uploads\/2019\/06\/LIGNES09-1040x625.jpg 1040w, https:\/\/lignesauto.fr\/wp-content\/uploads\/2019\/06\/LIGNES09.jpg 1417w\" sizes=\"(max-width: 1024px) 100vw, 1024px\" \/><\/figure>\n\n\n\n<p>&#8220;<em>Le &#8216;BOOST Pod&#8217; est l&#8217;interface entre le conducteur et le v\u00e9hicule. Il int\u00e8gre toutes les commandes et les informations sur trois niveaux visuels directement implant\u00e9s devant le conducteur. Le premier plan est form\u00e9 par le volant dispos\u00e9 horizontalement avec deux petits \u00e9crans. Le deuxi\u00e8me plan est un \u00e9cran en verre bomb\u00e9, (in\u00e9dit et grande premi\u00e8re) qui s&#8217;\u00e9tire derri\u00e8re le volant.&nbsp;L&#8217;affichage t\u00eate haute de la r\u00e9alit\u00e9 augment\u00e9e sur toute la surface du pare-brise constitue le troisi\u00e8me plan.<\/em>&#8220;<\/p>\n\n\n\n<figure class=\"wp-block-image\"><img loading=\"lazy\" decoding=\"async\" width=\"1024\" height=\"733\" src=\"http:\/\/lignesauto.fr\/wp-content\/uploads\/2019\/06\/LIGNES08-1024x733.jpg\" alt=\"\" class=\"wp-image-11091\" srcset=\"https:\/\/lignesauto.fr\/wp-content\/uploads\/2019\/06\/LIGNES08-1024x733.jpg 1024w, https:\/\/lignesauto.fr\/wp-content\/uploads\/2019\/06\/LIGNES08-300x215.jpg 300w, https:\/\/lignesauto.fr\/wp-content\/uploads\/2019\/06\/LIGNES08-768x550.jpg 768w, https:\/\/lignesauto.fr\/wp-content\/uploads\/2019\/06\/LIGNES08-370x265.jpg 370w, https:\/\/lignesauto.fr\/wp-content\/uploads\/2019\/06\/LIGNES08-1040x744.jpg 1040w, https:\/\/lignesauto.fr\/wp-content\/uploads\/2019\/06\/LIGNES08.jpg 1417w\" sizes=\"(max-width: 1024px) 100vw, 1024px\" \/><\/figure>\n\n\n\n<p><em>&#8220;Les informations affich\u00e9es s&#8217;adaptent \u00e0 la vitesse. Plus la vitesse est \u00e9lev\u00e9e, plus l&#8217;information est pr\u00e9cise et plus elle se d\u00e9place dans le champ de vision direct du conducteur&#8221;<\/em>. En 3D comme dans la&#8230; Peugeot 208 !<\/p>\n\n\n\n<figure class=\"wp-block-image\"><img loading=\"lazy\" decoding=\"async\" width=\"1024\" height=\"683\" src=\"http:\/\/lignesauto.fr\/wp-content\/uploads\/2019\/06\/LIGNES10-1024x683.jpg\" alt=\"\" class=\"wp-image-11093\" srcset=\"https:\/\/lignesauto.fr\/wp-content\/uploads\/2019\/06\/LIGNES10-1024x683.jpg 1024w, https:\/\/lignesauto.fr\/wp-content\/uploads\/2019\/06\/LIGNES10-300x200.jpg 300w, https:\/\/lignesauto.fr\/wp-content\/uploads\/2019\/06\/LIGNES10-768x512.jpg 768w, https:\/\/lignesauto.fr\/wp-content\/uploads\/2019\/06\/LIGNES10-370x247.jpg 370w, https:\/\/lignesauto.fr\/wp-content\/uploads\/2019\/06\/LIGNES10-1040x694.jpg 1040w, https:\/\/lignesauto.fr\/wp-content\/uploads\/2019\/06\/LIGNES10.jpg 1417w\" sizes=\"(max-width: 1024px) 100vw, 1024px\" \/><\/figure>\n\n\n\n<p>Il est temps de situer cette cr\u00e9ation dans la chronologie des mod\u00e8les qui se sont inspir\u00e9s des ic\u00f4nes de la marque. Car pourquoi le cacher, le concept-car Vision M Next tourne comme tant d&#8217;autres concept-cars BMW depuis 2008 autour de la M1. Des interpr\u00e9tations qui commencent \u00e0 donner le vertige ! Une spirale cr\u00e9ative dont on souhaiterait que BMW sorte un jour. Alfred Jarry,<em> <\/em>comme le cite Patrick Le Qu\u00e9ment dans son ouvrage \u00e0 para\u00eetre \u00e0 la rentr\u00e9e <a href=\"http:\/\/lignesauto.fr\/?p=10829\">http:\/\/lignesauto.fr\/?p=10829<\/a><em>, <\/em>avait coutume d&#8217;\u00e9crire que &#8220;<em>lorsqu&#8217;on passe les bornes, il n&#8217;y a plus de limite<\/em>&#8220;.  Voici un petit rappel de ces cr\u00e9ations&#8230;<\/p>\n\n\n\n<figure class=\"wp-block-image\"><img loading=\"lazy\" decoding=\"async\" width=\"1024\" height=\"689\" src=\"http:\/\/lignesauto.fr\/wp-content\/uploads\/2019\/06\/LIGNES06-1024x689.jpg\" alt=\"\" class=\"wp-image-11089\" srcset=\"https:\/\/lignesauto.fr\/wp-content\/uploads\/2019\/06\/LIGNES06-1024x689.jpg 1024w, https:\/\/lignesauto.fr\/wp-content\/uploads\/2019\/06\/LIGNES06-300x202.jpg 300w, https:\/\/lignesauto.fr\/wp-content\/uploads\/2019\/06\/LIGNES06-768x517.jpg 768w, https:\/\/lignesauto.fr\/wp-content\/uploads\/2019\/06\/LIGNES06-370x249.jpg 370w, https:\/\/lignesauto.fr\/wp-content\/uploads\/2019\/06\/LIGNES06-1040x700.jpg 1040w, https:\/\/lignesauto.fr\/wp-content\/uploads\/2019\/06\/LIGNES06.jpg 1417w\" sizes=\"(max-width: 1024px) 100vw, 1024px\" \/><\/figure>\n\n\n\n<p><strong>BMW Turbo &#8211; 1972 <\/strong>&#8211; C&#8217;est elle qui demeure \u00e0 jamais le premier vrai concept-car BMW. Pr\u00e9sent\u00e9e au salon de Gen\u00e8ve en 1972, la BMW Turbo E25 Turbo a \u00e9t\u00e9 dessin\u00e9e par Paul Bracq et r\u00e9alis\u00e9e en deux exemplaires. Elle est mue par le quatre cylindres 2.0 litres turbo du mod\u00e8le \u00e9ponyme de la gamme, et d\u00e9veloppe 280 ch. Une version V12 a \u00e9t\u00e9 cr\u00e9\u00e9e sous la forme d&#8217;une maquette \u00e0 \u00e9chelle r\u00e9duite dont Paul Bracq poss\u00e8de un exemplaire \u00e0 son domicile !<\/p>\n\n\n\n<figure class=\"wp-block-image\"><img loading=\"lazy\" decoding=\"async\" width=\"1024\" height=\"347\" src=\"http:\/\/lignesauto.fr\/wp-content\/uploads\/2019\/06\/0-1024x347.png\" alt=\"\" class=\"wp-image-11100\" srcset=\"https:\/\/lignesauto.fr\/wp-content\/uploads\/2019\/06\/0-1024x347.png 1024w, https:\/\/lignesauto.fr\/wp-content\/uploads\/2019\/06\/0-300x102.png 300w, https:\/\/lignesauto.fr\/wp-content\/uploads\/2019\/06\/0-768x260.png 768w, https:\/\/lignesauto.fr\/wp-content\/uploads\/2019\/06\/0-370x125.png 370w, https:\/\/lignesauto.fr\/wp-content\/uploads\/2019\/06\/0-1040x353.png 1040w\" sizes=\"(max-width: 1024px) 100vw, 1024px\" \/><\/figure>\n\n\n\n<p><strong>BMW M1 &#8211; 1978<\/strong> &#8211;  C&#8217;est, dit-on, l&#8217;enfant de la Turbo ! Ce projet connu sous le nom de code E26, a \u00e9t\u00e9 voulu par Jochen Neerspach qui a sous-trait\u00e9 le programme \u00e0 deux signatures italiennes prestigieuses : Lamborghini pour le premier ch\u00e2ssis et Italdesign pour le style. C&#8217;est donc Giorgetto Giugiaro qui a dessin\u00e9 la M1 mais qui a \u00e9galement assur\u00e9 l&#8217;assemblage des 455 exemplaires \u00e0 Moncalieri.<\/p>\n\n\n\n<figure class=\"wp-block-image\"><img loading=\"lazy\" decoding=\"async\" width=\"1024\" height=\"414\" src=\"http:\/\/lignesauto.fr\/wp-content\/uploads\/2019\/06\/1-1-1024x414.png\" alt=\"\" class=\"wp-image-11099\" srcset=\"https:\/\/lignesauto.fr\/wp-content\/uploads\/2019\/06\/1-1-1024x414.png 1024w, https:\/\/lignesauto.fr\/wp-content\/uploads\/2019\/06\/1-1-300x121.png 300w, https:\/\/lignesauto.fr\/wp-content\/uploads\/2019\/06\/1-1-768x311.png 768w, https:\/\/lignesauto.fr\/wp-content\/uploads\/2019\/06\/1-1-370x150.png 370w, https:\/\/lignesauto.fr\/wp-content\/uploads\/2019\/06\/1-1-1040x421.png 1040w\" sizes=\"(max-width: 1024px) 100vw, 1024px\" \/><\/figure>\n\n\n\n<p><strong>BMW M1 Hommage<\/strong> &#8211; Il faudra attendre le trenti\u00e8me anniversaire de la BMW M1 pour que BMW c\u00e9l\u00e8bre cette date avec grand soin. C&#8217;est Beno\u00eet Jacob qui se charge du dessin de ce revival d\u00e9voil\u00e9 \u00e0 l&#8217;occasion du concours d&#8217;\u00e9l\u00e9gance de la Villa d&#8217;Este en 2008. L&#8217;occasion pour le constructeur de ressortir la M1 d&#8217;origine et la Turbo de Bracq pour immortaliser l&#8217;\u00e9v\u00e9nement.<\/p>\n\n\n\n<figure class=\"wp-block-image\"><img loading=\"lazy\" decoding=\"async\" width=\"1024\" height=\"365\" src=\"http:\/\/lignesauto.fr\/wp-content\/uploads\/2019\/06\/4-1-1024x365.png\" alt=\"\" class=\"wp-image-11096\" srcset=\"https:\/\/lignesauto.fr\/wp-content\/uploads\/2019\/06\/4-1-1024x365.png 1024w, https:\/\/lignesauto.fr\/wp-content\/uploads\/2019\/06\/4-1-300x107.png 300w, https:\/\/lignesauto.fr\/wp-content\/uploads\/2019\/06\/4-1-768x274.png 768w, https:\/\/lignesauto.fr\/wp-content\/uploads\/2019\/06\/4-1-370x132.png 370w, https:\/\/lignesauto.fr\/wp-content\/uploads\/2019\/06\/4-1-1040x371.png 1040w, https:\/\/lignesauto.fr\/wp-content\/uploads\/2019\/06\/4-1.png 1417w\" sizes=\"(max-width: 1024px) 100vw, 1024px\" \/><\/figure>\n\n\n\n<p><strong>BMW Vision EfficientDynamics &#8211; 2009<\/strong>. Un an plus tard, le m\u00eame Beno\u00eet Jacob prend la direction de la nouvelle branche BMWi qui n&#8217;existe encore que dans les coulisses. BMW sent le vent tourner et propose sa vision futuriste du coup\u00e9 sport hybride avec le concept-car Vision EfficientDynamics. Il sera suivi en 2011 du concept-car i8, pr\u00e9figurant la voiture de s\u00e9rie.<\/p>\n\n\n\n<figure class=\"wp-block-image\"><img loading=\"lazy\" decoding=\"async\" width=\"1024\" height=\"364\" src=\"http:\/\/lignesauto.fr\/wp-content\/uploads\/2019\/06\/2-1-1024x364.png\" alt=\"\" class=\"wp-image-11098\" srcset=\"https:\/\/lignesauto.fr\/wp-content\/uploads\/2019\/06\/2-1-1024x364.png 1024w, https:\/\/lignesauto.fr\/wp-content\/uploads\/2019\/06\/2-1-300x107.png 300w, https:\/\/lignesauto.fr\/wp-content\/uploads\/2019\/06\/2-1-768x273.png 768w, https:\/\/lignesauto.fr\/wp-content\/uploads\/2019\/06\/2-1-370x132.png 370w, https:\/\/lignesauto.fr\/wp-content\/uploads\/2019\/06\/2-1-1040x370.png 1040w, https:\/\/lignesauto.fr\/wp-content\/uploads\/2019\/06\/2-1.png 1417w\" sizes=\"(max-width: 1024px) 100vw, 1024px\" \/><\/figure>\n\n\n\n<p><strong>BMW i8- 2013<\/strong>. Pr\u00e9sent\u00e9 en 2013 et commercialis\u00e9 \u00e0 partir de 2014, la BMW i8 et sa petite s\u0153ur i3 lancent la ligne vertueuse &#8211; voire \u00e9cologique&#8230;- BMWi. La supercar de BMW est hybride avec un petit 1500 trois cylindres pour une puissance cumul\u00e9e avec les machines \u00e9lectriques de 374 ch (en 2019). Ce v\u00e9hicule permet surtout \u00e0 BMW de maitriser toute la fili\u00e8re de la production de pi\u00e8ces en PRFC (Plastique Renforc\u00e9 de Fibres de Carbone). C\u00f4t\u00e9 design, Beno\u00eet Jacob, auteur de la i8, quitte BMW pour la Chine&#8230;<\/p>\n\n\n\n<figure class=\"wp-block-image\"><img loading=\"lazy\" decoding=\"async\" width=\"1024\" height=\"361\" src=\"http:\/\/lignesauto.fr\/wp-content\/uploads\/2019\/06\/3-1-1024x361.png\" alt=\"\" class=\"wp-image-11097\" srcset=\"https:\/\/lignesauto.fr\/wp-content\/uploads\/2019\/06\/3-1-1024x361.png 1024w, https:\/\/lignesauto.fr\/wp-content\/uploads\/2019\/06\/3-1-300x106.png 300w, https:\/\/lignesauto.fr\/wp-content\/uploads\/2019\/06\/3-1-768x271.png 768w, https:\/\/lignesauto.fr\/wp-content\/uploads\/2019\/06\/3-1-370x131.png 370w, https:\/\/lignesauto.fr\/wp-content\/uploads\/2019\/06\/3-1-1040x367.png 1040w, https:\/\/lignesauto.fr\/wp-content\/uploads\/2019\/06\/3-1.png 1417w\" sizes=\"(max-width: 1024px) 100vw, 1024px\" \/><\/figure>\n\n\n\n<p><strong>BMW Vision M Next- 2019<\/strong>. Voici donc un concept-car con\u00e7u par la ligne BMW M, une appellation Motorsport n\u00e9e avec la M1 de 1978. La boucle est boucl\u00e9e. Mais cette Vision du futur reste tr\u00e8s ancr\u00e9e dans les fondamentaux de la fameuse M1. C&#8217;est voulu me direz-vous. Certes, mais que nous r\u00e9serve BMW pour les 50 ans de la M1 en 2028 ?<\/p>\n\n\n\n<figure class=\"wp-block-image\"><img loading=\"lazy\" decoding=\"async\" width=\"1024\" height=\"385\" src=\"http:\/\/lignesauto.fr\/wp-content\/uploads\/2019\/06\/LIGNES03-1024x385.png\" alt=\"\" class=\"wp-image-11086\" srcset=\"https:\/\/lignesauto.fr\/wp-content\/uploads\/2019\/06\/LIGNES03-1024x385.png 1024w, https:\/\/lignesauto.fr\/wp-content\/uploads\/2019\/06\/LIGNES03-300x113.png 300w, https:\/\/lignesauto.fr\/wp-content\/uploads\/2019\/06\/LIGNES03-768x289.png 768w, https:\/\/lignesauto.fr\/wp-content\/uploads\/2019\/06\/LIGNES03-370x139.png 370w, https:\/\/lignesauto.fr\/wp-content\/uploads\/2019\/06\/LIGNES03-1040x391.png 1040w, https:\/\/lignesauto.fr\/wp-content\/uploads\/2019\/06\/LIGNES03.png 1417w\" sizes=\"(max-width: 1024px) 100vw, 1024px\" \/><\/figure>\n\n\n\n<p>Sans doute la r\u00e9ponse se trouve-t-elle en filigrane dans le concept-car BMW (et non BMW M) Vision Next 100 ? (ci-dessous)<\/p>\n\n\n\n<figure class=\"wp-block-image\"><img loading=\"lazy\" decoding=\"async\" width=\"1024\" height=\"384\" src=\"http:\/\/lignesauto.fr\/wp-content\/uploads\/2019\/06\/Capture-d\u2019\u00e9cran-2019-06-27-\u00e0-09.01.30-1024x384.png\" alt=\"\" class=\"wp-image-11123\" srcset=\"https:\/\/lignesauto.fr\/wp-content\/uploads\/2019\/06\/Capture-d\u2019\u00e9cran-2019-06-27-\u00e0-09.01.30-1024x384.png 1024w, https:\/\/lignesauto.fr\/wp-content\/uploads\/2019\/06\/Capture-d\u2019\u00e9cran-2019-06-27-\u00e0-09.01.30-300x112.png 300w, https:\/\/lignesauto.fr\/wp-content\/uploads\/2019\/06\/Capture-d\u2019\u00e9cran-2019-06-27-\u00e0-09.01.30-768x288.png 768w, https:\/\/lignesauto.fr\/wp-content\/uploads\/2019\/06\/Capture-d\u2019\u00e9cran-2019-06-27-\u00e0-09.01.30-370x139.png 370w, https:\/\/lignesauto.fr\/wp-content\/uploads\/2019\/06\/Capture-d\u2019\u00e9cran-2019-06-27-\u00e0-09.01.30-1040x390.png 1040w, https:\/\/lignesauto.fr\/wp-content\/uploads\/2019\/06\/Capture-d\u2019\u00e9cran-2019-06-27-\u00e0-09.01.30.png 1417w\" sizes=\"(max-width: 1024px) 100vw, 1024px\" \/><\/figure>\n\n\n\n<p><strong>LA VIDEO BMW VISION M NEXT<\/strong><\/p>\n\n\n\n<figure class=\"wp-block-embed-youtube wp-block-embed is-type-video is-provider-youtube wp-embed-aspect-16-9 wp-has-aspect-ratio\"><div class=\"wp-block-embed__wrapper\">\n<iframe loading=\"lazy\" title=\"LIGNES:auto BMW Vision M NEXT 2019\" width=\"640\" height=\"360\" src=\"https:\/\/www.youtube.com\/embed\/a4SmDFGHuck?feature=oembed\" frameborder=\"0\" allow=\"accelerometer; autoplay; clipboard-write; encrypted-media; gyroscope; picture-in-picture; web-share\" referrerpolicy=\"strict-origin-when-cross-origin\" allowfullscreen><\/iframe>\n<\/div><\/figure>\n\n\n\n<figure class=\"wp-block-image is-resized\"><img loading=\"lazy\" decoding=\"async\" src=\"http:\/\/lignesauto.fr\/wp-content\/uploads\/2019\/06\/LOGOActus-1024x367.jpg\" alt=\"\" class=\"wp-image-11058\" width=\"292\" height=\"104\" srcset=\"https:\/\/lignesauto.fr\/wp-content\/uploads\/2019\/06\/LOGOActus-1024x367.jpg 1024w, https:\/\/lignesauto.fr\/wp-content\/uploads\/2019\/06\/LOGOActus-300x108.jpg 300w, https:\/\/lignesauto.fr\/wp-content\/uploads\/2019\/06\/LOGOActus-768x275.jpg 768w, https:\/\/lignesauto.fr\/wp-content\/uploads\/2019\/06\/LOGOActus-370x133.jpg 370w, https:\/\/lignesauto.fr\/wp-content\/uploads\/2019\/06\/LOGOActus-1040x373.jpg 1040w\" sizes=\"(max-width: 292px) 100vw, 292px\" \/><\/figure>\n","protected":false},"excerpt":{"rendered":"<p>LIGNES\/auto, c&#8217;est \u00e9galement une cha\u00eene You Tube https:\/\/www.youtube.com\/channel\/UCtd0i6ZUwsguWsDwwfiK3cA et une page Facebook : https:\/\/www.facebook.com\/lignesauto\/?modal=admin_todo_tour Un nouveau concept-car BMW est toujours un \u00e9v\u00e9nement attendu. Cette fois, avec le concept Vision M Next, BMW veut rassurer les amateurs de sensations et de plaisir(s) automobile(s) en confirmant que m\u00eame avec la folie \u00e9lectrique, [&hellip;]<\/p>\n","protected":false},"author":1,"featured_media":11082,"comment_status":"open","ping_status":"open","sticky":false,"template":"","format":"standard","meta":{"footnotes":""},"categories":[1],"tags":[],"_links":{"self":[{"href":"https:\/\/lignesauto.fr\/index.php?rest_route=\/wp\/v2\/posts\/11036"}],"collection":[{"href":"https:\/\/lignesauto.fr\/index.php?rest_route=\/wp\/v2\/posts"}],"about":[{"href":"https:\/\/lignesauto.fr\/index.php?rest_route=\/wp\/v2\/types\/post"}],"author":[{"embeddable":true,"href":"https:\/\/lignesauto.fr\/index.php?rest_route=\/wp\/v2\/users\/1"}],"replies":[{"embeddable":true,"href":"https:\/\/lignesauto.fr\/index.php?rest_route=%2Fwp%2Fv2%2Fcomments&post=11036"}],"version-history":[{"count":44,"href":"https:\/\/lignesauto.fr\/index.php?rest_route=\/wp\/v2\/posts\/11036\/revisions"}],"predecessor-version":[{"id":11151,"href":"https:\/\/lignesauto.fr\/index.php?rest_route=\/wp\/v2\/posts\/11036\/revisions\/11151"}],"wp:featuredmedia":[{"embeddable":true,"href":"https:\/\/lignesauto.fr\/index.php?rest_route=\/wp\/v2\/media\/11082"}],"wp:attachment":[{"href":"https:\/\/lignesauto.fr\/index.php?rest_route=%2Fwp%2Fv2%2Fmedia&parent=11036"}],"wp:term":[{"taxonomy":"category","embeddable":true,"href":"https:\/\/lignesauto.fr\/index.php?rest_route=%2Fwp%2Fv2%2Fcategories&post=11036"},{"taxonomy":"post_tag","embeddable":true,"href":"https:\/\/lignesauto.fr\/index.php?rest_route=%2Fwp%2Fv2%2Ftags&post=11036"}],"curies":[{"name":"wp","href":"https:\/\/api.w.org\/{rel}","templated":true}]}}