{"id":11196,"date":"2019-07-24T22:15:43","date_gmt":"2019-07-24T20:15:43","guid":{"rendered":"http:\/\/lignesauto.fr\/?p=11196"},"modified":"2019-07-25T10:18:36","modified_gmt":"2019-07-25T08:18:36","slug":"quelles-automobiles-pour-2030-2050","status":"publish","type":"post","link":"https:\/\/lignesauto.fr\/?p=11196","title":{"rendered":"Quelles automobiles pour 2030-2050 ?"},"content":{"rendered":"\n<figure class=\"wp-block-image is-resized\"><img loading=\"lazy\" decoding=\"async\" src=\"http:\/\/lignesauto.fr\/wp-content\/uploads\/2019\/06\/LOGOActus-1024x367.jpg\" alt=\"\" class=\"wp-image-11058\" width=\"270\" height=\"96\" srcset=\"https:\/\/lignesauto.fr\/wp-content\/uploads\/2019\/06\/LOGOActus-1024x367.jpg 1024w, https:\/\/lignesauto.fr\/wp-content\/uploads\/2019\/06\/LOGOActus-300x108.jpg 300w, https:\/\/lignesauto.fr\/wp-content\/uploads\/2019\/06\/LOGOActus-768x275.jpg 768w, https:\/\/lignesauto.fr\/wp-content\/uploads\/2019\/06\/LOGOActus-370x133.jpg 370w, https:\/\/lignesauto.fr\/wp-content\/uploads\/2019\/06\/LOGOActus-1040x373.jpg 1040w\" sizes=\"(max-width: 270px) 100vw, 270px\" \/><\/figure>\n\n\n\n<p>C&#8217;est \u00e9trange cette folie qui touche l&#8217;univers automobile : se presser pour \u00e9lectrifier tous les mod\u00e8les alors que de grands patrons (comme en France, Carlos Tavares, chez PSA) aimeraient plus de pragmatisme et de r\u00e9flexions&#8230; Il n&#8217;emp\u00eache, il faut \u00e9videmment faire \u00e9voluer l&#8217;automobile, merci Lapalisse. Mais l&#8217;espace temps compt\u00e9 pour le bien de la plan\u00e8te (!) <em>versus<\/em> celui dont les groupes automobiles disposent pour changer leur strat\u00e9gie industrielle, semble incompatible.<\/p>\n\n\n\n<figure class=\"wp-block-image is-resized\"><img loading=\"lazy\" decoding=\"async\" src=\"http:\/\/lignesauto.fr\/wp-content\/uploads\/2019\/05\/LIGNESZA19_19-1024x540.jpg\" alt=\"\" class=\"wp-image-9866\" width=\"871\" height=\"458\" srcset=\"https:\/\/lignesauto.fr\/wp-content\/uploads\/2019\/05\/LIGNESZA19_19-1024x540.jpg 1024w, https:\/\/lignesauto.fr\/wp-content\/uploads\/2019\/05\/LIGNESZA19_19-300x158.jpg 300w, https:\/\/lignesauto.fr\/wp-content\/uploads\/2019\/05\/LIGNESZA19_19-768x405.jpg 768w, https:\/\/lignesauto.fr\/wp-content\/uploads\/2019\/05\/LIGNESZA19_19-370x195.jpg 370w, https:\/\/lignesauto.fr\/wp-content\/uploads\/2019\/05\/LIGNESZA19_19-1040x548.jpg 1040w, https:\/\/lignesauto.fr\/wp-content\/uploads\/2019\/05\/LIGNESZA19_19.jpg 1417w\" sizes=\"(max-width: 871px) 100vw, 871px\" \/><figcaption>L&#8217;avenir, est-ce une soucoupe confortable pos\u00e9es sur quatre roues gigantesques ? Pas s\u00fbr, mais comme cette Citro\u00ebn 19_19, la voiture de demain est d&#8217;abord pens\u00e9e comme une 100% \u00e9lectrique. Dommage ?<\/figcaption><\/figure>\n\n\n\n<p>Le tout \u00e9lectrique ? Les grands groupes s&#8217;y sont lanc\u00e9s en provisionnant des investissements qui se chiffrent en milliards comme le rappelle l&#8217;Opinion en \u00e9voquant Volkswagen : <em>&#8220;le groupe pr\u00e9voit de lancer environ 70 nouveaux mod\u00e8les \u00e9lectriques d\u2019ici 2028. Une premi\u00e8re tranche de 30 milliards d\u2019euros d\u2019investissements est pr\u00e9vue.&#8221;<\/em> <\/p>\n\n\n\n<figure class=\"wp-block-image is-resized\"><img loading=\"lazy\" decoding=\"async\" src=\"http:\/\/lignesauto.fr\/wp-content\/uploads\/2019\/04\/DB2019AU00469_large-1024x381.jpg\" alt=\"\" class=\"wp-image-9235\" width=\"872\" height=\"324\" srcset=\"https:\/\/lignesauto.fr\/wp-content\/uploads\/2019\/04\/DB2019AU00469_large-1024x381.jpg 1024w, https:\/\/lignesauto.fr\/wp-content\/uploads\/2019\/04\/DB2019AU00469_large-300x112.jpg 300w, https:\/\/lignesauto.fr\/wp-content\/uploads\/2019\/04\/DB2019AU00469_large-768x286.jpg 768w, https:\/\/lignesauto.fr\/wp-content\/uploads\/2019\/04\/DB2019AU00469_large-370x138.jpg 370w, https:\/\/lignesauto.fr\/wp-content\/uploads\/2019\/04\/DB2019AU00469_large-1040x387.jpg 1040w, https:\/\/lignesauto.fr\/wp-content\/uploads\/2019\/04\/DB2019AU00469_large.jpg 1417w\" sizes=\"(max-width: 872px) 100vw, 872px\" \/><figcaption>Volkswagen avec sa plateforme d\u00e9di\u00e9e au 100% \u00e9lectrique a programm\u00e9 une premi\u00e8re salve de six mod\u00e8les dont la compacte I.D. qui sera d\u00e9voil\u00e9e en septembre \u00e0 Francfort<\/figcaption><\/figure>\n\n\n\n<p>Sans oublier d&#8217;ajouter la phrase qui tue : <em>&#8220;7 000 emplois suppl\u00e9mentaires seront supprim\u00e9s.&#8221;<\/em> Voil\u00e0 r\u00e9sum\u00e9e la situation : les constructeurs automobiles plongent dans l&#8217;inconnu en se sentant dans l&#8217;obligation de produire du tout \u00e9lectrique tout en sachant l&#8217;op\u00e9ration risqu\u00e9e. Car le retour sur ces \u00e9normes investissements sera forc\u00e9ment lent. Mais si un seul constructeur ne tente pas ce saut dans l&#8217;inconnu, il prend le risque de mourir. Mourir aujourd&#8217;hui, ou mourir demain ? Car tr\u00e8s concr\u00e8tement, pour ne parler que de la production des moteurs thermiques (bien plus voraces en \u00e9nergie salariale que celle des moteurs \u00e9lectriques), on est en droit de se demander ce que vont devenir toutes les usines qui les produisent ?<\/p>\n\n\n\n<figure class=\"wp-block-image is-resized\"><img loading=\"lazy\" decoding=\"async\" src=\"http:\/\/lignesauto.fr\/wp-content\/uploads\/2019\/06\/P13_0623-1024x839.jpg\" alt=\"\" class=\"wp-image-11161\" width=\"882\" height=\"723\" srcset=\"https:\/\/lignesauto.fr\/wp-content\/uploads\/2019\/06\/P13_0623-1024x839.jpg 1024w, https:\/\/lignesauto.fr\/wp-content\/uploads\/2019\/06\/P13_0623-300x246.jpg 300w, https:\/\/lignesauto.fr\/wp-content\/uploads\/2019\/06\/P13_0623-768x629.jpg 768w, https:\/\/lignesauto.fr\/wp-content\/uploads\/2019\/06\/P13_0623-370x303.jpg 370w, https:\/\/lignesauto.fr\/wp-content\/uploads\/2019\/06\/P13_0623-1040x852.jpg 1040w, https:\/\/lignesauto.fr\/wp-content\/uploads\/2019\/06\/P13_0623.jpg 1417w\" sizes=\"(max-width: 882px) 100vw, 882px\" \/><figcaption>Cette vue de la production du moteur thermique de la Porsche 918 \u00e0 Zuffenhausen sera-t-elle une image obsol\u00e8te d&#8217;ici 2030 ?<\/figcaption><\/figure>\n\n\n\n<p>Arr\u00eatons d&#8217;enfoncer des portes ouvertes, et jetons plut\u00f4t un \u0153il sur cette voiture de 2030\/2050 telle que la voient les jeunes designers ind\u00e9pendants ou stagiaires. Et laissons tomber les chiffres, la technologie (les voitures de demain sont toutes \u00e9lectriques de toute fa\u00e7on&#8230;) pour constater que si vous n&#8217;aimez pas les cabines, les grandes roues ou encore l&#8217;absence de volant, il vous faut avaler de suite un Efferalgan&#8230;<\/p>\n\n\n\n<figure class=\"wp-block-image is-resized\"><img loading=\"lazy\" decoding=\"async\" src=\"http:\/\/lignesauto.fr\/wp-content\/uploads\/2019\/06\/LIGNES2030_22-1024x768.jpg\" alt=\"\" class=\"wp-image-11173\" width=\"877\" height=\"658\" srcset=\"https:\/\/lignesauto.fr\/wp-content\/uploads\/2019\/06\/LIGNES2030_22-1024x768.jpg 1024w, https:\/\/lignesauto.fr\/wp-content\/uploads\/2019\/06\/LIGNES2030_22-300x225.jpg 300w, https:\/\/lignesauto.fr\/wp-content\/uploads\/2019\/06\/LIGNES2030_22-768x576.jpg 768w, https:\/\/lignesauto.fr\/wp-content\/uploads\/2019\/06\/LIGNES2030_22-370x278.jpg 370w, https:\/\/lignesauto.fr\/wp-content\/uploads\/2019\/06\/LIGNES2030_22-1040x780.jpg 1040w, https:\/\/lignesauto.fr\/wp-content\/uploads\/2019\/06\/LIGNES2030_22.jpg 1417w\" sizes=\"(max-width: 877px) 100vw, 877px\" \/><figcaption><strong>&#8220;<em>Vers 2030 et au-del\u00e0 !&#8221;<\/em><\/strong><\/figcaption><\/figure>\n\n\n\n<h2 class=\"wp-block-heading\"><strong>LE SPORT<\/strong><\/h2>\n\n\n\n<p><strong>CONCEPT CHARIOT<\/strong><br>A d\u00e9couvrir ici : <a href=\"https:\/\/www.behance.net\/gallery\/76326315\/CONCEPT-CHARIOT?tracking_source=curated_galleries_list\">https:\/\/www.behance.net\/gallery\/76326315\/CONCEPT-CHARIOT?tracking_source=curated_galleries_list<\/a><\/p>\n\n\n\n<figure class=\"wp-block-embed-youtube wp-block-embed is-type-video is-provider-youtube wp-embed-aspect-16-9 wp-has-aspect-ratio\"><div class=\"wp-block-embed__wrapper\">\n<iframe loading=\"lazy\" title=\"Concept Chariot 2019 Dong Yi HS PF MATD\" width=\"640\" height=\"360\" src=\"https:\/\/www.youtube.com\/embed\/kbOogbxCYw8?feature=oembed\" frameborder=\"0\" allow=\"accelerometer; autoplay; clipboard-write; encrypted-media; gyroscope; picture-in-picture; web-share\" referrerpolicy=\"strict-origin-when-cross-origin\" allowfullscreen><\/iframe>\n<\/div><\/figure>\n\n\n\n<p>Commen\u00e7ons par un projet dont l&#8217;objectif est de vous faire retrouver l&#8217;enthousiasme envers la comp\u00e9tition automobile. Ou tout au moins, envers des engins sportifs qui se fondent dans un environnement \u00e9cologique.<\/p>\n\n\n\n<figure class=\"wp-block-image is-resized\"><img loading=\"lazy\" decoding=\"async\" src=\"http:\/\/lignesauto.fr\/wp-content\/uploads\/2019\/06\/LIGNES2030_05-1024x510.jpg\" alt=\"\" class=\"wp-image-11172\" width=\"868\" height=\"432\" srcset=\"https:\/\/lignesauto.fr\/wp-content\/uploads\/2019\/06\/LIGNES2030_05-1024x510.jpg 1024w, https:\/\/lignesauto.fr\/wp-content\/uploads\/2019\/06\/LIGNES2030_05-300x149.jpg 300w, https:\/\/lignesauto.fr\/wp-content\/uploads\/2019\/06\/LIGNES2030_05-768x383.jpg 768w, https:\/\/lignesauto.fr\/wp-content\/uploads\/2019\/06\/LIGNES2030_05-370x184.jpg 370w, https:\/\/lignesauto.fr\/wp-content\/uploads\/2019\/06\/LIGNES2030_05-1040x518.jpg 1040w, https:\/\/lignesauto.fr\/wp-content\/uploads\/2019\/06\/LIGNES2030_05.jpg 1417w\" sizes=\"(max-width: 868px) 100vw, 868px\" \/><\/figure>\n\n\n\n<p>L&#8217;esprit est un peu celui des chars hippomobiles de l&#8217;\u00e8re des gladiateurs ! Ce m\u00e9lange entre deux \u00e8res totalement incompatibles sur le papier est amusant. Il donne naissance un projet monoplace dont la position de conduite est \u00e9volutive selon &#8220;l&#8217;attaque&#8221; du pilote sur son concurrent !<\/p>\n\n\n\n<figure class=\"wp-block-image is-resized\"><img loading=\"lazy\" decoding=\"async\" src=\"http:\/\/lignesauto.fr\/wp-content\/uploads\/2019\/07\/LIGNESCHARIOT_01-1024x510.jpg\" alt=\"\" class=\"wp-image-11232\" width=\"872\" height=\"433\" srcset=\"https:\/\/lignesauto.fr\/wp-content\/uploads\/2019\/07\/LIGNESCHARIOT_01-1024x510.jpg 1024w, https:\/\/lignesauto.fr\/wp-content\/uploads\/2019\/07\/LIGNESCHARIOT_01-300x149.jpg 300w, https:\/\/lignesauto.fr\/wp-content\/uploads\/2019\/07\/LIGNESCHARIOT_01-370x184.jpg 370w, https:\/\/lignesauto.fr\/wp-content\/uploads\/2019\/07\/LIGNESCHARIOT_01-1040x518.jpg 1040w, https:\/\/lignesauto.fr\/wp-content\/uploads\/2019\/07\/LIGNESCHARIOT_01.jpg 1417w\" sizes=\"(max-width: 872px) 100vw, 872px\" \/><\/figure>\n\n\n\n<p>Ce pilote rev\u00eat une combinaison dot\u00e9e d&#8217;un aileron (ci-dessous) qui permet d&#8217;am\u00e9liorer l&#8217;a\u00e9rodynamique en position couch\u00e9e. Pour piloter, il n&#8217;y a pas de volant mais deux manettes de part et d&#8217;autre du cockpit, singeant les r\u00eanes d&#8217;un cheval, alors que les pieds se positionnent dans des emplacements gaufr\u00e9s dans le plancher, comme des \u00e9triers.<\/p>\n\n\n\n<figure class=\"wp-block-image is-resized\"><img loading=\"lazy\" decoding=\"async\" src=\"http:\/\/lignesauto.fr\/wp-content\/uploads\/2019\/07\/LIGNESCHARIOT_04-1024x849.png\" alt=\"\" class=\"wp-image-11233\" width=\"644\" height=\"533\" srcset=\"https:\/\/lignesauto.fr\/wp-content\/uploads\/2019\/07\/LIGNESCHARIOT_04-1024x849.png 1024w, https:\/\/lignesauto.fr\/wp-content\/uploads\/2019\/07\/LIGNESCHARIOT_04-300x249.png 300w, https:\/\/lignesauto.fr\/wp-content\/uploads\/2019\/07\/LIGNESCHARIOT_04-768x637.png 768w, https:\/\/lignesauto.fr\/wp-content\/uploads\/2019\/07\/LIGNESCHARIOT_04-370x307.png 370w, https:\/\/lignesauto.fr\/wp-content\/uploads\/2019\/07\/LIGNESCHARIOT_04-1040x862.png 1040w, https:\/\/lignesauto.fr\/wp-content\/uploads\/2019\/07\/LIGNESCHARIOT_04.png 1417w\" sizes=\"(max-width: 644px) 100vw, 644px\" \/><\/figure>\n\n\n\n<p>La position de conduite est quant \u00e0 elle inspir\u00e9e de celle du bobsleigh. L&#8217;auteur de ce design est Dong Yi qui \u00e9tudie \u00e0 l&#8217;\u00e9cole allemande de Pforzheim.<\/p>\n\n\n\n<p>Voir la cin\u00e9matique du poste de pilotage ici : <a href=\"https:\/\/mir-s3-cdn-cf.behance.net\/project_modules\/max_1200\/e2edf876326315.5c9e8983f1e7e.gif\">https:\/\/mir-s3-cdn-cf.behance.net\/project_modules\/max_1200\/e2edf876326315.5c9e8983f1e7e.gif<\/a>. Et ici : <a href=\"https:\/\/mir-s3-cdn-cf.behance.net\/project_modules\/max_1200\/92210576326315.5c9e89852fd0d.gif\">https:\/\/mir-s3-cdn-cf.behance.net\/project_modules\/max_1200\/92210576326315.5c9e89852fd0d.gif<\/a><\/p>\n\n\n\n<figure class=\"wp-block-image is-resized\"><img loading=\"lazy\" decoding=\"async\" src=\"http:\/\/lignesauto.fr\/wp-content\/uploads\/2019\/07\/33901b76326315.5c660d2e0935c-1024x510.jpg\" alt=\"\" class=\"wp-image-11241\" width=\"834\" height=\"415\" srcset=\"https:\/\/lignesauto.fr\/wp-content\/uploads\/2019\/07\/33901b76326315.5c660d2e0935c-1024x510.jpg 1024w, https:\/\/lignesauto.fr\/wp-content\/uploads\/2019\/07\/33901b76326315.5c660d2e0935c-300x149.jpg 300w, https:\/\/lignesauto.fr\/wp-content\/uploads\/2019\/07\/33901b76326315.5c660d2e0935c-768x383.jpg 768w, https:\/\/lignesauto.fr\/wp-content\/uploads\/2019\/07\/33901b76326315.5c660d2e0935c-370x184.jpg 370w, https:\/\/lignesauto.fr\/wp-content\/uploads\/2019\/07\/33901b76326315.5c660d2e0935c-1040x518.jpg 1040w, https:\/\/lignesauto.fr\/wp-content\/uploads\/2019\/07\/33901b76326315.5c660d2e0935c.jpg 1417w\" sizes=\"(max-width: 834px) 100vw, 834px\" \/><\/figure>\n\n\n\n<h2 class=\"wp-block-heading\"><strong>LE LUXE<\/strong><\/h2>\n\n\n\n<p><strong>CONCEPT BENZ LUXURY 2035<\/strong><br>A d\u00e9couvrir ici : <a href=\"https:\/\/www.behance.net\/gallery\/54564167\/Benz-Luxury-Concept-2035\">https:\/\/www.behance.net\/gallery\/54564167\/Benz-Luxury-Concept-2035<\/a><\/p>\n\n\n\n<p>Voici un coup\u00e9 pens\u00e9 pour les Stars de cin\u00e9ma qui doivent se rendre aux c\u00e9r\u00e9monies de remises d&#8217;Oscar ou des musiciens \u00e0 leur salle de concert ! <\/p>\n\n\n\n<figure class=\"wp-block-image is-resized\"><img loading=\"lazy\" decoding=\"async\" src=\"http:\/\/lignesauto.fr\/wp-content\/uploads\/2019\/06\/LIGNE2030_01-1024x724.jpg\" alt=\"\" class=\"wp-image-11174\" width=\"820\" height=\"580\" srcset=\"https:\/\/lignesauto.fr\/wp-content\/uploads\/2019\/06\/LIGNE2030_01-1024x724.jpg 1024w, https:\/\/lignesauto.fr\/wp-content\/uploads\/2019\/06\/LIGNE2030_01-300x212.jpg 300w, https:\/\/lignesauto.fr\/wp-content\/uploads\/2019\/06\/LIGNE2030_01-768x543.jpg 768w, https:\/\/lignesauto.fr\/wp-content\/uploads\/2019\/06\/LIGNE2030_01-370x262.jpg 370w, https:\/\/lignesauto.fr\/wp-content\/uploads\/2019\/06\/LIGNE2030_01-1040x735.jpg 1040w, https:\/\/lignesauto.fr\/wp-content\/uploads\/2019\/06\/LIGNE2030_01.jpg 1417w\" sizes=\"(max-width: 820px) 100vw, 820px\" \/><\/figure>\n\n\n\n<p>Plongeons dans un luxe nouveau, avec cette Mercedes Luxury qui poss\u00e8de dans ses petits coffres, un espace d\u00e9di\u00e9 pour un violon&#8230;<\/p>\n\n\n\n<figure class=\"wp-block-image is-resized\"><img loading=\"lazy\" decoding=\"async\" src=\"http:\/\/lignesauto.fr\/wp-content\/uploads\/2019\/07\/Capture-d\u2019\u00e9cran-2019-07-01-\u00e0-08.55.55-1024x687.png\" alt=\"\" class=\"wp-image-11244\" width=\"818\" height=\"549\" srcset=\"https:\/\/lignesauto.fr\/wp-content\/uploads\/2019\/07\/Capture-d\u2019\u00e9cran-2019-07-01-\u00e0-08.55.55-1024x687.png 1024w, https:\/\/lignesauto.fr\/wp-content\/uploads\/2019\/07\/Capture-d\u2019\u00e9cran-2019-07-01-\u00e0-08.55.55-300x201.png 300w, https:\/\/lignesauto.fr\/wp-content\/uploads\/2019\/07\/Capture-d\u2019\u00e9cran-2019-07-01-\u00e0-08.55.55-768x515.png 768w, https:\/\/lignesauto.fr\/wp-content\/uploads\/2019\/07\/Capture-d\u2019\u00e9cran-2019-07-01-\u00e0-08.55.55-370x248.png 370w, https:\/\/lignesauto.fr\/wp-content\/uploads\/2019\/07\/Capture-d\u2019\u00e9cran-2019-07-01-\u00e0-08.55.55-1040x697.png 1040w, https:\/\/lignesauto.fr\/wp-content\/uploads\/2019\/07\/Capture-d\u2019\u00e9cran-2019-07-01-\u00e0-08.55.55.png 1417w\" sizes=\"(max-width: 818px) 100vw, 818px\" \/><\/figure>\n\n\n\n<p>Ce projet se distingue par son design int\u00e9rieur surprenant avec la disparition de l&#8217;architecture conventionnelle &#8220;si\u00e8ges &#8211; planche de bord&#8221; remplac\u00e9e par une organisation de type sofa avec toute l&#8217;interface homme-machine dispos\u00e9e au centre de l&#8217;habitacle.<\/p>\n\n\n\n<figure class=\"wp-block-image is-resized\"><img loading=\"lazy\" decoding=\"async\" src=\"http:\/\/lignesauto.fr\/wp-content\/uploads\/2019\/06\/LIGNES2030_02-1024x724.jpg\" alt=\"\" class=\"wp-image-11186\" width=\"822\" height=\"581\" srcset=\"https:\/\/lignesauto.fr\/wp-content\/uploads\/2019\/06\/LIGNES2030_02-1024x724.jpg 1024w, https:\/\/lignesauto.fr\/wp-content\/uploads\/2019\/06\/LIGNES2030_02-300x212.jpg 300w, https:\/\/lignesauto.fr\/wp-content\/uploads\/2019\/06\/LIGNES2030_02-768x543.jpg 768w, https:\/\/lignesauto.fr\/wp-content\/uploads\/2019\/06\/LIGNES2030_02-370x262.jpg 370w, https:\/\/lignesauto.fr\/wp-content\/uploads\/2019\/06\/LIGNES2030_02-1040x735.jpg 1040w, https:\/\/lignesauto.fr\/wp-content\/uploads\/2019\/06\/LIGNES2030_02.jpg 1417w\" sizes=\"(max-width: 822px) 100vw, 822px\" \/><\/figure>\n\n\n\n<p>Une boule centrale diffuse les informations, alors qu&#8217;un plateau inf\u00e9rieur propose une interface de commandes. Le pourtour de l&#8217;habitacle est compos\u00e9 de surfaces o\u00f9 viennent \u00e9galement s&#8217;afficher les informations.<\/p>\n\n\n\n<figure class=\"wp-block-image is-resized\"><img loading=\"lazy\" decoding=\"async\" src=\"http:\/\/lignesauto.fr\/wp-content\/uploads\/2019\/07\/5e4bb554564167.5960746e558aa-1024x724.jpg\" alt=\"\" class=\"wp-image-11245\" width=\"810\" height=\"573\" srcset=\"https:\/\/lignesauto.fr\/wp-content\/uploads\/2019\/07\/5e4bb554564167.5960746e558aa-1024x724.jpg 1024w, https:\/\/lignesauto.fr\/wp-content\/uploads\/2019\/07\/5e4bb554564167.5960746e558aa-300x212.jpg 300w, https:\/\/lignesauto.fr\/wp-content\/uploads\/2019\/07\/5e4bb554564167.5960746e558aa-768x543.jpg 768w, https:\/\/lignesauto.fr\/wp-content\/uploads\/2019\/07\/5e4bb554564167.5960746e558aa-370x262.jpg 370w, https:\/\/lignesauto.fr\/wp-content\/uploads\/2019\/07\/5e4bb554564167.5960746e558aa-1040x735.jpg 1040w, https:\/\/lignesauto.fr\/wp-content\/uploads\/2019\/07\/5e4bb554564167.5960746e558aa.jpg 1417w\" sizes=\"(max-width: 810px) 100vw, 810px\" \/><\/figure>\n\n\n\n<h2 class=\"wp-block-heading\"><strong>LE MONOSPACE SPORTIF<\/strong><\/h2>\n\n\n\n<p><strong>CONCEPT RENAULT FOR RUSSIA <\/strong><br>A d\u00e9couvrir ici : <a href=\"https:\/\/www.behance.net\/gallery\/69622585\/RENAULT-FOR-RUSSIA-COMPETITION-PROJECT?tracking_source=curated_galleries_list\">https:\/\/www.behance.net\/gallery\/69622585\/RENAULT-FOR-RUSSIA-COMPETITION-PROJECT?tracking_source=curated_galleries_list<\/a><\/p>\n\n\n\n<p>Voici le successeur du Renault Sc\u00e9nic, m\u00e2tin\u00e9 de sportivit\u00e9. Ce projet d&#8217;Artyom Trofimenko m\u00eale \u00e0 la fois l&#8217;esprit du monospace compact de Renault et celui du concept Renault de F1 de 2025 ! Il a \u00e9t\u00e9 con\u00e7u pour un couple sportif, mari\u00e9 avec un enfant. Est-il fait pour vous ?<\/p>\n\n\n\n<figure class=\"wp-block-image is-resized\"><img loading=\"lazy\" decoding=\"async\" src=\"http:\/\/lignesauto.fr\/wp-content\/uploads\/2019\/06\/LIGNES2030_20-1024x576.jpg\" alt=\"\" class=\"wp-image-11175\" width=\"839\" height=\"472\" srcset=\"https:\/\/lignesauto.fr\/wp-content\/uploads\/2019\/06\/LIGNES2030_20-1024x576.jpg 1024w, https:\/\/lignesauto.fr\/wp-content\/uploads\/2019\/06\/LIGNES2030_20-300x169.jpg 300w, https:\/\/lignesauto.fr\/wp-content\/uploads\/2019\/06\/LIGNES2030_20-768x432.jpg 768w, https:\/\/lignesauto.fr\/wp-content\/uploads\/2019\/06\/LIGNES2030_20-370x208.jpg 370w, https:\/\/lignesauto.fr\/wp-content\/uploads\/2019\/06\/LIGNES2030_20-1040x585.jpg 1040w, https:\/\/lignesauto.fr\/wp-content\/uploads\/2019\/06\/LIGNES2030_20.jpg 1417w\" sizes=\"(max-width: 839px) 100vw, 839px\" \/><\/figure>\n\n\n\n<p>C&#8217;est bien s\u00fbr une voiture autonome, \u00e9lectrique, mais est-ce n\u00e9cessaire de le pr\u00e9ciser. A ce propos, je ne sais pas trop comment feront les designers lorsque les ing\u00e9nieurs, architectes et responsables des homologations leur imposeront d&#8217;encombrantes piles \u00e0 combustible fonctionnant \u00e0 l&#8217;hydrog\u00e8ne. Bref, c&#8217;est une autre histoire&#8230;<\/p>\n\n\n\n<figure class=\"wp-block-embed is-type-video is-provider-vimeo\"><div class=\"wp-block-embed__wrapper\">\n<iframe loading=\"lazy\" title=\"DOORS\" src=\"https:\/\/player.vimeo.com\/video\/279700416?dnt=1&amp;app_id=122963\" width=\"640\" height=\"360\" frameborder=\"0\" allow=\"autoplay; fullscreen; picture-in-picture; clipboard-write\"><\/iframe>\n<\/div><\/figure>\n\n\n\n<p>Le concept futuriste de Trofimenko, outre son architecture 100 % \u00e9lectrique, se caract\u00e9rise par deux th\u00e8mes forts. Le premier r\u00e9side dans une cin\u00e9matique d&#8217;ouverture des portes (car il y a encore des porti\u00e8res pour acc\u00e9der dans votre voiture du futur&#8230;) assez complexe qui est visualis\u00e9e dans la vid\u00e9o ci-dessus.<\/p>\n\n\n\n<figure class=\"wp-block-image is-resized\"><img loading=\"lazy\" decoding=\"async\" src=\"http:\/\/lignesauto.fr\/wp-content\/uploads\/2019\/06\/LIGNES2030_19-1024x576.jpg\" alt=\"\" class=\"wp-image-11184\" width=\"845\" height=\"475\" srcset=\"https:\/\/lignesauto.fr\/wp-content\/uploads\/2019\/06\/LIGNES2030_19-1024x576.jpg 1024w, https:\/\/lignesauto.fr\/wp-content\/uploads\/2019\/06\/LIGNES2030_19-300x169.jpg 300w, https:\/\/lignesauto.fr\/wp-content\/uploads\/2019\/06\/LIGNES2030_19-768x432.jpg 768w, https:\/\/lignesauto.fr\/wp-content\/uploads\/2019\/06\/LIGNES2030_19-370x208.jpg 370w, https:\/\/lignesauto.fr\/wp-content\/uploads\/2019\/06\/LIGNES2030_19-1040x585.jpg 1040w, https:\/\/lignesauto.fr\/wp-content\/uploads\/2019\/06\/LIGNES2030_19.jpg 1417w\" sizes=\"(max-width: 845px) 100vw, 845px\" \/><\/figure>\n\n\n\n<p>Le second th\u00e8me tient plut\u00f4t \u00e0 la convivialit\u00e9 avec la pr\u00e9sence d&#8217;un petit&#8230; feu de chemin\u00e9e en plein centre de la zone habitacle ! Comme quoi l&#8217;automobile de demain sait \u00eatre chaleureuse&#8230; Le concept-car Citro\u00ebn C6 Lignage du mill\u00e9naire dernier (c&#8217;\u00e9tait en 1999) dessin\u00e9 par Marc Pinson avait import\u00e9 un Bonsa\u00ef \u00e0 son bord. Alors une chemin\u00e9e, pourquoi pas ?<\/p>\n\n\n\n<figure class=\"wp-block-image is-resized\"><img loading=\"lazy\" decoding=\"async\" src=\"http:\/\/lignesauto.fr\/wp-content\/uploads\/2019\/06\/1Z-1024x576.jpg\" alt=\"\" class=\"wp-image-11185\" width=\"846\" height=\"476\" srcset=\"https:\/\/lignesauto.fr\/wp-content\/uploads\/2019\/06\/1Z-1024x576.jpg 1024w, https:\/\/lignesauto.fr\/wp-content\/uploads\/2019\/06\/1Z-300x169.jpg 300w, https:\/\/lignesauto.fr\/wp-content\/uploads\/2019\/06\/1Z-768x432.jpg 768w, https:\/\/lignesauto.fr\/wp-content\/uploads\/2019\/06\/1Z-370x208.jpg 370w, https:\/\/lignesauto.fr\/wp-content\/uploads\/2019\/06\/1Z-1040x585.jpg 1040w, https:\/\/lignesauto.fr\/wp-content\/uploads\/2019\/06\/1Z.jpg 1417w\" sizes=\"(max-width: 846px) 100vw, 846px\" \/><\/figure>\n\n\n\n<p>Ce que l&#8217;on peut \u00e9galement retenir de ce projet, c&#8217;est l&#8217;intelligence de sa conception technique, un domaine pas forc\u00e9ment toujours ma\u00eetris\u00e9 par les designers \u00e9videmment plus graphistes que techniciens ! (ci-dessous)<\/p>\n\n\n\n<figure class=\"wp-block-image is-resized\"><img loading=\"lazy\" decoding=\"async\" src=\"http:\/\/lignesauto.fr\/wp-content\/uploads\/2019\/07\/LIGNESTECHNO-1024x576.jpg\" alt=\"\" class=\"wp-image-11255\" width=\"847\" height=\"476\" srcset=\"https:\/\/lignesauto.fr\/wp-content\/uploads\/2019\/07\/LIGNESTECHNO-1024x576.jpg 1024w, https:\/\/lignesauto.fr\/wp-content\/uploads\/2019\/07\/LIGNESTECHNO-300x169.jpg 300w, https:\/\/lignesauto.fr\/wp-content\/uploads\/2019\/07\/LIGNESTECHNO-768x432.jpg 768w, https:\/\/lignesauto.fr\/wp-content\/uploads\/2019\/07\/LIGNESTECHNO-370x208.jpg 370w, https:\/\/lignesauto.fr\/wp-content\/uploads\/2019\/07\/LIGNESTECHNO-1040x585.jpg 1040w, https:\/\/lignesauto.fr\/wp-content\/uploads\/2019\/07\/LIGNESTECHNO.jpg 1417w\" sizes=\"(max-width: 847px) 100vw, 847px\" \/><\/figure>\n\n\n\n<h2 class=\"wp-block-heading\"><strong>LE TRANSPORT URBAIN<\/strong><\/h2>\n\n\n\n<p><strong>CONCEPT TOYOTA FAMILY CONCEPT 2030<\/strong><br>A d\u00e9couvrir ici : <a href=\"https:\/\/www.behance.net\/gallery\/54563865\/TOYOTA-Family-Concept-2030?tracking_source=search-all%257Cdenni5\">https:\/\/www.behance.net\/gallery\/54563865\/TOYOTA-Family-Concept-2030?tracking_source=search-all%257Cdenni5<\/a><\/p>\n\n\n\n<p>Dennis Cheng a con\u00e7u ce v\u00e9hicule pour la g\u00e9n\u00e9ration n\u00e9e dans les ann\u00e9es 1990. Son Family Concept se destine \u00e0 un futur relativement proche : 2030.<\/p>\n\n\n\n<figure class=\"wp-block-image is-resized\"><img loading=\"lazy\" decoding=\"async\" src=\"http:\/\/lignesauto.fr\/wp-content\/uploads\/2019\/06\/LIGNES2030_03-1-1024x576.jpg\" alt=\"\" class=\"wp-image-11177\" width=\"836\" height=\"470\" srcset=\"https:\/\/lignesauto.fr\/wp-content\/uploads\/2019\/06\/LIGNES2030_03-1-1024x576.jpg 1024w, https:\/\/lignesauto.fr\/wp-content\/uploads\/2019\/06\/LIGNES2030_03-1-300x169.jpg 300w, https:\/\/lignesauto.fr\/wp-content\/uploads\/2019\/06\/LIGNES2030_03-1-768x432.jpg 768w, https:\/\/lignesauto.fr\/wp-content\/uploads\/2019\/06\/LIGNES2030_03-1-370x208.jpg 370w, https:\/\/lignesauto.fr\/wp-content\/uploads\/2019\/06\/LIGNES2030_03-1-1040x585.jpg 1040w, https:\/\/lignesauto.fr\/wp-content\/uploads\/2019\/06\/LIGNES2030_03-1.jpg 1417w\" sizes=\"(max-width: 836px) 100vw, 836px\" \/><\/figure>\n\n\n\n<p>Pour Cheng, cette g\u00e9n\u00e9ration est curieuse, fanatique des prises de vues photos, voire amateur de vid\u00e9os. C &#8216;est \u00e9galement une famille unie qui poss\u00e8de un animal de compagnie. Vous vous reconnaissez ?<\/p>\n\n\n\n<figure class=\"wp-block-image is-resized\"><img loading=\"lazy\" decoding=\"async\" src=\"http:\/\/lignesauto.fr\/wp-content\/uploads\/2019\/06\/LIGNES2030_04-1024x576.jpg\" alt=\"\" class=\"wp-image-11168\" width=\"847\" height=\"476\" srcset=\"https:\/\/lignesauto.fr\/wp-content\/uploads\/2019\/06\/LIGNES2030_04-1024x576.jpg 1024w, https:\/\/lignesauto.fr\/wp-content\/uploads\/2019\/06\/LIGNES2030_04-300x169.jpg 300w, https:\/\/lignesauto.fr\/wp-content\/uploads\/2019\/06\/LIGNES2030_04-768x432.jpg 768w, https:\/\/lignesauto.fr\/wp-content\/uploads\/2019\/06\/LIGNES2030_04-370x208.jpg 370w, https:\/\/lignesauto.fr\/wp-content\/uploads\/2019\/06\/LIGNES2030_04-1040x585.jpg 1040w, https:\/\/lignesauto.fr\/wp-content\/uploads\/2019\/06\/LIGNES2030_04.jpg 1417w\" sizes=\"(max-width: 847px) 100vw, 847px\" \/><\/figure>\n\n\n\n<p>Alors, pour toutes les occupations du quotidien, le projet de Dennis Cheng propose une solution, que ce soit  pour emmener les enfants \u00e0 l&#8217;\u00e9cole, leur permettre de dessiner \u00e0 bord, les installer en s\u00e9curit\u00e9 ou encore les occuper \u00e0 visionner un film&#8230; sur les vitres de la voiture&#8230; <\/p>\n\n\n\n<figure class=\"wp-block-image is-resized\"><img loading=\"lazy\" decoding=\"async\" src=\"http:\/\/lignesauto.fr\/wp-content\/uploads\/2019\/06\/3f343054563865.59606ea908970-1024x576.jpg\" alt=\"\" class=\"wp-image-11179\" width=\"839\" height=\"472\" srcset=\"https:\/\/lignesauto.fr\/wp-content\/uploads\/2019\/06\/3f343054563865.59606ea908970-1024x576.jpg 1024w, https:\/\/lignesauto.fr\/wp-content\/uploads\/2019\/06\/3f343054563865.59606ea908970-300x169.jpg 300w, https:\/\/lignesauto.fr\/wp-content\/uploads\/2019\/06\/3f343054563865.59606ea908970-768x432.jpg 768w, https:\/\/lignesauto.fr\/wp-content\/uploads\/2019\/06\/3f343054563865.59606ea908970-370x208.jpg 370w, https:\/\/lignesauto.fr\/wp-content\/uploads\/2019\/06\/3f343054563865.59606ea908970-1040x585.jpg 1040w, https:\/\/lignesauto.fr\/wp-content\/uploads\/2019\/06\/3f343054563865.59606ea908970.jpg 1417w\" sizes=\"(max-width: 839px) 100vw, 839px\" \/><\/figure>\n\n\n\n<p>La voiture (ou plut\u00f4t, la navette&#8230;) est modulable avec une partie arri\u00e8re extensible. Les portes sont comme celle d&#8217;un m\u00e9tro, automatiques et \u00e0 tr\u00e8s large ouverture. Le pavillon se dote d&#8217;un \u00e9cran capable de transmettre des infos visibles depuis les buildings (!) et la conduite autonome est totale. De plus, ce projet &#8220;communique&#8221; avec son environnement en projetant des messages sur le bitume autour de lui. Un th\u00e8me connu.<\/p>\n\n\n\n<figure class=\"wp-block-image is-resized\"><img loading=\"lazy\" decoding=\"async\" src=\"http:\/\/lignesauto.fr\/wp-content\/uploads\/2019\/07\/LIGNESNAVETTECHENG-1024x576.jpg\" alt=\"\" class=\"wp-image-11262\" width=\"838\" height=\"471\" srcset=\"https:\/\/lignesauto.fr\/wp-content\/uploads\/2019\/07\/LIGNESNAVETTECHENG-1024x576.jpg 1024w, https:\/\/lignesauto.fr\/wp-content\/uploads\/2019\/07\/LIGNESNAVETTECHENG-300x169.jpg 300w, https:\/\/lignesauto.fr\/wp-content\/uploads\/2019\/07\/LIGNESNAVETTECHENG-768x432.jpg 768w, https:\/\/lignesauto.fr\/wp-content\/uploads\/2019\/07\/LIGNESNAVETTECHENG-370x208.jpg 370w, https:\/\/lignesauto.fr\/wp-content\/uploads\/2019\/07\/LIGNESNAVETTECHENG-1040x585.jpg 1040w, https:\/\/lignesauto.fr\/wp-content\/uploads\/2019\/07\/LIGNESNAVETTECHENG.jpg 1417w\" sizes=\"(max-width: 838px) 100vw, 838px\" \/><\/figure>\n\n\n\n<p>Bref, c&#8217;est effectivement une &#8220;navette&#8221; autonome comme de nombreux constructeurs en proposent d\u00e9sormais dans leurs \u00e9tudes, mais celle-ci propose un design frais, sympathique et color\u00e9, bien \u00e9loign\u00e9 des navettes de couleur gris acier et sans \u00e2me, d\u00e9couvertes r\u00e9cemment.<\/p>\n\n\n\n<h2 class=\"wp-block-heading\"><strong>ET EN BONUS&#8230; L&#8217;AVION ET LE BUS !<\/strong><\/h2>\n\n\n\n<p>Puisque les designers sont pour la plupart amoureux d&#8217;a\u00e9ronautique (citons simplement Romain Gauvin avec sa 19_19 chez Citro\u00ebn ou Laurent Negroni chez Renault), voici un autre projet de Dennis Cheng, toujours sur le site Behance : <a href=\"https:\/\/www.behance.net\/gallery\/80516749\/Aircraft-ConceptAIR-05\">https:\/\/www.behance.net\/gallery\/80516749\/Aircraft-ConceptAIR-05<\/a><\/p>\n\n\n\n<figure class=\"wp-block-image is-resized\"><img loading=\"lazy\" decoding=\"async\" src=\"http:\/\/lignesauto.fr\/wp-content\/uploads\/2019\/06\/123fc680516749.5ce3bbb5e1700-1024x512.jpg\" alt=\"\" class=\"wp-image-11181\" width=\"828\" height=\"414\" srcset=\"https:\/\/lignesauto.fr\/wp-content\/uploads\/2019\/06\/123fc680516749.5ce3bbb5e1700-1024x512.jpg 1024w, https:\/\/lignesauto.fr\/wp-content\/uploads\/2019\/06\/123fc680516749.5ce3bbb5e1700-300x150.jpg 300w, https:\/\/lignesauto.fr\/wp-content\/uploads\/2019\/06\/123fc680516749.5ce3bbb5e1700-768x384.jpg 768w, https:\/\/lignesauto.fr\/wp-content\/uploads\/2019\/06\/123fc680516749.5ce3bbb5e1700-370x185.jpg 370w, https:\/\/lignesauto.fr\/wp-content\/uploads\/2019\/06\/123fc680516749.5ce3bbb5e1700-1040x520.jpg 1040w, https:\/\/lignesauto.fr\/wp-content\/uploads\/2019\/06\/123fc680516749.5ce3bbb5e1700.jpg 1417w\" sizes=\"(max-width: 828px) 100vw, 828px\" \/><\/figure>\n\n\n\n<p>&#8230; <strong>Et le bus <\/strong>fid\u00e8le aux th\u00e8mes esth\u00e9tiques et architecturaux du Japon. C&#8217;est ici : <a href=\"https:\/\/www.behance.net\/gallery\/70895689\/Shinto-Bus_Sharing-Bus-Concept-2020\">https:\/\/www.behance.net\/gallery\/70895689\/Shinto-Bus_Sharing-Bus-Concept-2020<\/a><\/p>\n\n\n\n<figure class=\"wp-block-image is-resized\"><img loading=\"lazy\" decoding=\"async\" src=\"http:\/\/lignesauto.fr\/wp-content\/uploads\/2019\/07\/lignes-1024x525.jpg\" alt=\"\" class=\"wp-image-11259\" width=\"828\" height=\"424\" srcset=\"https:\/\/lignesauto.fr\/wp-content\/uploads\/2019\/07\/lignes-1024x525.jpg 1024w, https:\/\/lignesauto.fr\/wp-content\/uploads\/2019\/07\/lignes-300x154.jpg 300w, https:\/\/lignesauto.fr\/wp-content\/uploads\/2019\/07\/lignes-768x393.jpg 768w, https:\/\/lignesauto.fr\/wp-content\/uploads\/2019\/07\/lignes-370x190.jpg 370w, https:\/\/lignesauto.fr\/wp-content\/uploads\/2019\/07\/lignes-1040x533.jpg 1040w, https:\/\/lignesauto.fr\/wp-content\/uploads\/2019\/07\/lignes.jpg 1417w\" sizes=\"(max-width: 828px) 100vw, 828px\" \/><\/figure>\n\n\n\n<p>Voil\u00e0. Il me reste \u00e0 vous souhaiter un bon voyage \u00e0 bord de toutes ces propositions sympathiques pour rouler (ou voler) vers un horizon o\u00f9 l&#8217;inconnu reste quand m\u00eame le ma\u00eetre du jeu !<\/p>\n\n\n\n<figure class=\"wp-block-image is-resized\"><img loading=\"lazy\" decoding=\"async\" src=\"http:\/\/lignesauto.fr\/wp-content\/uploads\/2019\/06\/LOGOActus-1024x367.jpg\" alt=\"L\u2019attribut alt de cette image est vide, son nom de fichier est LOGOActus-1024x367.jpg.\" width=\"261\" height=\"93\"\/><\/figure>\n","protected":false},"excerpt":{"rendered":"<p>C&#8217;est \u00e9trange cette folie qui touche l&#8217;univers automobile : se presser pour \u00e9lectrifier tous les mod\u00e8les alors que de grands patrons (comme en France, Carlos Tavares, chez PSA) aimeraient plus de pragmatisme et de r\u00e9flexions&#8230; Il n&#8217;emp\u00eache, il faut \u00e9videmment faire \u00e9voluer l&#8217;automobile, merci Lapalisse. Mais l&#8217;espace temps compt\u00e9 pour [&hellip;]<\/p>\n","protected":false},"author":1,"featured_media":11251,"comment_status":"open","ping_status":"open","sticky":false,"template":"","format":"standard","meta":{"footnotes":""},"categories":[1],"tags":[],"_links":{"self":[{"href":"https:\/\/lignesauto.fr\/index.php?rest_route=\/wp\/v2\/posts\/11196"}],"collection":[{"href":"https:\/\/lignesauto.fr\/index.php?rest_route=\/wp\/v2\/posts"}],"about":[{"href":"https:\/\/lignesauto.fr\/index.php?rest_route=\/wp\/v2\/types\/post"}],"author":[{"embeddable":true,"href":"https:\/\/lignesauto.fr\/index.php?rest_route=\/wp\/v2\/users\/1"}],"replies":[{"embeddable":true,"href":"https:\/\/lignesauto.fr\/index.php?rest_route=%2Fwp%2Fv2%2Fcomments&post=11196"}],"version-history":[{"count":41,"href":"https:\/\/lignesauto.fr\/index.php?rest_route=\/wp\/v2\/posts\/11196\/revisions"}],"predecessor-version":[{"id":11313,"href":"https:\/\/lignesauto.fr\/index.php?rest_route=\/wp\/v2\/posts\/11196\/revisions\/11313"}],"wp:featuredmedia":[{"embeddable":true,"href":"https:\/\/lignesauto.fr\/index.php?rest_route=\/wp\/v2\/media\/11251"}],"wp:attachment":[{"href":"https:\/\/lignesauto.fr\/index.php?rest_route=%2Fwp%2Fv2%2Fmedia&parent=11196"}],"wp:term":[{"taxonomy":"category","embeddable":true,"href":"https:\/\/lignesauto.fr\/index.php?rest_route=%2Fwp%2Fv2%2Fcategories&post=11196"},{"taxonomy":"post_tag","embeddable":true,"href":"https:\/\/lignesauto.fr\/index.php?rest_route=%2Fwp%2Fv2%2Ftags&post=11196"}],"curies":[{"name":"wp","href":"https:\/\/api.w.org\/{rel}","templated":true}]}}