{"id":11357,"date":"2019-07-08T10:02:02","date_gmt":"2019-07-08T08:02:02","guid":{"rendered":"http:\/\/lignesauto.fr\/?p=11357"},"modified":"2019-07-08T22:19:29","modified_gmt":"2019-07-08T20:19:29","slug":"on-veut-de-la-couleur-comme-dans-lunivers-de-karim-rashid","status":"publish","type":"post","link":"https:\/\/lignesauto.fr\/?p=11357","title":{"rendered":"On veut de la couleur, comme dans l&#8217;univers de Karim Rashid"},"content":{"rendered":"\n<figure class=\"wp-block-image is-resized\"><img loading=\"lazy\" decoding=\"async\" src=\"http:\/\/lignesauto.fr\/wp-content\/uploads\/2019\/06\/LOGOActus-1024x367.jpg\" alt=\"\" class=\"wp-image-11058\" width=\"279\" height=\"99\" srcset=\"https:\/\/lignesauto.fr\/wp-content\/uploads\/2019\/06\/LOGOActus-1024x367.jpg 1024w, https:\/\/lignesauto.fr\/wp-content\/uploads\/2019\/06\/LOGOActus-300x108.jpg 300w, https:\/\/lignesauto.fr\/wp-content\/uploads\/2019\/06\/LOGOActus-768x275.jpg 768w, https:\/\/lignesauto.fr\/wp-content\/uploads\/2019\/06\/LOGOActus-370x133.jpg 370w, https:\/\/lignesauto.fr\/wp-content\/uploads\/2019\/06\/LOGOActus-1040x373.jpg 1040w\" sizes=\"(max-width: 279px) 100vw, 279px\" \/><\/figure>\n\n\n\n<p>\u00ab&nbsp;Pendant longtemps, le design n\u2019a exist\u00e9 que pour l\u2019\u00e9lite. J\u2019ai travaill\u00e9 dur pendant les 20 derni\u00e8res ann\u00e9es pour faire du design un sujet public.&nbsp;\u00bb Karim Rashid (<a href=\"http:\/\/www.karimrashid.com\">http:\/\/www.karimrashid.com<\/a>)<\/p>\n\n\n\n<figure class=\"wp-block-image\"><img loading=\"lazy\" decoding=\"async\" width=\"1024\" height=\"710\" src=\"http:\/\/lignesauto.fr\/wp-content\/uploads\/2019\/07\/1-1024x710.png\" alt=\"\" class=\"wp-image-11346\" srcset=\"https:\/\/lignesauto.fr\/wp-content\/uploads\/2019\/07\/1-1024x710.png 1024w, https:\/\/lignesauto.fr\/wp-content\/uploads\/2019\/07\/1-300x208.png 300w, https:\/\/lignesauto.fr\/wp-content\/uploads\/2019\/07\/1-768x532.png 768w, https:\/\/lignesauto.fr\/wp-content\/uploads\/2019\/07\/1-370x256.png 370w, https:\/\/lignesauto.fr\/wp-content\/uploads\/2019\/07\/1-1040x721.png 1040w, https:\/\/lignesauto.fr\/wp-content\/uploads\/2019\/07\/1.png 1417w\" sizes=\"(max-width: 1024px) 100vw, 1024px\" \/><\/figure>\n\n\n\n<p>\u00ab&nbsp;Les cr\u00e9ations de Karim Rashid concernent des produits aussi divers que des produits de luxe pour Christofle, Veuve Clicquot et Alessi ou des produits plus accessibles pour Umbra, Bobble et 3M. Karim Rashid, ce sont aussi des meubles pour Bonaldo et Vondom, des \u00e9clairages pour Artemide et Fontana Arte, des produits high-tech pour Asus et Samsung, des marques pour Citibank et Sony Ericsson, des emballages pour Method, Paris Baguette, Kenzo et Hugo Boss.&nbsp;\u00bb<\/p>\n\n\n\n<figure class=\"wp-block-image\"><img loading=\"lazy\" decoding=\"async\" width=\"1024\" height=\"755\" src=\"http:\/\/lignesauto.fr\/wp-content\/uploads\/2019\/07\/2-1024x755.png\" alt=\"\" class=\"wp-image-11347\" srcset=\"https:\/\/lignesauto.fr\/wp-content\/uploads\/2019\/07\/2-1024x755.png 1024w, https:\/\/lignesauto.fr\/wp-content\/uploads\/2019\/07\/2-300x221.png 300w, https:\/\/lignesauto.fr\/wp-content\/uploads\/2019\/07\/2-768x566.png 768w, https:\/\/lignesauto.fr\/wp-content\/uploads\/2019\/07\/2-370x273.png 370w, https:\/\/lignesauto.fr\/wp-content\/uploads\/2019\/07\/2-1040x767.png 1040w, https:\/\/lignesauto.fr\/wp-content\/uploads\/2019\/07\/2.png 1417w\" sizes=\"(max-width: 1024px) 100vw, 1024px\" \/><\/figure>\n\n\n\n<p>\u00ab&nbsp;La touche de Karim s&#8217;\u00e9tend au-del\u00e0 du produit et s&#8217;\u00e9tend \u00e0 des int\u00e9rieurs tels que le restaurant Morimoto \u00e0 Philadelphie, l&#8217;h\u00f4tel Semiramis \u00e0 Ath\u00e8nes, l&#8217;h\u00f4tel nhow \u00e0 Berlin, la station de m\u00e9tro Universita \u00e0 Naples, ainsi que la conception des expositions pour Deutsche Bank et&#8230; Audi.&nbsp;\u00bb<\/p>\n\n\n\n<figure class=\"wp-block-image\"><img loading=\"lazy\" decoding=\"async\" width=\"1024\" height=\"640\" src=\"http:\/\/lignesauto.fr\/wp-content\/uploads\/2019\/07\/6-1024x640.png\" alt=\"\" class=\"wp-image-11349\" srcset=\"https:\/\/lignesauto.fr\/wp-content\/uploads\/2019\/07\/6-1024x640.png 1024w, https:\/\/lignesauto.fr\/wp-content\/uploads\/2019\/07\/6-300x187.png 300w, https:\/\/lignesauto.fr\/wp-content\/uploads\/2019\/07\/6-768x480.png 768w, https:\/\/lignesauto.fr\/wp-content\/uploads\/2019\/07\/6-370x231.png 370w, https:\/\/lignesauto.fr\/wp-content\/uploads\/2019\/07\/6-1040x650.png 1040w, https:\/\/lignesauto.fr\/wp-content\/uploads\/2019\/07\/6.png 1417w\" sizes=\"(max-width: 1024px) 100vw, 1024px\" \/><\/figure>\n\n\n\n<p>Voil\u00e0 enfin un nom d\u2019un constructeur automobile, mais il n\u2019est pas encore question de \u00ab&nbsp;couleurs et mati\u00e8res&nbsp;\u00bb pour nos voitures. Et c\u2019est assez \u00e9trange qu\u2019un tel designer n\u2019ait pas \u00e9t\u00e9 consult\u00e9 par des constructeurs. Pas que l\u2019on sache en tous les cas.&nbsp;<\/p>\n\n\n\n<figure class=\"wp-block-image\"><img loading=\"lazy\" decoding=\"async\" width=\"1024\" height=\"723\" src=\"http:\/\/lignesauto.fr\/wp-content\/uploads\/2019\/07\/8-1024x723.png\" alt=\"\" class=\"wp-image-11351\" srcset=\"https:\/\/lignesauto.fr\/wp-content\/uploads\/2019\/07\/8-1024x723.png 1024w, https:\/\/lignesauto.fr\/wp-content\/uploads\/2019\/07\/8-300x212.png 300w, https:\/\/lignesauto.fr\/wp-content\/uploads\/2019\/07\/8-768x542.png 768w, https:\/\/lignesauto.fr\/wp-content\/uploads\/2019\/07\/8-370x261.png 370w, https:\/\/lignesauto.fr\/wp-content\/uploads\/2019\/07\/8-1040x734.png 1040w, https:\/\/lignesauto.fr\/wp-content\/uploads\/2019\/07\/8.png 1417w\" sizes=\"(max-width: 1024px) 100vw, 1024px\" \/><\/figure>\n\n\n\n<p>Aujourd\u2019hui, le d\u00e9partement des couleurs et mati\u00e8res prend parfois une dimension sup\u00e9rieure \u00e0 celle du design exter ou inter. Sans compter les IHM qu\u2019il faut int\u00e9grer \u00e0 bord, \u00e0 moins que ce ne soit d\u00e9sormais l\u2019inverse&nbsp;: dessiner autour des \u00e9crans et d\u2019un habitacle totalement repens\u00e9 pour la voiture de demain.<\/p>\n\n\n\n<figure class=\"wp-block-image\"><img loading=\"lazy\" decoding=\"async\" width=\"1024\" height=\"768\" src=\"http:\/\/lignesauto.fr\/wp-content\/uploads\/2019\/07\/LIGNESLOVEGROVE_00-1024x768.jpeg\" alt=\"\" class=\"wp-image-11363\" srcset=\"https:\/\/lignesauto.fr\/wp-content\/uploads\/2019\/07\/LIGNESLOVEGROVE_00-1024x768.jpeg 1024w, https:\/\/lignesauto.fr\/wp-content\/uploads\/2019\/07\/LIGNESLOVEGROVE_00-300x225.jpeg 300w, https:\/\/lignesauto.fr\/wp-content\/uploads\/2019\/07\/LIGNESLOVEGROVE_00-768x576.jpeg 768w, https:\/\/lignesauto.fr\/wp-content\/uploads\/2019\/07\/LIGNESLOVEGROVE_00-370x278.jpeg 370w, https:\/\/lignesauto.fr\/wp-content\/uploads\/2019\/07\/LIGNESLOVEGROVE_00-1040x780.jpeg 1040w, https:\/\/lignesauto.fr\/wp-content\/uploads\/2019\/07\/LIGNESLOVEGROVE_00.jpeg 1417w\" sizes=\"(max-width: 1024px) 100vw, 1024px\" \/><\/figure>\n\n\n\n<p>Et dans cet habitacle, mesdames et messieurs les designers, proposez-nous de la couleur, surprenez-nous par des ambiances nouvelles qui cassent les codes de l\u2019univers automobile.&nbsp;Le dernier concept-car en date qui nous a subjugu\u00e9 reste la Citro\u00ebn Hypnos avec son habitacle color\u00e9 que l&#8217;on doit \u00e0 Leghanne Earley pour le dessin et \u00e0 Fran\u00e7ois Duris pour le &#8220;color Twist&#8221;<\/p>\n\n\n\n<figure class=\"wp-block-image\"><img loading=\"lazy\" decoding=\"async\" width=\"1024\" height=\"681\" src=\"http:\/\/lignesauto.fr\/wp-content\/uploads\/2019\/07\/LIGNESHYPNOS_00-1024x681.jpg\" alt=\"\" class=\"wp-image-11353\" srcset=\"https:\/\/lignesauto.fr\/wp-content\/uploads\/2019\/07\/LIGNESHYPNOS_00-1024x681.jpg 1024w, https:\/\/lignesauto.fr\/wp-content\/uploads\/2019\/07\/LIGNESHYPNOS_00-300x200.jpg 300w, https:\/\/lignesauto.fr\/wp-content\/uploads\/2019\/07\/LIGNESHYPNOS_00-768x511.jpg 768w, https:\/\/lignesauto.fr\/wp-content\/uploads\/2019\/07\/LIGNESHYPNOS_00-370x246.jpg 370w, https:\/\/lignesauto.fr\/wp-content\/uploads\/2019\/07\/LIGNESHYPNOS_00-1040x692.jpg 1040w, https:\/\/lignesauto.fr\/wp-content\/uploads\/2019\/07\/LIGNESHYPNOS_00.jpg 1417w\" sizes=\"(max-width: 1024px) 100vw, 1024px\" \/><\/figure>\n\n\n\n<p>Aujourd\u2019hui, nous avons ce petit coup de c\u0153ur pour les travaux de Karim Rashid. Un architecte ou designer produit qui travaille pour l&#8217;univers automobile, ce n\u2019est pas nouveau. Citons, pour le design ext\u00e9rieur, les travaux du bureau de la regrett\u00e9e Zaha Hadid avec des propositions de petites urbaines assez d\u00e9routantes, o\u00f9 le bio-design \u00e9tait port\u00e9 \u00e0 son paroxysme (ci-dessous).<\/p>\n\n\n\n<figure class=\"wp-block-image\"><img loading=\"lazy\" decoding=\"async\" width=\"1024\" height=\"683\" src=\"http:\/\/lignesauto.fr\/wp-content\/uploads\/2019\/07\/ligneshadid-1024x683.jpg\" alt=\"\" class=\"wp-image-11352\" srcset=\"https:\/\/lignesauto.fr\/wp-content\/uploads\/2019\/07\/ligneshadid-1024x683.jpg 1024w, https:\/\/lignesauto.fr\/wp-content\/uploads\/2019\/07\/ligneshadid-300x200.jpg 300w, https:\/\/lignesauto.fr\/wp-content\/uploads\/2019\/07\/ligneshadid-768x512.jpg 768w, https:\/\/lignesauto.fr\/wp-content\/uploads\/2019\/07\/ligneshadid-370x247.jpg 370w, https:\/\/lignesauto.fr\/wp-content\/uploads\/2019\/07\/ligneshadid-1040x694.jpg 1040w, https:\/\/lignesauto.fr\/wp-content\/uploads\/2019\/07\/ligneshadid.jpg 1417w\" sizes=\"(max-width: 1024px) 100vw, 1024px\" \/><\/figure>\n\n\n\n<p>De grands constructeurs ont donc d\u00e9j\u00e0 consult\u00e9 des architectes ou designers de cet univers, comme chez Renault par exemple, que ce soit \u00e0 l\u2019\u00e9poque de Robert Opron avec Mario Bellini devenu consultant de 1978 \u00e0 1982 ou aujourd\u2019hui avec&nbsp;Tina Kentner qui travaille \u00e0 la direction Identit\u00e9 Groupe du Design  (<a href=\"https:\/\/group.renault.com\/actualites\/blog-renault\/une-architecte-au-service-du-design\/\">https:\/\/group.renault.com\/actualites\/blog-renault\/une-architecte-au-service-du-design\/<\/a>)<\/p>\n\n\n\n<figure class=\"wp-block-image\"><img loading=\"lazy\" decoding=\"async\" width=\"1024\" height=\"683\" src=\"http:\/\/lignesauto.fr\/wp-content\/uploads\/2019\/07\/LIGNESLOVEGROVE-1024x683.jpg\" alt=\"\" class=\"wp-image-11355\" srcset=\"https:\/\/lignesauto.fr\/wp-content\/uploads\/2019\/07\/LIGNESLOVEGROVE-1024x683.jpg 1024w, https:\/\/lignesauto.fr\/wp-content\/uploads\/2019\/07\/LIGNESLOVEGROVE-300x200.jpg 300w, https:\/\/lignesauto.fr\/wp-content\/uploads\/2019\/07\/LIGNESLOVEGROVE-768x512.jpg 768w, https:\/\/lignesauto.fr\/wp-content\/uploads\/2019\/07\/LIGNESLOVEGROVE-370x247.jpg 370w, https:\/\/lignesauto.fr\/wp-content\/uploads\/2019\/07\/LIGNESLOVEGROVE-1040x694.jpg 1040w, https:\/\/lignesauto.fr\/wp-content\/uploads\/2019\/07\/LIGNESLOVEGROVE.jpg 1417w\" sizes=\"(max-width: 1024px) 100vw, 1024px\" \/><\/figure>\n\n\n\n<p>Sans oublier les travaux men\u00e9s par Ross Lovegrove sur le concept-car Twin\u2019z de 2013 (ci-dessus au volant avec Laurens van den Acker, patron du design Renault) o\u00f9 les univers de l\u2019automobile et du mobilier \u00e9taient r\u00e9unis pour anticiper la Twingo de s\u00e9rie&#8230;<\/p>\n\n\n\n<figure class=\"wp-block-image\"><img loading=\"lazy\" decoding=\"async\" width=\"1024\" height=\"780\" src=\"http:\/\/lignesauto.fr\/wp-content\/uploads\/2019\/07\/LIGNESCOLORE-1024x780.jpg\" alt=\"\" class=\"wp-image-11356\" srcset=\"https:\/\/lignesauto.fr\/wp-content\/uploads\/2019\/07\/LIGNESCOLORE-1024x780.jpg 1024w, https:\/\/lignesauto.fr\/wp-content\/uploads\/2019\/07\/LIGNESCOLORE-300x229.jpg 300w, https:\/\/lignesauto.fr\/wp-content\/uploads\/2019\/07\/LIGNESCOLORE-768x585.jpg 768w, https:\/\/lignesauto.fr\/wp-content\/uploads\/2019\/07\/LIGNESCOLORE-370x282.jpg 370w, https:\/\/lignesauto.fr\/wp-content\/uploads\/2019\/07\/LIGNESCOLORE-1040x793.jpg 1040w, https:\/\/lignesauto.fr\/wp-content\/uploads\/2019\/07\/LIGNESCOLORE.jpg 1417w\" sizes=\"(max-width: 1024px) 100vw, 1024px\" \/><\/figure>\n\n\n\n<p>Pourquoi ne pas faire intervenir de telles personnalit\u00e9s pour le th\u00e8me des mati\u00e8res et couleurs&#8230; en s\u00e9rie&nbsp;? Les ann\u00e9es 1970 \u00e9taient celles des bagnoles aux couleurs chatoyantes, parfois \u00e0 l\u2019exc\u00e8s (ci-dessus). M\u00eame &#8211; et surtout&nbsp;! &#8211; les voitures Allemandes proposaient des teintes color\u00e9es qui \u00e9gayaient le paysage automobile. Jaune, verte, rouge, pourpre, la voiture d\u2019hier osait tout. Et son ou sa conductrice aussi&nbsp;!<\/p>\n\n\n\n<figure class=\"wp-block-image\"><img loading=\"lazy\" decoding=\"async\" width=\"1024\" height=\"543\" src=\"http:\/\/lignesauto.fr\/wp-content\/uploads\/2019\/07\/LIGNESCHEMIN-1024x543.jpg\" alt=\"\" class=\"wp-image-11359\" srcset=\"https:\/\/lignesauto.fr\/wp-content\/uploads\/2019\/07\/LIGNESCHEMIN-1024x543.jpg 1024w, https:\/\/lignesauto.fr\/wp-content\/uploads\/2019\/07\/LIGNESCHEMIN-300x159.jpg 300w, https:\/\/lignesauto.fr\/wp-content\/uploads\/2019\/07\/LIGNESCHEMIN-768x408.jpg 768w, https:\/\/lignesauto.fr\/wp-content\/uploads\/2019\/07\/LIGNESCHEMIN-370x196.jpg 370w, https:\/\/lignesauto.fr\/wp-content\/uploads\/2019\/07\/LIGNESCHEMIN-1040x552.jpg 1040w, https:\/\/lignesauto.fr\/wp-content\/uploads\/2019\/07\/LIGNESCHEMIN.jpg 1417w\" sizes=\"(max-width: 1024px) 100vw, 1024px\" \/><figcaption><em>La Mustang dans une situation d\u00e9licate dans le film &#8220;La Cur\u00e9e&#8221; de Roger Vadim.<\/em><br><em>Mais une Mustang ROUGE !<\/em><\/figcaption><\/figure>\n\n\n\n<p>Depuis, une certaine \u00e9l\u00e9gance a repris le dessus en minimisant les touches de couleurs \u00e0 bord. Une tendance durable&nbsp;? Le design int\u00e9rieur de l\u2019habitat ayant suivi cette tendance \u00e9pur\u00e9e, nul doute que l\u2019excentricit\u00e9 sera bannie du design int\u00e9rieur automobile pour longtemps. Alors quel constructeur osera casser ces codes-l\u00e0&nbsp;?<\/p>\n\n\n\n<figure class=\"wp-block-image\"><img loading=\"lazy\" decoding=\"async\" width=\"1024\" height=\"655\" src=\"http:\/\/lignesauto.fr\/wp-content\/uploads\/2019\/07\/A1814515_large-1024x655.jpg\" alt=\"\" class=\"wp-image-11361\" srcset=\"https:\/\/lignesauto.fr\/wp-content\/uploads\/2019\/07\/A1814515_large-1024x655.jpg 1024w, https:\/\/lignesauto.fr\/wp-content\/uploads\/2019\/07\/A1814515_large-300x192.jpg 300w, https:\/\/lignesauto.fr\/wp-content\/uploads\/2019\/07\/A1814515_large-768x492.jpg 768w, https:\/\/lignesauto.fr\/wp-content\/uploads\/2019\/07\/A1814515_large-370x237.jpg 370w, https:\/\/lignesauto.fr\/wp-content\/uploads\/2019\/07\/A1814515_large-1040x666.jpg 1040w, https:\/\/lignesauto.fr\/wp-content\/uploads\/2019\/07\/A1814515_large.jpg 1417w\" sizes=\"(max-width: 1024px) 100vw, 1024px\" \/><figcaption>Vous saturez avec le design int\u00e9rieur Techno rigide et froid, gris et gris fonc\u00e9 ?<br>Osons poussez les curseurs de la couleur !<\/figcaption><\/figure>\n\n\n\n<p><strong>OUI : osons pousser les curseurs de la couleur !<\/strong><\/p>\n\n\n\n<figure class=\"wp-block-image is-resized\"><img loading=\"lazy\" decoding=\"async\" src=\"http:\/\/lignesauto.fr\/wp-content\/uploads\/2019\/06\/LOGOActus-1024x367.jpg\" alt=\"L\u2019attribut alt de cette image est vide, son nom de fichier est LOGOActus-1024x367.jpg.\" width=\"320\" height=\"114\"\/><\/figure>\n","protected":false},"excerpt":{"rendered":"<p>\u00ab&nbsp;Pendant longtemps, le design n\u2019a exist\u00e9 que pour l\u2019\u00e9lite. J\u2019ai travaill\u00e9 dur pendant les 20 derni\u00e8res ann\u00e9es pour faire du design un sujet public.&nbsp;\u00bb Karim Rashid (http:\/\/www.karimrashid.com) \u00ab&nbsp;Les cr\u00e9ations de Karim Rashid concernent des produits aussi divers que des produits de luxe pour Christofle, Veuve Clicquot et Alessi ou des [&hellip;]<\/p>\n","protected":false},"author":1,"featured_media":11347,"comment_status":"open","ping_status":"open","sticky":false,"template":"","format":"standard","meta":{"footnotes":""},"categories":[1],"tags":[],"_links":{"self":[{"href":"https:\/\/lignesauto.fr\/index.php?rest_route=\/wp\/v2\/posts\/11357"}],"collection":[{"href":"https:\/\/lignesauto.fr\/index.php?rest_route=\/wp\/v2\/posts"}],"about":[{"href":"https:\/\/lignesauto.fr\/index.php?rest_route=\/wp\/v2\/types\/post"}],"author":[{"embeddable":true,"href":"https:\/\/lignesauto.fr\/index.php?rest_route=\/wp\/v2\/users\/1"}],"replies":[{"embeddable":true,"href":"https:\/\/lignesauto.fr\/index.php?rest_route=%2Fwp%2Fv2%2Fcomments&post=11357"}],"version-history":[{"count":11,"href":"https:\/\/lignesauto.fr\/index.php?rest_route=\/wp\/v2\/posts\/11357\/revisions"}],"predecessor-version":[{"id":11379,"href":"https:\/\/lignesauto.fr\/index.php?rest_route=\/wp\/v2\/posts\/11357\/revisions\/11379"}],"wp:featuredmedia":[{"embeddable":true,"href":"https:\/\/lignesauto.fr\/index.php?rest_route=\/wp\/v2\/media\/11347"}],"wp:attachment":[{"href":"https:\/\/lignesauto.fr\/index.php?rest_route=%2Fwp%2Fv2%2Fmedia&parent=11357"}],"wp:term":[{"taxonomy":"category","embeddable":true,"href":"https:\/\/lignesauto.fr\/index.php?rest_route=%2Fwp%2Fv2%2Fcategories&post=11357"},{"taxonomy":"post_tag","embeddable":true,"href":"https:\/\/lignesauto.fr\/index.php?rest_route=%2Fwp%2Fv2%2Ftags&post=11357"}],"curies":[{"name":"wp","href":"https:\/\/api.w.org\/{rel}","templated":true}]}}