{"id":11380,"date":"2019-07-09T17:49:00","date_gmt":"2019-07-09T15:49:00","guid":{"rendered":"http:\/\/lignesauto.fr\/?p=11380"},"modified":"2019-07-09T17:49:00","modified_gmt":"2019-07-09T15:49:00","slug":"1974-2019-la-golf-a-45-ans-et-giugiaro-nous-raconte","status":"publish","type":"post","link":"https:\/\/lignesauto.fr\/?p=11380","title":{"rendered":"1974 &#8211; 2019 : la Golf a 45 ans et Giugiaro nous raconte !"},"content":{"rendered":"\n<figure class=\"wp-block-image is-resized\"><img loading=\"lazy\" decoding=\"async\" src=\"http:\/\/lignesauto.fr\/wp-content\/uploads\/2018\/10\/LOGOArchives_BD-300x108.jpg\" alt=\"\" class=\"wp-image-4925\" width=\"356\" height=\"129\" srcset=\"https:\/\/lignesauto.fr\/wp-content\/uploads\/2018\/10\/LOGOArchives_BD-300x108.jpg 300w, https:\/\/lignesauto.fr\/wp-content\/uploads\/2018\/10\/LOGOArchives_BD-768x276.jpg 768w, https:\/\/lignesauto.fr\/wp-content\/uploads\/2018\/10\/LOGOArchives_BD-1024x367.jpg 1024w, https:\/\/lignesauto.fr\/wp-content\/uploads\/2018\/10\/LOGOArchives_BD-370x133.jpg 370w, https:\/\/lignesauto.fr\/wp-content\/uploads\/2018\/10\/LOGOArchives_BD-1040x373.jpg 1040w, https:\/\/lignesauto.fr\/wp-content\/uploads\/2018\/10\/LOGOArchives_BD.jpg 1240w\" sizes=\"(max-width: 356px) 100vw, 356px\" \/><\/figure>\n\n\n\n<p>Giugiaro nous a r\u00e9v\u00e9l\u00e9 lors d\u2019une interview dans LIGNES\/auto version papier les petits secrets d\u2019une gen\u00e8se qui a bien failli tourner au fiasco !<\/p>\n\n\n\n<figure class=\"wp-block-image is-resized\"><img loading=\"lazy\" decoding=\"async\" src=\"http:\/\/lignesauto.fr\/wp-content\/uploads\/2019\/07\/0-1024x477.png\" alt=\"\" class=\"wp-image-11381\" width=\"871\" height=\"405\" srcset=\"https:\/\/lignesauto.fr\/wp-content\/uploads\/2019\/07\/0-1024x477.png 1024w, https:\/\/lignesauto.fr\/wp-content\/uploads\/2019\/07\/0-300x140.png 300w, https:\/\/lignesauto.fr\/wp-content\/uploads\/2019\/07\/0-768x358.png 768w, https:\/\/lignesauto.fr\/wp-content\/uploads\/2019\/07\/0-370x172.png 370w, https:\/\/lignesauto.fr\/wp-content\/uploads\/2019\/07\/0-1040x485.png 1040w\" sizes=\"(max-width: 871px) 100vw, 871px\" \/><\/figure>\n\n\n\n<p><em>\u00ab Le projet de la Golf est n\u00e9 \u00e0 la fin des ann\u00e9es 1960. Un groupe d\u2019ing\u00e9nieurs de Volkswagen accompagn\u00e9 par l\u2019importateur italien sont venus au salon de Turin en 1969 et, en d\u00e9cembre, le groupe me t\u00e9l\u00e9phone et me dit que VW me demande de concevoir une voiture capable de remplacer la Coccinelle.<\/em>&#8221; A cette \u00e9poque, Italdesign existait depuis peu (1968) et venait de terminer le projet de l&#8217;Alfasud pour Alfa Romeo&#8230;<\/p>\n\n\n\n<figure class=\"wp-block-image is-resized\"><img loading=\"lazy\" decoding=\"async\" src=\"http:\/\/lignesauto.fr\/wp-content\/uploads\/2019\/07\/LIGNESAUTOCOX_99-1024x797.jpg\" alt=\"\" class=\"wp-image-11398\" width=\"868\" height=\"675\" srcset=\"https:\/\/lignesauto.fr\/wp-content\/uploads\/2019\/07\/LIGNESAUTOCOX_99-1024x797.jpg 1024w, https:\/\/lignesauto.fr\/wp-content\/uploads\/2019\/07\/LIGNESAUTOCOX_99-300x234.jpg 300w, https:\/\/lignesauto.fr\/wp-content\/uploads\/2019\/07\/LIGNESAUTOCOX_99-768x598.jpg 768w, https:\/\/lignesauto.fr\/wp-content\/uploads\/2019\/07\/LIGNESAUTOCOX_99-370x288.jpg 370w, https:\/\/lignesauto.fr\/wp-content\/uploads\/2019\/07\/LIGNESAUTOCOX_99-1040x810.jpg 1040w, https:\/\/lignesauto.fr\/wp-content\/uploads\/2019\/07\/LIGNESAUTOCOX_99.jpg 1417w\" sizes=\"(max-width: 868px) 100vw, 868px\" \/><\/figure>\n\n\n\n<p><em>\u00c9videmment, je suis ravi et le 1<sup>er<\/sup>&nbsp;janvier 1970, je suis \u00e0 Wolfsburg o\u00f9 les dirigeants m\u2019annoncent en fait qu\u2019ils d\u00e9sirent que Ital Design travaille sur toute une gamme de mod\u00e8les et pas seulement une seule ! J\u2019\u00e9tais compl\u00e8tement sid\u00e9r\u00e9, j\u2019avais une forme de respect profond pour ces gens de Volkswagen mais je trouvais incroyable qu\u2019ils me confient autant de projets. J\u2019ai par la suite demand\u00e9 \u00e0 l\u2018importateur VW en Italie pourquoi VW m\u2019avait choisi plut\u00f4t que Bertone ou Pininfarina. Il m\u2019a r\u00e9pondu que pendant leur tour du salon de Turin en 1969, sur les six voitures qu\u2019ils avaient s\u00e9lectionn\u00e9es, quatre avaient \u00e9t\u00e9 dessin\u00e9es par mes soins. Le directeur g\u00e9n\u00e9ral de VW a pens\u00e9 que si, sur six voitures, quatre avaient \u00e9t\u00e9 con\u00e7ues et dessin\u00e9es par Giugiaro, VW serait tranquille : Ital Design trouverait forc\u00e9ment la bonne solution ! Ce qui est compl\u00e8tement fou, c\u2019est qu\u2019ils voulaient signer avec moi un contrat de dix ans\u2026&nbsp;\u00bb<\/em><\/p>\n\n\n\n<figure class=\"wp-block-image is-resized\"><img loading=\"lazy\" decoding=\"async\" src=\"http:\/\/lignesauto.fr\/wp-content\/uploads\/2019\/07\/LIGNESGIUGIARO_100-1024x888.png\" alt=\"\" class=\"wp-image-11399\" width=\"838\" height=\"726\" srcset=\"https:\/\/lignesauto.fr\/wp-content\/uploads\/2019\/07\/LIGNESGIUGIARO_100-1024x888.png 1024w, https:\/\/lignesauto.fr\/wp-content\/uploads\/2019\/07\/LIGNESGIUGIARO_100-300x260.png 300w, https:\/\/lignesauto.fr\/wp-content\/uploads\/2019\/07\/LIGNESGIUGIARO_100-768x666.png 768w, https:\/\/lignesauto.fr\/wp-content\/uploads\/2019\/07\/LIGNESGIUGIARO_100-370x321.png 370w, https:\/\/lignesauto.fr\/wp-content\/uploads\/2019\/07\/LIGNESGIUGIARO_100-1040x902.png 1040w, https:\/\/lignesauto.fr\/wp-content\/uploads\/2019\/07\/LIGNESGIUGIARO_100.png 1417w\" sizes=\"(max-width: 838px) 100vw, 838px\" \/><\/figure>\n\n\n\n<p><em>\u00ab&nbsp;Nous nous sommes mis au travail tr\u00e8s rapidement et au mois de mai, nous pr\u00e9sentons d\u2019abord la Passat puis en ao\u00fbt, j\u2019ai pr\u00e9sent\u00e9 la Golf. Je me souviens que les dirigeants de VW venaient ici, d\u2019Allemagne, pour voir le prototype mais \u00e0 ce moment-l\u00e0, les dirigeants n\u2019\u00e9taient plus ceux avec lesquels j\u2019avais eu mes premi\u00e8res discussions. L\u00e0, je me suis dit que tout \u00e9tait fichu ; j\u2019ai appel\u00e9 Mantovani pour lui dire que son contrat de dix ans, c\u2019\u00e9tait termin\u00e9 ! En fait, l\u2019un des nouveaux dirigeants de VW venait de chez Audi. Il voulait que la Passat repose sur une plate-forme d\u2019Audi et il d\u00e9sirait aussi lancer l\u2019Audi 50 plut\u00f4t que la Golf\u2026&#8221;<\/em><\/p>\n\n\n\n<figure class=\"wp-block-image is-resized\"><img loading=\"lazy\" decoding=\"async\" src=\"http:\/\/lignesauto.fr\/wp-content\/uploads\/2019\/07\/LIGNESautoAudi50-1024x768.jpg\" alt=\"\" class=\"wp-image-11396\" width=\"851\" height=\"638\" srcset=\"https:\/\/lignesauto.fr\/wp-content\/uploads\/2019\/07\/LIGNESautoAudi50-1024x768.jpg 1024w, https:\/\/lignesauto.fr\/wp-content\/uploads\/2019\/07\/LIGNESautoAudi50-300x225.jpg 300w, https:\/\/lignesauto.fr\/wp-content\/uploads\/2019\/07\/LIGNESautoAudi50-768x576.jpg 768w, https:\/\/lignesauto.fr\/wp-content\/uploads\/2019\/07\/LIGNESautoAudi50-370x278.jpg 370w, https:\/\/lignesauto.fr\/wp-content\/uploads\/2019\/07\/LIGNESautoAudi50-1040x780.jpg 1040w, https:\/\/lignesauto.fr\/wp-content\/uploads\/2019\/07\/LIGNESautoAudi50.jpg 1417w\" sizes=\"(max-width: 851px) 100vw, 851px\" \/><\/figure>\n\n\n\n<p>&#8220;<em>D\u2019ailleurs, notre Golf ne lui plaisait pas, il ne la comprenait pas mais la situation industrielle \u00e9tait tellement mauvaise que les actionnaires ont d\u00e9cid\u00e9 d\u2019aller de l\u2019avant et de produire notre projet. Le patron n\u2019\u00e9tait pas content mais il a bien \u00e9t\u00e9 oblig\u00e9 de respecter les actionnaires. Nous \u00e9tions sauv\u00e9s ! \u00bb<\/em><\/p>\n\n\n\n<figure class=\"wp-block-image is-resized\"><img loading=\"lazy\" decoding=\"async\" src=\"http:\/\/lignesauto.fr\/wp-content\/uploads\/2019\/07\/7-1-1024x522.png\" alt=\"\" class=\"wp-image-11384\" width=\"850\" height=\"433\" srcset=\"https:\/\/lignesauto.fr\/wp-content\/uploads\/2019\/07\/7-1-1024x522.png 1024w, https:\/\/lignesauto.fr\/wp-content\/uploads\/2019\/07\/7-1-300x153.png 300w, https:\/\/lignesauto.fr\/wp-content\/uploads\/2019\/07\/7-1-768x392.png 768w, https:\/\/lignesauto.fr\/wp-content\/uploads\/2019\/07\/7-1-370x189.png 370w, https:\/\/lignesauto.fr\/wp-content\/uploads\/2019\/07\/7-1-1040x531.png 1040w, https:\/\/lignesauto.fr\/wp-content\/uploads\/2019\/07\/7-1.png 1417w\" sizes=\"(max-width: 850px) 100vw, 850px\" \/><\/figure>\n\n\n\n<p>Si la pr\u00e9sidence de l\u2019\u00e9poque ne sentait pas la Golf, Giorgetto Giugiaro, lui, y croyait&nbsp;: <em>\u00ab Moi j\u2019\u00e9tais tranquille car je me basais sur mon instinct\u2026 \u00bb<\/em>&nbsp;Apr\u00e8s la Golf, les relations avec VW furent moins productives.&nbsp;<em>\u00ab Il n\u2019y a pas eu de suite. Nous avons juste collabor\u00e9 sur un prototype jusqu\u2019aux lignes de montage. Nous avons aussi r\u00e9alis\u00e9 l\u2019Audi 80, mais plus avec cette volont\u00e9 de dynamisme qui animait l\u2019ancienne direction. Puis VW a cr\u00e9\u00e9 son propre bureau de style, Audi \u00e9galement\u2026 \u00bb<\/em><\/p>\n\n\n\n<figure class=\"wp-block-image is-resized\"><img loading=\"lazy\" decoding=\"async\" src=\"http:\/\/lignesauto.fr\/wp-content\/uploads\/2019\/07\/6-1-1024x594.png\" alt=\"\" class=\"wp-image-11383\" width=\"862\" height=\"499\" srcset=\"https:\/\/lignesauto.fr\/wp-content\/uploads\/2019\/07\/6-1-1024x594.png 1024w, https:\/\/lignesauto.fr\/wp-content\/uploads\/2019\/07\/6-1-300x174.png 300w, https:\/\/lignesauto.fr\/wp-content\/uploads\/2019\/07\/6-1-768x446.png 768w, https:\/\/lignesauto.fr\/wp-content\/uploads\/2019\/07\/6-1-370x215.png 370w, https:\/\/lignesauto.fr\/wp-content\/uploads\/2019\/07\/6-1-1040x603.png 1040w, https:\/\/lignesauto.fr\/wp-content\/uploads\/2019\/07\/6-1.png 1417w\" sizes=\"(max-width: 862px) 100vw, 862px\" \/><\/figure>\n\n\n\n<p>Il y a cinq ans, pour les 40 ans de son joyau, Volkswagen c\u00e9l\u00e9brait l&#8217;anniversaire de la Golf Golf : &#8220;la voiture europ\u00e9enne la plus populaire de tous les temps : la Golf. \u00c0 ce jour, plus de 30 millions d\u2019exemplaires en ont \u00e9t\u00e9 vendus \u00e0 travers le monde. La Golf a toujours refl\u00e9t\u00e9 les avanc\u00e9es technologiques de son \u00e9poque.&#8221;<\/p>\n\n\n\n<figure class=\"wp-block-image is-resized\"><img loading=\"lazy\" decoding=\"async\" src=\"http:\/\/lignesauto.fr\/wp-content\/uploads\/2019\/07\/9-1024x653.png\" alt=\"\" class=\"wp-image-11386\" width=\"852\" height=\"543\" srcset=\"https:\/\/lignesauto.fr\/wp-content\/uploads\/2019\/07\/9-1024x653.png 1024w, https:\/\/lignesauto.fr\/wp-content\/uploads\/2019\/07\/9-300x191.png 300w, https:\/\/lignesauto.fr\/wp-content\/uploads\/2019\/07\/9-768x489.png 768w, https:\/\/lignesauto.fr\/wp-content\/uploads\/2019\/07\/9-370x236.png 370w, https:\/\/lignesauto.fr\/wp-content\/uploads\/2019\/07\/9-1040x663.png 1040w, https:\/\/lignesauto.fr\/wp-content\/uploads\/2019\/07\/9.png 1417w\" sizes=\"(max-width: 852px) 100vw, 852px\" \/><\/figure>\n\n\n\n<p>&#8220;Moteur turbo, moteur \u00e0 injection directe, moteur \u00e9lectrique, hybride rechargeable, technologies ABS, ESC, XDS ou 4MOTION, r\u00e9gulateur de vitesse adaptatif, freinage d\u2019urgence en ville, stabilisateur de remorque ou freinage multicollision, la liste est longue des innovations technologiques d\u00e9mocratis\u00e9es par la Golf, sans oublier la climatisation automatique, le syst\u00e8me Dynaudio, l\u2019\u00e9cran tactile \u00e0 capteur de proximit\u00e9, les phares \u00e0 LED, les finitions Trendline, Comfortline et Highline ou encore les d\u00e9clinaisons GTI, GTD ou GTE.&#8221;<\/p>\n\n\n\n<figure class=\"wp-block-image is-resized\"><img loading=\"lazy\" decoding=\"async\" src=\"http:\/\/lignesauto.fr\/wp-content\/uploads\/2019\/07\/15-1024x619.jpg\" alt=\"\" class=\"wp-image-11392\" width=\"854\" height=\"516\" srcset=\"https:\/\/lignesauto.fr\/wp-content\/uploads\/2019\/07\/15-1024x619.jpg 1024w, https:\/\/lignesauto.fr\/wp-content\/uploads\/2019\/07\/15-300x181.jpg 300w, https:\/\/lignesauto.fr\/wp-content\/uploads\/2019\/07\/15-768x464.jpg 768w, https:\/\/lignesauto.fr\/wp-content\/uploads\/2019\/07\/15-370x224.jpg 370w, https:\/\/lignesauto.fr\/wp-content\/uploads\/2019\/07\/15-1040x629.jpg 1040w, https:\/\/lignesauto.fr\/wp-content\/uploads\/2019\/07\/15.jpg 1417w\" sizes=\"(max-width: 854px) 100vw, 854px\" \/><figcaption>D\u00e9j\u00e0 l\u00e9gendaire et finalement, totalement timbr\u00e9e la nouvelle Golf !<\/figcaption><\/figure>\n\n\n\n<p>&#8220;La toute premi\u00e8re Golf est sortie des lignes de montage de Wolfsburg le 29 mars 1974. Elle est arriv\u00e9e en mai chez les concessionnaires. \u00c0 une \u00e9poque o\u00f9 la Coccinelle occupait le devant de la sc\u00e8ne, avec son moteur arri\u00e8re et sa transmission aux roues arri\u00e8re, une \u00e8re nouvelle s\u2019ouvrait : celle du moteur \u00e0 l\u2019avant en position transversale et de la transmission aux roues avant. Cette transition avait \u00e9t\u00e9 initi\u00e9e peu de temps auparavant par le coup\u00e9 Scirocco et par la berline Passat pr\u00e9sent\u00e9e en 1973, la premi\u00e8re Volkswagen \u00e0 traction apr\u00e8s le K70 h\u00e9rit\u00e9 de NSU.&#8221;<\/p>\n\n\n\n<figure class=\"wp-block-image is-resized\"><img loading=\"lazy\" decoding=\"async\" src=\"http:\/\/lignesauto.fr\/wp-content\/uploads\/2019\/07\/13-1024x702.jpg\" alt=\"\" class=\"wp-image-11390\" width=\"883\" height=\"605\" srcset=\"https:\/\/lignesauto.fr\/wp-content\/uploads\/2019\/07\/13-1024x702.jpg 1024w, https:\/\/lignesauto.fr\/wp-content\/uploads\/2019\/07\/13-300x206.jpg 300w, https:\/\/lignesauto.fr\/wp-content\/uploads\/2019\/07\/13-768x527.jpg 768w, https:\/\/lignesauto.fr\/wp-content\/uploads\/2019\/07\/13-370x254.jpg 370w, https:\/\/lignesauto.fr\/wp-content\/uploads\/2019\/07\/13-1040x713.jpg 1040w, https:\/\/lignesauto.fr\/wp-content\/uploads\/2019\/07\/13.jpg 1417w\" sizes=\"(max-width: 883px) 100vw, 883px\" \/><figcaption> Giorgetto Giugiaro signe une miniature Golf en pr\u00e9sence d&#8217;Anton Konrad et Herbert Schuster qui ne sont pas pour rien dans le d\u00e9veloppement technique de la GTI notamment.<\/figcaption><\/figure>\n\n\n\n<p>&#8220;Dessin\u00e9e par Giorgetto Giugiaro, la Golf avait pour lourde t\u00e2che d\u2019assurer la succession de la Coccinelle, le mod\u00e8le le plus populaire de l\u2019histoire automobile avec plus de 21,5 millions d\u2019exemplaires vendus. Pari tenu : avec sa transmission s\u00fbre et moderne, une excellente habitabilit\u00e9 et un design attrayant, la Golf put f\u00eater son millioni\u00e8me exemplaire d\u00e8s le mois d\u2019octobre 1976.&#8221;<\/p>\n\n\n\n<figure class=\"wp-block-image is-resized\"><img loading=\"lazy\" decoding=\"async\" src=\"http:\/\/lignesauto.fr\/wp-content\/uploads\/2019\/07\/8-1-1024x650.png\" alt=\"\" class=\"wp-image-11385\" width=\"875\" height=\"555\" srcset=\"https:\/\/lignesauto.fr\/wp-content\/uploads\/2019\/07\/8-1-1024x650.png 1024w, https:\/\/lignesauto.fr\/wp-content\/uploads\/2019\/07\/8-1-300x191.png 300w, https:\/\/lignesauto.fr\/wp-content\/uploads\/2019\/07\/8-1-768x488.png 768w, https:\/\/lignesauto.fr\/wp-content\/uploads\/2019\/07\/8-1-370x235.png 370w, https:\/\/lignesauto.fr\/wp-content\/uploads\/2019\/07\/8-1-1040x661.png 1040w, https:\/\/lignesauto.fr\/wp-content\/uploads\/2019\/07\/8-1.png 1417w\" sizes=\"(max-width: 875px) 100vw, 875px\" \/><\/figure>\n\n\n\n<p>&#8220;La Golf premi\u00e8re g\u00e9n\u00e9ration refl\u00e9tait les derni\u00e8res avanc\u00e9es technologiques et les tendances automobiles de son \u00e9poque. La premi\u00e8re Golf GTI (1976) contribua \u00e0 dynamiser ce segment. De m\u00eame, la Golf D (diesel \u00e0 aspiration naturelle, 1976) et, plus tard, la Golf GTD (turbodiesel, 1982) particip\u00e8rent \u00e0 imposer le diesel sur le segment des compactes.&#8221;<\/p>\n\n\n\n<figure class=\"wp-block-image is-resized\"><img loading=\"lazy\" decoding=\"async\" src=\"http:\/\/lignesauto.fr\/wp-content\/uploads\/2019\/07\/11-1024x614.png\" alt=\"\" class=\"wp-image-11388\" width=\"906\" height=\"543\" srcset=\"https:\/\/lignesauto.fr\/wp-content\/uploads\/2019\/07\/11-1024x614.png 1024w, https:\/\/lignesauto.fr\/wp-content\/uploads\/2019\/07\/11-300x180.png 300w, https:\/\/lignesauto.fr\/wp-content\/uploads\/2019\/07\/11-768x461.png 768w, https:\/\/lignesauto.fr\/wp-content\/uploads\/2019\/07\/11-370x222.png 370w, https:\/\/lignesauto.fr\/wp-content\/uploads\/2019\/07\/11-1040x624.png 1040w, https:\/\/lignesauto.fr\/wp-content\/uploads\/2019\/07\/11.png 1417w\" sizes=\"(max-width: 906px) 100vw, 906px\" \/><\/figure>\n\n\n\n<p>&#8220;En 1979, Volkswagen lan\u00e7a sur le march\u00e9 la Golf Cabriolet, la d\u00e9capotable la plus vendue au monde \u00e0 ce jour. La Golf premi\u00e8re g\u00e9n\u00e9ration s\u2019est vendue \u00e0 6,99 millions d\u2019exemplaires, incluant les variantes de carrosserie comme la Cabriolet, mais aussi la Jetta.&#8221;<\/p>\n\n\n\n<figure class=\"wp-block-image is-resized\"><img loading=\"lazy\" decoding=\"async\" src=\"http:\/\/lignesauto.fr\/wp-content\/uploads\/2019\/07\/14-1024x683.jpg\" alt=\"\" class=\"wp-image-11391\" width=\"865\" height=\"576\" srcset=\"https:\/\/lignesauto.fr\/wp-content\/uploads\/2019\/07\/14-1024x683.jpg 1024w, https:\/\/lignesauto.fr\/wp-content\/uploads\/2019\/07\/14-300x200.jpg 300w, https:\/\/lignesauto.fr\/wp-content\/uploads\/2019\/07\/14-768x512.jpg 768w, https:\/\/lignesauto.fr\/wp-content\/uploads\/2019\/07\/14-370x247.jpg 370w, https:\/\/lignesauto.fr\/wp-content\/uploads\/2019\/07\/14-1040x694.jpg 1040w, https:\/\/lignesauto.fr\/wp-content\/uploads\/2019\/07\/14.jpg 1417w\" sizes=\"(max-width: 865px) 100vw, 865px\" \/><figcaption>Le strict n\u00e9cessaire !<\/figcaption><\/figure>\n\n\n\n<p>A quelques mois de la pr\u00e9sentation de la huiti\u00e8me g\u00e9n\u00e9ration de Golf (qui va se faire souffler la vedette par la compacte VW I.D. 100% \u00e9lectrique au salon de Francfort) il \u00e9tait bon de retrouver ses formes simples, tellement \u00e9videntes 45 ans apr\u00e8s. Mais il a fallu le trait de g\u00e9nie de Giugiaro pour que cette \u00e9vidence le devienne, \u00e0 un moment o\u00f9 Volkswagen se r\u00e9inventait totalement&#8230;<\/p>\n\n\n\n<figure class=\"wp-block-image is-resized\"><img loading=\"lazy\" decoding=\"async\" src=\"http:\/\/lignesauto.fr\/wp-content\/uploads\/2018\/10\/LOGOArchives_BD-300x108.jpg\" alt=\"L\u2019attribut alt de cette image est vide, son nom de fichier est LOGOArchives_BD-300x108.jpg.\" width=\"356\" height=\"128\"\/><\/figure>\n","protected":false},"excerpt":{"rendered":"<p>Giugiaro nous a r\u00e9v\u00e9l\u00e9 lors d\u2019une interview dans LIGNES\/auto version papier les petits secrets d\u2019une gen\u00e8se qui a bien failli tourner au fiasco ! \u00ab Le projet de la Golf est n\u00e9 \u00e0 la fin des ann\u00e9es 1960. Un groupe d\u2019ing\u00e9nieurs de Volkswagen accompagn\u00e9 par l\u2019importateur italien sont venus au [&hellip;]<\/p>\n","protected":false},"author":1,"featured_media":11382,"comment_status":"open","ping_status":"open","sticky":false,"template":"","format":"standard","meta":{"footnotes":""},"categories":[1],"tags":[],"_links":{"self":[{"href":"https:\/\/lignesauto.fr\/index.php?rest_route=\/wp\/v2\/posts\/11380"}],"collection":[{"href":"https:\/\/lignesauto.fr\/index.php?rest_route=\/wp\/v2\/posts"}],"about":[{"href":"https:\/\/lignesauto.fr\/index.php?rest_route=\/wp\/v2\/types\/post"}],"author":[{"embeddable":true,"href":"https:\/\/lignesauto.fr\/index.php?rest_route=\/wp\/v2\/users\/1"}],"replies":[{"embeddable":true,"href":"https:\/\/lignesauto.fr\/index.php?rest_route=%2Fwp%2Fv2%2Fcomments&post=11380"}],"version-history":[{"count":11,"href":"https:\/\/lignesauto.fr\/index.php?rest_route=\/wp\/v2\/posts\/11380\/revisions"}],"predecessor-version":[{"id":11428,"href":"https:\/\/lignesauto.fr\/index.php?rest_route=\/wp\/v2\/posts\/11380\/revisions\/11428"}],"wp:featuredmedia":[{"embeddable":true,"href":"https:\/\/lignesauto.fr\/index.php?rest_route=\/wp\/v2\/media\/11382"}],"wp:attachment":[{"href":"https:\/\/lignesauto.fr\/index.php?rest_route=%2Fwp%2Fv2%2Fmedia&parent=11380"}],"wp:term":[{"taxonomy":"category","embeddable":true,"href":"https:\/\/lignesauto.fr\/index.php?rest_route=%2Fwp%2Fv2%2Fcategories&post=11380"},{"taxonomy":"post_tag","embeddable":true,"href":"https:\/\/lignesauto.fr\/index.php?rest_route=%2Fwp%2Fv2%2Ftags&post=11380"}],"curies":[{"name":"wp","href":"https:\/\/api.w.org\/{rel}","templated":true}]}}