{"id":11430,"date":"2020-05-19T09:44:58","date_gmt":"2020-05-19T07:44:58","guid":{"rendered":"http:\/\/lignesauto.fr\/?p=11430"},"modified":"2020-05-20T20:40:53","modified_gmt":"2020-05-20T18:40:53","slug":"habitacle-du-futur-faurecia-dhier-a-demain","status":"publish","type":"post","link":"https:\/\/lignesauto.fr\/?p=11430","title":{"rendered":"Habitacle du futur &#8211; Faurecia : d&#8217;hier  \u00e0 demain&#8230;"},"content":{"rendered":"\n<figure class=\"wp-block-image is-resized\"><img loading=\"lazy\" decoding=\"async\" src=\"http:\/\/lignesauto.fr\/wp-content\/uploads\/2018\/10\/LOGOArchives_BD-300x108.jpg\" alt=\"L\u2019attribut alt de cette image est vide, son nom de fichier est LOGOArchives_BD-300x108.jpg.\" width=\"628\" height=\"227\"\/><\/figure>\n\n\n\n<p style=\"font-size:18px\">En fin d&#8217;ann\u00e9e 2007, lors d&#8217;un salon d&#8217;\u00e9quipementiers automobiles  aux \u00c9tats-Unis, Faurecia (filiale de PSA) d\u00e9voilait un concept-car porteur d&#8217;une dizaine d&#8217;innovations pour les habitacles du futur. <\/p>\n\n\n\n<figure class=\"wp-block-image is-resized\"><img loading=\"lazy\" decoding=\"async\" src=\"http:\/\/lignesauto.fr\/wp-content\/uploads\/2019\/07\/LIGNES1002-1024x683.jpg\" alt=\"\" class=\"wp-image-11441\" width=\"813\" height=\"541\" srcset=\"https:\/\/lignesauto.fr\/wp-content\/uploads\/2019\/07\/LIGNES1002-1024x683.jpg 1024w, https:\/\/lignesauto.fr\/wp-content\/uploads\/2019\/07\/LIGNES1002-300x200.jpg 300w, https:\/\/lignesauto.fr\/wp-content\/uploads\/2019\/07\/LIGNES1002-768x512.jpg 768w, https:\/\/lignesauto.fr\/wp-content\/uploads\/2019\/07\/LIGNES1002-370x247.jpg 370w, https:\/\/lignesauto.fr\/wp-content\/uploads\/2019\/07\/LIGNES1002.jpg 1417w\" sizes=\"(max-width: 813px) 100vw, 813px\" \/><\/figure>\n\n\n\n<p style=\"font-size:18px\">Ce concept-car r\u00e9pondant au doux nom de &#8220;Premium Attitude&#8221; \u00e9tait bas\u00e9 sur la silhouette d&#8217;une voiture &#8220;neutre&#8221; pour ne froisser aucun des clients de la soci\u00e9t\u00e9. Il s&#8217;agissait d&#8217;une Tatra 603\/2\/ de 1972. Pour l&#8217;occasion, l&#8217;anc\u00eatre \u00e0 moteur arri\u00e8re perdait son&#8230; moteur, se voyait affubl\u00e9e de porti\u00e8res \u00e0 ouverture antagoniste et son int\u00e9rieur \u00e9tait bien \u00e9videmment revu de fond en comble&#8230;<\/p>\n\n\n\n<figure class=\"wp-block-image is-resized\"><img loading=\"lazy\" decoding=\"async\" src=\"http:\/\/lignesauto.fr\/wp-content\/uploads\/2019\/07\/LIGNESPROFILTATRA-1024x240.png\" alt=\"\" class=\"wp-image-11463\" width=\"841\" height=\"196\" srcset=\"https:\/\/lignesauto.fr\/wp-content\/uploads\/2019\/07\/LIGNESPROFILTATRA-1024x240.png 1024w, https:\/\/lignesauto.fr\/wp-content\/uploads\/2019\/07\/LIGNESPROFILTATRA-300x70.png 300w, https:\/\/lignesauto.fr\/wp-content\/uploads\/2019\/07\/LIGNESPROFILTATRA-768x180.png 768w, https:\/\/lignesauto.fr\/wp-content\/uploads\/2019\/07\/LIGNESPROFILTATRA-370x87.png 370w, https:\/\/lignesauto.fr\/wp-content\/uploads\/2019\/07\/LIGNESPROFILTATRA-1040x244.png 1040w, https:\/\/lignesauto.fr\/wp-content\/uploads\/2019\/07\/LIGNESPROFILTATRA.png 1417w\" sizes=\"(max-width: 841px) 100vw, 841px\" \/><figcaption>Le concept \u00e0 gauche, la &#8220;vraie&#8221; Tatra \u00e0 droite&#8230;<\/figcaption><\/figure>\n\n\n\n<p style=\"font-size:18px\">Ce concept-car a re\u00e7u en septembre 2008 le label Janus de l&#8217;industrie, d\u00e9cern\u00e9 par l&#8217;Institut fran\u00e7ais du design (IFD) aux produits dont la conception se r\u00e9v\u00e8le particuli\u00e8rement remarquable.<\/p>\n\n\n\n<figure class=\"wp-block-image is-resized\"><img loading=\"lazy\" decoding=\"async\" src=\"http:\/\/lignesauto.fr\/wp-content\/uploads\/2019\/07\/LIGNES1001-1024x661.jpg\" alt=\"\" class=\"wp-image-11440\" width=\"782\" height=\"504\" srcset=\"https:\/\/lignesauto.fr\/wp-content\/uploads\/2019\/07\/LIGNES1001-1024x661.jpg 1024w, https:\/\/lignesauto.fr\/wp-content\/uploads\/2019\/07\/LIGNES1001-300x194.jpg 300w, https:\/\/lignesauto.fr\/wp-content\/uploads\/2019\/07\/LIGNES1001-768x495.jpg 768w, https:\/\/lignesauto.fr\/wp-content\/uploads\/2019\/07\/LIGNES1001-370x239.jpg 370w, https:\/\/lignesauto.fr\/wp-content\/uploads\/2019\/07\/LIGNES1001-1040x671.jpg 1040w, https:\/\/lignesauto.fr\/wp-content\/uploads\/2019\/07\/LIGNES1001.jpg 1417w\" sizes=\"(max-width: 782px) 100vw, 782px\" \/><\/figure>\n\n\n\n<p style=\"font-size:18px\">\u00c9videmment, c&#8217;est \u00e0 bord que le principal int\u00e9r\u00eat de ce concept se niche. A l&#8217;\u00e9poque, Jacques Mauge, Directeur du D\u00e9veloppement Client de Faurecia, nous informait que <em>\u00ab l\u2019approche premium est la plus grande tendance de fond du march\u00e9 automobile. Et les constructeurs automobiles en sont bien conscients. Ils cherchent \u00e0 diff\u00e9rencier leurs v\u00e9hicules au travers de la notion premium. Ce que les consommateurs attendent de leur v\u00e9hicule, c\u2019est bien plus que l\u2019aspect utilitaire et fonctionnel. Ils recherchent \u00e9galement du plaisir et un certain statut. Ils ont envie d\u2019\u00e9motions. \u00bb<\/em><\/p>\n\n\n\n<figure class=\"wp-block-image is-resized\"><img loading=\"lazy\" decoding=\"async\" src=\"http:\/\/lignesauto.fr\/wp-content\/uploads\/2019\/07\/LIGNES1000-1-1024x506.jpeg\" alt=\"\" class=\"wp-image-11439\" width=\"813\" height=\"401\" srcset=\"https:\/\/lignesauto.fr\/wp-content\/uploads\/2019\/07\/LIGNES1000-1-1024x506.jpeg 1024w, https:\/\/lignesauto.fr\/wp-content\/uploads\/2019\/07\/LIGNES1000-1-300x148.jpeg 300w, https:\/\/lignesauto.fr\/wp-content\/uploads\/2019\/07\/LIGNES1000-1-768x379.jpeg 768w, https:\/\/lignesauto.fr\/wp-content\/uploads\/2019\/07\/LIGNES1000-1-370x183.jpeg 370w, https:\/\/lignesauto.fr\/wp-content\/uploads\/2019\/07\/LIGNES1000-1-1040x514.jpeg 1040w, https:\/\/lignesauto.fr\/wp-content\/uploads\/2019\/07\/LIGNES1000-1.jpeg 1417w\" sizes=\"(max-width: 813px) 100vw, 813px\" \/><\/figure>\n\n\n\n<p style=\"font-size:18px\">Faurecia nous expliquait \u00e9galement intervenir <em>&#8220;sur tous les segments de march\u00e9 \u2013 luxe, haut-de-gamme, milieu de gamme, entr\u00e9e de gamme et v\u00e9hicules \u00e0 bas co\u00fbt \u2013. Mais la qualit\u00e9 premium peut se retrouver d\u2019un bout \u00e0 l\u2019autre d\u2019une gamme automobile. La qualit\u00e9 premium s\u00e9duit tout en restant abordable, et peut \u00eatre produite en s\u00e9rie, comme l\u2019iPod d\u2019Apple&nbsp;par exemple. Un v\u00e9hicule premium doit toujours illustrer le \u00ab bon go\u00fbt \u00bb. Un v\u00e9hicule Premium doit toujours \u00eatre bien con\u00e7u, fabriqu\u00e9 avec des mat\u00e9riaux de haute qualit\u00e9, un savoir-faire exceptionnel et un souci constant de la qualit\u00e9 per\u00e7ue.&#8221;<\/em><\/p>\n\n\n\n<figure class=\"wp-block-image is-resized\"><img loading=\"lazy\" decoding=\"async\" src=\"http:\/\/lignesauto.fr\/wp-content\/uploads\/2019\/07\/FAU_cust_desi_Prem_interior-vehicle01-1024x681.jpg\" alt=\"\" class=\"wp-image-11450\" width=\"788\" height=\"523\" srcset=\"https:\/\/lignesauto.fr\/wp-content\/uploads\/2019\/07\/FAU_cust_desi_Prem_interior-vehicle01-1024x681.jpg 1024w, https:\/\/lignesauto.fr\/wp-content\/uploads\/2019\/07\/FAU_cust_desi_Prem_interior-vehicle01-300x200.jpg 300w, https:\/\/lignesauto.fr\/wp-content\/uploads\/2019\/07\/FAU_cust_desi_Prem_interior-vehicle01-768x511.jpg 768w, https:\/\/lignesauto.fr\/wp-content\/uploads\/2019\/07\/FAU_cust_desi_Prem_interior-vehicle01-370x246.jpg 370w, https:\/\/lignesauto.fr\/wp-content\/uploads\/2019\/07\/FAU_cust_desi_Prem_interior-vehicle01-1040x692.jpg 1040w, https:\/\/lignesauto.fr\/wp-content\/uploads\/2019\/07\/FAU_cust_desi_Prem_interior-vehicle01.jpg 1417w\" sizes=\"(max-width: 788px) 100vw, 788px\" \/><\/figure>\n\n\n\n<p style=\"font-size:18px\"><em>&#8220;En outre, le premium peut s&#8217;av\u00e9rer rentable : intelligence de conception, finesse d\u2019ex\u00e9cution et obsession du d\u00e9tail ne sont pas n\u00e9cessairement synonymes de co\u00fbts \u00e9lev\u00e9s.&nbsp;&#8220;<\/em><\/p>\n\n\n\n<p style=\"font-size:18px\">Ci-dessus, la planche de bord autoportante <em>&#8220;est suffisamment solide et permet de s&#8217;affranchir d\u2019une poutre transversale. Elle peut de ce fait \u00eatre beaucoup plus fine et \u00e9troite, lib\u00e9rant ainsi de l&#8217;espace pour les concepteurs qui peuvent repenser l&#8217;am\u00e9nagement avant du v\u00e9hicule et offrir davantage d&#8217;espace au passager avant ou augmenter la taille des rangements.&#8221;<\/em> Une innovation qui impactait directement la structure de base d&#8217;une plateforme automobile au niveau de l&#8217;auvent du pare-brise, endroit o\u00f9 les points &#8220;durs&#8221; et non &#8220;n\u00e9gociables&#8221; pour un designer sont nombreux !<\/p>\n\n\n\n<figure class=\"wp-block-image is-resized\"><img loading=\"lazy\" decoding=\"async\" src=\"http:\/\/lignesauto.fr\/wp-content\/uploads\/2019\/07\/FAU_cust_desi_Prem_int_instrument-panel09-1024x693.jpg\" alt=\"\" class=\"wp-image-11448\" width=\"807\" height=\"546\" srcset=\"https:\/\/lignesauto.fr\/wp-content\/uploads\/2019\/07\/FAU_cust_desi_Prem_int_instrument-panel09-1024x693.jpg 1024w, https:\/\/lignesauto.fr\/wp-content\/uploads\/2019\/07\/FAU_cust_desi_Prem_int_instrument-panel09-300x203.jpg 300w, https:\/\/lignesauto.fr\/wp-content\/uploads\/2019\/07\/FAU_cust_desi_Prem_int_instrument-panel09-768x520.jpg 768w, https:\/\/lignesauto.fr\/wp-content\/uploads\/2019\/07\/FAU_cust_desi_Prem_int_instrument-panel09-370x250.jpg 370w, https:\/\/lignesauto.fr\/wp-content\/uploads\/2019\/07\/FAU_cust_desi_Prem_int_instrument-panel09-1040x704.jpg 1040w, https:\/\/lignesauto.fr\/wp-content\/uploads\/2019\/07\/FAU_cust_desi_Prem_int_instrument-panel09.jpg 1417w\" sizes=\"(max-width: 807px) 100vw, 807px\" \/><\/figure>\n\n\n\n<p style=\"font-size:18px\"><em>&#8220;Habituellement, la partie de la planche de bord face au passager comporte une bo\u00eete \u00e0 gants surmont\u00e9e d\u2019un panneau inutilis\u00e9, car il accueille le logement de l\u2019airbag. Dans le concept car Premium Attitude, le positionnement de l\u2019airbag peut \u00eatre repouss\u00e9 et offrir les m\u00eames garanties de s\u00e9curit\u00e9, tout en int\u00e9grant une nouvelle bo\u00eete \u00e0 gants s\u2019ouvrant vers le haut. Ces couvercles souples sont \u00e9galement plus l\u00e9gers, leur puissance d\u2019ouverture est r\u00e9duite de 50 % et l\u2019\u00e9nergie lib\u00e9r\u00e9e de 30 %&#8221;<\/em><\/p>\n\n\n\n<p style=\"font-size:18px\">On devine \u00e9galement sur la vue ci-dessus, la bo\u00eete \u00e0 gant tiroir dont le concept a \u00e9t\u00e9 repris sur la Renault Captur.<\/p>\n\n\n\n<figure class=\"wp-block-image is-resized\"><img loading=\"lazy\" decoding=\"async\" src=\"http:\/\/lignesauto.fr\/wp-content\/uploads\/2019\/07\/FAU_cust_desi_Prem_ext_trunk-floor-open-1024x879.jpg\" alt=\"\" class=\"wp-image-11445\" width=\"789\" height=\"676\" srcset=\"https:\/\/lignesauto.fr\/wp-content\/uploads\/2019\/07\/FAU_cust_desi_Prem_ext_trunk-floor-open-1024x879.jpg 1024w, https:\/\/lignesauto.fr\/wp-content\/uploads\/2019\/07\/FAU_cust_desi_Prem_ext_trunk-floor-open-300x258.jpg 300w, https:\/\/lignesauto.fr\/wp-content\/uploads\/2019\/07\/FAU_cust_desi_Prem_ext_trunk-floor-open-370x318.jpg 370w, https:\/\/lignesauto.fr\/wp-content\/uploads\/2019\/07\/FAU_cust_desi_Prem_ext_trunk-floor-open-1040x893.jpg 1040w\" sizes=\"(max-width: 789px) 100vw, 789px\" \/><\/figure>\n\n\n\n<p style=\"font-size:18px\">Puisque l&#8217;on \u00e9voque un tiroir, signalons une autre innovation de ce concept-car \u00e2g\u00e9 de 12 ans avec le coffre avec tiroir coulissant : Thorsten S\u00fcss, Responsable du Studio de Design Industriel de Faurecia et chef de projet Premium Attitude, expliquait \u00e0 l&#8217;\u00e9poque : \u00ab&nbsp;<em>Je pense que Faurecia est le seul \u00e9quipementier au monde \u00e0 disposer d\u2019une telle expertise dans les syst\u00e8mes d\u2019\u00e9chappement, les pare-chocs et l\u2019int\u00e9rieur v\u00e9hicule. Nous avons associ\u00e9 ces trois domaines d\u2019expertise pour mettre au point cette innovation. En g\u00e9n\u00e9ral, les fournisseurs ne proposent que des silencieux standard et la libert\u00e9 des designers est limit\u00e9e pour concevoir l\u2019espace qui les entoure. Ici, nous pouvons optimiser l\u2019espace pour r\u00e9pondre \u00e0 un besoin r\u00e9el. \u00bb<\/em><\/p>\n\n\n\n<figure class=\"wp-block-image is-resized\"><img loading=\"lazy\" decoding=\"async\" src=\"http:\/\/lignesauto.fr\/wp-content\/uploads\/2019\/07\/FAU_cust_desi_Prem_int_front-seat01-788x1024.jpg\" alt=\"\" class=\"wp-image-11458\" width=\"804\" height=\"1044\" srcset=\"https:\/\/lignesauto.fr\/wp-content\/uploads\/2019\/07\/FAU_cust_desi_Prem_int_front-seat01-788x1024.jpg 788w, https:\/\/lignesauto.fr\/wp-content\/uploads\/2019\/07\/FAU_cust_desi_Prem_int_front-seat01-231x300.jpg 231w, https:\/\/lignesauto.fr\/wp-content\/uploads\/2019\/07\/FAU_cust_desi_Prem_int_front-seat01-768x998.jpg 768w, https:\/\/lignesauto.fr\/wp-content\/uploads\/2019\/07\/FAU_cust_desi_Prem_int_front-seat01-370x481.jpg 370w, https:\/\/lignesauto.fr\/wp-content\/uploads\/2019\/07\/FAU_cust_desi_Prem_int_front-seat01-1040x1352.jpg 1040w, https:\/\/lignesauto.fr\/wp-content\/uploads\/2019\/07\/FAU_cust_desi_Prem_int_front-seat01.jpg 1417w\" sizes=\"(max-width: 804px) 100vw, 804px\" \/><\/figure>\n\n\n\n<p style=\"font-size:18px\">Autre innovation, le coussin de si\u00e8ge \u00e0 hauteur pilot\u00e9e. <em>&#8220;Cette innovation permet de sur\u00e9lever \u00e9lectriquement le centre du si\u00e8ge lorsque la porte est ouverte. Le mouvement du coussin pr\u00e9sente ainsi un triple avantage car il facilite l\u2019entr\u00e9e et la sortie du v\u00e9hicule, il am\u00e9liore le soutien lat\u00e9ral de l\u2019assise pour les occupants et il limite l\u2019usure in\u00e9gale du si\u00e8ge. D\u00e9tail surprenant et agr\u00e9able : bien qu\u2019invisible et totalement ind\u00e9tectable tant qu\u2019il ne se d\u00e9clenche pas, ce dispositif poss\u00e8de de nombreuses fonctionnalit\u00e9s. Une solution simple mais efficace qui pourra \u00eatre mise en production pour \u00e9quiper les v\u00e9hicules de demain.&#8221;<\/em><\/p>\n\n\n\n<figure class=\"wp-block-image is-resized\"><img loading=\"lazy\" decoding=\"async\" src=\"http:\/\/lignesauto.fr\/wp-content\/uploads\/2019\/07\/FAU_cust_desi_Prem_int_instrument-panel03-1024x769.jpg\" alt=\"\" class=\"wp-image-11447\" width=\"805\" height=\"604\" srcset=\"https:\/\/lignesauto.fr\/wp-content\/uploads\/2019\/07\/FAU_cust_desi_Prem_int_instrument-panel03-1024x769.jpg 1024w, https:\/\/lignesauto.fr\/wp-content\/uploads\/2019\/07\/FAU_cust_desi_Prem_int_instrument-panel03-300x225.jpg 300w, https:\/\/lignesauto.fr\/wp-content\/uploads\/2019\/07\/FAU_cust_desi_Prem_int_instrument-panel03-768x577.jpg 768w, https:\/\/lignesauto.fr\/wp-content\/uploads\/2019\/07\/FAU_cust_desi_Prem_int_instrument-panel03-370x278.jpg 370w, https:\/\/lignesauto.fr\/wp-content\/uploads\/2019\/07\/FAU_cust_desi_Prem_int_instrument-panel03-1040x781.jpg 1040w, https:\/\/lignesauto.fr\/wp-content\/uploads\/2019\/07\/FAU_cust_desi_Prem_int_instrument-panel03.jpg 1417w\" sizes=\"(max-width: 805px) 100vw, 805px\" \/><\/figure>\n\n\n\n<p style=\"font-size:18px\">\u00c9videmment, l&#8217;interface homme-machine est d\u00e9j\u00e0 dans l&#8217;\u00e8re du temps en cette fin des ann\u00e9es 2000 avec notamment l\u2019application SMI <em>&#8220;qui permet au conducteur d\u2019utiliser tous les appareils mobiles embarqu\u00e9s via le bo\u00eetier de commande t\u00e9lescopique int\u00e9gr\u00e9 \u00e0 la console centrale (donc facilement accessible) et d&#8217;afficher les informations sur les \u00e9crans du tableau de bord.&#8221;<\/em><\/p>\n\n\n\n<figure class=\"wp-block-image is-resized\"><img loading=\"lazy\" decoding=\"async\" src=\"http:\/\/lignesauto.fr\/wp-content\/uploads\/2019\/07\/FAU_cust_desi_Prem_int_instrument-panel02-1024x681.jpg\" alt=\"\" class=\"wp-image-11446\" width=\"802\" height=\"533\" srcset=\"https:\/\/lignesauto.fr\/wp-content\/uploads\/2019\/07\/FAU_cust_desi_Prem_int_instrument-panel02-1024x681.jpg 1024w, https:\/\/lignesauto.fr\/wp-content\/uploads\/2019\/07\/FAU_cust_desi_Prem_int_instrument-panel02-300x200.jpg 300w, https:\/\/lignesauto.fr\/wp-content\/uploads\/2019\/07\/FAU_cust_desi_Prem_int_instrument-panel02-768x511.jpg 768w, https:\/\/lignesauto.fr\/wp-content\/uploads\/2019\/07\/FAU_cust_desi_Prem_int_instrument-panel02-370x246.jpg 370w, https:\/\/lignesauto.fr\/wp-content\/uploads\/2019\/07\/FAU_cust_desi_Prem_int_instrument-panel02-1040x692.jpg 1040w, https:\/\/lignesauto.fr\/wp-content\/uploads\/2019\/07\/FAU_cust_desi_Prem_int_instrument-panel02.jpg 1417w\" sizes=\"(max-width: 802px) 100vw, 802px\" \/><\/figure>\n\n\n\n<p style=\"font-size:18px\">Terminons cette pr\u00e9sentation de ce concept-car en nous arr\u00eatant sur la climatisation : <em>&#8220;La principale innovation est l\u2019adoption d\u2019une technologie d\u2019\u00e9coulement de l\u2019air issue de l\u2019aviation. Le syst\u00e8me d\u2019a\u00e9rateur intelligent de Faurecia repose sur une bouche d\u2019a\u00e9ration en forme de bulbe qui assure une circulation optimale de l\u2019air, connue sous le nom d\u2019effet Coanda. Ce syst\u00e8me, adapt\u00e9 pour la premi\u00e8re fois \u00e0 l\u2019int\u00e9rieur d\u2019un v\u00e9hicule automobile, est par ailleurs moins bruyant. Mais Faurecia est encore all\u00e9 plus loin en positionnant les commandes des deux a\u00e9rateurs pr\u00e9cis\u00e9ment l\u00e0 o\u00f9 sort l&#8217;air, plut\u00f4t qu&#8217;au milieu de la planche de bord. Une solution ing\u00e9nieuse, intuitive et tr\u00e8s logique.&#8221;<\/em><\/p>\n\n\n\n<figure class=\"wp-block-image is-resized\"><img loading=\"lazy\" decoding=\"async\" src=\"http:\/\/lignesauto.fr\/wp-content\/uploads\/2019\/07\/Capture-d\u2019\u00e9cran-2019-07-12-\u00e0-08.16.19-1024x723.png\" alt=\"\" class=\"wp-image-11453\" width=\"809\" height=\"571\" srcset=\"https:\/\/lignesauto.fr\/wp-content\/uploads\/2019\/07\/Capture-d\u2019\u00e9cran-2019-07-12-\u00e0-08.16.19-1024x723.png 1024w, https:\/\/lignesauto.fr\/wp-content\/uploads\/2019\/07\/Capture-d\u2019\u00e9cran-2019-07-12-\u00e0-08.16.19-300x212.png 300w, https:\/\/lignesauto.fr\/wp-content\/uploads\/2019\/07\/Capture-d\u2019\u00e9cran-2019-07-12-\u00e0-08.16.19-768x542.png 768w, https:\/\/lignesauto.fr\/wp-content\/uploads\/2019\/07\/Capture-d\u2019\u00e9cran-2019-07-12-\u00e0-08.16.19-370x261.png 370w, https:\/\/lignesauto.fr\/wp-content\/uploads\/2019\/07\/Capture-d\u2019\u00e9cran-2019-07-12-\u00e0-08.16.19-1040x734.png 1040w, https:\/\/lignesauto.fr\/wp-content\/uploads\/2019\/07\/Capture-d\u2019\u00e9cran-2019-07-12-\u00e0-08.16.19.png 1417w\" sizes=\"(max-width: 809px) 100vw, 809px\" \/><\/figure>\n\n\n\n<p style=\"font-size:18px\">La plupart de ces innovations ont \u00e9t\u00e9 adopt\u00e9es par certains constructeurs clients de l&#8217;\u00e9quipementier. D&#8217;autres sont toujours d&#8217;actualit\u00e9 m\u00eame si, vous vous en doutez, en douze ans, les avanc\u00e9es technologiques et le contexte de la voiture \u00e0 conduite partiellement ou totalement autonome ont bouscul\u00e9 ces certitudes. C&#8217;est pour cela que LIGNES\/auto vous invite \u00e0 aller visiter le site officiel de Faurecia ici : <a href=\"https:\/\/www.faurecia.com\/index.php\/\">https:\/\/www.faurecia.com\/index.php\/<\/a> pour d\u00e9couvrir le cockpit du futur tel que l&#8217;imagine l&#8217;\u00e9quipementier en cette ann\u00e9e 2019.<\/p>\n\n\n\n<figure class=\"wp-block-image is-resized\"><img loading=\"lazy\" decoding=\"async\" src=\"http:\/\/lignesauto.fr\/wp-content\/uploads\/2019\/07\/Capture-d\u2019\u00e9cran-2019-07-12-\u00e0-08.15.49-1024x643.png\" alt=\"\" class=\"wp-image-11431\" width=\"837\" height=\"525\" srcset=\"https:\/\/lignesauto.fr\/wp-content\/uploads\/2019\/07\/Capture-d\u2019\u00e9cran-2019-07-12-\u00e0-08.15.49-1024x643.png 1024w, https:\/\/lignesauto.fr\/wp-content\/uploads\/2019\/07\/Capture-d\u2019\u00e9cran-2019-07-12-\u00e0-08.15.49-300x188.png 300w, https:\/\/lignesauto.fr\/wp-content\/uploads\/2019\/07\/Capture-d\u2019\u00e9cran-2019-07-12-\u00e0-08.15.49-768x482.png 768w, https:\/\/lignesauto.fr\/wp-content\/uploads\/2019\/07\/Capture-d\u2019\u00e9cran-2019-07-12-\u00e0-08.15.49-370x232.png 370w, https:\/\/lignesauto.fr\/wp-content\/uploads\/2019\/07\/Capture-d\u2019\u00e9cran-2019-07-12-\u00e0-08.15.49-1040x653.png 1040w, https:\/\/lignesauto.fr\/wp-content\/uploads\/2019\/07\/Capture-d\u2019\u00e9cran-2019-07-12-\u00e0-08.15.49.png 1417w\" sizes=\"(max-width: 837px) 100vw, 837px\" \/><\/figure>\n\n\n\n<p style=\"font-size:18px\">Vous y d\u00e9couvrirez une vision globale d&#8217;un habitacle de l&#8217;automobile du futur, lorsque celle-ci proposera une conduite en partie autonome.<\/p>\n\n\n\n<figure class=\"wp-block-image is-resized\"><img loading=\"lazy\" decoding=\"async\" src=\"http:\/\/lignesauto.fr\/wp-content\/uploads\/2019\/07\/Capture-d\u2019\u00e9cran-2019-07-12-\u00e0-08.16.01-1024x709.png\" alt=\"\" class=\"wp-image-11432\" width=\"825\" height=\"571\" srcset=\"https:\/\/lignesauto.fr\/wp-content\/uploads\/2019\/07\/Capture-d\u2019\u00e9cran-2019-07-12-\u00e0-08.16.01-1024x709.png 1024w, https:\/\/lignesauto.fr\/wp-content\/uploads\/2019\/07\/Capture-d\u2019\u00e9cran-2019-07-12-\u00e0-08.16.01-300x208.png 300w, https:\/\/lignesauto.fr\/wp-content\/uploads\/2019\/07\/Capture-d\u2019\u00e9cran-2019-07-12-\u00e0-08.16.01-768x532.png 768w, https:\/\/lignesauto.fr\/wp-content\/uploads\/2019\/07\/Capture-d\u2019\u00e9cran-2019-07-12-\u00e0-08.16.01-370x256.png 370w, https:\/\/lignesauto.fr\/wp-content\/uploads\/2019\/07\/Capture-d\u2019\u00e9cran-2019-07-12-\u00e0-08.16.01-1040x720.png 1040w, https:\/\/lignesauto.fr\/wp-content\/uploads\/2019\/07\/Capture-d\u2019\u00e9cran-2019-07-12-\u00e0-08.16.01.png 1417w\" sizes=\"(max-width: 825px) 100vw, 825px\" \/><figcaption><br><\/figcaption><\/figure>\n\n\n\n<figure class=\"wp-block-image is-resized\"><img loading=\"lazy\" decoding=\"async\" src=\"http:\/\/lignesauto.fr\/wp-content\/uploads\/2018\/10\/LOGOArchives_BD-300x108.jpg\" alt=\"L\u2019attribut alt de cette image est vide, son nom de fichier est LOGOArchives_BD-300x108.jpg.\" width=\"491\" height=\"177\"\/><\/figure>\n","protected":false},"excerpt":{"rendered":"<p>En fin d&#8217;ann\u00e9e 2007, lors d&#8217;un salon d&#8217;\u00e9quipementiers automobiles aux \u00c9tats-Unis, Faurecia (filiale de PSA) d\u00e9voilait un concept-car porteur d&#8217;une dizaine d&#8217;innovations pour les habitacles du futur. Ce concept-car r\u00e9pondant au doux nom de &#8220;Premium Attitude&#8221; \u00e9tait bas\u00e9 sur la silhouette d&#8217;une voiture &#8220;neutre&#8221; pour ne froisser aucun des clients [&hellip;]<\/p>\n","protected":false},"author":1,"featured_media":11456,"comment_status":"open","ping_status":"open","sticky":false,"template":"","format":"standard","meta":{"footnotes":""},"categories":[1],"tags":[],"_links":{"self":[{"href":"https:\/\/lignesauto.fr\/index.php?rest_route=\/wp\/v2\/posts\/11430"}],"collection":[{"href":"https:\/\/lignesauto.fr\/index.php?rest_route=\/wp\/v2\/posts"}],"about":[{"href":"https:\/\/lignesauto.fr\/index.php?rest_route=\/wp\/v2\/types\/post"}],"author":[{"embeddable":true,"href":"https:\/\/lignesauto.fr\/index.php?rest_route=\/wp\/v2\/users\/1"}],"replies":[{"embeddable":true,"href":"https:\/\/lignesauto.fr\/index.php?rest_route=%2Fwp%2Fv2%2Fcomments&post=11430"}],"version-history":[{"count":25,"href":"https:\/\/lignesauto.fr\/index.php?rest_route=\/wp\/v2\/posts\/11430\/revisions"}],"predecessor-version":[{"id":17970,"href":"https:\/\/lignesauto.fr\/index.php?rest_route=\/wp\/v2\/posts\/11430\/revisions\/17970"}],"wp:featuredmedia":[{"embeddable":true,"href":"https:\/\/lignesauto.fr\/index.php?rest_route=\/wp\/v2\/media\/11456"}],"wp:attachment":[{"href":"https:\/\/lignesauto.fr\/index.php?rest_route=%2Fwp%2Fv2%2Fmedia&parent=11430"}],"wp:term":[{"taxonomy":"category","embeddable":true,"href":"https:\/\/lignesauto.fr\/index.php?rest_route=%2Fwp%2Fv2%2Fcategories&post=11430"},{"taxonomy":"post_tag","embeddable":true,"href":"https:\/\/lignesauto.fr\/index.php?rest_route=%2Fwp%2Fv2%2Ftags&post=11430"}],"curies":[{"name":"wp","href":"https:\/\/api.w.org\/{rel}","templated":true}]}}