{"id":11603,"date":"2023-07-08T07:00:04","date_gmt":"2023-07-08T05:00:04","guid":{"rendered":"http:\/\/lignesauto.fr\/?p=11603"},"modified":"2023-07-09T15:10:23","modified_gmt":"2023-07-09T13:10:23","slug":"english-the-secrets-of-the-citroen-la-ferte-vidame-site","status":"publish","type":"post","link":"https:\/\/lignesauto.fr\/?p=11603","title":{"rendered":"The secrets of the Citro\u00ebn &#8220;La Fert\u00e9 Vidame&#8221; site"},"content":{"rendered":"<div class=\"wp-block-image\">\n<figure class=\"aligncenter\"><img decoding=\"async\" src=\"http:\/\/lignesauto.fr\/wp-content\/uploads\/2018\/10\/LOGOArchives_BD-300x108.jpg\" alt=\"L\u2019attribut alt de cette image est vide, son nom de fichier est LOGOArchives_BD-300x108.jpg.\"\/><\/figure><\/div>\n\n\n<p style=\"font-size:17px\"><strong>Back to La Fert\u00e9 Vidame and our article published on the site four years ago. Today, it seems that the site is up for sale. For us, as fans of design and the brand, this comes as a shock. Incidentally, what about the little design centre there (below) with its little circular circuit, essential for seeing the models in action? Can a Stellantis designer give us an answer?<\/strong><\/p>\n\n\n\n<figure class=\"wp-block-image size-large\"><img loading=\"lazy\" decoding=\"async\" width=\"1024\" height=\"681\" src=\"http:\/\/lignesauto.fr\/wp-content\/uploads\/2023\/07\/LIGNESAUTOFERTE-1024x681.jpg\" alt=\"\" class=\"wp-image-29574\" srcset=\"https:\/\/lignesauto.fr\/wp-content\/uploads\/2023\/07\/LIGNESAUTOFERTE-1024x681.jpg 1024w, https:\/\/lignesauto.fr\/wp-content\/uploads\/2023\/07\/LIGNESAUTOFERTE-300x200.jpg 300w, https:\/\/lignesauto.fr\/wp-content\/uploads\/2023\/07\/LIGNESAUTOFERTE-768x511.jpg 768w, https:\/\/lignesauto.fr\/wp-content\/uploads\/2023\/07\/LIGNESAUTOFERTE.jpg 1417w\" sizes=\"(max-width: 1024px) 100vw, 1024px\" \/><\/figure>\n\n\n\n<p style=\"font-size:17px\">Originally, the &#8216;<em>la Fert\u00e9 Vidame site<\/em>&#8216; was first of all a castle and its huge park. A site which, because of its size, will interest many personalities in the aeronautical world at the very beginning of the 20th century. But rather than the plane, it is finally the automobile that will take over, thanks to Michelin, which has just taken over the Citro\u00ebn manufacturer and which is seizing the opportunity to establish in this vast space the test centre for the future models of the French brand. It is 1938, November 18 to be exact.<\/p>\n\n\n\n<figure class=\"wp-block-image is-resized\"><img loading=\"lazy\" decoding=\"async\" src=\"http:\/\/lignesauto.fr\/wp-content\/uploads\/2019\/07\/LIGNES_01-1-1024x827.png\" alt=\"L\u2019attribut alt de cette image est vide, son nom de fichier est LIGNES_01-1-1024x827.png.\" width=\"781\" height=\"630\"\/><figcaption class=\"wp-element-caption\"><strong>The site in the 2010&#8217;s, seen from the sky thanks to Google Earth<\/strong><\/figcaption><\/figure>\n\n\n\n<p style=\"font-size:17px\">The test site is in fact a huge park that belongs to the Vieljeux family at the time. Its surface area is nearly 900 <em>hectares<\/em> and what immediately interested Citro\u00ebn was the 11-kilometre perimeter wall that surrounds the entire estate. Ideal for the secret of what goes on behind\u2026<\/p>\n\n\n\n<p style=\"font-size:17px\">In 1938, the TPV programme (the future 2CV) was in the process of being industrialised (above). The 2CV is practically ready, it will be for the 1939 show but the Second World War decides otherwise. The 2CVs were almost all destroyed\u2026 In 1938, therefore, the tests took place in the middle of truck tests. But also in the midst of farm animals, because the one located within the perimeter of the site (&#8220;<em>la ferme de la Richardi\u00e8re<\/em>&#8220;) is in operation! Below, the testimony on the life of the farm, more than 80 years later! <\/p>\n\n\n\n<figure class=\"wp-block-embed is-type-video is-provider-youtube wp-block-embed-youtube wp-embed-aspect-16-9 wp-has-aspect-ratio\"><div class=\"wp-block-embed__wrapper\">\n<iframe loading=\"lazy\" title=\"Exceptionnel et IN\u00c9DIT ! 100 ans de Citro\u00ebn, histoire du site d&#039;essai Citro\u00ebn de la Fert\u00e9-Vidame !\" width=\"640\" height=\"360\" src=\"https:\/\/www.youtube.com\/embed\/czAwuwFVVTk?feature=oembed\" frameborder=\"0\" allow=\"accelerometer; autoplay; clipboard-write; encrypted-media; gyroscope; picture-in-picture; web-share\" referrerpolicy=\"strict-origin-when-cross-origin\" allowfullscreen><\/iframe>\n<\/div><\/figure>\n\n\n\n<p style=\"font-size:17px\">Moreover, we can write that the first test track of &#8220;<em>la Fert\u00e9 Vidame<\/em>&#8221; is the inner courtyard of this farm where technicians and workers gather to look at &#8211; and under &#8211; the prototypes under test\u2026 But as soon as they leave, the huge doors of the farm are closed.<\/p>\n\n\n\n<figure class=\"wp-block-image is-resized\"><img loading=\"lazy\" decoding=\"async\" src=\"http:\/\/lignesauto.fr\/wp-content\/uploads\/2019\/07\/LIGNES_00-1-1024x768.jpg\" alt=\"L\u2019attribut alt de cette image est vide, son nom de fichier est LIGNES_00-1-1024x768.jpg.\" width=\"833\" height=\"625\"\/><\/figure>\n\n\n\n<p style=\"font-size:17px\"><em>La Fert\u00e9<\/em> then acquired many tracks, all with their own little names : there was the straight line called the Simonnerie line where the hydropneumatic suspension for the 15H Traction was tested, the one (a little less paved) called the Neuilly line and another much less driveable one, the Bourgneuf line. There was also the part called the &#8220;octagon&#8221; where the famous photo of the TPV tests was taken below!<\/p>\n\n\n\n<figure class=\"wp-block-image is-resized\"><img loading=\"lazy\" decoding=\"async\" src=\"http:\/\/lignesauto.fr\/wp-content\/uploads\/2019\/07\/LIGNES_03-1024x405.png\" alt=\"L\u2019attribut alt de cette image est vide, son nom de fichier est LIGNES_03-1024x405.png.\" width=\"857\" height=\"338\"\/><\/figure>\n\n\n\n<p style=\"font-size:17px\">During the war, Citro\u00ebn hid some prototypes of this 2CV, protos that were only discovered in the 1970s and finally extracted from their &#8220;prison&#8221; in the winter of 1997\/1998. And through the roof, because the three surviving 2CVs were walled up ! (below the video witness)<\/p>\n\n\n\n<figure class=\"wp-block-image is-resized\"><img loading=\"lazy\" decoding=\"async\" src=\"http:\/\/lignesauto.fr\/wp-content\/uploads\/2019\/07\/LIGNES_04-1024x680.png\" alt=\"L\u2019attribut alt de cette image est vide, son nom de fichier est LIGNES_04-1024x680.png.\" width=\"875\" height=\"581\"\/><\/figure>\n\n\n\n<figure class=\"wp-block-embed is-type-video is-provider-youtube wp-block-embed-youtube wp-embed-aspect-4-3 wp-has-aspect-ratio\"><div class=\"wp-block-embed__wrapper\">\n<iframe loading=\"lazy\" title=\"Prototype 2CV Sortie De Grenier (TPV)\" width=\"640\" height=\"480\" src=\"https:\/\/www.youtube.com\/embed\/3EeejTG2rM4?feature=oembed\" frameborder=\"0\" allow=\"accelerometer; autoplay; clipboard-write; encrypted-media; gyroscope; picture-in-picture; web-share\" referrerpolicy=\"strict-origin-when-cross-origin\" allowfullscreen><\/iframe>\n<\/div><\/figure>\n\n\n\n<p style=\"font-size:17px\">After the war, the works made it possible to improve the performance of the test site with, in the 1960s, the creation of the <em>Bel Air<\/em> circuit with very bad paving stones! A wind tunnel was even built at that time (below).<\/p>\n\n\n\n<figure class=\"wp-block-image is-resized\"><img loading=\"lazy\" decoding=\"async\" src=\"http:\/\/lignesauto.fr\/wp-content\/uploads\/2019\/07\/LIGNES_05-1024x864.png\" alt=\"L\u2019attribut alt de cette image est vide, son nom de fichier est LIGNES_05-1024x864.png.\" width=\"860\" height=\"725\"\/><\/figure>\n\n\n\n<p style=\"font-size:17px\">In the mid-1970s, when Citro\u00ebn became a Lion, it was necessary to further increase the potential of this test site to accommodate many other models. Different periods (1985, 1992, 1996) saw <em>La Fert\u00e9 Vidame<\/em> acquire the tools and tracks necessary for the development of cars that had become much more complex.<\/p>\n\n\n\n<figure class=\"wp-block-image is-resized\"><img loading=\"lazy\" decoding=\"async\" src=\"http:\/\/lignesauto.fr\/wp-content\/uploads\/2019\/07\/LIGNES_07-1024x767.png\" alt=\"L\u2019attribut alt de cette image est vide, son nom de fichier est LIGNES_07-1024x767.png.\" width=\"857\" height=\"641\"\/><\/figure>\n\n\n\n<p style=\"font-size:17px\">Before the year 2000, the site&#8217;s fast endurance track was extended to more than six kilometres in length.<\/p>\n\n\n\n<figure class=\"wp-block-image is-resized\"><img loading=\"lazy\" decoding=\"async\" src=\"http:\/\/lignesauto.fr\/wp-content\/uploads\/2019\/07\/LIGNES_06-744x1024.png\" alt=\"L\u2019attribut alt de cette image est vide, son nom de fichier est LIGNES_06-744x1024.png.\" width=\"860\" height=\"1183\"\/><\/figure>\n\n\n\n<p style=\"font-size:17px\">But this site is not only the playground of the testers. Since 2004, it has been the one of designers. The style management is indeed looking at <em>La Fert\u00e9 Vidame<\/em> because the site is protected and above all, it allows the test cars to evolve in their environment, outside, under normal driving conditions. Why not do the same with style models ?<br> This has been done with the renovation of the Pavillon de la Faisanderie (below), which now has a styling office and a small circular track on which it is possible to see the models outdoors, or even to drive them using a small motorization and a remote control.<\/p>\n\n\n\n<figure class=\"wp-block-image is-resized\"><img loading=\"lazy\" decoding=\"async\" src=\"http:\/\/lignesauto.fr\/wp-content\/uploads\/2019\/07\/LIGNES_08-1024x655.png\" alt=\"L\u2019attribut alt de cette image est vide, son nom de fichier est LIGNES_08-1024x655.png.\" width=\"874\" height=\"558\"\/><\/figure>\n\n\n\n<figure class=\"wp-block-image is-resized\"><img loading=\"lazy\" decoding=\"async\" src=\"http:\/\/lignesauto.fr\/wp-content\/uploads\/2019\/07\/LIGNES_09-1024x680.png\" alt=\"L\u2019attribut alt de cette image est vide, son nom de fichier est LIGNES_09-1024x680.png.\" width=\"873\" height=\"579\"\/><\/figure>\n\n\n\n<p style=\"font-size:17px\">It was there that we did a report on the Citro\u00ebn Hypnos and the GT by Citro\u00ebn in 2008, which was published in issue 1 of the magazine LIGNES<em>auto<\/em>. The site celebrated its 80th anniversary in November 2018. So, respect and greetings to all the people in the group and the consultants who work there on a daily basis!<\/p>\n\n\n\n<figure class=\"wp-block-image is-resized\"><img loading=\"lazy\" decoding=\"async\" src=\"http:\/\/lignesauto.fr\/wp-content\/uploads\/2019\/07\/LIGNES_11-1024x681.jpg\" alt=\"L\u2019attribut alt de cette image est vide, son nom de fichier est LIGNES_11-1024x681.jpg.\" width=\"863\" height=\"573\"\/><figcaption class=\"wp-element-caption\"><strong>The &#8221; la Fert\u00e9 design centre&#8221; with the Citro\u00ebn Hypnos and GT by Citro\u00ebn (above) <\/strong><\/figcaption><\/figure>\n\n\n\n<p><strong>More than ten years ago, for the 70th anniversary of the site, a blog paid a fine tribute to him. Read here: <a href=\"http:\/\/citropersoboulot.typepad.com\/mon_weblog\/2008\/08\/70-ans-de-secrets-\u00e0-la-fert\u00e9-vidame.html_weblog\/2008\/08\/70-ans-de-secrets-\u00e0-la-fert\u00e9-vidame.html\">http:\/\/citropersoboulot.typepad.com\/mon_weblog\/2008\/08\/70-ans-de-secrets-\u00e0-la-fert\u00e9-vidame.html_weblog\/2008\/08\/70-ans-de-secrets-\u00e0-la-fert\u00e9-vidame.html<\/a><\/strong><\/p>\n\n\n<div class=\"wp-block-image\">\n<figure class=\"aligncenter\"><img decoding=\"async\" src=\"http:\/\/lignesauto.fr\/wp-content\/uploads\/2018\/10\/LOGOArchives_BD-300x108.jpg\" alt=\"L\u2019attribut alt de cette image est vide, son nom de fichier est LOGOArchives_BD-300x108.jpg.\"\/><\/figure><\/div>","protected":false},"excerpt":{"rendered":"<p>Back to La Fert\u00e9 Vidame and our article published on the site four years ago. Today, it seems that the site is up for sale. For us, as fans of design and the brand, this comes as a shock. Incidentally, what about the little design centre there (below) with its [&hellip;]<\/p>\n","protected":false},"author":1,"featured_media":11590,"comment_status":"open","ping_status":"open","sticky":false,"template":"","format":"standard","meta":{"footnotes":""},"categories":[1],"tags":[],"_links":{"self":[{"href":"https:\/\/lignesauto.fr\/index.php?rest_route=\/wp\/v2\/posts\/11603"}],"collection":[{"href":"https:\/\/lignesauto.fr\/index.php?rest_route=\/wp\/v2\/posts"}],"about":[{"href":"https:\/\/lignesauto.fr\/index.php?rest_route=\/wp\/v2\/types\/post"}],"author":[{"embeddable":true,"href":"https:\/\/lignesauto.fr\/index.php?rest_route=\/wp\/v2\/users\/1"}],"replies":[{"embeddable":true,"href":"https:\/\/lignesauto.fr\/index.php?rest_route=%2Fwp%2Fv2%2Fcomments&post=11603"}],"version-history":[{"count":10,"href":"https:\/\/lignesauto.fr\/index.php?rest_route=\/wp\/v2\/posts\/11603\/revisions"}],"predecessor-version":[{"id":29578,"href":"https:\/\/lignesauto.fr\/index.php?rest_route=\/wp\/v2\/posts\/11603\/revisions\/29578"}],"wp:featuredmedia":[{"embeddable":true,"href":"https:\/\/lignesauto.fr\/index.php?rest_route=\/wp\/v2\/media\/11590"}],"wp:attachment":[{"href":"https:\/\/lignesauto.fr\/index.php?rest_route=%2Fwp%2Fv2%2Fmedia&parent=11603"}],"wp:term":[{"taxonomy":"category","embeddable":true,"href":"https:\/\/lignesauto.fr\/index.php?rest_route=%2Fwp%2Fv2%2Fcategories&post=11603"},{"taxonomy":"post_tag","embeddable":true,"href":"https:\/\/lignesauto.fr\/index.php?rest_route=%2Fwp%2Fv2%2Ftags&post=11603"}],"curies":[{"name":"wp","href":"https:\/\/api.w.org\/{rel}","templated":true}]}}