{"id":11719,"date":"2019-07-24T09:36:09","date_gmt":"2019-07-24T07:36:09","guid":{"rendered":"http:\/\/lignesauto.fr\/?p=11719"},"modified":"2019-07-24T09:41:18","modified_gmt":"2019-07-24T07:41:18","slug":"bmw-la-traction-serie-2-gran-coupe","status":"publish","type":"post","link":"https:\/\/lignesauto.fr\/?p=11719","title":{"rendered":"BMW : la traction S\u00e9rie 2 Gran Coup\u00e9"},"content":{"rendered":"\n<figure class=\"wp-block-image is-resized\"><img loading=\"lazy\" decoding=\"async\" src=\"http:\/\/lignesauto.fr\/wp-content\/uploads\/2019\/06\/LOGOActus-1024x367.jpg\" alt=\"L\u2019attribut alt de cette image est vide, son nom de fichier est LOGOActus-1024x367.jpg.\" width=\"286\" height=\"102\"\/><\/figure>\n\n\n\n<p>Avant de d\u00e9livrer les informations sur cette nouvelle silhouette BMW, j&#8217;aimerais pr\u00e9ciser que je faisais partie dans les ann\u00e9es 1980 \u00e0 2000 des &#8220;<em>chasseurs de scoops automobiles<\/em>&#8220;. Photographier un mod\u00e8le non commercialis\u00e9 pouvait alors nous mener devant un juge d&#8217;instruction (histoire v\u00e9cue personnellement&#8230;). Aujourd&#8217;hui, c&#8217;est le constructeur qui propose ce genre de photos et je me vois dubitatif au moment de les publier. Les constructeurs fran\u00e7ais ne jouent pas encore \u00e0 ce jeu de communication. C&#8217;est peut-\u00eatre la prochaine \u00e9tape ?!<\/p>\n\n\n\n<figure class=\"wp-block-image is-resized\"><img loading=\"lazy\" decoding=\"async\" src=\"http:\/\/lignesauto.fr\/wp-content\/uploads\/2019\/06\/LOGOActus-1024x367.jpg\" alt=\"L\u2019attribut alt de cette image est vide, son nom de fichier est LOGOActus-1024x367.jpg.\" width=\"291\" height=\"103\"\/><\/figure>\n\n\n\n<p>La communiqu\u00e9 officiel de BMW confirme l&#8217;arriv\u00e9e en octobre de la silhouette Gran Coup\u00e9 sur la base de la S\u00e9rie 2 reposant sur la plateforme traction avant. : &#8220;<em>le nouveau coup\u00e9 \u00e0 quatre portes pour le segment des compactes premium s&#8217;est lanc\u00e9 dans une campagne d&#8217;essais (plut\u00f4t, de promotion) avec un camouflage dot\u00e9 d&#8217;un \u00e9norme code QR sur les portes avant pour diriger les curieux vers le site<\/em> &#8220;<a href=\"http:\/\/www.bmw.com\/2-series-gran-coupe\">www.bmw.com\/2-series-gran-coupe<\/a>&#8221; nous informe donc le constructeur.<\/p>\n\n\n\n<figure class=\"wp-block-image is-resized\"><img loading=\"lazy\" decoding=\"async\" src=\"http:\/\/lignesauto.fr\/wp-content\/uploads\/2019\/07\/LIOGNES2_01-1024x683.jpg\" alt=\"\" class=\"wp-image-11722\" width=\"815\" height=\"543\" srcset=\"https:\/\/lignesauto.fr\/wp-content\/uploads\/2019\/07\/LIOGNES2_01-1024x683.jpg 1024w, https:\/\/lignesauto.fr\/wp-content\/uploads\/2019\/07\/LIOGNES2_01-300x200.jpg 300w, https:\/\/lignesauto.fr\/wp-content\/uploads\/2019\/07\/LIOGNES2_01-768x512.jpg 768w, https:\/\/lignesauto.fr\/wp-content\/uploads\/2019\/07\/LIOGNES2_01-370x247.jpg 370w, https:\/\/lignesauto.fr\/wp-content\/uploads\/2019\/07\/LIOGNES2_01-1040x694.jpg 1040w, https:\/\/lignesauto.fr\/wp-content\/uploads\/2019\/07\/LIOGNES2_01.jpg 1417w\" sizes=\"(max-width: 815px) 100vw, 815px\" \/><\/figure>\n\n\n\n<p>&#8220;<em>En pr\u00e9vision de la premi\u00e8re mondiale du Gran Coup\u00e9 S\u00e9rie 2 au Salon de l&#8217;auto de Los Angeles en novembre 2019, cette page d&#8217;accueil tiendra les visiteurs au courant des nouvelles informations sur ce nouveau v\u00e9hicule. Le lancement sur le march\u00e9 mondial de la BMW S\u00e9rie 2 Gran Coup\u00e9 d\u00e9butera au printemps 2020.<\/em>&#8220;<\/p>\n\n\n\n<figure class=\"wp-block-image is-resized\"><img loading=\"lazy\" decoding=\"async\" src=\"http:\/\/lignesauto.fr\/wp-content\/uploads\/2019\/07\/LIGNES2_02-1024x683.jpg\" alt=\"\" class=\"wp-image-11723\" width=\"798\" height=\"531\" srcset=\"https:\/\/lignesauto.fr\/wp-content\/uploads\/2019\/07\/LIGNES2_02-1024x683.jpg 1024w, https:\/\/lignesauto.fr\/wp-content\/uploads\/2019\/07\/LIGNES2_02-300x200.jpg 300w, https:\/\/lignesauto.fr\/wp-content\/uploads\/2019\/07\/LIGNES2_02-768x512.jpg 768w, https:\/\/lignesauto.fr\/wp-content\/uploads\/2019\/07\/LIGNES2_02-370x247.jpg 370w, https:\/\/lignesauto.fr\/wp-content\/uploads\/2019\/07\/LIGNES2_02.jpg 1417w\" sizes=\"(max-width: 798px) 100vw, 798px\" \/><\/figure>\n\n\n\n<p>BMW introduit ainsi dans le segment des compactes haut de gamme le concept de coup\u00e9 \u00e0 quatre portes d\u00e9j\u00e0 connu dans les cat\u00e9gories de v\u00e9hicules sup\u00e9rieures. Cette silhouette &#8220;berline&#8221; est propos\u00e9e sur la plateforme traction (BMW parle de &#8216;<em>solution avant-gardiste<\/em>&#8216;, mais on ne sait pas si c&#8217;est un trait d&#8217;humour ?) et partage ainsi sa base technique avec la r\u00e9cente S\u00e9rie 1 traction d\u00e9voil\u00e9e voici quelques semaines.<\/p>\n\n\n\n<figure class=\"wp-block-image is-resized\"><img loading=\"lazy\" decoding=\"async\" src=\"http:\/\/lignesauto.fr\/wp-content\/uploads\/2019\/07\/LIGNES2_03-1024x683.jpg\" alt=\"\" class=\"wp-image-11724\" width=\"799\" height=\"532\" srcset=\"https:\/\/lignesauto.fr\/wp-content\/uploads\/2019\/07\/LIGNES2_03-1024x683.jpg 1024w, https:\/\/lignesauto.fr\/wp-content\/uploads\/2019\/07\/LIGNES2_03-300x200.jpg 300w, https:\/\/lignesauto.fr\/wp-content\/uploads\/2019\/07\/LIGNES2_03-768x512.jpg 768w, https:\/\/lignesauto.fr\/wp-content\/uploads\/2019\/07\/LIGNES2_03-370x247.jpg 370w, https:\/\/lignesauto.fr\/wp-content\/uploads\/2019\/07\/LIGNES2_03-1040x694.jpg 1040w, https:\/\/lignesauto.fr\/wp-content\/uploads\/2019\/07\/LIGNES2_03.jpg 1417w\" sizes=\"(max-width: 799px) 100vw, 799px\" \/><\/figure>\n\n\n\n<p>La S\u00e9rie 2 Gran Coup\u00e9 pourra recevoir \u00e9galement la transmission int\u00e9grale M235i xDrive. Le mod\u00e8le sportif qui coiffera la gamme est \u00e9quip\u00e9 du moteur quatre cylindres le plus puissant de la gamme BMW, avec une puissance de 306 ch. Il est \u00e9galement \u00e9quip\u00e9 de s\u00e9rie du nouveau diff\u00e9rentiel m\u00e9canique \u00e0 glissement limit\u00e9 Torsen<\/p>\n\n\n\n<figure class=\"wp-block-image is-resized\"><img loading=\"lazy\" decoding=\"async\" src=\"http:\/\/lignesauto.fr\/wp-content\/uploads\/2019\/07\/LIGNES2_04-1024x683.jpg\" alt=\"\" class=\"wp-image-11725\" width=\"787\" height=\"524\" srcset=\"https:\/\/lignesauto.fr\/wp-content\/uploads\/2019\/07\/LIGNES2_04-1024x683.jpg 1024w, https:\/\/lignesauto.fr\/wp-content\/uploads\/2019\/07\/LIGNES2_04-300x200.jpg 300w, https:\/\/lignesauto.fr\/wp-content\/uploads\/2019\/07\/LIGNES2_04-768x512.jpg 768w, https:\/\/lignesauto.fr\/wp-content\/uploads\/2019\/07\/LIGNES2_04-370x247.jpg 370w, https:\/\/lignesauto.fr\/wp-content\/uploads\/2019\/07\/LIGNES2_04-1040x694.jpg 1040w, https:\/\/lignesauto.fr\/wp-content\/uploads\/2019\/07\/LIGNES2_04.jpg 1417w\" sizes=\"(max-width: 787px) 100vw, 787px\" \/><\/figure>\n\n\n\n<p>BMW annonce des &#8220;lignes flamboyantes et une connectivit\u00e9 de pointe&#8221;. La BMW S\u00e9rie 2 Gran Coup\u00e9 viendra donc donner la r\u00e9plique \u00e0 sa rivale Mercedes CLA d\u00e8s 2020.<\/p>\n\n\n\n<figure class=\"wp-block-image is-resized\"><img loading=\"lazy\" decoding=\"async\" src=\"http:\/\/lignesauto.fr\/wp-content\/uploads\/2019\/07\/LIGNES2_06-1024x683.jpg\" alt=\"\" class=\"wp-image-11726\" width=\"790\" height=\"526\" srcset=\"https:\/\/lignesauto.fr\/wp-content\/uploads\/2019\/07\/LIGNES2_06-1024x683.jpg 1024w, https:\/\/lignesauto.fr\/wp-content\/uploads\/2019\/07\/LIGNES2_06-300x200.jpg 300w, https:\/\/lignesauto.fr\/wp-content\/uploads\/2019\/07\/LIGNES2_06-768x512.jpg 768w, https:\/\/lignesauto.fr\/wp-content\/uploads\/2019\/07\/LIGNES2_06-370x247.jpg 370w, https:\/\/lignesauto.fr\/wp-content\/uploads\/2019\/07\/LIGNES2_06-1040x694.jpg 1040w, https:\/\/lignesauto.fr\/wp-content\/uploads\/2019\/07\/LIGNES2_06.jpg 1417w\" sizes=\"(max-width: 790px) 100vw, 790px\" \/><\/figure>\n\n\n\n<figure class=\"wp-block-image is-resized\"><img loading=\"lazy\" decoding=\"async\" src=\"http:\/\/lignesauto.fr\/wp-content\/uploads\/2019\/06\/LOGOActus-1024x367.jpg\" alt=\"L\u2019attribut alt de cette image est vide, son nom de fichier est LOGOActus-1024x367.jpg.\" width=\"284\" height=\"101\"\/><\/figure>\n","protected":false},"excerpt":{"rendered":"<p>Avant de d\u00e9livrer les informations sur cette nouvelle silhouette BMW, j&#8217;aimerais pr\u00e9ciser que je faisais partie dans les ann\u00e9es 1980 \u00e0 2000 des &#8220;chasseurs de scoops automobiles&#8220;. Photographier un mod\u00e8le non commercialis\u00e9 pouvait alors nous mener devant un juge d&#8217;instruction (histoire v\u00e9cue personnellement&#8230;). Aujourd&#8217;hui, c&#8217;est le constructeur qui propose ce [&hellip;]<\/p>\n","protected":false},"author":1,"featured_media":11727,"comment_status":"open","ping_status":"open","sticky":false,"template":"","format":"standard","meta":{"footnotes":""},"categories":[1],"tags":[],"_links":{"self":[{"href":"https:\/\/lignesauto.fr\/index.php?rest_route=\/wp\/v2\/posts\/11719"}],"collection":[{"href":"https:\/\/lignesauto.fr\/index.php?rest_route=\/wp\/v2\/posts"}],"about":[{"href":"https:\/\/lignesauto.fr\/index.php?rest_route=\/wp\/v2\/types\/post"}],"author":[{"embeddable":true,"href":"https:\/\/lignesauto.fr\/index.php?rest_route=\/wp\/v2\/users\/1"}],"replies":[{"embeddable":true,"href":"https:\/\/lignesauto.fr\/index.php?rest_route=%2Fwp%2Fv2%2Fcomments&post=11719"}],"version-history":[{"count":11,"href":"https:\/\/lignesauto.fr\/index.php?rest_route=\/wp\/v2\/posts\/11719\/revisions"}],"predecessor-version":[{"id":11736,"href":"https:\/\/lignesauto.fr\/index.php?rest_route=\/wp\/v2\/posts\/11719\/revisions\/11736"}],"wp:featuredmedia":[{"embeddable":true,"href":"https:\/\/lignesauto.fr\/index.php?rest_route=\/wp\/v2\/media\/11727"}],"wp:attachment":[{"href":"https:\/\/lignesauto.fr\/index.php?rest_route=%2Fwp%2Fv2%2Fmedia&parent=11719"}],"wp:term":[{"taxonomy":"category","embeddable":true,"href":"https:\/\/lignesauto.fr\/index.php?rest_route=%2Fwp%2Fv2%2Fcategories&post=11719"},{"taxonomy":"post_tag","embeddable":true,"href":"https:\/\/lignesauto.fr\/index.php?rest_route=%2Fwp%2Fv2%2Ftags&post=11719"}],"curies":[{"name":"wp","href":"https:\/\/api.w.org\/{rel}","templated":true}]}}