{"id":11737,"date":"2020-08-07T07:01:00","date_gmt":"2020-08-07T05:01:00","guid":{"rendered":"http:\/\/lignesauto.fr\/?p=11737"},"modified":"2020-08-03T10:45:43","modified_gmt":"2020-08-03T08:45:43","slug":"interview-sabine-pannetrat-designer-couleurs-matieres-et-finitions-de-la-marque-ds","status":"publish","type":"post","link":"https:\/\/lignesauto.fr\/?p=11737","title":{"rendered":"Relecture d&#8217;\u00e9t\u00e9 : Sabine Pannetrat, designer &#8220;couleurs mati\u00e8res et finitions&#8221; de la marque DS"},"content":{"rendered":"\n<figure class=\"wp-block-image is-resized\"><img loading=\"lazy\" decoding=\"async\" src=\"http:\/\/lignesauto.fr\/wp-content\/uploads\/2019\/06\/LOGOActus-1024x367.jpg\" alt=\"\" class=\"wp-image-11058\" width=\"564\" height=\"200\"\/><\/figure>\n\n\n\n<figure class=\"wp-block-image is-resized\"><img loading=\"lazy\" decoding=\"async\" src=\"http:\/\/lignesauto.fr\/wp-content\/uploads\/2019\/07\/LIGNES_S_0-1024x640.jpg\" alt=\"\" class=\"wp-image-11741\" width=\"796\" height=\"497\" srcset=\"https:\/\/lignesauto.fr\/wp-content\/uploads\/2019\/07\/LIGNES_S_0-1024x640.jpg 1024w, https:\/\/lignesauto.fr\/wp-content\/uploads\/2019\/07\/LIGNES_S_0-300x188.jpg 300w, https:\/\/lignesauto.fr\/wp-content\/uploads\/2019\/07\/LIGNES_S_0-768x480.jpg 768w, https:\/\/lignesauto.fr\/wp-content\/uploads\/2019\/07\/LIGNES_S_0-370x231.jpg 370w, https:\/\/lignesauto.fr\/wp-content\/uploads\/2019\/07\/LIGNES_S_0-1040x650.jpg 1040w, https:\/\/lignesauto.fr\/wp-content\/uploads\/2019\/07\/LIGNES_S_0.jpg 1417w\" sizes=\"(max-width: 796px) 100vw, 796px\" \/><\/figure>\n\n\n\n<h2 class=\"wp-block-heading\"><strong>\u00ab&nbsp;Du design autant que de la strat\u00e9gie&nbsp;\u00bb<\/strong><\/h2>\n\n\n\n<p style=\"font-size:18px\">Nous allons vous parler de vaches, de poissons, de couleurs, de mati\u00e8res et surtout, d\u2019un m\u00e9tier qui vit sa mutation dans un univers d\u2019un design automobile chamboul\u00e9. Bienvenue dans le bureau de Sabine Le Masson Pannetrat, une femme designer, responsable de la cellule \u00ab&nbsp;CMF&nbsp;\u00bb, comprenez&nbsp;: \u00ab&nbsp;Couleurs Mati\u00e8res et Finitions&nbsp;\u00bb.<\/p>\n\n\n\n<figure class=\"wp-block-image is-resized\"><img loading=\"lazy\" decoding=\"async\" src=\"http:\/\/lignesauto.fr\/wp-content\/uploads\/2019\/07\/LIGNES_S_02-1-1024x768.jpg\" alt=\"\" class=\"wp-image-11765\" width=\"768\" height=\"576\" srcset=\"https:\/\/lignesauto.fr\/wp-content\/uploads\/2019\/07\/LIGNES_S_02-1-1024x768.jpg 1024w, https:\/\/lignesauto.fr\/wp-content\/uploads\/2019\/07\/LIGNES_S_02-1-300x225.jpg 300w, https:\/\/lignesauto.fr\/wp-content\/uploads\/2019\/07\/LIGNES_S_02-1-768x576.jpg 768w, https:\/\/lignesauto.fr\/wp-content\/uploads\/2019\/07\/LIGNES_S_02-1-370x278.jpg 370w, https:\/\/lignesauto.fr\/wp-content\/uploads\/2019\/07\/LIGNES_S_02-1-1040x780.jpg 1040w, https:\/\/lignesauto.fr\/wp-content\/uploads\/2019\/07\/LIGNES_S_02-1.jpg 1417w\" sizes=\"(max-width: 768px) 100vw, 768px\" \/><\/figure>\n\n\n\n<p style=\"font-size:18px\"><strong>LIGNES\/auto&nbsp;: Avant d\u2019aller plus en avant dans l\u2019interview, j\u2019aimerais que l\u2019on casse &#8211; ou pas &#8211; un clich\u00e9&nbsp;: les hommes sont au design ext\u00e9rieur pendant que les femmes sont aux tissus. C\u2019est toujours vrai&nbsp;?<\/strong><br>Sabine Le Masson-Pannetrat&nbsp;: \u00ab Chez les constructeurs automobiles, le d\u00e9partement&nbsp;&nbsp;couleurs &amp; mati\u00e8res est historiquement tr\u00e8s f\u00e9minis\u00e9 mais chez PSA, que ce soit chez nous, DS Automobiles&nbsp;(<a href=\"https:\/\/www.dsautomobiles.com\/\">https:\/\/www.dsautomobiles.com\/<\/a>) ou chez Peugeot et Citro\u00ebn, le rapport femmes\/hommes est \u00e0 peu pr\u00e8s identique, de l\u2019ordre de 2\/3-1\/3. Dans mon \u00e9quipe, nous sommes neuf&nbsp;personnes : six femmes et trois hommes.&nbsp;\u00bb<\/p>\n\n\n\n<p style=\"font-size:18px\"><strong>Plus de clich\u00e9 alors&nbsp;!<\/strong><br>S.Le M-P.&nbsp;: \u00ab&nbsp;Ce qui compte dans une telle \u00e9quipe, ce n\u2019est pas forc\u00e9ment la parit\u00e9, c\u2019est d\u2019avoir des hommes et des femmes qui ont des sensibilit\u00e9s diff\u00e9rentes&nbsp;!&nbsp;\u00bb<\/p>\n\n\n\n<figure class=\"wp-block-image is-resized\"><img loading=\"lazy\" decoding=\"async\" src=\"http:\/\/lignesauto.fr\/wp-content\/uploads\/2019\/07\/LIGNES_S_00-1024x683.jpg\" alt=\"\" class=\"wp-image-11742\" width=\"775\" height=\"516\" srcset=\"https:\/\/lignesauto.fr\/wp-content\/uploads\/2019\/07\/LIGNES_S_00-1024x683.jpg 1024w, https:\/\/lignesauto.fr\/wp-content\/uploads\/2019\/07\/LIGNES_S_00-300x200.jpg 300w, https:\/\/lignesauto.fr\/wp-content\/uploads\/2019\/07\/LIGNES_S_00-768x512.jpg 768w, https:\/\/lignesauto.fr\/wp-content\/uploads\/2019\/07\/LIGNES_S_00-370x247.jpg 370w, https:\/\/lignesauto.fr\/wp-content\/uploads\/2019\/07\/LIGNES_S_00-1040x694.jpg 1040w, https:\/\/lignesauto.fr\/wp-content\/uploads\/2019\/07\/LIGNES_S_00.jpg 1417w\" sizes=\"(max-width: 775px) 100vw, 775px\" \/><\/figure>\n\n\n\n<p style=\"font-size:18px\"><strong>Votre d\u00e9partement s\u2019appelle \u00ab&nbsp;Couleurs, mati\u00e8res et finitions&nbsp;\u00bb&#8230; En quoi consiste exactement votre m\u00e9tier&nbsp;?<\/strong><br>S.Le M-P.&nbsp;: \u00ab&nbsp;Je suis responsable d\u2019une \u00e9quipe de designers. Ensemble, nous nous assurons de proposer des couleurs, des mati\u00e8res et des finitions qui correspondent \u00e0 l\u2019identit\u00e9 de la marque DS. Tout ce qui se touche, se voit, se sent, au niveau des couleurs ext\u00e9rieures, des int\u00e9rieurs &#8211; des mati\u00e8res des tapis au textile du pavillon -, est concern\u00e9.&nbsp;\u00bb<\/p>\n\n\n\n<figure class=\"wp-block-image is-resized\"><img loading=\"lazy\" decoding=\"async\" src=\"http:\/\/lignesauto.fr\/wp-content\/uploads\/2019\/07\/LIGNES_S_17-1024x576.jpg\" alt=\"\" class=\"wp-image-11744\" width=\"760\" height=\"427\" srcset=\"https:\/\/lignesauto.fr\/wp-content\/uploads\/2019\/07\/LIGNES_S_17-1024x576.jpg 1024w, https:\/\/lignesauto.fr\/wp-content\/uploads\/2019\/07\/LIGNES_S_17-300x169.jpg 300w, https:\/\/lignesauto.fr\/wp-content\/uploads\/2019\/07\/LIGNES_S_17-768x432.jpg 768w, https:\/\/lignesauto.fr\/wp-content\/uploads\/2019\/07\/LIGNES_S_17-370x208.jpg 370w, https:\/\/lignesauto.fr\/wp-content\/uploads\/2019\/07\/LIGNES_S_17-1040x585.jpg 1040w, https:\/\/lignesauto.fr\/wp-content\/uploads\/2019\/07\/LIGNES_S_17.jpg 1417w\" sizes=\"(max-width: 760px) 100vw, 760px\" \/><figcaption>Le dernier concept-car en date : DS X E-Tense. Le prochain arrivera-t-il en 2020 ??<\/figcaption><\/figure>\n\n\n\n<p style=\"font-size:18px\"><strong>LIGNES\/auto c\u2019est aussi une page Facbook :&nbsp;<\/strong><a href=\"https:\/\/www.facebook.com\/lignesauto\/?modal=admin_todo_tour\">https:\/\/www.facebook.com\/lignesauto\/?modal=admin_todo_tour<\/a><\/p>\n\n\n\n<p style=\"font-size:18px\"><strong>Travailler pour DS, une toute jeune marque associ\u00e9e au savoir-faire Fran\u00e7ais, c\u2019est diff\u00e9rent&nbsp;?<\/strong><br>S.Le M-P.&nbsp;: \u00ab&nbsp;C\u2019est une opportunit\u00e9 et une chance unique de travailler pour une marque fran\u00e7aise qui se cr\u00e9e, avec un p\u00e9rim\u00e8tre extr\u00eamement vaste dans l\u2019univers des couleurs et des mati\u00e8res. Nous nous positionnons comme une marque qui s\u2019inspire du savoir-faire fran\u00e7ais. On chatouille vraiment l\u2019univers du luxe&nbsp;!&nbsp;\u00bb<\/p>\n\n\n\n<figure class=\"wp-block-image is-resized\"><img loading=\"lazy\" decoding=\"async\" src=\"http:\/\/lignesauto.fr\/wp-content\/uploads\/2019\/07\/LIGNES_S_13-1024x576.jpg\" alt=\"\" class=\"wp-image-11781\" width=\"731\" height=\"411\" srcset=\"https:\/\/lignesauto.fr\/wp-content\/uploads\/2019\/07\/LIGNES_S_13-1024x576.jpg 1024w, https:\/\/lignesauto.fr\/wp-content\/uploads\/2019\/07\/LIGNES_S_13-300x169.jpg 300w, https:\/\/lignesauto.fr\/wp-content\/uploads\/2019\/07\/LIGNES_S_13-768x432.jpg 768w, https:\/\/lignesauto.fr\/wp-content\/uploads\/2019\/07\/LIGNES_S_13-370x208.jpg 370w, https:\/\/lignesauto.fr\/wp-content\/uploads\/2019\/07\/LIGNES_S_13-1040x585.jpg 1040w, https:\/\/lignesauto.fr\/wp-content\/uploads\/2019\/07\/LIGNES_S_13.jpg 1417w\" sizes=\"(max-width: 731px) 100vw, 731px\" \/><\/figure>\n\n\n\n<p style=\"font-size:18px\"><strong>Vous chatouillez les concurrents Allemands surtout&nbsp;?<\/strong><br>S.Le M-P.&nbsp;: \u00ab&nbsp;En fait, nous ne les regardons pas trop&nbsp;! Nous nous positionnons par rapport \u00e0 ce que la marque DS veut exprimer&nbsp;: valoriser le savoir-faire Fran\u00e7ais.&nbsp;\u00bb<\/p>\n\n\n\n<p style=\"font-size:18px\"><strong>&#8230;qui n\u2019est pas le savoir-faire Allemand, mais en m\u00eame temps, DS s\u2019est d\u2019abord ancr\u00e9e en Chine&nbsp;:&nbsp;&nbsp;vous inspirez-vous aussi du savoir-faire&#8230; Chinois&nbsp;?<\/strong><br>S.Le M-P.&nbsp;: \u00ab&nbsp;On s\u2019int\u00e9resse \u00e9videmment au march\u00e9 chinois mais on ne s\u2019inspire pas de leur savoir-faire. On regarde plut\u00f4t comment les chinois communiquent sur leur propre savoir-faire.&nbsp;\u00bb<\/p>\n\n\n\n<p style=\"font-size:18px\"><strong>Concernant les produits premium allemands&#8230;<\/strong><br>S.Le M-P.&nbsp;: \u00ab&#8230;ce sont \u00e9videmment de tr\u00e8s bon produits, de belle qualit\u00e9&#8230; Mais il leur manque une \u00e2me. Ils sont sur d\u2019autres territoires que le n\u00f4tre.&nbsp;\u00bb.<\/p>\n\n\n\n<figure class=\"wp-block-image is-resized\"><img loading=\"lazy\" decoding=\"async\" src=\"http:\/\/lignesauto.fr\/wp-content\/uploads\/2019\/07\/LIGNES_S_105-731x1024.jpg\" alt=\"\" class=\"wp-image-11747\" width=\"726\" height=\"1016\" srcset=\"https:\/\/lignesauto.fr\/wp-content\/uploads\/2019\/07\/LIGNES_S_105-731x1024.jpg 731w, https:\/\/lignesauto.fr\/wp-content\/uploads\/2019\/07\/LIGNES_S_105-214x300.jpg 214w, https:\/\/lignesauto.fr\/wp-content\/uploads\/2019\/07\/LIGNES_S_105-768x1075.jpg 768w, https:\/\/lignesauto.fr\/wp-content\/uploads\/2019\/07\/LIGNES_S_105-370x518.jpg 370w, https:\/\/lignesauto.fr\/wp-content\/uploads\/2019\/07\/LIGNES_S_105-1040x1456.jpg 1040w, https:\/\/lignesauto.fr\/wp-content\/uploads\/2019\/07\/LIGNES_S_105.jpg 1417w\" sizes=\"(max-width: 726px) 100vw, 726px\" \/><figcaption>Le concept-car DS Divine d\u00e9voil\u00e9 en 2014 est le manifeste de tous les fondamentaux de la nouvelle gamme DS.<\/figcaption><\/figure>\n\n\n\n<p style=\"font-size:18px\"><strong>Votre cellule est-elle \u00e9loign\u00e9e des studios de design de la marque&nbsp;?<\/strong><br>S.Le M-P.&nbsp;: \u00ab&nbsp;Non, on acc\u00e8de au studio en traversant le couloir.&nbsp;Notre cellule est tr\u00e8s sollicit\u00e9e \u00e0 la fois par la marque DS mais aussi en transversal dans le groupe. Il est vrai que l\u2019un des fondamentaux de la marque DS repose sur les couleurs et mati\u00e8res. C\u2019est une valeur forte. Avec le design int\u00e9rieur, nous g\u00e9rons des conceptions assez complexes, comme la sellerie \u00ab&nbsp;bracelet de montre&nbsp;\u00bb (ci-dessous). Nous travaillons en bin\u00f4me avec les designers int\u00e9rieurs et ext\u00e9rieurs.&nbsp;<\/p>\n\n\n\n<figure class=\"wp-block-image is-resized\"><img loading=\"lazy\" decoding=\"async\" src=\"http:\/\/lignesauto.fr\/wp-content\/uploads\/2019\/07\/LIGNES_S_12-1-1024x767.jpg\" alt=\"\" class=\"wp-image-11785\" width=\"728\" height=\"545\" srcset=\"https:\/\/lignesauto.fr\/wp-content\/uploads\/2019\/07\/LIGNES_S_12-1-1024x767.jpg 1024w, https:\/\/lignesauto.fr\/wp-content\/uploads\/2019\/07\/LIGNES_S_12-1-300x225.jpg 300w, https:\/\/lignesauto.fr\/wp-content\/uploads\/2019\/07\/LIGNES_S_12-1-768x576.jpg 768w, https:\/\/lignesauto.fr\/wp-content\/uploads\/2019\/07\/LIGNES_S_12-1-370x277.jpg 370w, https:\/\/lignesauto.fr\/wp-content\/uploads\/2019\/07\/LIGNES_S_12-1-1040x779.jpg 1040w, https:\/\/lignesauto.fr\/wp-content\/uploads\/2019\/07\/LIGNES_S_12-1.jpg 1417w\" sizes=\"(max-width: 728px) 100vw, 728px\" \/><\/figure>\n\n\n\n<p style=\"font-size:18px\"><strong>Existe-t-il une formation pour les designers couleurs et mati\u00e8res comme il en existe une pour les designers exter et inter&nbsp;?<\/strong><br>S.Le M-P.&nbsp;: \u00ab&nbsp;En fait, il n\u2019y a pas de formation de designer \u00ab&nbsp;couleurs et mati\u00e8res&nbsp;\u00bb&#8230;<\/p>\n\n\n\n<figure class=\"wp-block-image is-resized\"><img loading=\"lazy\" decoding=\"async\" src=\"http:\/\/lignesauto.fr\/wp-content\/uploads\/2019\/03\/lignescodex03-935x1024.jpg\" alt=\"\" class=\"wp-image-9049\" width=\"700\" height=\"766\" srcset=\"https:\/\/lignesauto.fr\/wp-content\/uploads\/2019\/03\/lignescodex03-935x1024.jpg 935w, https:\/\/lignesauto.fr\/wp-content\/uploads\/2019\/03\/lignescodex03-274x300.jpg 274w, https:\/\/lignesauto.fr\/wp-content\/uploads\/2019\/03\/lignescodex03-768x841.jpg 768w, https:\/\/lignesauto.fr\/wp-content\/uploads\/2019\/03\/lignescodex03-370x405.jpg 370w, https:\/\/lignesauto.fr\/wp-content\/uploads\/2019\/03\/lignescodex03-1040x1139.jpg 1040w, https:\/\/lignesauto.fr\/wp-content\/uploads\/2019\/03\/lignescodex03.jpg 1276w\" sizes=\"(max-width: 700px) 100vw, 700px\" \/><figcaption>Les formations pour devenir designer sont multiples, au contraire de celles qui m\u00e8nent au m\u00e9tier de designer &#8220;couleurs et mati\u00e8res&#8221;&#8230;<\/figcaption><\/figure>\n\n\n\n<p style=\"font-size:18px\"><strong>&#8230;c\u2019est un manque&nbsp;?<\/strong><br>S.Le M-P.&nbsp;: \u00ab&nbsp;Il y aurait une \u00e9cole, on irait piocher dans ses \u00e9tudiants et ce serait une solution de facilit\u00e9, parce que les designers seraient tr\u00e8s format\u00e9s. En fait, nous recrutons des profils tr\u00e8s vari\u00e9s ! Dans mon \u00e9quipe j\u2019ai une architecte d\u2019int\u00e9rieur, des coloristes, un ing\u00e9nieur designer&#8230; bref, pas un seul profil identique&nbsp;! Et c\u2019est cela la grande richesse de l\u2019\u00e9quipe, ils ont des r\u00e9flexes diff\u00e9rents, des sources d\u2019inspirations diff\u00e9rentes, ce n\u2019est pas comme s\u2019ils sortaient tous d\u2019une \u00e9cole de design automobile.&nbsp;\u00bb<\/p>\n\n\n\n<figure class=\"wp-block-image is-resized\"><img loading=\"lazy\" decoding=\"async\" src=\"http:\/\/lignesauto.fr\/wp-content\/uploads\/2019\/07\/LIGNES_S_29-1024x683.jpg\" alt=\"\" class=\"wp-image-11748\" width=\"743\" height=\"495\" srcset=\"https:\/\/lignesauto.fr\/wp-content\/uploads\/2019\/07\/LIGNES_S_29-1024x683.jpg 1024w, https:\/\/lignesauto.fr\/wp-content\/uploads\/2019\/07\/LIGNES_S_29-300x200.jpg 300w, https:\/\/lignesauto.fr\/wp-content\/uploads\/2019\/07\/LIGNES_S_29-768x512.jpg 768w, https:\/\/lignesauto.fr\/wp-content\/uploads\/2019\/07\/LIGNES_S_29-370x247.jpg 370w, https:\/\/lignesauto.fr\/wp-content\/uploads\/2019\/07\/LIGNES_S_29-1040x694.jpg 1040w, https:\/\/lignesauto.fr\/wp-content\/uploads\/2019\/07\/LIGNES_S_29.jpg 1417w\" sizes=\"(max-width: 743px) 100vw, 743px\" \/><\/figure>\n\n\n\n<p style=\"font-size:18px\"><strong>Comment recrutez-vous alors&nbsp;?<\/strong><br>S.Le M-P.&nbsp;: \u00ab&nbsp;C\u2019est compliqu\u00e9 d\u2019aller recruter&#8230; On va par exemple aller chercher des designers \u2018textile\u2019 et on retombe du coup sur des profils plut\u00f4t f\u00e9minins. Pour DS, ce qui m\u2019int\u00e9resse beaucoup, c\u2019est cette recherche de profils atypiques. Il n\u2019est pas n\u00e9cessaire d\u2019\u00eatre designer int\u00e9rieur pour travailler aux couleurs &amp; mati\u00e8res mais il faut quand m\u00eame savoir r\u00e9fl\u00e9chir en volumes, avoir une bonne sensibilit\u00e9 au niveau de la couleur, forc\u00e9ment&nbsp;!&nbsp;\u00bb&nbsp;<\/p>\n\n\n\n<p style=\"font-size:18px\"><strong>Pour acqu\u00e9rir ces sensibilit\u00e9s, il existe bien d\u2019autres \u00e9coles&nbsp;?<\/strong><br>S.Le M-P.&nbsp;: \u00ab&nbsp;Il en existe plusieurs qui forment au m\u00e9tier de coloriste, notamment \u00e0 Montauban (<a href=\"https:\/\/iscid.univ-tlse2.fr\/\">https:\/\/iscid.univ-tlse2.fr<\/a> ci-dessous). On peut citer aussi les formations \u00e0 l\u2019\u00e9cole d\u2019Oliver de Serres \u00e0 Paris (l\u2019ens aama&nbsp;: <a href=\"http:\/\/ensaama.net\/site\/\">http:\/\/ensaama.net\/site\/<\/a>) des formations plus g\u00e9n\u00e9ralistes dans l\u2019univers du design textile, des Arts D\u00e9co, des masters en design comme \u00e0 Strate (<a href=\"https:\/\/www.strate.design\/\">https:\/\/www.strate.design<\/a>) mais pas n\u00e9cessairement dans la fili\u00e8re mobilit\u00e9s. Vous pouvez aussi mentionner les \u00e9coles d\u2019\u00e9b\u00e9nisterie. Quoiqu\u2019il en soit, nous recrutons des Bac + 5.&nbsp;\u00bb<\/p>\n\n\n\n<figure class=\"wp-block-image is-resized\"><a href=\"https:\/\/iscid.univ-tlse2.fr\"><img loading=\"lazy\" decoding=\"async\" src=\"http:\/\/lignesauto.fr\/wp-content\/uploads\/2019\/07\/LIGNES_S_06-1024x576.png\" alt=\"\" class=\"wp-image-11750\" width=\"747\" height=\"420\" srcset=\"https:\/\/lignesauto.fr\/wp-content\/uploads\/2019\/07\/LIGNES_S_06-1024x576.png 1024w, https:\/\/lignesauto.fr\/wp-content\/uploads\/2019\/07\/LIGNES_S_06-300x169.png 300w, https:\/\/lignesauto.fr\/wp-content\/uploads\/2019\/07\/LIGNES_S_06-768x432.png 768w, https:\/\/lignesauto.fr\/wp-content\/uploads\/2019\/07\/LIGNES_S_06-370x208.png 370w, https:\/\/lignesauto.fr\/wp-content\/uploads\/2019\/07\/LIGNES_S_06-1040x585.png 1040w, https:\/\/lignesauto.fr\/wp-content\/uploads\/2019\/07\/LIGNES_S_06.png 1417w\" sizes=\"(max-width: 747px) 100vw, 747px\" \/><\/a><\/figure>\n\n\n\n<p style=\"font-size:18px\"><strong>Et vous recrutez actuellement&nbsp;?<\/strong><br>S.Le M-P.&nbsp;: \u00ab&nbsp;Je dirais que nous sommes actuellement une \u00e9quipe au bon format par rapport \u00e0 notre gamme mais nous sommes toujours int\u00e9ress\u00e9s par des comp\u00e9tences atypiques. Nous ne recrutons pas, mais nous proposons chaque ann\u00e9e des stages de six mois pour les Bac + 5.&nbsp;\u00bb&nbsp;<\/p>\n\n\n\n<p style=\"font-size:18px\"><strong>Travaillez-vous avec des consultants ext\u00e9rieur, comme le designer Karim Rashid\u00a0<\/strong>(<a href=\"http:\/\/lignesauto.fr\/?p=11357 ?\">http:\/\/lignesauto.fr\/?p=11357\u00a0?<\/a>)<br>S.Le M-P.\u00a0: \u00ab\u00a0Dans ma premi\u00e8re vie chez Citro\u00ebn (<em>Sabine a travaill\u00e9 chez Citro\u00ebn de 2002 \u00e0 2005 avant son passage chez Aston Martin, voir en bas du post. NDA<\/em>) on consultait des designers. Aujourd\u2019hui, pour DS, nous consultons plut\u00f4t des artisans. Il peut s\u2019agir de maisons d\u2019art, de la broderie \u00e0 l\u2019\u00e9b\u00e9nisterie. Mais nous collaborons aussi avec des maisons de luxe fran\u00e7aises tr\u00e8s connues. R\u00e9cemment, pour le concept-car DS X E-Tense nous avons travaill\u00e9 le bois en marqueterie et d\u00e9coupe laser avec la maison Farouche (<a href=\"https:\/\/www.farouche-paris.fr\/fr\/home-2\/\">https:\/\/www.farouche-paris.fr\/fr\/home-2\/<\/a>) pour la r\u00e9alisation de pi\u00e8ces uniques. Ces travaux nous servent de r\u00e9f\u00e9rence pour ensuite aller voir nos fournisseurs industriels.\u00a0\u00bb<br>Depuis l&#8217;interview, le concept-car ASL de 2020 avec de nombreux nouveaux mat\u00e9riaux \u00e0 bord, comme la&#8230; paille confirme cette volont\u00e9.<\/p>\n\n\n\n<p style=\"font-size:18px\"><strong>L\u2019 artisan ne peut donc pas vous suivre sur la grande s\u00e9rie&nbsp;?<\/strong><br>S.Le M-P.&nbsp;: \u00ab&nbsp;L\u2019artisan n\u2019est pas forc\u00e9ment int\u00e9ress\u00e9 par la production en s\u00e9rie. Ce qui l\u2019int\u00e9resse, c\u2019est de se frotter \u00e0 un autre univers, celui de l\u2019automobile. C\u2019est un challenge pour lui car on travaille avec lui de nouvelles mati\u00e8res dans un univers nouveau&nbsp;: celui de l\u2019automobile. \u00bb<\/p>\n\n\n\n<figure class=\"wp-block-image is-resized\"><img loading=\"lazy\" decoding=\"async\" src=\"http:\/\/lignesauto.fr\/wp-content\/uploads\/2019\/07\/LIGNES_S_25-1024x640.jpg\" alt=\"\" class=\"wp-image-11752\" width=\"781\" height=\"487\" srcset=\"https:\/\/lignesauto.fr\/wp-content\/uploads\/2019\/07\/LIGNES_S_25-1024x640.jpg 1024w, https:\/\/lignesauto.fr\/wp-content\/uploads\/2019\/07\/LIGNES_S_25-300x188.jpg 300w, https:\/\/lignesauto.fr\/wp-content\/uploads\/2019\/07\/LIGNES_S_25-768x480.jpg 768w, https:\/\/lignesauto.fr\/wp-content\/uploads\/2019\/07\/LIGNES_S_25-370x231.jpg 370w, https:\/\/lignesauto.fr\/wp-content\/uploads\/2019\/07\/LIGNES_S_25-1040x650.jpg 1040w, https:\/\/lignesauto.fr\/wp-content\/uploads\/2019\/07\/LIGNES_S_25.jpg 1417w\" sizes=\"(max-width: 781px) 100vw, 781px\" \/><\/figure>\n\n\n\n<p style=\"font-size:18px\"><strong>Vous pensez aux plumes de la DS X E-Tense&nbsp;! Des plumes dans la voiture de demain, c\u2019est imaginable&nbsp;?<\/strong><br>S.Le M-P.&nbsp;: \u00ab&nbsp;Les mati\u00e8res fragiles doivent \u00eatre prot\u00e9g\u00e9es en les implantant dans des zones o\u00f9 on n\u2019est pas constamment en contact avec elles. Mais pour la plume, \u00e7a ne suffira pas. Il faut prendre en compte \u00e9galement la tenue \u00e0 la lumi\u00e8re, c\u2019est complexe. Alors on r\u00e9interpr\u00e8tera la plume. Nous regardons de tr\u00e8s pr\u00e8s comment trouver un \u00e9quivalent avec nos exigences en qualit\u00e9.&nbsp;\u00bb<\/p>\n\n\n\n<figure class=\"wp-block-image is-resized\"><img loading=\"lazy\" decoding=\"async\" src=\"http:\/\/lignesauto.fr\/wp-content\/uploads\/2019\/07\/LIGNES_S_28-1024x576.jpg\" alt=\"\" class=\"wp-image-11753\" width=\"775\" height=\"436\" srcset=\"https:\/\/lignesauto.fr\/wp-content\/uploads\/2019\/07\/LIGNES_S_28-1024x576.jpg 1024w, https:\/\/lignesauto.fr\/wp-content\/uploads\/2019\/07\/LIGNES_S_28-300x169.jpg 300w, https:\/\/lignesauto.fr\/wp-content\/uploads\/2019\/07\/LIGNES_S_28-768x432.jpg 768w, https:\/\/lignesauto.fr\/wp-content\/uploads\/2019\/07\/LIGNES_S_28-370x208.jpg 370w, https:\/\/lignesauto.fr\/wp-content\/uploads\/2019\/07\/LIGNES_S_28-1040x585.jpg 1040w, https:\/\/lignesauto.fr\/wp-content\/uploads\/2019\/07\/LIGNES_S_28.jpg 1417w\" sizes=\"(max-width: 775px) 100vw, 775px\" \/><\/figure>\n\n\n\n<p style=\"font-size:18px\"><strong>Comment trouvez-vous ces artisans tr\u00e8s particuliers&nbsp;?<\/strong><br>S.Le M-P.&nbsp;: \u00ab&nbsp;On travaille avec les&nbsp;&#8220;entreprises du&nbsp;patrimoine vivant&nbsp;&#8221;  (EPV) qui recense le meilleur du savoir-faire fran\u00e7ais. Il existe \u00e9galement le comit\u00e9 Colbert (ci-dessous) pour ce qui concerne les maisons de luxe&nbsp;(<em>cr\u00e9\u00e9 en 1954, le Comit\u00e9 Colbert rassemble les maisons fran\u00e7aises de luxe et des institutions culturelles. Elles \u0153uvrent ensemble au rayonnement international de l&#8217;art de vivre fran\u00e7ais. NDA<\/em>&nbsp;: <a href=\"https:\/\/www.comitecolbert.com\/\">https:\/\/www.comitecolbert.com<\/a>). Mais nos principales inspirations sont capt\u00e9es lors d\u2019expositions ou dans les show-rooms.&nbsp;\u00bb<\/p>\n\n\n\n<figure class=\"wp-block-image is-resized\"><img loading=\"lazy\" decoding=\"async\" src=\"http:\/\/lignesauto.fr\/wp-content\/uploads\/2019\/07\/LIGNES_S_05-1024x701.png\" alt=\"\" class=\"wp-image-11754\" width=\"789\" height=\"540\" srcset=\"https:\/\/lignesauto.fr\/wp-content\/uploads\/2019\/07\/LIGNES_S_05-1024x701.png 1024w, https:\/\/lignesauto.fr\/wp-content\/uploads\/2019\/07\/LIGNES_S_05-300x205.png 300w, https:\/\/lignesauto.fr\/wp-content\/uploads\/2019\/07\/LIGNES_S_05-768x526.png 768w, https:\/\/lignesauto.fr\/wp-content\/uploads\/2019\/07\/LIGNES_S_05-370x253.png 370w, https:\/\/lignesauto.fr\/wp-content\/uploads\/2019\/07\/LIGNES_S_05-1040x712.png 1040w, https:\/\/lignesauto.fr\/wp-content\/uploads\/2019\/07\/LIGNES_S_05.png 1417w\" sizes=\"(max-width: 789px) 100vw, 789px\" \/><\/figure>\n\n\n\n<p style=\"font-size:18px\"><strong>Entre les artisans et la s\u00e9rie via les industriels, j\u2019ai du mal \u00e0 saisir le grand saut&nbsp;!<\/strong><br>S.Le M-P.&nbsp;: \u00ab&nbsp;Nous aussi parfois&nbsp;! Nos recherches n\u2019aboutissent pas toutes en s\u00e9rie, c\u2019est l\u2019int\u00e9r\u00eat de nos concept-cars qui sont l\u00e0 pour d\u00e9fricher ces avanc\u00e9es vers de nouveaux mat\u00e9riaux. Il y a des projets qui s\u2019arr\u00eatent avant le stade de l\u2019industrialisation, car on a sans doute parfois trop r\u00eav\u00e9. Et puis il y en a d\u2019autres qui passent le cap en s\u2019adaptant. Par exemple, la patine sp\u00e9cifique de notre cuir faite main dans notre concept DS E-Tense a \u00e9t\u00e9 valid\u00e9e pour la s\u00e9rie apr\u00e8s avoir \u00e9t\u00e9 travaill\u00e9e avec notre fournisseur de cuir. Nous sommes pass\u00e9s \u00e0 une technologie de s\u00e9rigraphie plus industrialisable. Le fournisseur disposait de l\u2019exemple de notre patine faite main par notre sellier et on lui doit d\u2019avoir adapt\u00e9 sa production pour obtenir un rendu similaire. C\u2019est une belle r\u00e9ussite lorsqu\u2019on arrive \u00e0 une telle transformation qui passe le cahier des charges&nbsp;!&nbsp;\u00bb<\/p>\n\n\n\n<figure class=\"wp-block-image is-resized\"><img loading=\"lazy\" decoding=\"async\" src=\"http:\/\/lignesauto.fr\/wp-content\/uploads\/2019\/07\/LIGNES_S_22-731x1024.jpg\" alt=\"\" class=\"wp-image-11755\" width=\"731\" height=\"1023\" srcset=\"https:\/\/lignesauto.fr\/wp-content\/uploads\/2019\/07\/LIGNES_S_22-731x1024.jpg 731w, https:\/\/lignesauto.fr\/wp-content\/uploads\/2019\/07\/LIGNES_S_22-214x300.jpg 214w, https:\/\/lignesauto.fr\/wp-content\/uploads\/2019\/07\/LIGNES_S_22-768x1075.jpg 768w, https:\/\/lignesauto.fr\/wp-content\/uploads\/2019\/07\/LIGNES_S_22-370x518.jpg 370w, https:\/\/lignesauto.fr\/wp-content\/uploads\/2019\/07\/LIGNES_S_22-1040x1456.jpg 1040w, https:\/\/lignesauto.fr\/wp-content\/uploads\/2019\/07\/LIGNES_S_22.jpg 1417w\" sizes=\"(max-width: 731px) 100vw, 731px\" \/><\/figure>\n\n\n\n<p style=\"font-size:18px\"><strong>Dans le luxe, certains affirment pourtant que le cuir n\u2019a pas d\u2019avenir&nbsp;<\/strong>?<br>S.Le M-P.&nbsp;: \u00ab&nbsp;Le cuir est p\u00e9renne parce que c\u2019est un d\u00e9chet&nbsp;! Les vaches que l\u2019on utilise pour leur cuir sont des vaches \u00e9lev\u00e9es pour leur viande car c\u2019est totalement ill\u00e9gal d\u2019\u00e9lever des vaches uniquement pour leur cuir.&nbsp;M\u00eame des marques comme Herm\u00e8s communiquent l\u00e0-dessus et tant que l\u2019on mangera de la viande, le cuir dans l\u2019automobile sera p\u00e9renne&nbsp;! \u00bb<\/p>\n\n\n\n<figure class=\"wp-block-image is-resized\"><img loading=\"lazy\" decoding=\"async\" src=\"http:\/\/lignesauto.fr\/wp-content\/uploads\/2019\/07\/LIGNES_S_15-1024x576.jpg\" alt=\"\" class=\"wp-image-11764\" width=\"725\" height=\"408\" srcset=\"https:\/\/lignesauto.fr\/wp-content\/uploads\/2019\/07\/LIGNES_S_15-1024x576.jpg 1024w, https:\/\/lignesauto.fr\/wp-content\/uploads\/2019\/07\/LIGNES_S_15-300x169.jpg 300w, https:\/\/lignesauto.fr\/wp-content\/uploads\/2019\/07\/LIGNES_S_15-768x432.jpg 768w, https:\/\/lignesauto.fr\/wp-content\/uploads\/2019\/07\/LIGNES_S_15-370x208.jpg 370w, https:\/\/lignesauto.fr\/wp-content\/uploads\/2019\/07\/LIGNES_S_15-1040x585.jpg 1040w, https:\/\/lignesauto.fr\/wp-content\/uploads\/2019\/07\/LIGNES_S_15.jpg 1417w\" sizes=\"(max-width: 725px) 100vw, 725px\" \/><\/figure>\n\n\n\n<p style=\"font-size:18px\"><strong>Des constructeurs testent pourtant de nouveau mat\u00e9riaux pour remplacer le cuir<\/strong><br>S.Le M-P.&nbsp;: \u00ab&nbsp;Nous aussi nous regardons de tr\u00e8s pr\u00e8s les alternatives au cuir. La consommation de viande diminue, alors on regarde donc aussi le cuir de poisson&#8230;&nbsp;\u00bb<\/p>\n\n\n\n<figure class=\"wp-block-image is-resized\"><img loading=\"lazy\" decoding=\"async\" src=\"http:\/\/lignesauto.fr\/wp-content\/uploads\/2019\/07\/LIGNESPOISSONCUIR-1024x1024.jpeg\" alt=\"\" class=\"wp-image-11777\" width=\"716\" height=\"716\" srcset=\"https:\/\/lignesauto.fr\/wp-content\/uploads\/2019\/07\/LIGNESPOISSONCUIR-1024x1024.jpeg 1024w, https:\/\/lignesauto.fr\/wp-content\/uploads\/2019\/07\/LIGNESPOISSONCUIR-150x150.jpeg 150w, https:\/\/lignesauto.fr\/wp-content\/uploads\/2019\/07\/LIGNESPOISSONCUIR-300x300.jpeg 300w, https:\/\/lignesauto.fr\/wp-content\/uploads\/2019\/07\/LIGNESPOISSONCUIR-768x768.jpeg 768w, https:\/\/lignesauto.fr\/wp-content\/uploads\/2019\/07\/LIGNESPOISSONCUIR-370x370.jpeg 370w, https:\/\/lignesauto.fr\/wp-content\/uploads\/2019\/07\/LIGNESPOISSONCUIR-1040x1040.jpeg 1040w, https:\/\/lignesauto.fr\/wp-content\/uploads\/2019\/07\/LIGNESPOISSONCUIR.jpeg 1417w\" sizes=\"(max-width: 716px) 100vw, 716px\" \/><figcaption>Cuir de poisson &#8221; Galucha&#8221; sur le site DINES \u00e0 Paris :  http:\/\/www.dines-france.com\/fr\/<\/figcaption><\/figure>\n\n\n\n<p style=\"font-size:18px\"><strong>&#8230;Le cuir de poisson&nbsp;?<\/strong><br>S.Le M-P.&nbsp;: \u00ab&nbsp;On sait tanner la peau de poisson. Son odeur dispara\u00eet lors du tannage, ce n\u2019est plus celle du poisson mais celle du cuir. Aujourd\u2019hui on sait r\u00e9aliser des chaussures ou des v\u00eatements, mais notre cahier des charges impose de placer ce mat\u00e9riau dans des zones peu sollicit\u00e9es et pas tr\u00e8s vastes.&nbsp;\u00bb<\/p>\n\n\n\n<p style=\"font-size:18px\"><strong>Question idiote, mais concr\u00e8tement avec un cuir de poisson, on voit les \u00e9cailles&nbsp;?<\/strong><br>S.Le M-P.&nbsp;: \u00ab&nbsp;Oui, on voit encore la forme des \u00e9cailles&#8230;&nbsp;\u00bb<\/p>\n\n\n\n<figure class=\"wp-block-image is-resized\"><img loading=\"lazy\" decoding=\"async\" src=\"http:\/\/lignesauto.fr\/wp-content\/uploads\/2019\/07\/LIGNES_NOAH-1024x796.jpg\" alt=\"\" class=\"wp-image-11758\" width=\"730\" height=\"567\" srcset=\"https:\/\/lignesauto.fr\/wp-content\/uploads\/2019\/07\/LIGNES_NOAH-1024x796.jpg 1024w, https:\/\/lignesauto.fr\/wp-content\/uploads\/2019\/07\/LIGNES_NOAH-300x233.jpg 300w, https:\/\/lignesauto.fr\/wp-content\/uploads\/2019\/07\/LIGNES_NOAH-768x597.jpg 768w, https:\/\/lignesauto.fr\/wp-content\/uploads\/2019\/07\/LIGNES_NOAH-370x287.jpg 370w, https:\/\/lignesauto.fr\/wp-content\/uploads\/2019\/07\/LIGNES_NOAH-1040x808.jpg 1040w, https:\/\/lignesauto.fr\/wp-content\/uploads\/2019\/07\/LIGNES_NOAH.jpg 1417w\" sizes=\"(max-width: 730px) 100vw, 730px\" \/><\/figure>\n\n\n\n<p style=\"font-size:18px\"><strong>Passons au bois. On a en vu sur des planchers de concept-cars, comme le VW Noah ci-dessus..<\/strong><br>S.Le M-P. : \u00ab Le bois est contraignant car il encore plus vivant que le cuir et tr\u00e8s impact\u00e9 par l\u2019humidit\u00e9 ou encore la chaleur. Pour r\u00e9sister aux sollicitations d\u2019un plancher de voiture, il faudrait que le client accepte de le voir s\u2019abimer comme un parquet dans son domicile, avec pon\u00e7age obligatoire. Ou alors, le bois va \u00eatre hyper prot\u00e9g\u00e9 et perdre de son attrait.&nbsp;\u00bb<\/p>\n\n\n\n<figure class=\"wp-block-image is-resized\"><img loading=\"lazy\" decoding=\"async\" src=\"http:\/\/lignesauto.fr\/wp-content\/uploads\/2019\/07\/LIGNES_S_16-1-1024x576.jpg\" alt=\"\" class=\"wp-image-11761\" width=\"735\" height=\"413\" srcset=\"https:\/\/lignesauto.fr\/wp-content\/uploads\/2019\/07\/LIGNES_S_16-1-1024x576.jpg 1024w, https:\/\/lignesauto.fr\/wp-content\/uploads\/2019\/07\/LIGNES_S_16-1-300x169.jpg 300w, https:\/\/lignesauto.fr\/wp-content\/uploads\/2019\/07\/LIGNES_S_16-1-768x432.jpg 768w, https:\/\/lignesauto.fr\/wp-content\/uploads\/2019\/07\/LIGNES_S_16-1-370x208.jpg 370w, https:\/\/lignesauto.fr\/wp-content\/uploads\/2019\/07\/LIGNES_S_16-1-1040x585.jpg 1040w, https:\/\/lignesauto.fr\/wp-content\/uploads\/2019\/07\/LIGNES_S_16-1.jpg 1417w\" sizes=\"(max-width: 735px) 100vw, 735px\" \/><figcaption>Le travail du bois, plut\u00f4t dans le domaine de la marqueterie, et l&#8217;association de la fonction HP (ici Focal : <a href=\"https:\/\/www.focal.com\/fr\/accueil\">https:\/\/www.focal.com\/fr\/accueil<\/a>) int\u00e9gr\u00e9e dans ce noble mat\u00e9riau.<\/figcaption><\/figure>\n\n\n\n<p style=\"font-size:18px\"><strong>Le bois n\u2019est donc pas un mat\u00e9riaux qui colle \u00e0 l\u2019ADN de la marque DS&nbsp;?<\/strong><br>S.Le M-P. : \u00ab Si bien s\u00fbr, mais on va le retravailler plut\u00f4t en marqueterie, simple ou complexe avec des assemblages qui peuvent demander jusqu\u2019\u00e0 cinq ans de travaux pour aboutir en s\u00e9rie car il s\u2019agit de mati\u00e8res r\u00e9ellement innovantes pour des int\u00e9rieurs automobiles.&nbsp;\u00bb<\/p>\n\n\n\n<p style=\"font-size:18px\"><strong>Les mat\u00e9riaux de demain devront int\u00e9grer les commandes comme vous l\u2019aviez fait sur la Citro\u00ebn C-Airplay (ci-dessous) et comme BMW l\u2019a ex\u00e9cut\u00e9 sur le concept iNEXT. Les commandes sont alors cach\u00e9es par un textile ou un rev\u00eatement plastique&#8230;<\/strong><br>S.Le M-P. : \u00ab C\u2019est une id\u00e9e sur laquelle on travaille. J\u2019ai personnellement travaill\u00e9 sur le concept C-Airplay avec Fran\u00e7ois Duris aux couleurs et mati\u00e8res sur un dessin de Christophe Cayrol. On avait moul\u00e9 des commandes sous la peau de la console, une peau en polyur\u00e9thane, mais tout \u00e7a met du temps \u00e0 se mettre en place de fa\u00e7on industrielle.&nbsp;\u00bb<\/p>\n\n\n\n<figure class=\"wp-block-image is-resized\"><img loading=\"lazy\" decoding=\"async\" src=\"http:\/\/lignesauto.fr\/wp-content\/uploads\/2019\/07\/LIGNESAIRPLAY-1024x680.jpg\" alt=\"\" class=\"wp-image-11770\" width=\"739\" height=\"491\" srcset=\"https:\/\/lignesauto.fr\/wp-content\/uploads\/2019\/07\/LIGNESAIRPLAY-1024x680.jpg 1024w, https:\/\/lignesauto.fr\/wp-content\/uploads\/2019\/07\/LIGNESAIRPLAY-300x199.jpg 300w, https:\/\/lignesauto.fr\/wp-content\/uploads\/2019\/07\/LIGNESAIRPLAY-768x510.jpg 768w, https:\/\/lignesauto.fr\/wp-content\/uploads\/2019\/07\/LIGNESAIRPLAY-370x246.jpg 370w, https:\/\/lignesauto.fr\/wp-content\/uploads\/2019\/07\/LIGNESAIRPLAY-1040x691.jpg 1040w, https:\/\/lignesauto.fr\/wp-content\/uploads\/2019\/07\/LIGNESAIRPLAY.jpg 1417w\" sizes=\"(max-width: 739px) 100vw, 739px\" \/><\/figure>\n\n\n\n<p style=\"font-size:18px\"><strong>Votre d\u00e9partement ne travaille pas que sur les int\u00e9rieurs, vous \u0153uvrez aussi sur les couleurs de caisse&#8230;<\/strong><br>S.Le M-P.&nbsp;: \u00ab&nbsp;C\u2019est un domaine \u00e9norme&nbsp;! Outre les teintes \u00e0 proprement parler, on va travailler le rendu d\u2019un chrome, la finition d\u2019une jante, jusqu\u2019aux teintes de vitrages. Les teintes de caisses, c\u2019est un sujet tr\u00e8s technique. Nous menons \u00e9galement une strat\u00e9gie de partage dans nos usines fran\u00e7aises qui poss\u00e8dent de tr\u00e8s belles teintes partag\u00e9es que l\u2019on qualifie de \u00ab&nbsp;socles&nbsp;\u00bb, teintes que nous compl\u00e9tons avec des teintes tr\u00e8s sp\u00e9cifiques \u00e0 DS.&nbsp;\u00bb<\/p>\n\n\n\n<figure class=\"wp-block-image is-resized\"><img loading=\"lazy\" decoding=\"async\" src=\"http:\/\/lignesauto.fr\/wp-content\/uploads\/2019\/07\/LIGNES_S_04-683x1024.jpg\" alt=\"\" class=\"wp-image-11768\" width=\"742\" height=\"1112\" srcset=\"https:\/\/lignesauto.fr\/wp-content\/uploads\/2019\/07\/LIGNES_S_04-683x1024.jpg 683w, https:\/\/lignesauto.fr\/wp-content\/uploads\/2019\/07\/LIGNES_S_04-200x300.jpg 200w, https:\/\/lignesauto.fr\/wp-content\/uploads\/2019\/07\/LIGNES_S_04-768x1152.jpg 768w, https:\/\/lignesauto.fr\/wp-content\/uploads\/2019\/07\/LIGNES_S_04-370x555.jpg 370w, https:\/\/lignesauto.fr\/wp-content\/uploads\/2019\/07\/LIGNES_S_04-1040x1560.jpg 1040w, https:\/\/lignesauto.fr\/wp-content\/uploads\/2019\/07\/LIGNES_S_04.jpg 1417w\" sizes=\"(max-width: 742px) 100vw, 742px\" \/><\/figure>\n\n\n\n<p style=\"font-size:18px\"><strong>Les teintes vives sont-elles d\u00e9finitivement perdues pour l\u2019univers automobile\u00a0? Je pense \u00e0 celles des ann\u00e9es 1970 en France, mais aussi en Allemagne\u00a0!<\/strong><br>S.Le M-P.\u00a0: \u00ab\u00a0Je pense que, globalement, il y a un cercle vicieux avec l\u2019id\u00e9e de la revente qui pousse le client vers des teintes non clivantes. Il faut savoir que la teinte la plus vendue sur la plan\u00e8te est le blanc. On tente de casser ces principes avec des teintes plus visibles, comme sur DS 3 Crossback et DS7 Crossback. Et puis, nous pouvons d\u00e9sormais compter sur l\u2019\u00e9volutions des pigments qui nous permet sur notre gamme d\u2019avoir des teintes \u00e9volutives selon l\u2019\u00e9clairage. Pour DS, nous recherchons des teintes remarquables, non pas parce qu\u2019elles sont color\u00e9es \u00e0 outrance, mais parce qu\u2019elles offrent des effets int\u00e9ressants, notamment avec les pigments.\u00a0On cherche ces effets de variations de teintes selon l\u2019angle mais il ne fait pas oublier que nous devons prendre en compte la donn\u00e9e industrielle.\u00a0\u00bb<\/p>\n\n\n\n<p><em>Propos recueillis en 2019 par Christophe Bonnaud \u00e0 l\u2019ADN PSA &#8211; V\u00e9lizy<\/em>.<\/p>\n\n\n\n<h2 class=\"wp-block-heading\"><strong>Sabine Le Masson Pannetrat et&#8230; Aston Martin<\/strong><\/h2>\n\n\n\n<figure class=\"wp-block-image is-resized\"><img loading=\"lazy\" decoding=\"async\" src=\"http:\/\/lignesauto.fr\/wp-content\/uploads\/2019\/07\/LIGNES_S_01-768x1024.jpg\" alt=\"\" class=\"wp-image-11772\" width=\"736\" height=\"981\" srcset=\"https:\/\/lignesauto.fr\/wp-content\/uploads\/2019\/07\/LIGNES_S_01-768x1024.jpg 768w, https:\/\/lignesauto.fr\/wp-content\/uploads\/2019\/07\/LIGNES_S_01-225x300.jpg 225w, https:\/\/lignesauto.fr\/wp-content\/uploads\/2019\/07\/LIGNES_S_01-370x494.jpg 370w, https:\/\/lignesauto.fr\/wp-content\/uploads\/2019\/07\/LIGNES_S_01-1040x1387.jpg 1040w, https:\/\/lignesauto.fr\/wp-content\/uploads\/2019\/07\/LIGNES_S_01.jpg 1417w\" sizes=\"(max-width: 736px) 100vw, 736px\" \/><\/figure>\n\n\n\n<p style=\"font-size:18px\">Avant de poser ses valises pour DS en 2011, Sabine a tent\u00e9 une exp\u00e9rience exceptionnelle&nbsp;: travailler au sein du design couleurs &amp; mati\u00e8res d\u2019Aston Martin&nbsp;!&nbsp;<em>\u00ab&nbsp;Je recherchais une nouvelle&nbsp;exp\u00e9rience. J\u2019avais d\u00e9j\u00e0 connu Toyota en Belgique et notamment sa branche Lexus avec de nombreux voyages au Japon et je voulais d\u00e9couvrir de nouveaux process&#8230; C\u2019\u00e9tait tr\u00e8s formateur, j\u2019\u00e9tais toute jeune, je voulais d\u00e9couvrir, voyager. Ca ne me d\u00e9range pas de voyager, je suis canadienne et fran\u00e7aise&nbsp;! Basculer dans une toute petite structure en Angleterre, au c\u0153ur de l\u2019usine, et toucher au domaine du luxe, c\u2019\u00e9tait quelque chose de tr\u00e8s formateur.&nbsp;\u00bb&nbsp;<\/em>Une exp\u00e9rience qui semble aujourd\u2019hui parfaitement coller avec la suite de sa carri\u00e8re dans une marque fran\u00e7aise qui affiche clairement son ambition, celle d\u2019incarner dans l\u2019automobile les savoir-faire du&nbsp;luxe \u00e0 la fran\u00e7aise&nbsp;!&nbsp;Quand les plan\u00e8tes sont align\u00e9es&#8230;<\/p>\n\n\n\n<p style=\"font-size:18px\"><strong>Retrouvez l&#8217;excellent ouvrage &#8220;Damsels in design&#8221; (ci-dessous) sur les femmes pionni\u00e8res dans l&#8217;univers du design automobile (1939-1959) sur notre &#8216;post&#8217; publi\u00e9 en f\u00e9vrier dernier : c&#8217;est ici <\/strong><a href=\"http:\/\/lignesauto.fr\/?p=7649\"><strong>http:\/\/lignesauto.fr\/?p=7649<\/strong><\/a><\/p>\n\n\n\n<figure class=\"wp-block-image is-resized\"><img loading=\"lazy\" decoding=\"async\" src=\"http:\/\/lignesauto.fr\/wp-content\/uploads\/2019\/07\/Capture-d\u2019\u00e9cran-2019-07-26-\u00e0-07.53.33-1024x700.png\" alt=\"\" class=\"wp-image-11829\" width=\"758\" height=\"518\" srcset=\"https:\/\/lignesauto.fr\/wp-content\/uploads\/2019\/07\/Capture-d\u2019\u00e9cran-2019-07-26-\u00e0-07.53.33-1024x700.png 1024w, https:\/\/lignesauto.fr\/wp-content\/uploads\/2019\/07\/Capture-d\u2019\u00e9cran-2019-07-26-\u00e0-07.53.33-300x205.png 300w, https:\/\/lignesauto.fr\/wp-content\/uploads\/2019\/07\/Capture-d\u2019\u00e9cran-2019-07-26-\u00e0-07.53.33-768x525.png 768w, https:\/\/lignesauto.fr\/wp-content\/uploads\/2019\/07\/Capture-d\u2019\u00e9cran-2019-07-26-\u00e0-07.53.33-370x253.png 370w, https:\/\/lignesauto.fr\/wp-content\/uploads\/2019\/07\/Capture-d\u2019\u00e9cran-2019-07-26-\u00e0-07.53.33-1040x710.png 1040w, https:\/\/lignesauto.fr\/wp-content\/uploads\/2019\/07\/Capture-d\u2019\u00e9cran-2019-07-26-\u00e0-07.53.33.png 1417w\" sizes=\"(max-width: 758px) 100vw, 758px\" \/><\/figure>\n\n\n\n<figure class=\"wp-block-image is-resized\"><img loading=\"lazy\" decoding=\"async\" src=\"http:\/\/lignesauto.fr\/wp-content\/uploads\/2019\/06\/LOGOActus-1024x367.jpg\" alt=\"L\u2019attribut alt de cette image est vide, son nom de fichier est LOGOActus-1024x367.jpg.\" width=\"500\" height=\"177\"\/><\/figure>\n","protected":false},"excerpt":{"rendered":"<p>\u00ab&nbsp;Du design autant que de la strat\u00e9gie&nbsp;\u00bb Nous allons vous parler de vaches, de poissons, de couleurs, de mati\u00e8res et surtout, d\u2019un m\u00e9tier qui vit sa mutation dans un univers d\u2019un design automobile chamboul\u00e9. Bienvenue dans le bureau de Sabine Le Masson Pannetrat, une femme designer, responsable de la cellule [&hellip;]<\/p>\n","protected":false},"author":1,"featured_media":11742,"comment_status":"open","ping_status":"open","sticky":false,"template":"","format":"standard","meta":{"footnotes":""},"categories":[1],"tags":[],"_links":{"self":[{"href":"https:\/\/lignesauto.fr\/index.php?rest_route=\/wp\/v2\/posts\/11737"}],"collection":[{"href":"https:\/\/lignesauto.fr\/index.php?rest_route=\/wp\/v2\/posts"}],"about":[{"href":"https:\/\/lignesauto.fr\/index.php?rest_route=\/wp\/v2\/types\/post"}],"author":[{"embeddable":true,"href":"https:\/\/lignesauto.fr\/index.php?rest_route=\/wp\/v2\/users\/1"}],"replies":[{"embeddable":true,"href":"https:\/\/lignesauto.fr\/index.php?rest_route=%2Fwp%2Fv2%2Fcomments&post=11737"}],"version-history":[{"count":49,"href":"https:\/\/lignesauto.fr\/index.php?rest_route=\/wp\/v2\/posts\/11737\/revisions"}],"predecessor-version":[{"id":19203,"href":"https:\/\/lignesauto.fr\/index.php?rest_route=\/wp\/v2\/posts\/11737\/revisions\/19203"}],"wp:featuredmedia":[{"embeddable":true,"href":"https:\/\/lignesauto.fr\/index.php?rest_route=\/wp\/v2\/media\/11742"}],"wp:attachment":[{"href":"https:\/\/lignesauto.fr\/index.php?rest_route=%2Fwp%2Fv2%2Fmedia&parent=11737"}],"wp:term":[{"taxonomy":"category","embeddable":true,"href":"https:\/\/lignesauto.fr\/index.php?rest_route=%2Fwp%2Fv2%2Fcategories&post=11737"},{"taxonomy":"post_tag","embeddable":true,"href":"https:\/\/lignesauto.fr\/index.php?rest_route=%2Fwp%2Fv2%2Ftags&post=11737"}],"curies":[{"name":"wp","href":"https:\/\/api.w.org\/{rel}","templated":true}]}}