{"id":11880,"date":"2019-08-20T08:00:41","date_gmt":"2019-08-20T06:00:41","guid":{"rendered":"http:\/\/lignesauto.fr\/?p=11880"},"modified":"2019-08-20T10:22:48","modified_gmt":"2019-08-20T08:22:48","slug":"archives-de-la-mercedes-nafa-a-la-classe-a","status":"publish","type":"post","link":"https:\/\/lignesauto.fr\/?p=11880","title":{"rendered":"Archives : de la Mercedes NAFA \u00e0 la Classe A"},"content":{"rendered":"\n<figure class=\"wp-block-image\"><img decoding=\"async\" src=\"http:\/\/lignesauto.fr\/wp-content\/uploads\/2018\/10\/LOGOArchives_BD-300x108.jpg\" alt=\"L\u2019attribut alt de cette image est vide, son nom de fichier est LOGOArchives_BD-300x108.jpg.\"\/><\/figure>\n\n\n\n<p><strong><em>LIGNES\/auto, c&#8217;est aussi une page Facebook : <\/em><\/strong><a href=\"https:\/\/www.facebook.com\/lignesauto\/?modal=admin_todo_tour\">https:\/\/www.facebook.com\/lignesauto\/?modal=admin_todo_tour<\/a><\/p>\n\n\n\n<figure class=\"wp-block-image is-resized\"><img loading=\"lazy\" decoding=\"async\" src=\"https:\/\/lignesauto.files.wordpress.com\/2018\/02\/17c897_27.jpg\" alt=\"Mercedes-Benz A-Klasse, W177, 2018\" class=\"wp-image-1120\" width=\"582\" height=\"324\"\/><\/figure>\n\n\n\n<p>Pr\u00e9sent\u00e9e au salon de Francfort 1997, la Mercedes Classe A &#8211; dont la nouvelle g\u00e9n\u00e9ration a \u00e9t\u00e9 pr\u00e9sent\u00e9e en 2018- f\u00eate donc ses 22 ans. Pourtant, l&#8217;id\u00e9e d&#8217;une petite berline urbaine, voire sururbaine, germait depuis de longues ann\u00e9es chez le constructeur allemand.&nbsp;En 1981, Mercedes travaille sur son prototype NAFA, une toute petite urbaine cubique de seulement 2,50 m de long (tiens, la Smart se profilait d\u00e9j\u00e0&#8230;) et d&#8217;une largeur \u00e9quivalente \u00e0 la hauteur, soit 1,50 m. Techniquement, la NAFA \u00e9tait dot\u00e9e de quatre roues directrices, de deux portes coulissantes et d&#8217;une transmission aux roues avant avec une bo\u00eete automatique.<\/p>\n\n\n\n<figure class=\"wp-block-image is-resized\"><img loading=\"lazy\" decoding=\"async\" src=\"https:\/\/lignesauto.files.wordpress.com\/2018\/02\/87134_51.jpg\" alt=\"87134-51\" class=\"wp-image-1129\" width=\"571\" height=\"571\" srcset=\"https:\/\/lignesauto.fr\/wp-content\/uploads\/2018\/02\/87134_51.jpg 1024w, https:\/\/lignesauto.fr\/wp-content\/uploads\/2018\/02\/87134_51-150x150.jpg 150w, https:\/\/lignesauto.fr\/wp-content\/uploads\/2018\/02\/87134_51-300x300.jpg 300w, https:\/\/lignesauto.fr\/wp-content\/uploads\/2018\/02\/87134_51-768x768.jpg 768w, https:\/\/lignesauto.fr\/wp-content\/uploads\/2018\/02\/87134_51-370x370.jpg 370w\" sizes=\"(max-width: 571px) 100vw, 571px\" \/><\/figure>\n\n\n\n<figure class=\"wp-block-image is-resized\"><img loading=\"lazy\" decoding=\"async\" src=\"https:\/\/lignesauto.files.wordpress.com\/2018\/02\/a2004f5665.jpg\" alt=\"_a2004f5665.jpg\" class=\"wp-image-1130\" width=\"573\" height=\"381\" srcset=\"https:\/\/lignesauto.fr\/wp-content\/uploads\/2018\/02\/a2004f5665.jpg 1024w, https:\/\/lignesauto.fr\/wp-content\/uploads\/2018\/02\/a2004f5665-300x200.jpg 300w, https:\/\/lignesauto.fr\/wp-content\/uploads\/2018\/02\/a2004f5665-768x512.jpg 768w, https:\/\/lignesauto.fr\/wp-content\/uploads\/2018\/02\/a2004f5665-370x247.jpg 370w\" sizes=\"(max-width: 573px) 100vw, 573px\" \/><\/figure>\n\n\n\n<p>Mais c&#8217;est bien s\u00fbr avec son concept &#8220;Vision A 93&#8221; de 1993 que Mercedes franchit le cap de l&#8217;avant-projet destin\u00e9 \u00e0 aboutir \u00e0 un programme industriel qui va r\u00e9volutionner l&#8217;offre du constructeur qui d\u00e9clarait en 1993 :&nbsp;<em>\u00ab&nbsp;Le monde a besoin de nouvelles id\u00e9es automobiles. L&#8217;id\u00e9e peut-elle donner naissance \u00e0 une vraie Mercedes-Benz&nbsp;?&#8221;<\/em> Les visiteurs du salon furent invit\u00e9s \u00e0 donner leur avis, avec un bilan tr\u00e8s positif&nbsp;: pr\u00e8s de 80&nbsp;% d\u2019entre eux se d\u00e9clar\u00e8rent favorables \u00e0 la commercialisation d\u2019une Mercedes-Benz inspir\u00e9e du projet Vision A&nbsp;93.<\/p>\n\n\n\n<figure class=\"wp-block-image is-resized\"><img loading=\"lazy\" decoding=\"async\" src=\"https:\/\/lignesauto.files.wordpress.com\/2018\/02\/a93f1705_2.jpg\" alt=\"A93F1705_2\" class=\"wp-image-1121\" width=\"593\" height=\"419\"\/><\/figure>\n\n\n\n<p>Le concept est effectivement suivi d&#8217;un v\u00e9hicule novateur d\u00e8s 1997 avec la pr\u00e9sentation de la premi\u00e8re g\u00e9n\u00e9ration de Classe A avec les d\u00e9boires qu&#8217;elle a connu lors d&#8217;un tr\u00e8s fameux test de l&#8217;\u00e9lan.<\/p>\n\n\n\n<figure class=\"wp-block-image is-resized\"><img loading=\"lazy\" decoding=\"async\" src=\"https:\/\/lignesauto.files.wordpress.com\/2018\/02\/a96f6078.jpg\" alt=\"A96F6078\" class=\"wp-image-1123\" width=\"596\" height=\"397\"\/><\/figure>\n\n\n\n<p>Avec son architecture sur deux niveaux &#8211; un sup\u00e9rieur pour l&#8217;habitabilit\u00e9, un inf\u00e9rieur pour la partie m\u00e9canique &#8211; la Mercedes \u00e9tait extr\u00eamement compacte, trop sans doute puisqu&#8217;une version longue fut propos\u00e9e par la suite qui se transformera au fil des ans en &#8220;Classe B&#8221;.<\/p>\n\n\n\n<figure class=\"wp-block-image is-resized\"><img loading=\"lazy\" decoding=\"async\" src=\"https:\/\/lignesauto.files.wordpress.com\/2018\/02\/a96f6075.jpg\" alt=\"A96F6075\" class=\"wp-image-1124\" width=\"594\" height=\"395\"\/><\/figure>\n\n\n\n<figure class=\"wp-block-image is-resized\"><img loading=\"lazy\" decoding=\"async\" src=\"https:\/\/lignesauto.files.wordpress.com\/2018\/02\/a96f5780.jpg\" alt=\"A96F5780\" class=\"wp-image-1125\" width=\"598\" height=\"398\"\/><\/figure>\n\n\n\n<p><em>La NAFA, la Vision 93 et la premi\u00e8re g\u00e9n\u00e9ration de Classe A<\/em><\/p>\n\n\n\n<p>L&#8217;architecture de cette premi\u00e8re g\u00e9n\u00e9ration de Classe A fut totalement remise en cause lors de son renouvellement, car la petite berline ne pouvait partager aucun de ses \u00e9lements avec le reste de la gamme et ce concept n&#8217;entrait plus du tout dans la strat\u00e9gie de d\u00e9veloppement de Mercedes avec une r\u00e9duction drastique du nombre de plateformes.<\/p>\n\n\n\n<figure class=\"wp-block-image is-resized\"><img loading=\"lazy\" decoding=\"async\" src=\"https:\/\/lignesauto.files.wordpress.com\/2018\/02\/a97f2074.jpg\" alt=\"Weltpremiere im M\u00e4rz 1997: Genial kompakt: 20 Jahre Mercedes-Benz A-Klasse\" class=\"wp-image-1122\" width=\"593\" height=\"395\"\/><\/figure>\n\n\n\n<p><em>La premi\u00e8re g\u00e9n\u00e9ration de Classe avec son architecture sp\u00e9cifique en 1997.<\/em><\/p>\n\n\n\n<p>Et puis il fallait bien revenir sur le terrain de jeu de ses concurrents avec une berline \u00e0 l&#8217;architecture plus classique. La Classe A a donc \u00e9volu\u00e9 en 2012 (W176) avec une berline basse, \u00e9lanc\u00e9e et agressive. tout l&#8217;inverse de la W168 de 1997. Mercedes expliquait alors que <em>&#8220;le lancement de la nouvelle Classe&nbsp;A, en 2012, a nettement contribu\u00e9 au rajeunissement de la marque Mercedes-Benz. En Europe, l\u2019\u00e2ge moyen des conducteurs de la nouvelle Classe&nbsp;A est aujourd\u2019hui inf\u00e9rieur de 10 ans \u00e0 celui des conducteurs de la s\u00e9rie pr\u00e9c\u00e9dente. En Chine, environ un tiers des clients avaient moins de 30 ans.&#8221;<\/em><\/p>\n\n\n\n<figure class=\"wp-block-image is-resized\"><img loading=\"lazy\" decoding=\"async\" src=\"https:\/\/lignesauto.files.wordpress.com\/2018\/02\/17c850_01.jpg\" alt=\"Mercedes-Benz A-Klasse, W177, 2018\" class=\"wp-image-1115\" width=\"593\" height=\"445\"\/><\/figure>\n\n\n\n<p>C&#8217;est cette W176 qui a \u00e9t\u00e9 pr\u00e9sent\u00e9e en 2018 (ci-dessus et ci-dessous) et qui est produite avec pas moins de huit silhouettes diff\u00e9rentes, sachant que la pr\u00e9c\u00e9dente g\u00e9n\u00e9ration offrait d\u00e9j\u00e0&nbsp;cinq mod\u00e8les&nbsp;: la Classe&nbsp;A, la Classe B, le CLA, le CLA Shooting Brake et le GLA. La nouvelle venue est fabriqu\u00e9e dans cinq usines r\u00e9parties sur trois continents, notamment sur le site de Rastatt, mais \u00e9galement &nbsp;dans les usines en Hongrie, en Finlande, au Mexique et en Chine.<\/p>\n\n\n\n<figure class=\"wp-block-image is-resized\"><img loading=\"lazy\" decoding=\"async\" src=\"https:\/\/lignesauto.files.wordpress.com\/2018\/02\/17c829_023.jpg\" alt=\"Mercedes-Benz A-Klasse, W177, 2018\" class=\"wp-image-1114\" width=\"591\" height=\"394\"\/><\/figure>\n\n\n\n<figure class=\"wp-block-image is-resized\"><img loading=\"lazy\" decoding=\"async\" src=\"https:\/\/lignesauto.files.wordpress.com\/2018\/02\/17c850_06.jpg\" alt=\"Mercedes-Benz A-Klasse, W177, 2018\" class=\"wp-image-1116\" width=\"595\" height=\"447\"\/><\/figure>\n\n\n\n<figure class=\"wp-block-image\"><img decoding=\"async\" src=\"http:\/\/lignesauto.fr\/wp-content\/uploads\/2018\/10\/LOGOArchives_BD-300x108.jpg\" alt=\"L\u2019attribut alt de cette image est vide, son nom de fichier est LOGOArchives_BD-300x108.jpg.\"\/><\/figure>\n","protected":false},"excerpt":{"rendered":"<p>LIGNES\/auto, c&#8217;est aussi une page Facebook : https:\/\/www.facebook.com\/lignesauto\/?modal=admin_todo_tour Pr\u00e9sent\u00e9e au salon de Francfort 1997, la Mercedes Classe A &#8211; dont la nouvelle g\u00e9n\u00e9ration a \u00e9t\u00e9 pr\u00e9sent\u00e9e en 2018- f\u00eate donc ses 22 ans. Pourtant, l&#8217;id\u00e9e d&#8217;une petite berline urbaine, voire sururbaine, germait depuis de longues ann\u00e9es chez le constructeur allemand.&nbsp;En [&hellip;]<\/p>\n","protected":false},"author":1,"featured_media":1130,"comment_status":"open","ping_status":"open","sticky":false,"template":"","format":"standard","meta":{"footnotes":""},"categories":[1],"tags":[],"_links":{"self":[{"href":"https:\/\/lignesauto.fr\/index.php?rest_route=\/wp\/v2\/posts\/11880"}],"collection":[{"href":"https:\/\/lignesauto.fr\/index.php?rest_route=\/wp\/v2\/posts"}],"about":[{"href":"https:\/\/lignesauto.fr\/index.php?rest_route=\/wp\/v2\/types\/post"}],"author":[{"embeddable":true,"href":"https:\/\/lignesauto.fr\/index.php?rest_route=\/wp\/v2\/users\/1"}],"replies":[{"embeddable":true,"href":"https:\/\/lignesauto.fr\/index.php?rest_route=%2Fwp%2Fv2%2Fcomments&post=11880"}],"version-history":[{"count":7,"href":"https:\/\/lignesauto.fr\/index.php?rest_route=\/wp\/v2\/posts\/11880\/revisions"}],"predecessor-version":[{"id":12412,"href":"https:\/\/lignesauto.fr\/index.php?rest_route=\/wp\/v2\/posts\/11880\/revisions\/12412"}],"wp:featuredmedia":[{"embeddable":true,"href":"https:\/\/lignesauto.fr\/index.php?rest_route=\/wp\/v2\/media\/1130"}],"wp:attachment":[{"href":"https:\/\/lignesauto.fr\/index.php?rest_route=%2Fwp%2Fv2%2Fmedia&parent=11880"}],"wp:term":[{"taxonomy":"category","embeddable":true,"href":"https:\/\/lignesauto.fr\/index.php?rest_route=%2Fwp%2Fv2%2Fcategories&post=11880"},{"taxonomy":"post_tag","embeddable":true,"href":"https:\/\/lignesauto.fr\/index.php?rest_route=%2Fwp%2Fv2%2Ftags&post=11880"}],"curies":[{"name":"wp","href":"https:\/\/api.w.org\/{rel}","templated":true}]}}