{"id":11981,"date":"2019-07-30T10:54:34","date_gmt":"2019-07-30T08:54:34","guid":{"rendered":"http:\/\/lignesauto.fr\/?p=11981"},"modified":"2019-07-30T10:54:34","modified_gmt":"2019-07-30T08:54:34","slug":"anniversaire-de-la-917-depechez-vous-lexpo-se-termine-le-15-septembre-video","status":"publish","type":"post","link":"https:\/\/lignesauto.fr\/?p=11981","title":{"rendered":"Anniversaire de la 917 : d\u00e9p\u00eachez-vous, l&#8217;expo se termine le 15 septembre ! (Vid\u00e9o)"},"content":{"rendered":"\n<figure class=\"wp-block-image\"><a href=\"http:\/\/lignesauto.fr\/wp-content\/uploads\/2018\/10\/LOGOActus_BD.jpg\"><img loading=\"lazy\" decoding=\"async\" width=\"300\" height=\"108\" src=\"http:\/\/lignesauto.fr\/wp-content\/uploads\/2018\/10\/LOGOActus_BD-300x108.jpg\" alt=\"\" class=\"wp-image-4921\" srcset=\"https:\/\/lignesauto.fr\/wp-content\/uploads\/2018\/10\/LOGOActus_BD-300x108.jpg 300w, https:\/\/lignesauto.fr\/wp-content\/uploads\/2018\/10\/LOGOActus_BD-768x276.jpg 768w, https:\/\/lignesauto.fr\/wp-content\/uploads\/2018\/10\/LOGOActus_BD-1024x367.jpg 1024w, https:\/\/lignesauto.fr\/wp-content\/uploads\/2018\/10\/LOGOActus_BD-370x133.jpg 370w, https:\/\/lignesauto.fr\/wp-content\/uploads\/2018\/10\/LOGOActus_BD-1040x373.jpg 1040w, https:\/\/lignesauto.fr\/wp-content\/uploads\/2018\/10\/LOGOActus_BD.jpg 1240w\" sizes=\"(max-width: 300px) 100vw, 300px\" \/><\/a><\/figure>\n\n\n\n<p><strong>Jusqu&#8217;au 15 septembre 2019, le Mus\u00e9e Porsche c\u00e9l\u00e8bre le 50e anniversaire de la 917 <\/strong>avec une vaste exposition sp\u00e9ciale intitul\u00e9e &#8220;Couleurs de la vitesse &#8211; 50 ans de la 917&#8221;. Au total, 14 mod\u00e8les d&#8217;exposition &#8211; dont dix &nbsp;917 qui, \u00e0 eux seuls, ont une puissance combin\u00e9e de 7 795 ch ! &#8211; sont expos\u00e9s. Le Mus\u00e9e Porsche pr\u00e9sente pour la premi\u00e8re fois au public une \u00e9tude conceptuelle 917 en hommage \u00e0 la premi\u00e8re victoire du Mans en 1970 (ci-dessous). <\/p>\n\n\n\n<figure class=\"wp-block-image is-resized\"><img loading=\"lazy\" decoding=\"async\" src=\"http:\/\/lignesauto.fr\/wp-content\/uploads\/2019\/07\/LIGNES_917_01-1024x683.jpg\" alt=\"\" class=\"wp-image-11987\" width=\"764\" height=\"509\" srcset=\"https:\/\/lignesauto.fr\/wp-content\/uploads\/2019\/07\/LIGNES_917_01-1024x683.jpg 1024w, https:\/\/lignesauto.fr\/wp-content\/uploads\/2019\/07\/LIGNES_917_01-300x200.jpg 300w, https:\/\/lignesauto.fr\/wp-content\/uploads\/2019\/07\/LIGNES_917_01-768x512.jpg 768w, https:\/\/lignesauto.fr\/wp-content\/uploads\/2019\/07\/LIGNES_917_01-370x247.jpg 370w, https:\/\/lignesauto.fr\/wp-content\/uploads\/2019\/07\/LIGNES_917_01-1040x694.jpg 1040w, https:\/\/lignesauto.fr\/wp-content\/uploads\/2019\/07\/LIGNES_917_01.jpg 1417w\" sizes=\"(max-width: 764px) 100vw, 764px\" \/><\/figure>\n\n\n\n<p>La voiture de d\u00e9monstration rouge et blanc a \u00e9t\u00e9 con\u00e7ue par une petite \u00e9quipe de designers et d&#8217;ing\u00e9nieurs, bien qu&#8217;avec l&#8217;entr\u00e9e de Porsche dans la cat\u00e9gorie LMP1 du Championnat du Monde d&#8217;Endurance de la FIA (WEC), ce mod\u00e8le soit rest\u00e9 une \u00e9tude purement conceptuelle. Par ailleurs, une&nbsp;s\u00e9lection d&#8217;affiches de course et de petites expositions techniques compl\u00e9teront l&#8217;exposition du mus\u00e9e. Pr\u00eat pour la visite ? D\u00e9couvrez d&#8217;abord le mus\u00e9e ici : &nbsp;<a href=\"https:\/\/www.porsche.com\/museum\/en\/\">https:\/\/www.porsche.com\/museum\/en\/<\/a><\/p>\n\n\n\n<figure class=\"wp-block-image is-resized\"><img loading=\"lazy\" decoding=\"async\" src=\"http:\/\/lignesauto.fr\/wp-content\/uploads\/2019\/07\/LIGNES_917_02-1024x683.jpg\" alt=\"\" class=\"wp-image-11988\" width=\"762\" height=\"507\" srcset=\"https:\/\/lignesauto.fr\/wp-content\/uploads\/2019\/07\/LIGNES_917_02-1024x683.jpg 1024w, https:\/\/lignesauto.fr\/wp-content\/uploads\/2019\/07\/LIGNES_917_02-300x200.jpg 300w, https:\/\/lignesauto.fr\/wp-content\/uploads\/2019\/07\/LIGNES_917_02-768x512.jpg 768w, https:\/\/lignesauto.fr\/wp-content\/uploads\/2019\/07\/LIGNES_917_02-370x247.jpg 370w, https:\/\/lignesauto.fr\/wp-content\/uploads\/2019\/07\/LIGNES_917_02-1040x694.jpg 1040w, https:\/\/lignesauto.fr\/wp-content\/uploads\/2019\/07\/LIGNES_917_02.jpg 1417w\" sizes=\"(max-width: 762px) 100vw, 762px\" \/><\/figure>\n\n\n\n<p><em><strong>Petit rappel pour les distraits :<\/strong><\/em> cette ann\u00e9e, la Porsche 917 a c\u00e9l\u00e9br\u00e9 ses 50 ans. La Porsche de comp\u00e9tition sans doute la plus c\u00e9l\u00e8bre de tous les temps a fait ses d\u00e9buts au Salon de l&#8217;automobile de Gen\u00e8ve, le 12 mars 1969. Le mus\u00e9e Porsche a f\u00eat\u00e9 comme il se doit cet anniversaire historique sur lequel nous revenons avec plaisir aujourd&#8217;hui. Porsche a remis la premi\u00e8re 917 dans son \u00e9tat d&#8217;origine, comme il y a 50 ans, lors de sa premi\u00e8re pr\u00e9sentation. La 917-001 a subi divers changements au fil du temps. <em>&#8220;Notre approche de la restauration des voitures anciennes a consid\u00e9rablement chang\u00e9 au cours des dix derni\u00e8res ann\u00e9es &#8220;<\/em>, explique Achim Stejskal, le directeur du mus\u00e9e Porsche.<em> &#8220;D\u00e9sormais, le mus\u00e9e accorde une grande importance \u00e0 la conservation des anciennes et \u00e0 la prise en compte de l&#8217;histoire pertinente de ses expositions.&#8221;<\/em><\/p>\n\n\n\n<figure class=\"wp-block-image is-resized\"><a href=\"http:\/\/lignesauto.fr\/wp-content\/uploads\/2019\/03\/LIGNESP102.jpg\"><img loading=\"lazy\" decoding=\"async\" src=\"http:\/\/lignesauto.fr\/wp-content\/uploads\/2019\/03\/LIGNESP102-1024x1021.jpg\" alt=\"\" class=\"wp-image-8825\" width=\"781\" height=\"778\" srcset=\"https:\/\/lignesauto.fr\/wp-content\/uploads\/2019\/03\/LIGNESP102-1024x1021.jpg 1024w, https:\/\/lignesauto.fr\/wp-content\/uploads\/2019\/03\/LIGNESP102-150x150.jpg 150w, https:\/\/lignesauto.fr\/wp-content\/uploads\/2019\/03\/LIGNESP102-300x300.jpg 300w, https:\/\/lignesauto.fr\/wp-content\/uploads\/2019\/03\/LIGNESP102-768x766.jpg 768w, https:\/\/lignesauto.fr\/wp-content\/uploads\/2019\/03\/LIGNESP102-370x369.jpg 370w, https:\/\/lignesauto.fr\/wp-content\/uploads\/2019\/03\/LIGNESP102-1040x1037.jpg 1040w, https:\/\/lignesauto.fr\/wp-content\/uploads\/2019\/03\/LIGNESP102.jpg 1134w\" sizes=\"(max-width: 781px) 100vw, 781px\" \/><\/a><\/figure>\n\n\n\n<p>La&nbsp;917-001 marque le d\u00e9but d&#8217;une carri\u00e8re in\u00e9gal\u00e9e pour la 917. Elle a \u00e9t\u00e9 con\u00e7ue pour les 24 Heures du Mans et pour remporter le Championnat du Monde et c&#8217;\u00e9tait la premi\u00e8re des 25 voitures qui devaient \u00eatre fabriqu\u00e9es pour r\u00e9pondre aux exigences d&#8217;homologation. Son concepteur \u00e9tait Hans Mezger, responsable non seulement du moteur douze cylindres, mais aussi du v\u00e9hicule dans son int\u00e9gralit\u00e9. Evidemment, Ferdinand Pi\u00ebch n&#8217;\u00e9tait (d\u00e9j\u00e0) pas loin !<\/p>\n\n\n\n<figure class=\"wp-block-image is-resized\"><a href=\"http:\/\/lignesauto.fr\/wp-content\/uploads\/2019\/03\/LIGNESP103.jpg\"><img loading=\"lazy\" decoding=\"async\" src=\"http:\/\/lignesauto.fr\/wp-content\/uploads\/2019\/03\/LIGNESP103-1024x675.jpg\" alt=\"\" class=\"wp-image-8826\" width=\"771\" height=\"508\" srcset=\"https:\/\/lignesauto.fr\/wp-content\/uploads\/2019\/03\/LIGNESP103-1024x675.jpg 1024w, https:\/\/lignesauto.fr\/wp-content\/uploads\/2019\/03\/LIGNESP103-300x198.jpg 300w, https:\/\/lignesauto.fr\/wp-content\/uploads\/2019\/03\/LIGNESP103-768x506.jpg 768w, https:\/\/lignesauto.fr\/wp-content\/uploads\/2019\/03\/LIGNESP103-370x244.jpg 370w, https:\/\/lignesauto.fr\/wp-content\/uploads\/2019\/03\/LIGNESP103-1040x685.jpg 1040w, https:\/\/lignesauto.fr\/wp-content\/uploads\/2019\/03\/LIGNESP103.jpg 1134w\" sizes=\"(max-width: 771px) 100vw, 771px\" \/><\/a><\/figure>\n\n\n\n<p>La 917-001 fut pr\u00e9sent\u00e9e pour la premi\u00e8re fois \u00e0 Gen\u00e8ve en mars 1969, avec une carrosserie blanche et une partie avant verte ; elle eut un nouveau look pour sa pr\u00e9sentation au Salon international de l&#8217;automobile de Francfort la m\u00eame ann\u00e9e, pour laquelle la voiture fut repeinte en blanc et orange. Lorsque Porsche annon\u00e7a plus tard le transfert de ses activit\u00e9s \u00e0 l&#8217;\u00e9quipe J.W. Automotive Engineering, dirig\u00e9e par le Britannique John Wyer, la 917-001 fut de nouveau utilis\u00e9e, mais avec les couleurs de la compagnie p\u00e9troli\u00e8re et sponsor am\u00e9ricaine Gulf : bleu clair et orange.<\/p>\n\n\n\n<figure class=\"wp-block-image is-resized\"><a href=\"http:\/\/lignesauto.fr\/wp-content\/uploads\/2019\/03\/LIGNES91701.jpg\"><img loading=\"lazy\" decoding=\"async\" src=\"http:\/\/lignesauto.fr\/wp-content\/uploads\/2019\/03\/LIGNES91701-1024x1024.jpg\" alt=\"\" class=\"wp-image-8836\" width=\"781\" height=\"781\" srcset=\"https:\/\/lignesauto.fr\/wp-content\/uploads\/2019\/03\/LIGNES91701-1024x1024.jpg 1024w, https:\/\/lignesauto.fr\/wp-content\/uploads\/2019\/03\/LIGNES91701-150x150.jpg 150w, https:\/\/lignesauto.fr\/wp-content\/uploads\/2019\/03\/LIGNES91701-300x300.jpg 300w, https:\/\/lignesauto.fr\/wp-content\/uploads\/2019\/03\/LIGNES91701-768x768.jpg 768w, https:\/\/lignesauto.fr\/wp-content\/uploads\/2019\/03\/LIGNES91701-370x370.jpg 370w, https:\/\/lignesauto.fr\/wp-content\/uploads\/2019\/03\/LIGNES91701-1040x1040.jpg 1040w, https:\/\/lignesauto.fr\/wp-content\/uploads\/2019\/03\/LIGNES91701.jpg 1417w\" sizes=\"(max-width: 781px) 100vw, 781px\" \/><\/a><\/figure>\n\n\n\n<p><strong>Restauration du 917-001 dans son \u00e9tat original de 1969<\/strong><\/p>\n\n\n\n<p>Pendant plus d&#8217;un an, des m\u00e9caniciens de mus\u00e9e, d&#8217;anciens techniciens et ing\u00e9nieurs de Zuffenhausen et de Weissach, ainsi que les Archives historiques et les entreprises partenaires ont travaill\u00e9 \u00e0 la restauration de cette 917 originale. Le projet a \u00e9t\u00e9 particuli\u00e8rement difficile d\u00e8s le d\u00e9part en raison des multiples transformations que la voiture avait subies \u00e0 l&#8217;\u00e9poque en tant que v\u00e9hicule d&#8217;essai et de pr\u00e9sentation. La priorit\u00e9 absolue \u00e9tait la conservation et la r\u00e9utilisation des mat\u00e9riaux d&#8217;origine de la voiture chaque fois que cela \u00e9tait possible et techniquement r\u00e9alisable.<\/p>\n\n\n\n<figure class=\"wp-block-image is-resized\"><a href=\"http:\/\/lignesauto.fr\/wp-content\/uploads\/2019\/03\/LIGNESP101.jpg\"><img loading=\"lazy\" decoding=\"async\" src=\"http:\/\/lignesauto.fr\/wp-content\/uploads\/2019\/03\/LIGNESP101.jpg\" alt=\"\" class=\"wp-image-8824\" width=\"774\" height=\"515\" srcset=\"https:\/\/lignesauto.fr\/wp-content\/uploads\/2019\/03\/LIGNESP101.jpg 992w, https:\/\/lignesauto.fr\/wp-content\/uploads\/2019\/03\/LIGNESP101-300x200.jpg 300w, https:\/\/lignesauto.fr\/wp-content\/uploads\/2019\/03\/LIGNESP101-768x512.jpg 768w, https:\/\/lignesauto.fr\/wp-content\/uploads\/2019\/03\/LIGNESP101-370x247.jpg 370w\" sizes=\"(max-width: 774px) 100vw, 774px\" \/><\/a><\/figure>\n\n\n\n<p>Le succ\u00e8s de la 917 est l\u00e9gendaire. La voiture a r\u00e9ussi \u00e0 remporter une victoire g\u00e9n\u00e9rale d\u00e8s sa premi\u00e8re ann\u00e9e de participation \u00e0 la course de 1000 kilom\u00e8tres \u00e0 Zeltweg, en Autriche, en 1969. En 1970, Hans Herrmann et Richard Attwood remportent les 24 Heures du Mans &#8211; le plus grand succ\u00e8s que Porsche ait jamais connu jusqu&#8217;alors dans le sport automobile -, une victoire renouvel\u00e9e gr\u00e2ce \u00e0 Helmut Marko et Gijs van Lennep en 1971. Apr\u00e8s le d\u00e9veloppement des versions 917 \u00e0 917\/10 et 917\/30 turbo avec plus de 1000 ch, George Follmer et Mark Donohue ont pu dominer la s\u00e9rie nord-am\u00e9ricaine CanAm en 1972 et 1973 . Ces mod\u00e8les Porsche se sont \u00e9galement r\u00e9v\u00e9l\u00e9s imbattables dans l&#8217;Interserie, l&#8217;\u00e9quivalent europ\u00e9en de cette \u00e9preuve.<\/p>\n\n\n\n<h2 class=\"wp-block-heading\"><strong>LA VIDEO PORSCHE SUR LA 917 :<\/strong><\/h2>\n\n\n\n<figure class=\"wp-block-embed-youtube wp-block-embed is-type-video is-provider-youtube wp-embed-aspect-16-9 wp-has-aspect-ratio\"><div class=\"wp-block-embed__wrapper\">\n<iframe loading=\"lazy\" title=\"newstv porsche com 70080 en\" width=\"640\" height=\"360\" src=\"https:\/\/www.youtube.com\/embed\/g0X2UpBJWG8?feature=oembed\" frameborder=\"0\" allow=\"accelerometer; autoplay; clipboard-write; encrypted-media; gyroscope; picture-in-picture; web-share\" referrerpolicy=\"strict-origin-when-cross-origin\" allowfullscreen><\/iframe>\n<\/div><\/figure>\n\n\n\n<figure class=\"wp-block-image\"><a href=\"http:\/\/lignesauto.fr\/wp-content\/uploads\/2018\/10\/LOGOActus_BD.jpg\"><img loading=\"lazy\" decoding=\"async\" width=\"300\" height=\"108\" src=\"http:\/\/lignesauto.fr\/wp-content\/uploads\/2018\/10\/LOGOActus_BD-300x108.jpg\" alt=\"\" class=\"wp-image-4921\" srcset=\"https:\/\/lignesauto.fr\/wp-content\/uploads\/2018\/10\/LOGOActus_BD-300x108.jpg 300w, https:\/\/lignesauto.fr\/wp-content\/uploads\/2018\/10\/LOGOActus_BD-768x276.jpg 768w, https:\/\/lignesauto.fr\/wp-content\/uploads\/2018\/10\/LOGOActus_BD-1024x367.jpg 1024w, https:\/\/lignesauto.fr\/wp-content\/uploads\/2018\/10\/LOGOActus_BD-370x133.jpg 370w, https:\/\/lignesauto.fr\/wp-content\/uploads\/2018\/10\/LOGOActus_BD-1040x373.jpg 1040w, https:\/\/lignesauto.fr\/wp-content\/uploads\/2018\/10\/LOGOActus_BD.jpg 1240w\" sizes=\"(max-width: 300px) 100vw, 300px\" \/><\/a><\/figure>\n","protected":false},"excerpt":{"rendered":"<p>Jusqu&#8217;au 15 septembre 2019, le Mus\u00e9e Porsche c\u00e9l\u00e8bre le 50e anniversaire de la 917 avec une vaste exposition sp\u00e9ciale intitul\u00e9e &#8220;Couleurs de la vitesse &#8211; 50 ans de la 917&#8221;. Au total, 14 mod\u00e8les d&#8217;exposition &#8211; dont dix &nbsp;917 qui, \u00e0 eux seuls, ont une puissance combin\u00e9e de 7 795 [&hellip;]<\/p>\n","protected":false},"author":1,"featured_media":11990,"comment_status":"open","ping_status":"open","sticky":false,"template":"","format":"standard","meta":{"footnotes":""},"categories":[1],"tags":[],"_links":{"self":[{"href":"https:\/\/lignesauto.fr\/index.php?rest_route=\/wp\/v2\/posts\/11981"}],"collection":[{"href":"https:\/\/lignesauto.fr\/index.php?rest_route=\/wp\/v2\/posts"}],"about":[{"href":"https:\/\/lignesauto.fr\/index.php?rest_route=\/wp\/v2\/types\/post"}],"author":[{"embeddable":true,"href":"https:\/\/lignesauto.fr\/index.php?rest_route=\/wp\/v2\/users\/1"}],"replies":[{"embeddable":true,"href":"https:\/\/lignesauto.fr\/index.php?rest_route=%2Fwp%2Fv2%2Fcomments&post=11981"}],"version-history":[{"count":10,"href":"https:\/\/lignesauto.fr\/index.php?rest_route=\/wp\/v2\/posts\/11981\/revisions"}],"predecessor-version":[{"id":12001,"href":"https:\/\/lignesauto.fr\/index.php?rest_route=\/wp\/v2\/posts\/11981\/revisions\/12001"}],"wp:featuredmedia":[{"embeddable":true,"href":"https:\/\/lignesauto.fr\/index.php?rest_route=\/wp\/v2\/media\/11990"}],"wp:attachment":[{"href":"https:\/\/lignesauto.fr\/index.php?rest_route=%2Fwp%2Fv2%2Fmedia&parent=11981"}],"wp:term":[{"taxonomy":"category","embeddable":true,"href":"https:\/\/lignesauto.fr\/index.php?rest_route=%2Fwp%2Fv2%2Fcategories&post=11981"},{"taxonomy":"post_tag","embeddable":true,"href":"https:\/\/lignesauto.fr\/index.php?rest_route=%2Fwp%2Fv2%2Ftags&post=11981"}],"curies":[{"name":"wp","href":"https:\/\/api.w.org\/{rel}","templated":true}]}}