{"id":12149,"date":"2019-08-12T07:55:41","date_gmt":"2019-08-12T05:55:41","guid":{"rendered":"http:\/\/lignesauto.fr\/?p=12149"},"modified":"2019-08-02T09:42:29","modified_gmt":"2019-08-02T07:42:29","slug":"re-lecture-dete-linterview-des-designers-de-la-nouvelle-porsche-911","status":"publish","type":"post","link":"https:\/\/lignesauto.fr\/?p=12149","title":{"rendered":"Re-lecture d&#8217;\u00e9t\u00e9 : l&#8217;interview des designers de la nouvelle Porsche 911"},"content":{"rendered":"\n<figure class=\"wp-block-image is-resized\"><a href=\"http:\/\/lignesauto.fr\/wp-content\/uploads\/2018\/10\/LOGOActus_BD.jpg\"><img loading=\"lazy\" decoding=\"async\" src=\"http:\/\/lignesauto.fr\/wp-content\/uploads\/2018\/10\/LOGOActus_BD-300x108.jpg\" alt=\"\" class=\"wp-image-4921\" width=\"333\" height=\"120\" srcset=\"https:\/\/lignesauto.fr\/wp-content\/uploads\/2018\/10\/LOGOActus_BD-300x108.jpg 300w, https:\/\/lignesauto.fr\/wp-content\/uploads\/2018\/10\/LOGOActus_BD-768x276.jpg 768w, https:\/\/lignesauto.fr\/wp-content\/uploads\/2018\/10\/LOGOActus_BD-1024x367.jpg 1024w, https:\/\/lignesauto.fr\/wp-content\/uploads\/2018\/10\/LOGOActus_BD-370x133.jpg 370w, https:\/\/lignesauto.fr\/wp-content\/uploads\/2018\/10\/LOGOActus_BD-1040x373.jpg 1040w, https:\/\/lignesauto.fr\/wp-content\/uploads\/2018\/10\/LOGOActus_BD.jpg 1240w\" sizes=\"(max-width: 333px) 100vw, 333px\" \/><\/a><\/figure>\n\n\n\n<p><strong><em>LIGNES\/auto, c&#8217;est aussi une page Facebook : <\/em><\/strong><a href=\"https:\/\/www.facebook.com\/lignesauto\/?modal=admin_todo_tour\">https:\/\/www.facebook.com\/lignesauto\/?modal=admin_todo_tour<\/a><\/p>\n\n\n\n<p><strong>Entretiens r\u00e9alis\u00e9s par la &#8220;Newsroom&#8221; Porsche-Media<\/strong><\/p>\n\n\n\n<figure class=\"wp-block-image is-resized\"><a href=\"http:\/\/lignesauto.fr\/wp-content\/uploads\/2018\/12\/LIGNES911_05.jpg\"><img loading=\"lazy\" decoding=\"async\" src=\"http:\/\/lignesauto.fr\/wp-content\/uploads\/2018\/12\/LIGNES911_05-1024x577.jpg\" alt=\"\" class=\"wp-image-6163\" width=\"820\" height=\"461\" srcset=\"https:\/\/lignesauto.fr\/wp-content\/uploads\/2018\/12\/LIGNES911_05-1024x577.jpg 1024w, https:\/\/lignesauto.fr\/wp-content\/uploads\/2018\/12\/LIGNES911_05-300x169.jpg 300w, https:\/\/lignesauto.fr\/wp-content\/uploads\/2018\/12\/LIGNES911_05-768x433.jpg 768w, https:\/\/lignesauto.fr\/wp-content\/uploads\/2018\/12\/LIGNES911_05-370x209.jpg 370w, https:\/\/lignesauto.fr\/wp-content\/uploads\/2018\/12\/LIGNES911_05-1040x586.jpg 1040w, https:\/\/lignesauto.fr\/wp-content\/uploads\/2018\/12\/LIGNES911_05.jpg 1277w\" sizes=\"(max-width: 820px) 100vw, 820px\" \/><\/a><\/figure>\n\n\n\n<p>A occasion de la commercialisation de la Porsche 911 type 992 en d\u00e9but d&#8217;ann\u00e9e, Porsche avait donn\u00e9 la parole aux designers de ce mythe qu&#8217;il semble de plus en plus complexe \u00e0 faire \u00e9voluer, esth\u00e9tiquement parlant&#8230;<\/p>\n\n\n\n<figure class=\"wp-block-image is-resized\"><img loading=\"lazy\" decoding=\"async\" src=\"http:\/\/lignesauto.fr\/wp-content\/uploads\/2019\/08\/911_03-1024x552.jpg\" alt=\"\" class=\"wp-image-12152\" width=\"818\" height=\"440\" srcset=\"https:\/\/lignesauto.fr\/wp-content\/uploads\/2019\/08\/911_03-1024x552.jpg 1024w, https:\/\/lignesauto.fr\/wp-content\/uploads\/2019\/08\/911_03-300x162.jpg 300w, https:\/\/lignesauto.fr\/wp-content\/uploads\/2019\/08\/911_03-768x414.jpg 768w, https:\/\/lignesauto.fr\/wp-content\/uploads\/2019\/08\/911_03-370x199.jpg 370w, https:\/\/lignesauto.fr\/wp-content\/uploads\/2019\/08\/911_03-1040x561.jpg 1040w, https:\/\/lignesauto.fr\/wp-content\/uploads\/2019\/08\/911_03.jpg 1417w\" sizes=\"(max-width: 818px) 100vw, 818px\" \/><\/figure>\n\n\n\n<p><strong>Depuis 1963, le design de la 911 jouit d&#8217;un statut embl\u00e9matique. Comment avez-vous d\u00e9velopp\u00e9 cette huiti\u00e8me g\u00e9n\u00e9ration ?<\/strong><\/p>\n\n\n\n<p><strong>Peter Varga<\/strong> (1), designer ext\u00e9rieur de la 911:&nbsp;&#8220;La 911 incarne un langage de forme unique. La silhouette parle d&#8217;elle-m\u00eame : chacun la reconna\u00eet imm\u00e9diatement. Notre premi\u00e8re t\u00e2che a donc \u00e9t\u00e9 d&#8217;identifier les proportions que nous voulions modifier. Nous avons \u00e9largi l\u2019avant comme l\u2019arri\u00e8re.&#8221;<\/p>\n\n\n\n<figure class=\"wp-block-image is-resized\"><img loading=\"lazy\" decoding=\"async\" src=\"http:\/\/lignesauto.fr\/wp-content\/uploads\/2019\/08\/911_04-1024x648.png\" alt=\"\" class=\"wp-image-12155\" width=\"831\" height=\"526\" srcset=\"https:\/\/lignesauto.fr\/wp-content\/uploads\/2019\/08\/911_04-1024x648.png 1024w, https:\/\/lignesauto.fr\/wp-content\/uploads\/2019\/08\/911_04-300x190.png 300w, https:\/\/lignesauto.fr\/wp-content\/uploads\/2019\/08\/911_04-768x486.png 768w, https:\/\/lignesauto.fr\/wp-content\/uploads\/2019\/08\/911_04-370x234.png 370w, https:\/\/lignesauto.fr\/wp-content\/uploads\/2019\/08\/911_04-1040x658.png 1040w, https:\/\/lignesauto.fr\/wp-content\/uploads\/2019\/08\/911_04.png 1217w\" sizes=\"(max-width: 831px) 100vw, 831px\" \/><\/figure>\n\n\n\n<p>&#8220;La partie centrale, l&#8217;habitacle, a \u00e9t\u00e9 maintenue aussi compacte que possible.&nbsp;Dans le m\u00eame temps, nous avons augment\u00e9 d&#8217;un pouce la taille des roues arri\u00e8re. C&#8217;est la partie arri\u00e8re qui a \u00e9t\u00e9 la plus fascinante \u00e0 dessiner notamment pour une recherche une a\u00e9ro optimale. La 911 a besoin de beaucoup de force d&#8217;appui sur l&#8217;essieu arri\u00e8re et nous voulions \u00e9galement am\u00e9liorer davantage le coefficient de tra\u00een\u00e9e. Ces exigences, combin\u00e9es \u00e0 la ligne de toit plus \u00e9l\u00e9gante et harmonieuse, constituaient un d\u00e9fi majeur.&#8221;<\/p>\n\n\n\n<figure class=\"wp-block-image is-resized\"><img loading=\"lazy\" decoding=\"async\" src=\"http:\/\/lignesauto.fr\/wp-content\/uploads\/2019\/08\/911_06-1024x430.png\" alt=\"\" class=\"wp-image-12156\" width=\"838\" height=\"352\" srcset=\"https:\/\/lignesauto.fr\/wp-content\/uploads\/2019\/08\/911_06-1024x430.png 1024w, https:\/\/lignesauto.fr\/wp-content\/uploads\/2019\/08\/911_06-300x126.png 300w, https:\/\/lignesauto.fr\/wp-content\/uploads\/2019\/08\/911_06-768x322.png 768w, https:\/\/lignesauto.fr\/wp-content\/uploads\/2019\/08\/911_06-370x155.png 370w, https:\/\/lignesauto.fr\/wp-content\/uploads\/2019\/08\/911_06-1040x437.png 1040w, https:\/\/lignesauto.fr\/wp-content\/uploads\/2019\/08\/911_06.png 1417w\" sizes=\"(max-width: 838px) 100vw, 838px\" \/><\/figure>\n\n\n\n<p><strong>Ivo van Hulten<\/strong> (2), designer int\u00e9rieur de la 911 :<br>&#8220;Lors de la conception de la nouvelle 911, il \u00e9tait \u00e9galement tr\u00e8s important de prendre en compte les changements \u00e9volutifs de toutes les g\u00e9n\u00e9rations pr\u00e9c\u00e9dentes. Dans la 911 d&#8217;origine, par exemple, l&#8217;int\u00e9rieur pr\u00e9sentait un caract\u00e8re horizontal marqu\u00e9.&nbsp;Avec la nouvelle 911, nous mettons l\u2019accent sur les nouveaux mat\u00e9riaux et le retour \u00e0 une architecture horizontale. Nous avons int\u00e9gr\u00e9 un \u00e9cran tactile plus grand (de 10,9 pouces) dans l\u2019affichage central. Ses fonctions sont organis\u00e9es plus simplement que sur le mod\u00e8le pr\u00e9c\u00e9dent, ce qui signifie qu\u2019il peut \u00eatre utilis\u00e9 plus rapidement et avec moins de risque de distraction.&#8221;<\/p>\n\n\n\n<figure class=\"wp-block-image is-resized\"><img loading=\"lazy\" decoding=\"async\" src=\"http:\/\/lignesauto.fr\/wp-content\/uploads\/2019\/08\/911_01-1024x724.jpg\" alt=\"\" class=\"wp-image-12157\" width=\"823\" height=\"582\" srcset=\"https:\/\/lignesauto.fr\/wp-content\/uploads\/2019\/08\/911_01-1024x724.jpg 1024w, https:\/\/lignesauto.fr\/wp-content\/uploads\/2019\/08\/911_01-300x212.jpg 300w, https:\/\/lignesauto.fr\/wp-content\/uploads\/2019\/08\/911_01-768x543.jpg 768w, https:\/\/lignesauto.fr\/wp-content\/uploads\/2019\/08\/911_01-370x262.jpg 370w, https:\/\/lignesauto.fr\/wp-content\/uploads\/2019\/08\/911_01-1040x735.jpg 1040w, https:\/\/lignesauto.fr\/wp-content\/uploads\/2019\/08\/911_01.jpg 1417w\" sizes=\"(max-width: 823px) 100vw, 823px\" \/><\/figure>\n\n\n\n<p><strong>Est-il difficile de r\u00e9interpr\u00e9ter une voiture embl\u00e9matique telle la 911 ?<\/strong><\/p>\n\n\n\n<p>P.V. : &#8220;Vous devez respecter l&#8217;ic\u00f4ne, mais la peur aurait un effet inhibiteur sur notre travail. Apr\u00e8s tout, notre job en tant que concepteurs consiste \u00e0 \u00eatre cr\u00e9atifs et \u00e0 penser de mani\u00e8re innovante. Mais \u00e9videmment, nous devions tenir compte de l&#8217;histoire de la 911 ! &nbsp;C\u2019est pr\u00e9cis\u00e9ment cette combinaison qui rend la marque Porsche et la 911 en particulier si sp\u00e9ciales.&#8221;<\/p>\n\n\n\n<figure class=\"wp-block-image is-resized\"><a href=\"http:\/\/lignesauto.fr\/wp-content\/uploads\/2018\/12\/LIGNES911_08.jpg\"><img loading=\"lazy\" decoding=\"async\" src=\"http:\/\/lignesauto.fr\/wp-content\/uploads\/2018\/12\/LIGNES911_08-1024x576.jpg\" alt=\"\" class=\"wp-image-6164\" width=\"809\" height=\"455\" srcset=\"https:\/\/lignesauto.fr\/wp-content\/uploads\/2018\/12\/LIGNES911_08-1024x576.jpg 1024w, https:\/\/lignesauto.fr\/wp-content\/uploads\/2018\/12\/LIGNES911_08-300x169.jpg 300w, https:\/\/lignesauto.fr\/wp-content\/uploads\/2018\/12\/LIGNES911_08-768x432.jpg 768w, https:\/\/lignesauto.fr\/wp-content\/uploads\/2018\/12\/LIGNES911_08-370x208.jpg 370w, https:\/\/lignesauto.fr\/wp-content\/uploads\/2018\/12\/LIGNES911_08-1040x585.jpg 1040w, https:\/\/lignesauto.fr\/wp-content\/uploads\/2018\/12\/LIGNES911_08.jpg 1279w\" sizes=\"(max-width: 809px) 100vw, 809px\" \/><\/a><\/figure>\n\n\n\n<p><strong>Combien de temps faut-il pour d\u00e9velopper une Porsche de l&#8217;id\u00e9e initiale au stade du prototype ?<\/strong><\/p>\n\n\n\n<p>V.H. : &#8220;La p\u00e9riode dure environ quatre ans.&nbsp;En tant que concepteurs, nous participons tr\u00e8s t\u00f4t au processus de d\u00e9veloppement global. Nous devons \u00eatre en mesure de voir et de toucher les maquettes afin de proc\u00e9der aux derniers ajustements. Mais nous utilisons \u00e9galement des outils num\u00e9riques qui rendent notre travail beaucoup plus rapide et efficace qu\u2019auparavant. Par exemple, nous utilisons des casques de r\u00e9alit\u00e9 virtuelle pour examiner des donn\u00e9es importantes. Ces donn\u00e9es 3D, qui sont continuellement am\u00e9lior\u00e9es, constituent une base qui sera utilis\u00e9e ult\u00e9rieurement pour fabriquer la voiture \u00e0 Zuffenhausen.&#8221;<\/p>\n\n\n\n<figure class=\"wp-block-image is-resized\"><a href=\"http:\/\/lignesauto.fr\/wp-content\/uploads\/2018\/12\/LIGNES911_04.jpg\"><img loading=\"lazy\" decoding=\"async\" src=\"http:\/\/lignesauto.fr\/wp-content\/uploads\/2018\/12\/LIGNES911_04-1024x577.jpg\" alt=\"\" class=\"wp-image-6167\" width=\"794\" height=\"446\" srcset=\"https:\/\/lignesauto.fr\/wp-content\/uploads\/2018\/12\/LIGNES911_04-1024x577.jpg 1024w, https:\/\/lignesauto.fr\/wp-content\/uploads\/2018\/12\/LIGNES911_04-300x169.jpg 300w, https:\/\/lignesauto.fr\/wp-content\/uploads\/2018\/12\/LIGNES911_04-370x209.jpg 370w, https:\/\/lignesauto.fr\/wp-content\/uploads\/2018\/12\/LIGNES911_04-1040x586.jpg 1040w\" sizes=\"(max-width: 794px) 100vw, 794px\" \/><\/a><\/figure>\n\n\n\n<p><strong>Le niveau croissant de num\u00e9risation a-t-il eu un impact significatif sur votre travail ?<\/strong><\/p>\n\n\n\n<p>P.V. : &#8220;Les outils num\u00e9riques acc\u00e9l\u00e8rent toutes les \u00e9tapes du processus de conception et les rendent plus flexibles. Ils nous permettent de mettre en pratique des surfaces complexes sur la voiture, exactement comme elles ont \u00e9t\u00e9 planifi\u00e9es num\u00e9riquement. Cela \u00e9tant dit, la conception de la 911 est si particuli\u00e8re que ses surfaces n\u2019ont re\u00e7u leur d\u00e9finition d\u00e9finitive que sur un mod\u00e8le physique \u00e0 l&#8217;\u00e9chelle 1.&#8221;<\/p>\n\n\n\n<figure class=\"wp-block-image is-resized\"><a href=\"http:\/\/lignesauto.fr\/wp-content\/uploads\/2018\/12\/LIGNES911_06.jpg\"><img loading=\"lazy\" decoding=\"async\" src=\"http:\/\/lignesauto.fr\/wp-content\/uploads\/2018\/12\/LIGNES911_06-1024x577.jpg\" alt=\"\" class=\"wp-image-6168\" width=\"790\" height=\"444\" srcset=\"https:\/\/lignesauto.fr\/wp-content\/uploads\/2018\/12\/LIGNES911_06-1024x577.jpg 1024w, https:\/\/lignesauto.fr\/wp-content\/uploads\/2018\/12\/LIGNES911_06-300x169.jpg 300w, https:\/\/lignesauto.fr\/wp-content\/uploads\/2018\/12\/LIGNES911_06-768x433.jpg 768w, https:\/\/lignesauto.fr\/wp-content\/uploads\/2018\/12\/LIGNES911_06-370x209.jpg 370w, https:\/\/lignesauto.fr\/wp-content\/uploads\/2018\/12\/LIGNES911_06-1040x586.jpg 1040w, https:\/\/lignesauto.fr\/wp-content\/uploads\/2018\/12\/LIGNES911_06.jpg 1277w\" sizes=\"(max-width: 790px) 100vw, 790px\" \/><\/a><\/figure>\n\n\n\n<p><strong>Y a-t-il un d\u00e9tail de la nouvelle 911 dont vous \u00eates plut\u00f4t fier ?<\/strong><\/p>\n\n\n\n<p>V.H. : &#8220;Pour moi, c&#8217;est son combin\u00e9 d&#8217;instruments. Il montre bel \u00e9quilibre entre l&#8217;analogique et le num\u00e9rique. Le compte-tours analogique au milieu compl\u00e8te le groupe num\u00e9rique avec ses cinq compteurs qui ne se chevauchent plus.&#8221;<\/p>\n\n\n\n<figure class=\"wp-block-image is-resized\"><img loading=\"lazy\" decoding=\"async\" src=\"http:\/\/lignesauto.fr\/wp-content\/uploads\/2019\/08\/911_02-1024x724.jpg\" alt=\"\" class=\"wp-image-12159\" width=\"782\" height=\"553\" srcset=\"https:\/\/lignesauto.fr\/wp-content\/uploads\/2019\/08\/911_02-1024x724.jpg 1024w, https:\/\/lignesauto.fr\/wp-content\/uploads\/2019\/08\/911_02-300x212.jpg 300w, https:\/\/lignesauto.fr\/wp-content\/uploads\/2019\/08\/911_02-768x543.jpg 768w, https:\/\/lignesauto.fr\/wp-content\/uploads\/2019\/08\/911_02-370x262.jpg 370w, https:\/\/lignesauto.fr\/wp-content\/uploads\/2019\/08\/911_02-1040x735.jpg 1040w, https:\/\/lignesauto.fr\/wp-content\/uploads\/2019\/08\/911_02.jpg 1417w\" sizes=\"(max-width: 782px) 100vw, 782px\" \/><\/figure>\n\n\n\n<p>P.V. : &#8220;Je suis ravi des feux arri\u00e8re mat\u00e9rialis\u00e9s en une seule bande. Cette approche puriste ajoute la touche finale au design \u00e9pur\u00e9 et clairement structur\u00e9 de cette nouvelle 911.&#8221;<\/p>\n\n\n\n<figure class=\"wp-block-image is-resized\"><img loading=\"lazy\" decoding=\"async\" src=\"http:\/\/lignesauto.fr\/wp-content\/uploads\/2019\/08\/911_05-1024x690.png\" alt=\"\" class=\"wp-image-12161\" width=\"785\" height=\"528\" srcset=\"https:\/\/lignesauto.fr\/wp-content\/uploads\/2019\/08\/911_05-1024x690.png 1024w, https:\/\/lignesauto.fr\/wp-content\/uploads\/2019\/08\/911_05-300x202.png 300w, https:\/\/lignesauto.fr\/wp-content\/uploads\/2019\/08\/911_05-768x518.png 768w, https:\/\/lignesauto.fr\/wp-content\/uploads\/2019\/08\/911_05-370x249.png 370w, https:\/\/lignesauto.fr\/wp-content\/uploads\/2019\/08\/911_05-1040x701.png 1040w, https:\/\/lignesauto.fr\/wp-content\/uploads\/2019\/08\/911_05.png 1417w\" sizes=\"(max-width: 785px) 100vw, 785px\" \/><\/figure>\n\n\n\n<p><strong>LES DESIGNERS DE LA 992 (991 de 2019)<\/strong><\/p>\n\n\n\n<figure class=\"wp-block-image is-resized\"><a href=\"http:\/\/lignesauto.fr\/wp-content\/uploads\/2018\/12\/LIGNES911_02.jpg\"><img loading=\"lazy\" decoding=\"async\" src=\"http:\/\/lignesauto.fr\/wp-content\/uploads\/2018\/12\/LIGNES911_02-300x169.jpg\" alt=\"\" class=\"wp-image-6169\" width=\"394\" height=\"222\" srcset=\"https:\/\/lignesauto.fr\/wp-content\/uploads\/2018\/12\/LIGNES911_02-300x169.jpg 300w, https:\/\/lignesauto.fr\/wp-content\/uploads\/2018\/12\/LIGNES911_02-768x433.jpg 768w, https:\/\/lignesauto.fr\/wp-content\/uploads\/2018\/12\/LIGNES911_02-1024x577.jpg 1024w, https:\/\/lignesauto.fr\/wp-content\/uploads\/2018\/12\/LIGNES911_02-370x209.jpg 370w, https:\/\/lignesauto.fr\/wp-content\/uploads\/2018\/12\/LIGNES911_02-1040x586.jpg 1040w, https:\/\/lignesauto.fr\/wp-content\/uploads\/2018\/12\/LIGNES911_02.jpg 1277w\" sizes=\"(max-width: 394px) 100vw, 394px\" \/><\/a><\/figure>\n\n\n\n<p>(1) N\u00e9 en Hongrie en 1978, <strong>Peter Varga<\/strong> a \u00e9tudi\u00e9 le design de transport \u00e0 l&#8217;universit\u00e9 de Pforzheim. En 2014, il a rejoint Porsche en tant que designer ext\u00e9rieur. Il met l&#8217;accent sur la fonction, la simplicit\u00e9. Il n\u2019est pas partisan des changements radicaux dans la conception qui modifieraient l\u2019identit\u00e9 de la 911. Il attache une importance particuli\u00e8re au maintien de l\u2019\u00e9quilibre entre les trois \u00e9l\u00e9ments cl\u00e9s de la 911: performances, forme et facilit\u00e9 d\u2019utilisation quotidienne.<\/p>\n\n\n\n<figure class=\"wp-block-image is-resized\"><img loading=\"lazy\" decoding=\"async\" src=\"http:\/\/lignesauto.fr\/wp-content\/uploads\/2018\/12\/LIGNES911_07-1024x577.jpg\" alt=\"L\u2019attribut alt de cette image est vide, son nom de fichier est LIGNES911_07-1024x577.jpg.\" width=\"763\" height=\"429\"\/><\/figure>\n\n\n\n<figure class=\"wp-block-image is-resized\"><a href=\"http:\/\/lignesauto.fr\/wp-content\/uploads\/2018\/12\/LIGNES911_01.jpg\"><img loading=\"lazy\" decoding=\"async\" src=\"http:\/\/lignesauto.fr\/wp-content\/uploads\/2018\/12\/LIGNES911_01-300x169.jpg\" alt=\"\" class=\"wp-image-6170\" width=\"413\" height=\"233\" srcset=\"https:\/\/lignesauto.fr\/wp-content\/uploads\/2018\/12\/LIGNES911_01-300x169.jpg 300w, https:\/\/lignesauto.fr\/wp-content\/uploads\/2018\/12\/LIGNES911_01-768x433.jpg 768w, https:\/\/lignesauto.fr\/wp-content\/uploads\/2018\/12\/LIGNES911_01-1024x577.jpg 1024w, https:\/\/lignesauto.fr\/wp-content\/uploads\/2018\/12\/LIGNES911_01-370x209.jpg 370w, https:\/\/lignesauto.fr\/wp-content\/uploads\/2018\/12\/LIGNES911_01-1040x586.jpg 1040w, https:\/\/lignesauto.fr\/wp-content\/uploads\/2018\/12\/LIGNES911_01.jpg 1277w\" sizes=\"(max-width: 413px) 100vw, 413px\" \/><\/a><\/figure>\n\n\n\n<p><br>(2) <strong>Ivo van Hulten<\/strong> est n\u00e9 en 1977 \u00e0 Waalwijk (Pays-Bas). Ses \u00e9tudes \u00e0 la Design Academy Eindhoven lui ont ouvert la voie chez Audi, puis chez Opel, o\u00f9 il \u00e9tait designer en chef. En 2014, il rejoint Zuffenhausen et est depuis responsable du design int\u00e9rieur Porsche. Ses projets pour l&#8217;avenir consistent &nbsp;\u00e0 assurer un \u00e9quilibre entre les mondes analogique et num\u00e9rique.<\/p>\n\n\n\n<h2 class=\"wp-block-heading\"><strong>BONUS : LES VIDEOS 911<\/strong><\/h2>\n\n\n\n<figure class=\"wp-block-embed-youtube wp-block-embed is-type-video is-provider-youtube wp-embed-aspect-16-9 wp-has-aspect-ratio\"><div class=\"wp-block-embed__wrapper\">\n<iframe loading=\"lazy\" title=\"The new Porsche 911: Exterior &amp; Interior Design.\" width=\"640\" height=\"360\" src=\"https:\/\/www.youtube.com\/embed\/OGEEQ9VEEmc?start=53&#038;feature=oembed\" frameborder=\"0\" allow=\"accelerometer; autoplay; clipboard-write; encrypted-media; gyroscope; picture-in-picture; web-share\" referrerpolicy=\"strict-origin-when-cross-origin\" allowfullscreen><\/iframe>\n<\/div><\/figure>\n\n\n\n<figure class=\"wp-block-embed-youtube wp-block-embed is-type-video is-provider-youtube wp-embed-aspect-16-9 wp-has-aspect-ratio\"><div class=\"wp-block-embed__wrapper\">\nhttps:\/\/www.youtube.com\/watch?time_continue=112&#038;v=iVmQ21Fcxwk\n<\/div><\/figure>\n\n\n\n<figure class=\"wp-block-image is-resized\"><a href=\"http:\/\/lignesauto.fr\/wp-content\/uploads\/2018\/10\/LOGOActus_BD.jpg\"><img loading=\"lazy\" decoding=\"async\" src=\"http:\/\/lignesauto.fr\/wp-content\/uploads\/2018\/10\/LOGOActus_BD-300x108.jpg\" alt=\"\" class=\"wp-image-4921\" width=\"337\" height=\"121\" srcset=\"https:\/\/lignesauto.fr\/wp-content\/uploads\/2018\/10\/LOGOActus_BD-300x108.jpg 300w, https:\/\/lignesauto.fr\/wp-content\/uploads\/2018\/10\/LOGOActus_BD-768x276.jpg 768w, https:\/\/lignesauto.fr\/wp-content\/uploads\/2018\/10\/LOGOActus_BD-1024x367.jpg 1024w, https:\/\/lignesauto.fr\/wp-content\/uploads\/2018\/10\/LOGOActus_BD-370x133.jpg 370w, https:\/\/lignesauto.fr\/wp-content\/uploads\/2018\/10\/LOGOActus_BD-1040x373.jpg 1040w, https:\/\/lignesauto.fr\/wp-content\/uploads\/2018\/10\/LOGOActus_BD.jpg 1240w\" sizes=\"(max-width: 337px) 100vw, 337px\" \/><\/a><\/figure>\n","protected":false},"excerpt":{"rendered":"<p>LIGNES\/auto, c&#8217;est aussi une page Facebook : https:\/\/www.facebook.com\/lignesauto\/?modal=admin_todo_tour Entretiens r\u00e9alis\u00e9s par la &#8220;Newsroom&#8221; Porsche-Media A occasion de la commercialisation de la Porsche 911 type 992 en d\u00e9but d&#8217;ann\u00e9e, Porsche avait donn\u00e9 la parole aux designers de ce mythe qu&#8217;il semble de plus en plus complexe \u00e0 faire \u00e9voluer, esth\u00e9tiquement parlant&#8230; [&hellip;]<\/p>\n","protected":false},"author":1,"featured_media":12153,"comment_status":"open","ping_status":"open","sticky":false,"template":"","format":"standard","meta":{"footnotes":""},"categories":[1],"tags":[],"_links":{"self":[{"href":"https:\/\/lignesauto.fr\/index.php?rest_route=\/wp\/v2\/posts\/12149"}],"collection":[{"href":"https:\/\/lignesauto.fr\/index.php?rest_route=\/wp\/v2\/posts"}],"about":[{"href":"https:\/\/lignesauto.fr\/index.php?rest_route=\/wp\/v2\/types\/post"}],"author":[{"embeddable":true,"href":"https:\/\/lignesauto.fr\/index.php?rest_route=\/wp\/v2\/users\/1"}],"replies":[{"embeddable":true,"href":"https:\/\/lignesauto.fr\/index.php?rest_route=%2Fwp%2Fv2%2Fcomments&post=12149"}],"version-history":[{"count":11,"href":"https:\/\/lignesauto.fr\/index.php?rest_route=\/wp\/v2\/posts\/12149\/revisions"}],"predecessor-version":[{"id":12305,"href":"https:\/\/lignesauto.fr\/index.php?rest_route=\/wp\/v2\/posts\/12149\/revisions\/12305"}],"wp:featuredmedia":[{"embeddable":true,"href":"https:\/\/lignesauto.fr\/index.php?rest_route=\/wp\/v2\/media\/12153"}],"wp:attachment":[{"href":"https:\/\/lignesauto.fr\/index.php?rest_route=%2Fwp%2Fv2%2Fmedia&parent=12149"}],"wp:term":[{"taxonomy":"category","embeddable":true,"href":"https:\/\/lignesauto.fr\/index.php?rest_route=%2Fwp%2Fv2%2Fcategories&post=12149"},{"taxonomy":"post_tag","embeddable":true,"href":"https:\/\/lignesauto.fr\/index.php?rest_route=%2Fwp%2Fv2%2Ftags&post=12149"}],"curies":[{"name":"wp","href":"https:\/\/api.w.org\/{rel}","templated":true}]}}