{"id":12358,"date":"2019-08-18T12:19:31","date_gmt":"2019-08-18T10:19:31","guid":{"rendered":"http:\/\/lignesauto.fr\/?p=12358"},"modified":"2019-08-18T14:55:55","modified_gmt":"2019-08-18T12:55:55","slug":"t-roc-cabriolet-etait-ce-mieux-avant","status":"publish","type":"post","link":"https:\/\/lignesauto.fr\/?p=12358","title":{"rendered":"VW T-Roc cabriolet : \u00e9tait-ce mieux avant ?!"},"content":{"rendered":"\n<figure class=\"wp-block-image is-resized\"><img loading=\"lazy\" decoding=\"async\" src=\"http:\/\/lignesauto.fr\/wp-content\/uploads\/2019\/06\/LOGOActus-1024x367.jpg\" alt=\"\" class=\"wp-image-11058\" width=\"265\" height=\"94\" srcset=\"https:\/\/lignesauto.fr\/wp-content\/uploads\/2019\/06\/LOGOActus-1024x367.jpg 1024w, https:\/\/lignesauto.fr\/wp-content\/uploads\/2019\/06\/LOGOActus-300x108.jpg 300w, https:\/\/lignesauto.fr\/wp-content\/uploads\/2019\/06\/LOGOActus-768x275.jpg 768w, https:\/\/lignesauto.fr\/wp-content\/uploads\/2019\/06\/LOGOActus-370x133.jpg 370w, https:\/\/lignesauto.fr\/wp-content\/uploads\/2019\/06\/LOGOActus-1040x373.jpg 1040w\" sizes=\"(max-width: 265px) 100vw, 265px\" \/><\/figure>\n\n\n\n<p>Depuis 70 ans, Volkswagen a la t\u00eate dans les nuages et con\u00e7oit des engins d\u00e9couvrables tous assez originaux ! Eberhard Kittler, directeur du Volkswagen AutoMuseum de Wolfsburg, rappelle quelques heures glorieuses de ces engins particuliers.<br><strong>O\u00f9 l&#8217;on se rend compte que 4X4 ou SUV rimait d\u00e9j\u00e0 avec cabriolet&#8230;<\/strong><\/p>\n\n\n\n<figure class=\"wp-block-image is-resized\"><img loading=\"lazy\" decoding=\"async\" src=\"http:\/\/lignesauto.fr\/wp-content\/uploads\/2019\/08\/VW2018000267_x750.jpg\" alt=\"\" class=\"wp-image-12371\" width=\"698\" height=\"422\" srcset=\"https:\/\/lignesauto.fr\/wp-content\/uploads\/2019\/08\/VW2018000267_x750.jpg 450w, https:\/\/lignesauto.fr\/wp-content\/uploads\/2019\/08\/VW2018000267_x750-300x181.jpg 300w, https:\/\/lignesauto.fr\/wp-content\/uploads\/2019\/08\/VW2018000267_x750-370x224.jpg 370w\" sizes=\"(max-width: 698px) 100vw, 698px\" \/><figcaption>VW Beetle Hebm\u00fcller convertible 2 places<\/figcaption><\/figure>\n\n\n\n<p>Chez VW, les ing\u00e9nieurs et stylistes ont eu beaucoup d\u2019id\u00e9es concernant notamment les buggies et beaucoup de concepts ou de prototypes ont \u00e9t\u00e9 \u00e9tudi\u00e9s.Tout a commenc\u00e9 avec la Coccinelle d\u00e9capotable, d\u00e9velopp\u00e9e par Karmann \u00e0 Osnabr\u00fcck, puis produite sous une licence Volkswagen de 1949 \u00e0 1980. A la cl\u00e9 : plus de 330.000 unit\u00e9s. Hebm\u00fcller de son c\u00f4t\u00e9 produit 695 unit\u00e9s du Schoenlinge, un cabriolet deux places. Cette faible quantit\u00e9 s\u2019explique avant tout par l\u2019incende qui ravagea l&#8217;usine de W\u00fclfrath pr\u00e8s de Wuppertal en 1953. Des montants \u00e0 six chiffres sont actuellement demand\u00e9s et pay\u00e9s pour ces v\u00e9hicules rares mais tr\u00e8s recherch\u00e9s. Mais sur la base de&nbsp;la Volkswagen &#8220;Beetle&#8221;, des douzaines de tr\u00e8s petites s\u00e9ries et de mod\u00e8les uniques ont \u00e9t\u00e9 produits dans le monde entier jusque dans les ann\u00e9es 1980.<\/p>\n\n\n\n<figure class=\"wp-block-image is-resized\"><img loading=\"lazy\" decoding=\"async\" src=\"http:\/\/lignesauto.fr\/wp-content\/uploads\/2019\/08\/DB2018AL00154_medium-1024x720.jpg\" alt=\"\" class=\"wp-image-12364\" width=\"696\" height=\"489\" srcset=\"https:\/\/lignesauto.fr\/wp-content\/uploads\/2019\/08\/DB2018AL00154_medium-1024x720.jpg 1024w, https:\/\/lignesauto.fr\/wp-content\/uploads\/2019\/08\/DB2018AL00154_medium-300x211.jpg 300w, https:\/\/lignesauto.fr\/wp-content\/uploads\/2019\/08\/DB2018AL00154_medium-768x540.jpg 768w, https:\/\/lignesauto.fr\/wp-content\/uploads\/2019\/08\/DB2018AL00154_medium-370x260.jpg 370w, https:\/\/lignesauto.fr\/wp-content\/uploads\/2019\/08\/DB2018AL00154_medium-1040x731.jpg 1040w, https:\/\/lignesauto.fr\/wp-content\/uploads\/2019\/08\/DB2018AL00154_medium.jpg 1772w\" sizes=\"(max-width: 696px) 100vw, 696px\" \/><\/figure>\n\n\n\n<p> Les buggies \u201cDune\u201d sans compromis, ou encore la \u201cBaja\u201d sont n\u00e9es en Californie. Seuls quelques mod\u00e8les de la Baja, qui auraient rendu fous tous les officiels des homologations actuelles, se sont aventur\u00e9s dans les rues, hors des dunes\u2026 \u00c0 partir du milieu des ann\u00e9es 1960, au moins deux douzaines de carrossiers europ\u00e9ens se sont occup\u00e9s de la production de telles variantes. Comme Karmann \u00e0 Osnabr\u00fcck.<\/p>\n\n\n\n<figure class=\"wp-block-image is-resized\"><img loading=\"lazy\" decoding=\"async\" src=\"http:\/\/lignesauto.fr\/wp-content\/uploads\/2019\/08\/LIGNESVW-01-1024x808.jpg\" alt=\"\" class=\"wp-image-12370\" width=\"690\" height=\"544\" srcset=\"https:\/\/lignesauto.fr\/wp-content\/uploads\/2019\/08\/LIGNESVW-01-1024x808.jpg 1024w, https:\/\/lignesauto.fr\/wp-content\/uploads\/2019\/08\/LIGNESVW-01-300x237.jpg 300w, https:\/\/lignesauto.fr\/wp-content\/uploads\/2019\/08\/LIGNESVW-01-768x606.jpg 768w, https:\/\/lignesauto.fr\/wp-content\/uploads\/2019\/08\/LIGNESVW-01-370x292.jpg 370w, https:\/\/lignesauto.fr\/wp-content\/uploads\/2019\/08\/LIGNESVW-01-1040x821.jpg 1040w, https:\/\/lignesauto.fr\/wp-content\/uploads\/2019\/08\/LIGNESVW-01.jpg 1795w\" sizes=\"(max-width: 690px) 100vw, 690px\" \/><figcaption>Buggy VW de 1966&nbsp;\u00e0 1971).<\/figcaption><\/figure>\n\n\n\n<p>De son c\u00f4t\u00e9, Volkswagen a prit sa part de g\u00e2teau avec le Type 181 propos\u00e9 \u00e0 partir de 1969. Cette VW \u00e9tait probablement le premier mod\u00e8le \u201ccrossover\u201d de l&#8217;histoire de la marque. Son image s\u2019est forg\u00e9e gr\u00e2ce \u00e0 ses cinq places avec un pare-brise rabattable. Aux \u00c9tats-Unis, il a \u00e9t\u00e9 surnomm\u00e9 &#8220;The Thing&#8221;. Avec le Combi, il illustre parfaitement l&#8217;\u00e9poque hippie. Et \u00e0 Bali, o\u00f9 le Type 181 a \u00e9t\u00e9 assembl\u00e9 pendant un certain temps, il est encore utilis\u00e9 aujourd&#8217;hui comme une navette touristique. Au total, environ 140 000 voitures ont \u00e9t\u00e9 construites.<\/p>\n\n\n\n<figure class=\"wp-block-image is-resized\"><img loading=\"lazy\" decoding=\"async\" src=\"http:\/\/lignesauto.fr\/wp-content\/uploads\/2019\/08\/DB2018AL00155_medium-1024x776.jpg\" alt=\"\" class=\"wp-image-12365\" width=\"697\" height=\"528\" srcset=\"https:\/\/lignesauto.fr\/wp-content\/uploads\/2019\/08\/DB2018AL00155_medium-1024x776.jpg 1024w, https:\/\/lignesauto.fr\/wp-content\/uploads\/2019\/08\/DB2018AL00155_medium-300x227.jpg 300w, https:\/\/lignesauto.fr\/wp-content\/uploads\/2019\/08\/DB2018AL00155_medium-768x582.jpg 768w, https:\/\/lignesauto.fr\/wp-content\/uploads\/2019\/08\/DB2018AL00155_medium-370x280.jpg 370w, https:\/\/lignesauto.fr\/wp-content\/uploads\/2019\/08\/DB2018AL00155_medium-1040x788.jpg 1040w, https:\/\/lignesauto.fr\/wp-content\/uploads\/2019\/08\/DB2018AL00155_medium.jpg 1795w\" sizes=\"(max-width: 697px) 100vw, 697px\" \/><figcaption>Qui a dit que l&#8217;univers des 4&#215;4 et SUV n&#8217;avait pas de lien avec celui des d\u00e9couvrables ?<\/figcaption><\/figure>\n\n\n\n<p>Le type 183 (Iltis) \u00e0 quatre roues motrices \u00e9tait quant \u00e0 lui bas\u00e9 sur une plateforme de v\u00e9hicule militaire d&#8217;Ingolstadt et avait \u00e9t\u00e9 converti en un engin\u00a0de franchissement\u00a0plut\u00f4t rapide ! Sa carri\u00e8re a \u00e9t\u00e9 couronn\u00e9e par sa magnifique victoire au Rallye Paris-Dakar en 1980. Plus de 10 000 v\u00e9hicules ont \u00e9t\u00e9 livr\u00e9s.<\/p>\n\n\n\n<figure class=\"wp-block-image is-resized\"><img loading=\"lazy\" decoding=\"async\" src=\"http:\/\/lignesauto.fr\/wp-content\/uploads\/2019\/08\/DB2018AL00158_medium-1024x999.jpg\" alt=\"\" class=\"wp-image-12366\" width=\"692\" height=\"674\" srcset=\"https:\/\/lignesauto.fr\/wp-content\/uploads\/2019\/08\/DB2018AL00158_medium-1024x999.jpg 1024w, https:\/\/lignesauto.fr\/wp-content\/uploads\/2019\/08\/DB2018AL00158_medium-300x293.jpg 300w, https:\/\/lignesauto.fr\/wp-content\/uploads\/2019\/08\/DB2018AL00158_medium-768x749.jpg 768w, https:\/\/lignesauto.fr\/wp-content\/uploads\/2019\/08\/DB2018AL00158_medium-370x361.jpg 370w, https:\/\/lignesauto.fr\/wp-content\/uploads\/2019\/08\/DB2018AL00158_medium-1040x1015.jpg 1040w, https:\/\/lignesauto.fr\/wp-content\/uploads\/2019\/08\/DB2018AL00158_medium.jpg 1772w\" sizes=\"(max-width: 692px) 100vw, 692px\" \/><figcaption>Le VW&nbsp;Iltis dans sa version &#8220;civile&#8221;.<\/figcaption><\/figure>\n\n\n\n<p>Mais Volkswagen a \u00e9galement offert ce plaisir d\u2019\u00e9vasion dans le format de la Golf avec tout d\u2019abord le cabriolet de 1979 mais il y avait aussi une version \u00e0 toit ouvert de la Golf, la Passo, qui reste largement inconnue aujourd&#8217;hui. Elle a \u00e9t\u00e9 cr\u00e9\u00e9e en coop\u00e9ration avec la soci\u00e9t\u00e9 ACM \/ Biagini pr\u00e8s de Pescara sur la c\u00f4te Adriatique.<\/p>\n\n\n\n<figure class=\"wp-block-image is-resized\"><img loading=\"lazy\" decoding=\"async\" src=\"http:\/\/lignesauto.fr\/wp-content\/uploads\/2019\/08\/DB2018AL00162_medium-1024x768.jpg\" alt=\"\" class=\"wp-image-12368\" width=\"700\" height=\"525\" srcset=\"https:\/\/lignesauto.fr\/wp-content\/uploads\/2019\/08\/DB2018AL00162_medium-1024x768.jpg 1024w, https:\/\/lignesauto.fr\/wp-content\/uploads\/2019\/08\/DB2018AL00162_medium-300x225.jpg 300w, https:\/\/lignesauto.fr\/wp-content\/uploads\/2019\/08\/DB2018AL00162_medium-768x576.jpg 768w, https:\/\/lignesauto.fr\/wp-content\/uploads\/2019\/08\/DB2018AL00162_medium-370x277.jpg 370w, https:\/\/lignesauto.fr\/wp-content\/uploads\/2019\/08\/DB2018AL00162_medium-1040x780.jpg 1040w, https:\/\/lignesauto.fr\/wp-content\/uploads\/2019\/08\/DB2018AL00162_medium.jpg 1795w\" sizes=\"(max-width: 700px) 100vw, 700px\" \/><figcaption>La VW&nbsp;Biagini Passo. Un hybride entre la Golf I Cabrio et la Golf Country.<\/figcaption><\/figure>\n\n\n\n<p>De 1990 \u00e0 1993, environ 300 mod\u00e8les Golf Country \u00e0 quatre roues  motrices ont \u00e9t\u00e9 convertis en cabriolets.  Si une cinquantaine de ces mod\u00e8les sont entr\u00e9s en Allemagne, nombreux sont ceux qui ont \u00e9t\u00e9 victime de la rouille, si loin des conditions climatiques douces de l&#8217;Italie.  En 2016, la \u201cBeetle Dune\u201d convertible, est d\u00e9voil\u00e9e et reste aujourd\u2019hui encore un classique : suspension sur\u00e9lev\u00e9e gr\u00e2ce au train roulant dit &#8220;heavy-duty&#8221;, roues de 18 pouces, avec des accessoires clinquants, dans des couleurs vives. Elle voulait \u00eatre\u00a0une l\u00e9gitime descendante de la Baja pour l\u2019Europe centrale.<\/p>\n\n\n\n<figure class=\"wp-block-image is-resized\"><img loading=\"lazy\" decoding=\"async\" src=\"http:\/\/lignesauto.fr\/wp-content\/uploads\/2019\/08\/DB2015AU01422_medium-1024x683.jpg\" alt=\"\" class=\"wp-image-12362\" width=\"694\" height=\"462\" srcset=\"https:\/\/lignesauto.fr\/wp-content\/uploads\/2019\/08\/DB2015AU01422_medium-1024x683.jpg 1024w, https:\/\/lignesauto.fr\/wp-content\/uploads\/2019\/08\/DB2015AU01422_medium-300x200.jpg 300w, https:\/\/lignesauto.fr\/wp-content\/uploads\/2019\/08\/DB2015AU01422_medium-768x512.jpg 768w, https:\/\/lignesauto.fr\/wp-content\/uploads\/2019\/08\/DB2015AU01422_medium-370x247.jpg 370w, https:\/\/lignesauto.fr\/wp-content\/uploads\/2019\/08\/DB2015AU01422_medium-1040x694.jpg 1040w, https:\/\/lignesauto.fr\/wp-content\/uploads\/2019\/08\/DB2015AU01422_medium.jpg 1795w\" sizes=\"(max-width: 694px) 100vw, 694px\" \/><\/figure>\n\n\n\n<p>En mars 2016 \u00e0 Gen\u00e8ve, le sconcept-car T-Cross Breeze semble \u00eatre une synth\u00e8se de toutes les id\u00e9es et exp\u00e9riences de ces anc\u00eatres totalemnt ancr\u00e9s dans l\u2019histoire de la marque allemande. Ce T-Cross Breeze peut \u00eatre considi\u00e9r\u00e9 \u00e0 son tour comme l\u2019anc\u00eatre du nouveau T-Roc cabriolet qui remplacera le cabriolet Golf en 2020 sur nos routes. Faut-il s&#8217;en r\u00e9jouir ? <\/p>\n\n\n\n<figure class=\"wp-block-image is-resized\"><img loading=\"lazy\" decoding=\"async\" src=\"http:\/\/lignesauto.fr\/wp-content\/uploads\/2019\/08\/DB2016AU00131_medium-1024x597.jpg\" alt=\"\" class=\"wp-image-12363\" width=\"701\" height=\"409\" srcset=\"https:\/\/lignesauto.fr\/wp-content\/uploads\/2019\/08\/DB2016AU00131_medium-1024x597.jpg 1024w, https:\/\/lignesauto.fr\/wp-content\/uploads\/2019\/08\/DB2016AU00131_medium-300x175.jpg 300w, https:\/\/lignesauto.fr\/wp-content\/uploads\/2019\/08\/DB2016AU00131_medium-768x448.jpg 768w, https:\/\/lignesauto.fr\/wp-content\/uploads\/2019\/08\/DB2016AU00131_medium-370x216.jpg 370w, https:\/\/lignesauto.fr\/wp-content\/uploads\/2019\/08\/DB2016AU00131_medium-1040x607.jpg 1040w, https:\/\/lignesauto.fr\/wp-content\/uploads\/2019\/08\/DB2016AU00131_medium.jpg 1795w\" sizes=\"(max-width: 701px) 100vw, 701px\" \/><\/figure>\n\n\n\n<p><strong>LIGNES\/auto vous offre une petite balade en Buggy !<\/strong><\/p>\n\n\n\n<figure class=\"wp-block-embed-youtube wp-block-embed is-type-video is-provider-youtube wp-embed-aspect-16-9 wp-has-aspect-ratio\"><div class=\"wp-block-embed__wrapper\">\nhttps:\/\/www.youtube.com\/watch?v=W0Ru-PgVGVQ\n<\/div><\/figure>\n\n\n\n<figure class=\"wp-block-image is-resized\"><img loading=\"lazy\" decoding=\"async\" src=\"http:\/\/lignesauto.fr\/wp-content\/uploads\/2019\/06\/LOGOActus-1024x367.jpg\" alt=\"\" class=\"wp-image-11058\" width=\"284\" height=\"101\" srcset=\"https:\/\/lignesauto.fr\/wp-content\/uploads\/2019\/06\/LOGOActus-1024x367.jpg 1024w, https:\/\/lignesauto.fr\/wp-content\/uploads\/2019\/06\/LOGOActus-300x108.jpg 300w, https:\/\/lignesauto.fr\/wp-content\/uploads\/2019\/06\/LOGOActus-768x275.jpg 768w, https:\/\/lignesauto.fr\/wp-content\/uploads\/2019\/06\/LOGOActus-370x133.jpg 370w, https:\/\/lignesauto.fr\/wp-content\/uploads\/2019\/06\/LOGOActus-1040x373.jpg 1040w\" sizes=\"(max-width: 284px) 100vw, 284px\" \/><\/figure>\n\n\n\n<p><strong>Le T-Cross de 2020 <\/strong><\/p>\n\n\n\n<figure class=\"wp-block-image is-resized\"><img loading=\"lazy\" decoding=\"async\" src=\"http:\/\/lignesauto.fr\/wp-content\/uploads\/2019\/08\/DB2019AU01005_medium-1024x575.jpg\" alt=\"\" class=\"wp-image-12382\" width=\"722\" height=\"405\" srcset=\"https:\/\/lignesauto.fr\/wp-content\/uploads\/2019\/08\/DB2019AU01005_medium-1024x575.jpg 1024w, https:\/\/lignesauto.fr\/wp-content\/uploads\/2019\/08\/DB2019AU01005_medium-300x168.jpg 300w, https:\/\/lignesauto.fr\/wp-content\/uploads\/2019\/08\/DB2019AU01005_medium-768x431.jpg 768w, https:\/\/lignesauto.fr\/wp-content\/uploads\/2019\/08\/DB2019AU01005_medium-370x208.jpg 370w, https:\/\/lignesauto.fr\/wp-content\/uploads\/2019\/08\/DB2019AU01005_medium-1040x584.jpg 1040w, https:\/\/lignesauto.fr\/wp-content\/uploads\/2019\/08\/DB2019AU01005_medium.jpg 1795w\" sizes=\"(max-width: 722px) 100vw, 722px\" \/><\/figure>\n\n\n\n<figure class=\"wp-block-image is-resized\"><img loading=\"lazy\" decoding=\"async\" src=\"http:\/\/lignesauto.fr\/wp-content\/uploads\/2019\/08\/DB2019AU01008_medium-1024x577.jpg\" alt=\"\" class=\"wp-image-12383\" width=\"714\" height=\"402\" srcset=\"https:\/\/lignesauto.fr\/wp-content\/uploads\/2019\/08\/DB2019AU01008_medium-1024x577.jpg 1024w, https:\/\/lignesauto.fr\/wp-content\/uploads\/2019\/08\/DB2019AU01008_medium-300x169.jpg 300w, https:\/\/lignesauto.fr\/wp-content\/uploads\/2019\/08\/DB2019AU01008_medium-768x433.jpg 768w, https:\/\/lignesauto.fr\/wp-content\/uploads\/2019\/08\/DB2019AU01008_medium-370x209.jpg 370w, https:\/\/lignesauto.fr\/wp-content\/uploads\/2019\/08\/DB2019AU01008_medium-1040x586.jpg 1040w, https:\/\/lignesauto.fr\/wp-content\/uploads\/2019\/08\/DB2019AU01008_medium.jpg 1795w\" sizes=\"(max-width: 714px) 100vw, 714px\" \/><\/figure>\n\n\n\n<figure class=\"wp-block-image is-resized\"><img loading=\"lazy\" decoding=\"async\" src=\"http:\/\/lignesauto.fr\/wp-content\/uploads\/2019\/08\/DB2019AU01020_medium-1024x683.jpg\" alt=\"\" class=\"wp-image-12384\" width=\"721\" height=\"480\" srcset=\"https:\/\/lignesauto.fr\/wp-content\/uploads\/2019\/08\/DB2019AU01020_medium-1024x683.jpg 1024w, https:\/\/lignesauto.fr\/wp-content\/uploads\/2019\/08\/DB2019AU01020_medium-300x200.jpg 300w, https:\/\/lignesauto.fr\/wp-content\/uploads\/2019\/08\/DB2019AU01020_medium-768x512.jpg 768w, https:\/\/lignesauto.fr\/wp-content\/uploads\/2019\/08\/DB2019AU01020_medium-370x247.jpg 370w, https:\/\/lignesauto.fr\/wp-content\/uploads\/2019\/08\/DB2019AU01020_medium-1040x694.jpg 1040w, https:\/\/lignesauto.fr\/wp-content\/uploads\/2019\/08\/DB2019AU01020_medium.jpg 1795w\" sizes=\"(max-width: 721px) 100vw, 721px\" \/><\/figure>\n\n\n\n<figure class=\"wp-block-image is-resized\"><img loading=\"lazy\" decoding=\"async\" src=\"http:\/\/lignesauto.fr\/wp-content\/uploads\/2019\/08\/DB2019AU01017_medium-1024x683.jpg\" alt=\"\" class=\"wp-image-12386\" width=\"720\" height=\"479\" srcset=\"https:\/\/lignesauto.fr\/wp-content\/uploads\/2019\/08\/DB2019AU01017_medium-1024x683.jpg 1024w, https:\/\/lignesauto.fr\/wp-content\/uploads\/2019\/08\/DB2019AU01017_medium-300x200.jpg 300w, https:\/\/lignesauto.fr\/wp-content\/uploads\/2019\/08\/DB2019AU01017_medium-768x512.jpg 768w, https:\/\/lignesauto.fr\/wp-content\/uploads\/2019\/08\/DB2019AU01017_medium-370x247.jpg 370w, https:\/\/lignesauto.fr\/wp-content\/uploads\/2019\/08\/DB2019AU01017_medium-1040x694.jpg 1040w, https:\/\/lignesauto.fr\/wp-content\/uploads\/2019\/08\/DB2019AU01017_medium.jpg 1795w\" sizes=\"(max-width: 720px) 100vw, 720px\" \/><\/figure>\n","protected":false},"excerpt":{"rendered":"<p>Depuis 70 ans, Volkswagen a la t\u00eate dans les nuages et con\u00e7oit des engins d\u00e9couvrables tous assez originaux ! Eberhard Kittler, directeur du Volkswagen AutoMuseum de Wolfsburg, rappelle quelques heures glorieuses de ces engins particuliers.O\u00f9 l&#8217;on se rend compte que 4X4 ou SUV rimait d\u00e9j\u00e0 avec cabriolet&#8230; Chez VW, les [&hellip;]<\/p>\n","protected":false},"author":1,"featured_media":12368,"comment_status":"open","ping_status":"open","sticky":false,"template":"","format":"standard","meta":{"footnotes":""},"categories":[1],"tags":[],"_links":{"self":[{"href":"https:\/\/lignesauto.fr\/index.php?rest_route=\/wp\/v2\/posts\/12358"}],"collection":[{"href":"https:\/\/lignesauto.fr\/index.php?rest_route=\/wp\/v2\/posts"}],"about":[{"href":"https:\/\/lignesauto.fr\/index.php?rest_route=\/wp\/v2\/types\/post"}],"author":[{"embeddable":true,"href":"https:\/\/lignesauto.fr\/index.php?rest_route=\/wp\/v2\/users\/1"}],"replies":[{"embeddable":true,"href":"https:\/\/lignesauto.fr\/index.php?rest_route=%2Fwp%2Fv2%2Fcomments&post=12358"}],"version-history":[{"count":21,"href":"https:\/\/lignesauto.fr\/index.php?rest_route=\/wp\/v2\/posts\/12358\/revisions"}],"predecessor-version":[{"id":12400,"href":"https:\/\/lignesauto.fr\/index.php?rest_route=\/wp\/v2\/posts\/12358\/revisions\/12400"}],"wp:featuredmedia":[{"embeddable":true,"href":"https:\/\/lignesauto.fr\/index.php?rest_route=\/wp\/v2\/media\/12368"}],"wp:attachment":[{"href":"https:\/\/lignesauto.fr\/index.php?rest_route=%2Fwp%2Fv2%2Fmedia&parent=12358"}],"wp:term":[{"taxonomy":"category","embeddable":true,"href":"https:\/\/lignesauto.fr\/index.php?rest_route=%2Fwp%2Fv2%2Fcategories&post=12358"},{"taxonomy":"post_tag","embeddable":true,"href":"https:\/\/lignesauto.fr\/index.php?rest_route=%2Fwp%2Fv2%2Ftags&post=12358"}],"curies":[{"name":"wp","href":"https:\/\/api.w.org\/{rel}","templated":true}]}}