{"id":12415,"date":"2019-08-22T18:50:31","date_gmt":"2019-08-22T16:50:31","guid":{"rendered":"http:\/\/lignesauto.fr\/?p=12415"},"modified":"2019-08-22T19:02:15","modified_gmt":"2019-08-22T17:02:15","slug":"bmw-inext-100-prototypes-en-cours-de-production-dans-lusine-pilote","status":"publish","type":"post","link":"https:\/\/lignesauto.fr\/?p=12415","title":{"rendered":"BMW iNEXT : 100 prototypes en cours de production dans l&#8217;usine pilote ! (VIDEO)"},"content":{"rendered":"\n<figure class=\"wp-block-image is-resized\"><img loading=\"lazy\" decoding=\"async\" src=\"http:\/\/lignesauto.fr\/wp-content\/uploads\/2019\/06\/LOGOActus-1024x367.jpg\" alt=\"\" class=\"wp-image-11058\" width=\"328\" height=\"117\" srcset=\"https:\/\/lignesauto.fr\/wp-content\/uploads\/2019\/06\/LOGOActus-1024x367.jpg 1024w, https:\/\/lignesauto.fr\/wp-content\/uploads\/2019\/06\/LOGOActus-300x108.jpg 300w, https:\/\/lignesauto.fr\/wp-content\/uploads\/2019\/06\/LOGOActus-768x275.jpg 768w, https:\/\/lignesauto.fr\/wp-content\/uploads\/2019\/06\/LOGOActus-370x133.jpg 370w, https:\/\/lignesauto.fr\/wp-content\/uploads\/2019\/06\/LOGOActus-1040x373.jpg 1040w\" sizes=\"(max-width: 328px) 100vw, 328px\" \/><\/figure>\n\n\n\n<p>En mai 2018, voici maintenant plus de 15 mois, Harald Kr\u00fcger, pr\u00e9sident du conseil d\u2019administration du groupe BMW, avait  annonc\u00e9 lors de l\u2019assembl\u00e9e g\u00e9n\u00e9rale annuelle que <em>&#8220;le projet iNEXT fournira nos \u00e9l\u00e9ments de base pour l\u2019avenir, \u00e0 partir duquel toute nos marques devraient en b\u00e9n\u00e9ficier.&#8221;<\/em> Voici venu le temps du labeur et des essais intensifs car la commercialisation du &#8220;SAV&#8221; BMW (Sport Activity Vehicle) 100% \u00e9lectrique est annonc\u00e9e pour 2021 !<\/p>\n\n\n\n<figure class=\"wp-block-image\"><img loading=\"lazy\" decoding=\"async\" width=\"1024\" height=\"683\" src=\"http:\/\/lignesauto.fr\/wp-content\/uploads\/2018\/09\/LIGNESNAZ106-1024x683.jpg\" alt=\"\" class=\"wp-image-4895\" srcset=\"https:\/\/lignesauto.fr\/wp-content\/uploads\/2018\/09\/LIGNESNAZ106-1024x683.jpg 1024w, https:\/\/lignesauto.fr\/wp-content\/uploads\/2018\/09\/LIGNESNAZ106-300x200.jpg 300w, https:\/\/lignesauto.fr\/wp-content\/uploads\/2018\/09\/LIGNESNAZ106-768x512.jpg 768w, https:\/\/lignesauto.fr\/wp-content\/uploads\/2018\/09\/LIGNESNAZ106-370x247.jpg 370w, https:\/\/lignesauto.fr\/wp-content\/uploads\/2018\/09\/LIGNESNAZ106-1040x693.jpg 1040w\" sizes=\"(max-width: 1024px) 100vw, 1024px\" \/><\/figure>\n\n\n\n<p>Pour parvenir \u00e0 ses fins avec ce mod\u00e8le 100% in\u00e9dit, reposant sur une plateforme sp\u00e9cifique et un ch\u00e2ssis en aluminium et acier, BMW est en phase de production d&#8217;une centaine (!!) de prototypes dans son usine pilote(*), prototypes qui tournent d\u00e9j\u00e0 depuis quelques mois en essais.<\/p>\n\n\n\n<p>(*) <em>L&#8217;usine pilote du groupe BMW est situ\u00e9e dans le centre de recherche et d&#8217;innovation de Munich, avec trois autres installations au nord de la ville, \u00e0 Hallbergmoos, Oberschleissheim et Garching. Avec une superficie totale de 100 000 m2, elle accueille 850 collaborateurs, qui travaillent simultan\u00e9ment sur jusqu&#8217;\u00e0 six projets de v\u00e9hicules.&nbsp;<\/em><\/p>\n\n\n\n<figure class=\"wp-block-image\"><img loading=\"lazy\" decoding=\"async\" width=\"1024\" height=\"793\" src=\"http:\/\/lignesauto.fr\/wp-content\/uploads\/2019\/08\/LIGNESNEXT_03-1024x793.png\" alt=\"\" class=\"wp-image-12419\" srcset=\"https:\/\/lignesauto.fr\/wp-content\/uploads\/2019\/08\/LIGNESNEXT_03-1024x793.png 1024w, https:\/\/lignesauto.fr\/wp-content\/uploads\/2019\/08\/LIGNESNEXT_03-300x232.png 300w, https:\/\/lignesauto.fr\/wp-content\/uploads\/2019\/08\/LIGNESNEXT_03-768x595.png 768w, https:\/\/lignesauto.fr\/wp-content\/uploads\/2019\/08\/LIGNESNEXT_03-370x286.png 370w, https:\/\/lignesauto.fr\/wp-content\/uploads\/2019\/08\/LIGNESNEXT_03-1040x805.png 1040w, https:\/\/lignesauto.fr\/wp-content\/uploads\/2019\/08\/LIGNESNEXT_03.png 1417w\" sizes=\"(max-width: 1024px) 100vw, 1024px\" \/><\/figure>\n\n\n\n<p>Voici un aper\u00e7u exclusif des coulisses de l&#8217;usine pilote au c\u0153ur du Centre de Recherche &amp; Innovation (FIZ) de Munich. Les prototypes sont fabriqu\u00e9s dans le plus grand secret, dans des zones sp\u00e9cialement r\u00e9serv\u00e9es de l&#8217;usine. Ils sont utilis\u00e9s pour les essais et pour pr\u00e9parer le montage en s\u00e9rie ult\u00e9rieur. <\/p>\n\n\n\n<figure class=\"wp-block-image\"><img loading=\"lazy\" decoding=\"async\" width=\"1024\" height=\"613\" src=\"http:\/\/lignesauto.fr\/wp-content\/uploads\/2019\/08\/LIGNESNEXT_02-1024x613.png\" alt=\"\" class=\"wp-image-12420\" srcset=\"https:\/\/lignesauto.fr\/wp-content\/uploads\/2019\/08\/LIGNESNEXT_02-1024x613.png 1024w, https:\/\/lignesauto.fr\/wp-content\/uploads\/2019\/08\/LIGNESNEXT_02-300x180.png 300w, https:\/\/lignesauto.fr\/wp-content\/uploads\/2019\/08\/LIGNESNEXT_02-768x460.png 768w, https:\/\/lignesauto.fr\/wp-content\/uploads\/2019\/08\/LIGNESNEXT_02-370x221.png 370w, https:\/\/lignesauto.fr\/wp-content\/uploads\/2019\/08\/LIGNESNEXT_02-1040x622.png 1040w, https:\/\/lignesauto.fr\/wp-content\/uploads\/2019\/08\/LIGNESNEXT_02.png 1417w\" sizes=\"(max-width: 1024px) 100vw, 1024px\" \/><\/figure>\n\n\n\n<p>Udo H\u00e4nle, responsable de l&#8217;int\u00e9gration de la production et de l&#8217;usine pilote reconna\u00eet que <em>&#8220;pr\u00e9parer un v\u00e9hicule enti\u00e8rement \u00e9lectrique pour la production en s\u00e9rie est une t\u00e2che  difficile. Au moment du d\u00e9marrage officiel de la production, nous aurons construit jusqu&#8217;\u00e0 100 prototypes de la BMW iNEXT. D&#8217;ici l\u00e0, l&#8217;usine pilote utilisera une s\u00e9rie de nouvelles innovations pour rationaliser et acc\u00e9l\u00e9rer davantage nos processus. Nous pr\u00e9parons d\u00e9j\u00e0 nos employ\u00e9s de l&#8217;usine de production de Dingolfing.&#8221;<\/em><\/p>\n\n\n\n<figure class=\"wp-block-image\"><img loading=\"lazy\" decoding=\"async\" width=\"1024\" height=\"896\" src=\"http:\/\/lignesauto.fr\/wp-content\/uploads\/2019\/08\/LIGNESNEXT_09-1024x896.png\" alt=\"\" class=\"wp-image-12422\" srcset=\"https:\/\/lignesauto.fr\/wp-content\/uploads\/2019\/08\/LIGNESNEXT_09-1024x896.png 1024w, https:\/\/lignesauto.fr\/wp-content\/uploads\/2019\/08\/LIGNESNEXT_09-300x263.png 300w, https:\/\/lignesauto.fr\/wp-content\/uploads\/2019\/08\/LIGNESNEXT_09-768x672.png 768w, https:\/\/lignesauto.fr\/wp-content\/uploads\/2019\/08\/LIGNESNEXT_09-370x324.png 370w, https:\/\/lignesauto.fr\/wp-content\/uploads\/2019\/08\/LIGNESNEXT_09-1040x910.png 1040w, https:\/\/lignesauto.fr\/wp-content\/uploads\/2019\/08\/LIGNESNEXT_09.png 1417w\" sizes=\"(max-width: 1024px) 100vw, 1024px\" \/><\/figure>\n\n\n\n<p>Les \u00e9tapes du processus de production en s\u00e9rie sont d\u00e9finies et affin\u00e9es \u00e0 l&#8217;usine pilote, o\u00f9 des experts valident \u00e9galement toutes les fonctions du v\u00e9hicule, y compris les fonctions de conduite \u00e9lectrique et automatis\u00e9e, et les capteurs pour les syst\u00e8mes d&#8217;aide \u00e0 la conduite. Pour cette future production, les employ\u00e9s utilisent pour la toute premi\u00e8re fois des outils num\u00e9riques in\u00e9dits pour affiner ces processus de montage.<\/p>\n\n\n\n<figure class=\"wp-block-image\"><img loading=\"lazy\" decoding=\"async\" width=\"1024\" height=\"546\" src=\"http:\/\/lignesauto.fr\/wp-content\/uploads\/2019\/08\/LIGNESNEXT_05-1024x546.png\" alt=\"\" class=\"wp-image-12425\" srcset=\"https:\/\/lignesauto.fr\/wp-content\/uploads\/2019\/08\/LIGNESNEXT_05-1024x546.png 1024w, https:\/\/lignesauto.fr\/wp-content\/uploads\/2019\/08\/LIGNESNEXT_05-300x160.png 300w, https:\/\/lignesauto.fr\/wp-content\/uploads\/2019\/08\/LIGNESNEXT_05-768x410.png 768w, https:\/\/lignesauto.fr\/wp-content\/uploads\/2019\/08\/LIGNESNEXT_05-370x197.png 370w, https:\/\/lignesauto.fr\/wp-content\/uploads\/2019\/08\/LIGNESNEXT_05-1040x555.png 1040w, https:\/\/lignesauto.fr\/wp-content\/uploads\/2019\/08\/LIGNESNEXT_05.png 1417w\" sizes=\"(max-width: 1024px) 100vw, 1024px\" \/><\/figure>\n\n\n\n<p>Les premi\u00e8res carrosseries en blanc de la BMW iNEXT sont en cours d&#8217;assemblage dans l&#8217;usine poilote. Les diff\u00e9rentes sections sont coll\u00e9es \u00e0 l&#8217;aide d&#8217;une nouvelle technologie : le collage &#8220;rotatif&#8221;. Il assemble l&#8217;aluminium et l&#8217;acier \u00e0 haute r\u00e9sistance en utilisant la chaleur de frottement g\u00e9n\u00e9r\u00e9e lorsqu&#8217;un \u00e9l\u00e9ment en acier perce une pi\u00e8ce en aluminium. La chaleur de la pi\u00e8ce en acier soude ainsi les deux composants. <\/p>\n\n\n\n<figure class=\"wp-block-image\"><img loading=\"lazy\" decoding=\"async\" width=\"1024\" height=\"561\" src=\"http:\/\/lignesauto.fr\/wp-content\/uploads\/2019\/08\/LIGNESNEXT_01-1024x561.png\" alt=\"\" class=\"wp-image-12428\" srcset=\"https:\/\/lignesauto.fr\/wp-content\/uploads\/2019\/08\/LIGNESNEXT_01-1024x561.png 1024w, https:\/\/lignesauto.fr\/wp-content\/uploads\/2019\/08\/LIGNESNEXT_01-300x164.png 300w, https:\/\/lignesauto.fr\/wp-content\/uploads\/2019\/08\/LIGNESNEXT_01-768x421.png 768w, https:\/\/lignesauto.fr\/wp-content\/uploads\/2019\/08\/LIGNESNEXT_01-370x203.png 370w, https:\/\/lignesauto.fr\/wp-content\/uploads\/2019\/08\/LIGNESNEXT_01-1040x570.png 1040w, https:\/\/lignesauto.fr\/wp-content\/uploads\/2019\/08\/LIGNESNEXT_01.png 1417w\" sizes=\"(max-width: 1024px) 100vw, 1024px\" \/><\/figure>\n\n\n\n<p>On rel\u00e8ve sur les diff\u00e9rentes photos et sur la vid\u00e9o (plus bas dans ce post) que le bloc avant est extr\u00eamement compact et ses suspensions sp\u00e9cifiques (ci-dessous)<\/p>\n\n\n\n<figure class=\"wp-block-image\"><img loading=\"lazy\" decoding=\"async\" width=\"943\" height=\"1024\" src=\"http:\/\/lignesauto.fr\/wp-content\/uploads\/2019\/08\/LIGNESNEXT_07-943x1024.png\" alt=\"\" class=\"wp-image-12427\" srcset=\"https:\/\/lignesauto.fr\/wp-content\/uploads\/2019\/08\/LIGNESNEXT_07-943x1024.png 943w, https:\/\/lignesauto.fr\/wp-content\/uploads\/2019\/08\/LIGNESNEXT_07-276x300.png 276w, https:\/\/lignesauto.fr\/wp-content\/uploads\/2019\/08\/LIGNESNEXT_07-768x834.png 768w, https:\/\/lignesauto.fr\/wp-content\/uploads\/2019\/08\/LIGNESNEXT_07-370x402.png 370w, https:\/\/lignesauto.fr\/wp-content\/uploads\/2019\/08\/LIGNESNEXT_07-1040x1130.png 1040w, https:\/\/lignesauto.fr\/wp-content\/uploads\/2019\/08\/LIGNESNEXT_07.png 1417w\" sizes=\"(max-width: 943px) 100vw, 943px\" \/><\/figure>\n\n\n\n<p>Une application de r\u00e9alit\u00e9 augment\u00e9e acc\u00e9l\u00e8re \u00e9galement les diff\u00e9rents contr\u00f4les sur tous les processus d&#8217;assemblage du ch\u00e2ssis de la iNEXT. Le groupe BMW utilise \u00e9galement la &#8220;tomographie&#8221;. Dans l&#8217;usine pilote, quatre robots diffusent des rayons X qui balaient le prototype. Les donn\u00e9es qu&#8217;ils recueillent sont utilis\u00e9es pour calculer une image 3D qui peut \u00eatre utilis\u00e9e pour analyser l&#8217;int\u00e9rieur de l&#8217;ensemble du v\u00e9hicule. La &#8220;tomographie&#8221; permet d&#8217;examiner les nouveaux mat\u00e9riaux et les nouvelles techniques de collage dans les moindres d\u00e9tails, sans avoir recours au d\u00e9montage des v\u00e9hicules.&nbsp;<\/p>\n\n\n\n<figure class=\"wp-block-image\"><img loading=\"lazy\" decoding=\"async\" width=\"1024\" height=\"683\" src=\"http:\/\/lignesauto.fr\/wp-content\/uploads\/2019\/08\/LIGNESNEXT_06-1024x683.jpg\" alt=\"\" class=\"wp-image-12433\" srcset=\"https:\/\/lignesauto.fr\/wp-content\/uploads\/2019\/08\/LIGNESNEXT_06-1024x683.jpg 1024w, https:\/\/lignesauto.fr\/wp-content\/uploads\/2019\/08\/LIGNESNEXT_06-300x200.jpg 300w, https:\/\/lignesauto.fr\/wp-content\/uploads\/2019\/08\/LIGNESNEXT_06-768x512.jpg 768w, https:\/\/lignesauto.fr\/wp-content\/uploads\/2019\/08\/LIGNESNEXT_06-370x247.jpg 370w, https:\/\/lignesauto.fr\/wp-content\/uploads\/2019\/08\/LIGNESNEXT_06-1040x694.jpg 1040w, https:\/\/lignesauto.fr\/wp-content\/uploads\/2019\/08\/LIGNESNEXT_06.jpg 1417w\" sizes=\"(max-width: 1024px) 100vw, 1024px\" \/><\/figure>\n\n\n\n<p>Avec le gabarit d&#8217;un SUV sportif &#8220;premium&#8221;, avec sa technologie \u00e9lectrique de cinqui\u00e8me g\u00e9n\u00e9ration et ses syst\u00e8mes de conduite autonome, la BMW iNEXT <em>&#8220;incarne l&#8217;avenir du plaisir de conduire&#8221;<\/em> tente de nous persuader BMW. Il est vrai que pour son iNEXT, BMW annonce une autonomie de plus de 600 kilom\u00e8tres et une conduite autonome de niveau 3. A d\u00e9couvrir en vrai, en 2021&#8230;<\/p>\n\n\n\n<p><strong>Ci-dessous, p\u00e9n\u00e9trez au c\u0153ur de l&#8217;usine pilote de production des premiers prototypes de la BMW iNEXT de s\u00e9rie qui appara\u00eetra en 2021 !<\/strong><\/p>\n\n\n\n<figure class=\"wp-block-embed-youtube wp-block-embed is-type-video is-provider-youtube wp-embed-aspect-16-9 wp-has-aspect-ratio\"><div class=\"wp-block-embed__wrapper\">\n<iframe loading=\"lazy\" title=\"LIGNES\/auto : BMW iNEXT, la production se pr\u00e9cise !\" width=\"640\" height=\"360\" src=\"https:\/\/www.youtube.com\/embed\/PtlQvcgW9xA?feature=oembed\" frameborder=\"0\" allow=\"accelerometer; autoplay; clipboard-write; encrypted-media; gyroscope; picture-in-picture; web-share\" referrerpolicy=\"strict-origin-when-cross-origin\" allowfullscreen><\/iframe>\n<\/div><\/figure>\n\n\n\n<p><strong>Ci-dessous, la vid\u00e9o des premiers essais par temps froid des trois prototypes SUV i3, berline i4 et SAV iNEXT.<\/strong><\/p>\n\n\n\n<figure class=\"wp-block-embed-youtube wp-block-embed is-type-video is-provider-youtube wp-embed-aspect-16-9 wp-has-aspect-ratio\"><div class=\"wp-block-embed__wrapper\">\n<iframe loading=\"lazy\" title=\"LIGNES GAMME i BMW\" width=\"640\" height=\"360\" src=\"https:\/\/www.youtube.com\/embed\/mQcggsizCV0?feature=oembed\" frameborder=\"0\" allow=\"accelerometer; autoplay; clipboard-write; encrypted-media; gyroscope; picture-in-picture; web-share\" referrerpolicy=\"strict-origin-when-cross-origin\" allowfullscreen><\/iframe>\n<\/div><\/figure>\n\n\n\n<figure class=\"wp-block-image is-resized\"><img loading=\"lazy\" decoding=\"async\" src=\"http:\/\/lignesauto.fr\/wp-content\/uploads\/2019\/06\/LOGOActus-1024x367.jpg\" alt=\"L\u2019attribut alt de cette image est vide, son nom de fichier est LOGOActus-1024x367.jpg.\" width=\"365\" height=\"130\"\/><\/figure>\n","protected":false},"excerpt":{"rendered":"<p>En mai 2018, voici maintenant plus de 15 mois, Harald Kr\u00fcger, pr\u00e9sident du conseil d\u2019administration du groupe BMW, avait annonc\u00e9 lors de l\u2019assembl\u00e9e g\u00e9n\u00e9rale annuelle que &#8220;le projet iNEXT fournira nos \u00e9l\u00e9ments de base pour l\u2019avenir, \u00e0 partir duquel toute nos marques devraient en b\u00e9n\u00e9ficier.&#8221; Voici venu le temps du [&hellip;]<\/p>\n","protected":false},"author":1,"featured_media":12441,"comment_status":"open","ping_status":"open","sticky":false,"template":"","format":"standard","meta":{"footnotes":""},"categories":[1],"tags":[],"_links":{"self":[{"href":"https:\/\/lignesauto.fr\/index.php?rest_route=\/wp\/v2\/posts\/12415"}],"collection":[{"href":"https:\/\/lignesauto.fr\/index.php?rest_route=\/wp\/v2\/posts"}],"about":[{"href":"https:\/\/lignesauto.fr\/index.php?rest_route=\/wp\/v2\/types\/post"}],"author":[{"embeddable":true,"href":"https:\/\/lignesauto.fr\/index.php?rest_route=\/wp\/v2\/users\/1"}],"replies":[{"embeddable":true,"href":"https:\/\/lignesauto.fr\/index.php?rest_route=%2Fwp%2Fv2%2Fcomments&post=12415"}],"version-history":[{"count":17,"href":"https:\/\/lignesauto.fr\/index.php?rest_route=\/wp\/v2\/posts\/12415\/revisions"}],"predecessor-version":[{"id":12451,"href":"https:\/\/lignesauto.fr\/index.php?rest_route=\/wp\/v2\/posts\/12415\/revisions\/12451"}],"wp:featuredmedia":[{"embeddable":true,"href":"https:\/\/lignesauto.fr\/index.php?rest_route=\/wp\/v2\/media\/12441"}],"wp:attachment":[{"href":"https:\/\/lignesauto.fr\/index.php?rest_route=%2Fwp%2Fv2%2Fmedia&parent=12415"}],"wp:term":[{"taxonomy":"category","embeddable":true,"href":"https:\/\/lignesauto.fr\/index.php?rest_route=%2Fwp%2Fv2%2Fcategories&post=12415"},{"taxonomy":"post_tag","embeddable":true,"href":"https:\/\/lignesauto.fr\/index.php?rest_route=%2Fwp%2Fv2%2Ftags&post=12415"}],"curies":[{"name":"wp","href":"https:\/\/api.w.org\/{rel}","templated":true}]}}