{"id":12496,"date":"2019-08-27T08:00:08","date_gmt":"2019-08-27T06:00:08","guid":{"rendered":"http:\/\/lignesauto.fr\/?p=12496"},"modified":"2019-08-26T14:35:32","modified_gmt":"2019-08-26T12:35:32","slug":"special-taycan-le-premier-cahier-archive-de-ferdinand-porsche-un-document-inedit","status":"publish","type":"post","link":"https:\/\/lignesauto.fr\/?p=12496","title":{"rendered":"SPECIAL TAYCAN. Le premier cahier archiv\u00e9 de Ferdinand Porsche : un document in\u00e9dit."},"content":{"rendered":"\n<figure class=\"wp-block-image\"><img decoding=\"async\" src=\"http:\/\/lignesauto.fr\/wp-content\/uploads\/2018\/10\/LOGOArchives_BD-300x108.jpg\" alt=\"L\u2019attribut alt de cette image est vide, son nom de fichier est LOGOArchives_BD-300x108.jpg.\"\/><\/figure>\n\n\n\n<p>Alors que Porsche s&#8217;appr\u00eate \u00e0 d\u00e9voiler sa Taycan, premi\u00e8re d&#8217;une nouvelle \u00e8re 100% \u00e9lectrique (et donc t\u00e9moin d&#8217;une mutation inimaginable voici seulement une d\u00e9cennie), LIGNES\/auto revient sur quelques \u00e9v\u00e9nements de la marque Allemande. Ce deuxi\u00e8me volet est une courte mais \u00e9mouvante vid\u00e9o du constructeur sur les archives Porsche. <\/p>\n\n\n\n<figure class=\"wp-block-image\"><img loading=\"lazy\" decoding=\"async\" width=\"1024\" height=\"713\" src=\"http:\/\/lignesauto.fr\/wp-content\/uploads\/2019\/08\/Capture-d\u2019\u00e9cran-2019-08-24-\u00e0-13.19.33-1024x713.png\" alt=\"\" class=\"wp-image-12483\" srcset=\"https:\/\/lignesauto.fr\/wp-content\/uploads\/2019\/08\/Capture-d\u2019\u00e9cran-2019-08-24-\u00e0-13.19.33-1024x713.png 1024w, https:\/\/lignesauto.fr\/wp-content\/uploads\/2019\/08\/Capture-d\u2019\u00e9cran-2019-08-24-\u00e0-13.19.33-300x209.png 300w, https:\/\/lignesauto.fr\/wp-content\/uploads\/2019\/08\/Capture-d\u2019\u00e9cran-2019-08-24-\u00e0-13.19.33-768x535.png 768w, https:\/\/lignesauto.fr\/wp-content\/uploads\/2019\/08\/Capture-d\u2019\u00e9cran-2019-08-24-\u00e0-13.19.33-370x258.png 370w, https:\/\/lignesauto.fr\/wp-content\/uploads\/2019\/08\/Capture-d\u2019\u00e9cran-2019-08-24-\u00e0-13.19.33-1040x724.png 1040w, https:\/\/lignesauto.fr\/wp-content\/uploads\/2019\/08\/Capture-d\u2019\u00e9cran-2019-08-24-\u00e0-13.19.33.png 1417w\" sizes=\"(max-width: 1024px) 100vw, 1024px\" \/><\/figure>\n\n\n\n<p>Avec plus de deux kilom\u00e8tres de dossiers, 5000 heures de film, 5 millions de photos, les archives Porsche sont extraordinaires car elles remontent jusqu&#8217;en 1930&#8230;<\/p>\n\n\n\n<figure class=\"wp-block-image\"><img loading=\"lazy\" decoding=\"async\" width=\"1024\" height=\"668\" src=\"http:\/\/lignesauto.fr\/wp-content\/uploads\/2019\/08\/S10_0270_a4-1024x668.jpg\" alt=\"\" class=\"wp-image-12499\" srcset=\"https:\/\/lignesauto.fr\/wp-content\/uploads\/2019\/08\/S10_0270_a4-1024x668.jpg 1024w, https:\/\/lignesauto.fr\/wp-content\/uploads\/2019\/08\/S10_0270_a4-300x196.jpg 300w, https:\/\/lignesauto.fr\/wp-content\/uploads\/2019\/08\/S10_0270_a4-768x501.jpg 768w, https:\/\/lignesauto.fr\/wp-content\/uploads\/2019\/08\/S10_0270_a4-370x242.jpg 370w, https:\/\/lignesauto.fr\/wp-content\/uploads\/2019\/08\/S10_0270_a4-1040x679.jpg 1040w, https:\/\/lignesauto.fr\/wp-content\/uploads\/2019\/08\/S10_0270_a4.jpg 1417w\" sizes=\"(max-width: 1024px) 100vw, 1024px\" \/><\/figure>\n\n\n\n<p>C&#8217;est effectivement la date de la premi\u00e8re main courante du Professeur Ferdinand Porsche avec, comme tout premier travail recens\u00e9, une \u00e9tude pour le carrossier Wanderer, la Type n\u00b07&#8230;<\/p>\n\n\n\n<p><strong>Entrez donc furtivement dans les coulisses de ces archives exceptionnelles !<\/strong><\/p>\n\n\n\n<figure class=\"wp-block-embed-youtube wp-block-embed is-type-video is-provider-youtube wp-embed-aspect-16-9 wp-has-aspect-ratio\"><div class=\"wp-block-embed__wrapper\">\n<iframe loading=\"lazy\" title=\"LIGNESARCHIVESPORSCHE\" width=\"640\" height=\"360\" src=\"https:\/\/www.youtube.com\/embed\/BQdJw_QXhwM?feature=oembed\" frameborder=\"0\" allow=\"accelerometer; autoplay; clipboard-write; encrypted-media; gyroscope; picture-in-picture; web-share\" referrerpolicy=\"strict-origin-when-cross-origin\" allowfullscreen><\/iframe>\n<\/div><\/figure>\n\n\n\n<p><strong>BONUS : la Taycan sur le N\u00fcrburgring<\/strong><\/p>\n\n\n\n<figure class=\"wp-block-embed-youtube wp-block-embed is-type-video is-provider-youtube wp-embed-aspect-16-9 wp-has-aspect-ratio\"><div class=\"wp-block-embed__wrapper\">\n<iframe loading=\"lazy\" title=\"Onboard Lap - Porsche Taycan Sets a Record at the N\u00fcrburgring-Nordschleife\" width=\"640\" height=\"360\" src=\"https:\/\/www.youtube.com\/embed\/8m31EgQkswg?feature=oembed\" frameborder=\"0\" allow=\"accelerometer; autoplay; clipboard-write; encrypted-media; gyroscope; picture-in-picture; web-share\" referrerpolicy=\"strict-origin-when-cross-origin\" allowfullscreen><\/iframe>\n<\/div><\/figure>\n\n\n\n<figure class=\"wp-block-image\"><img decoding=\"async\" src=\"http:\/\/lignesauto.fr\/wp-content\/uploads\/2018\/10\/LOGOArchives_BD-300x108.jpg\" alt=\"L\u2019attribut alt de cette image est vide, son nom de fichier est LOGOArchives_BD-300x108.jpg.\"\/><\/figure>\n","protected":false},"excerpt":{"rendered":"<p>Alors que Porsche s&#8217;appr\u00eate \u00e0 d\u00e9voiler sa Taycan, premi\u00e8re d&#8217;une nouvelle \u00e8re 100% \u00e9lectrique (et donc t\u00e9moin d&#8217;une mutation inimaginable voici seulement une d\u00e9cennie), LIGNES\/auto revient sur quelques \u00e9v\u00e9nements de la marque Allemande. Ce deuxi\u00e8me volet est une courte mais \u00e9mouvante vid\u00e9o du constructeur sur les archives Porsche. Avec plus [&hellip;]<\/p>\n","protected":false},"author":1,"featured_media":12500,"comment_status":"open","ping_status":"open","sticky":false,"template":"","format":"standard","meta":{"footnotes":""},"categories":[1],"tags":[],"_links":{"self":[{"href":"https:\/\/lignesauto.fr\/index.php?rest_route=\/wp\/v2\/posts\/12496"}],"collection":[{"href":"https:\/\/lignesauto.fr\/index.php?rest_route=\/wp\/v2\/posts"}],"about":[{"href":"https:\/\/lignesauto.fr\/index.php?rest_route=\/wp\/v2\/types\/post"}],"author":[{"embeddable":true,"href":"https:\/\/lignesauto.fr\/index.php?rest_route=\/wp\/v2\/users\/1"}],"replies":[{"embeddable":true,"href":"https:\/\/lignesauto.fr\/index.php?rest_route=%2Fwp%2Fv2%2Fcomments&post=12496"}],"version-history":[{"count":8,"href":"https:\/\/lignesauto.fr\/index.php?rest_route=\/wp\/v2\/posts\/12496\/revisions"}],"predecessor-version":[{"id":12611,"href":"https:\/\/lignesauto.fr\/index.php?rest_route=\/wp\/v2\/posts\/12496\/revisions\/12611"}],"wp:featuredmedia":[{"embeddable":true,"href":"https:\/\/lignesauto.fr\/index.php?rest_route=\/wp\/v2\/media\/12500"}],"wp:attachment":[{"href":"https:\/\/lignesauto.fr\/index.php?rest_route=%2Fwp%2Fv2%2Fmedia&parent=12496"}],"wp:term":[{"taxonomy":"category","embeddable":true,"href":"https:\/\/lignesauto.fr\/index.php?rest_route=%2Fwp%2Fv2%2Fcategories&post=12496"},{"taxonomy":"post_tag","embeddable":true,"href":"https:\/\/lignesauto.fr\/index.php?rest_route=%2Fwp%2Fv2%2Ftags&post=12496"}],"curies":[{"name":"wp","href":"https:\/\/api.w.org\/{rel}","templated":true}]}}