{"id":12515,"date":"2019-08-26T08:00:28","date_gmt":"2019-08-26T06:00:28","guid":{"rendered":"http:\/\/lignesauto.fr\/?p=12515"},"modified":"2019-08-26T14:33:45","modified_gmt":"2019-08-26T12:33:45","slug":"special-taycan-la-premiere-porsche-la-p1-etait-100-electrique","status":"publish","type":"post","link":"https:\/\/lignesauto.fr\/?p=12515","title":{"rendered":"SPECIAL TAYCAN. La premi\u00e8re Porsche, la &#8220;P1&#8221;, \u00e9tait 100 % \u00e9lectrique !"},"content":{"rendered":"\n<figure class=\"wp-block-image\"><img decoding=\"async\" src=\"http:\/\/lignesauto.fr\/wp-content\/uploads\/2018\/10\/LOGOArchives_BD-300x108.jpg\" alt=\"L\u2019attribut alt de cette image est vide, son nom de fichier est LOGOArchives_BD-300x108.jpg.\"\/><\/figure>\n\n\n\n<p>Alors que Porsche s&#8217;appr\u00eate \u00e0 d\u00e9voiler sa Taycan, premi\u00e8re d&#8217;une nouvelle \u00e8re 100% \u00e9lectrique (et donc t\u00e9moin d&#8217;une mutation inimaginable voici seulement une d\u00e9cennie), LIGNES\/auto revient sur quelques \u00e9v\u00e9nements de la marque Allemande. Ce premier volet rappelle que la premi\u00e8re Porsche 100% \u00e9lectrique n&#8217;est pas la Taycan, mais la &#8220;P1&#8243;&#8230; <\/p>\n\n\n\n<figure class=\"wp-block-image\"><img loading=\"lazy\" decoding=\"async\" width=\"1024\" height=\"713\" src=\"http:\/\/lignesauto.fr\/wp-content\/uploads\/2019\/08\/Capture-d\u2019\u00e9cran-2019-08-24-\u00e0-13.19.33-1024x713.png\" alt=\"\" class=\"wp-image-12483\" srcset=\"https:\/\/lignesauto.fr\/wp-content\/uploads\/2019\/08\/Capture-d\u2019\u00e9cran-2019-08-24-\u00e0-13.19.33-1024x713.png 1024w, https:\/\/lignesauto.fr\/wp-content\/uploads\/2019\/08\/Capture-d\u2019\u00e9cran-2019-08-24-\u00e0-13.19.33-300x209.png 300w, https:\/\/lignesauto.fr\/wp-content\/uploads\/2019\/08\/Capture-d\u2019\u00e9cran-2019-08-24-\u00e0-13.19.33-768x535.png 768w, https:\/\/lignesauto.fr\/wp-content\/uploads\/2019\/08\/Capture-d\u2019\u00e9cran-2019-08-24-\u00e0-13.19.33-370x258.png 370w, https:\/\/lignesauto.fr\/wp-content\/uploads\/2019\/08\/Capture-d\u2019\u00e9cran-2019-08-24-\u00e0-13.19.33-1040x724.png 1040w, https:\/\/lignesauto.fr\/wp-content\/uploads\/2019\/08\/Capture-d\u2019\u00e9cran-2019-08-24-\u00e0-13.19.33.png 1417w\" sizes=\"(max-width: 1024px) 100vw, 1024px\" \/><\/figure>\n\n\n\n<p>Depuis la construction de la premi\u00e8re voiture de sport portant le nom Porsche &#8211; la Type 356 de 1948 &#8211; Porsche AG est consid\u00e9r\u00e9e comme le premier constructeur mondial de voitures de sport. Pourtant, l&#8217;histoire de l&#8217;entreprise remonte \u00e0 une p\u00e9riode beaucoup plus ancienne. En 1898, Ferdinand Porsche pr\u00e9senta le v\u00e9hicule &#8220;Egger-Lohner electric, mod\u00e8le C.2 Phaeton&#8221; (connu sous le nom de &#8220;P1&#8221;) &#8211; le premier mod\u00e8le de Porsche au monde. Et 100% \u00e9lectrique qui plus est&nbsp;!<\/p>\n\n\n\n<figure class=\"wp-block-image\"><img loading=\"lazy\" decoding=\"async\" width=\"1024\" height=\"776\" src=\"http:\/\/lignesauto.fr\/wp-content\/uploads\/2019\/08\/LIGNESP1_06-1024x776.jpg\" alt=\"\" class=\"wp-image-12522\" srcset=\"https:\/\/lignesauto.fr\/wp-content\/uploads\/2019\/08\/LIGNESP1_06-1024x776.jpg 1024w, https:\/\/lignesauto.fr\/wp-content\/uploads\/2019\/08\/LIGNESP1_06-300x227.jpg 300w, https:\/\/lignesauto.fr\/wp-content\/uploads\/2019\/08\/LIGNESP1_06-768x582.jpg 768w, https:\/\/lignesauto.fr\/wp-content\/uploads\/2019\/08\/LIGNESP1_06-370x280.jpg 370w, https:\/\/lignesauto.fr\/wp-content\/uploads\/2019\/08\/LIGNESP1_06-1040x788.jpg 1040w, https:\/\/lignesauto.fr\/wp-content\/uploads\/2019\/08\/LIGNESP1_06.jpg 1378w\" sizes=\"(max-width: 1024px) 100vw, 1024px\" \/><\/figure>\n\n\n\n<p>Le v\u00e9hicule d&#8217;origine a \u00e9t\u00e9 r\u00e9cup\u00e9r\u00e9 et restaur\u00e9 en 2014 pour enrichir la collection du Mus\u00e9e Porsche. Le &#8220;P1&#8221; fut l&#8217;un des premiers v\u00e9hicules immatricul\u00e9s en Autriche, et descendit dans les rues de Vienne le 26 juin 1898. Porsche a grav\u00e9 le code &#8220;P1&#8221; (pour Porsche, num\u00e9ro 1) sur tous les composants cl\u00e9s, donnant ainsi au v\u00e9hicule \u00e9lectrique son nom non officiel. La quantit\u00e9 d&#8217;id\u00e9es r\u00e9alis\u00e9es dans ce v\u00e9hicule reste encore aujourd&#8217;hui remarquable. L&#8217;entra\u00eenement \u00e9lectrique tr\u00e8s compact, d&#8217;un poids de 130 kg seulement, offrait une puissance de 3 ch.<\/p>\n\n\n\n<figure class=\"wp-block-image\"><img loading=\"lazy\" decoding=\"async\" width=\"1024\" height=\"683\" src=\"http:\/\/lignesauto.fr\/wp-content\/uploads\/2019\/08\/LIGNESP1_02-1024x683.jpg\" alt=\"\" class=\"wp-image-12518\" srcset=\"https:\/\/lignesauto.fr\/wp-content\/uploads\/2019\/08\/LIGNESP1_02-1024x683.jpg 1024w, https:\/\/lignesauto.fr\/wp-content\/uploads\/2019\/08\/LIGNESP1_02-300x200.jpg 300w, https:\/\/lignesauto.fr\/wp-content\/uploads\/2019\/08\/LIGNESP1_02-768x512.jpg 768w, https:\/\/lignesauto.fr\/wp-content\/uploads\/2019\/08\/LIGNESP1_02-370x247.jpg 370w, https:\/\/lignesauto.fr\/wp-content\/uploads\/2019\/08\/LIGNESP1_02-1040x694.jpg 1040w, https:\/\/lignesauto.fr\/wp-content\/uploads\/2019\/08\/LIGNESP1_02.jpg 1417w\" sizes=\"(max-width: 1024px) 100vw, 1024px\" \/><\/figure>\n\n\n\n<p>Pendant de courtes p\u00e9riodes, on peut atteindre jusqu&#8217;\u00e0 5 ch en mode surcharge, ce qui permet au P1 d&#8217;atteindre jusqu&#8217;\u00e0 35 km\/h. Lors d&#8217;une telle conduite, la vitesse du v\u00e9hicule \u00e9tait r\u00e9gul\u00e9e par une commande \u00e0&#8230; 12 vitesses. L&#8217;autonomie totale du v\u00e9hicule pouvait atteindre 80 kilom\u00e8tres, un exploit consid\u00e9rable pour un v\u00e9hicule de l&#8217;\u00e9poque. Une autre innovation est la carrosserie Lohner, qui permet d&#8217;utiliser le v\u00e9hicule aussi bien en \u00e9t\u00e9 qu&#8217;en hiver.<\/p>\n\n\n\n<figure class=\"wp-block-image\"><img loading=\"lazy\" decoding=\"async\" width=\"1024\" height=\"683\" src=\"http:\/\/lignesauto.fr\/wp-content\/uploads\/2019\/08\/LIGNESP1_03-1024x683.jpg\" alt=\"\" class=\"wp-image-12519\" srcset=\"https:\/\/lignesauto.fr\/wp-content\/uploads\/2019\/08\/LIGNESP1_03-1024x683.jpg 1024w, https:\/\/lignesauto.fr\/wp-content\/uploads\/2019\/08\/LIGNESP1_03-300x200.jpg 300w, https:\/\/lignesauto.fr\/wp-content\/uploads\/2019\/08\/LIGNESP1_03-768x512.jpg 768w, https:\/\/lignesauto.fr\/wp-content\/uploads\/2019\/08\/LIGNESP1_03-370x247.jpg 370w, https:\/\/lignesauto.fr\/wp-content\/uploads\/2019\/08\/LIGNESP1_03-1040x694.jpg 1040w, https:\/\/lignesauto.fr\/wp-content\/uploads\/2019\/08\/LIGNESP1_03.jpg 1417w\" sizes=\"(max-width: 1024px) 100vw, 1024px\" \/><\/figure>\n\n\n\n<p>La premi\u00e8re \u00e9preuve pratique attendait le &#8220;P1&#8221; en septembre 1899 \u00e0 l&#8217;exposition internationale de l&#8217;automobile \u00e0 Berlin, la capitale allemande. D\u00e8s 1899, la concurrence pour produire les meilleurs syst\u00e8mes d&#8217;entra\u00eenement \u00e9tait d\u00e9j\u00e0 f\u00e9roce.<\/p>\n\n\n\n<figure class=\"wp-block-image\"><img loading=\"lazy\" decoding=\"async\" width=\"1024\" height=\"683\" src=\"http:\/\/lignesauto.fr\/wp-content\/uploads\/2019\/08\/LIGNESP1_05-1024x683.jpg\" alt=\"\" class=\"wp-image-12521\" srcset=\"https:\/\/lignesauto.fr\/wp-content\/uploads\/2019\/08\/LIGNESP1_05-1024x683.jpg 1024w, https:\/\/lignesauto.fr\/wp-content\/uploads\/2019\/08\/LIGNESP1_05-300x200.jpg 300w, https:\/\/lignesauto.fr\/wp-content\/uploads\/2019\/08\/LIGNESP1_05-768x512.jpg 768w, https:\/\/lignesauto.fr\/wp-content\/uploads\/2019\/08\/LIGNESP1_05-370x247.jpg 370w, https:\/\/lignesauto.fr\/wp-content\/uploads\/2019\/08\/LIGNESP1_05-1040x694.jpg 1040w, https:\/\/lignesauto.fr\/wp-content\/uploads\/2019\/08\/LIGNESP1_05.jpg 1417w\" sizes=\"(max-width: 1024px) 100vw, 1024px\" \/><\/figure>\n\n\n\n<p>Une course de v\u00e9hicules \u00e9lectriques sur une distance de 40 km a \u00e9t\u00e9 organis\u00e9e \u00e0 Berlin le 28 septembre pour tester les performances des v\u00e9hicules, avec un prix \u00e0 d\u00e9cerner au vainqueur. L&#8217;itin\u00e9raire a demand\u00e9 beaucoup d&#8217;habilet\u00e9 aux participants, qui ont d\u00fb relever des d\u00e9fis. Avec trois passagers \u00e0 son bord, Ferdinand Porsche a franchi la ligne d&#8217;arriv\u00e9e avec 18 minutes d&#8217;avance sur le concurrent suivant&nbsp;!<\/p>\n\n\n\n<figure class=\"wp-block-image\"><img loading=\"lazy\" decoding=\"async\" width=\"1024\" height=\"683\" src=\"http:\/\/lignesauto.fr\/wp-content\/uploads\/2019\/08\/LIGNESP1_01-1024x683.jpg\" alt=\"\" class=\"wp-image-12517\" srcset=\"https:\/\/lignesauto.fr\/wp-content\/uploads\/2019\/08\/LIGNESP1_01-1024x683.jpg 1024w, https:\/\/lignesauto.fr\/wp-content\/uploads\/2019\/08\/LIGNESP1_01-300x200.jpg 300w, https:\/\/lignesauto.fr\/wp-content\/uploads\/2019\/08\/LIGNESP1_01-768x512.jpg 768w, https:\/\/lignesauto.fr\/wp-content\/uploads\/2019\/08\/LIGNESP1_01-370x247.jpg 370w, https:\/\/lignesauto.fr\/wp-content\/uploads\/2019\/08\/LIGNESP1_01-1040x694.jpg 1040w, https:\/\/lignesauto.fr\/wp-content\/uploads\/2019\/08\/LIGNESP1_01.jpg 1417w\" sizes=\"(max-width: 1024px) 100vw, 1024px\" \/><\/figure>\n\n\n\n<p>Plus de la moiti\u00e9 des participants n&#8217;ont pas pu atteindre la ligne d&#8217;arriv\u00e9e en raison de difficult\u00e9s techniques. Ferdinand Porsche s&#8217;est \u00e9galement class\u00e9 premier lors du test d&#8217;efficacit\u00e9, puisque son &#8220;P1&#8221; a enregistr\u00e9 la consommation d&#8217;\u00e9nergie la plus faible du trafic urbain.<\/p>\n\n\n\n<p><strong>BONUS : la Taycan sur le N\u00fcrburgring<\/strong><\/p>\n\n\n\n<figure class=\"wp-block-embed-youtube wp-block-embed is-type-video is-provider-youtube wp-embed-aspect-16-9 wp-has-aspect-ratio\"><div class=\"wp-block-embed__wrapper\">\n<iframe loading=\"lazy\" title=\"Onboard Lap - Porsche Taycan Sets a Record at the N\u00fcrburgring-Nordschleife\" width=\"640\" height=\"360\" src=\"https:\/\/www.youtube.com\/embed\/8m31EgQkswg?feature=oembed\" frameborder=\"0\" allow=\"accelerometer; autoplay; clipboard-write; encrypted-media; gyroscope; picture-in-picture; web-share\" referrerpolicy=\"strict-origin-when-cross-origin\" allowfullscreen><\/iframe>\n<\/div><\/figure>\n\n\n\n<figure class=\"wp-block-image\"><img decoding=\"async\" src=\"http:\/\/lignesauto.fr\/wp-content\/uploads\/2018\/10\/LOGOArchives_BD-300x108.jpg\" alt=\"L\u2019attribut alt de cette image est vide, son nom de fichier est LOGOArchives_BD-300x108.jpg.\"\/><\/figure>\n","protected":false},"excerpt":{"rendered":"<p>Alors que Porsche s&#8217;appr\u00eate \u00e0 d\u00e9voiler sa Taycan, premi\u00e8re d&#8217;une nouvelle \u00e8re 100% \u00e9lectrique (et donc t\u00e9moin d&#8217;une mutation inimaginable voici seulement une d\u00e9cennie), LIGNES\/auto revient sur quelques \u00e9v\u00e9nements de la marque Allemande. Ce premier volet rappelle que la premi\u00e8re Porsche 100% \u00e9lectrique n&#8217;est pas la Taycan, mais la &#8220;P1&#8243;&#8230; [&hellip;]<\/p>\n","protected":false},"author":1,"featured_media":12520,"comment_status":"open","ping_status":"open","sticky":false,"template":"","format":"standard","meta":{"footnotes":""},"categories":[1],"tags":[],"_links":{"self":[{"href":"https:\/\/lignesauto.fr\/index.php?rest_route=\/wp\/v2\/posts\/12515"}],"collection":[{"href":"https:\/\/lignesauto.fr\/index.php?rest_route=\/wp\/v2\/posts"}],"about":[{"href":"https:\/\/lignesauto.fr\/index.php?rest_route=\/wp\/v2\/types\/post"}],"author":[{"embeddable":true,"href":"https:\/\/lignesauto.fr\/index.php?rest_route=\/wp\/v2\/users\/1"}],"replies":[{"embeddable":true,"href":"https:\/\/lignesauto.fr\/index.php?rest_route=%2Fwp%2Fv2%2Fcomments&post=12515"}],"version-history":[{"count":7,"href":"https:\/\/lignesauto.fr\/index.php?rest_route=\/wp\/v2\/posts\/12515\/revisions"}],"predecessor-version":[{"id":12608,"href":"https:\/\/lignesauto.fr\/index.php?rest_route=\/wp\/v2\/posts\/12515\/revisions\/12608"}],"wp:featuredmedia":[{"embeddable":true,"href":"https:\/\/lignesauto.fr\/index.php?rest_route=\/wp\/v2\/media\/12520"}],"wp:attachment":[{"href":"https:\/\/lignesauto.fr\/index.php?rest_route=%2Fwp%2Fv2%2Fmedia&parent=12515"}],"wp:term":[{"taxonomy":"category","embeddable":true,"href":"https:\/\/lignesauto.fr\/index.php?rest_route=%2Fwp%2Fv2%2Fcategories&post=12515"},{"taxonomy":"post_tag","embeddable":true,"href":"https:\/\/lignesauto.fr\/index.php?rest_route=%2Fwp%2Fv2%2Ftags&post=12515"}],"curies":[{"name":"wp","href":"https:\/\/api.w.org\/{rel}","templated":true}]}}