{"id":12594,"date":"2019-08-25T16:57:57","date_gmt":"2019-08-25T14:57:57","guid":{"rendered":"http:\/\/lignesauto.fr\/?p=12594"},"modified":"2019-08-25T16:57:57","modified_gmt":"2019-08-25T14:57:57","slug":"laudi-aitrail-clot-le-quatuor-du-futur","status":"publish","type":"post","link":"https:\/\/lignesauto.fr\/?p=12594","title":{"rendered":"L&#8217;Audi AI:TRAIL cl\u00f4t le quatuor du futur"},"content":{"rendered":"\n<figure class=\"wp-block-image is-resized\"><img loading=\"lazy\" decoding=\"async\" src=\"http:\/\/lignesauto.fr\/wp-content\/uploads\/2019\/06\/LOGOActus-1024x367.jpg\" alt=\"\" class=\"wp-image-11058\" width=\"254\" height=\"90\" srcset=\"https:\/\/lignesauto.fr\/wp-content\/uploads\/2019\/06\/LOGOActus-1024x367.jpg 1024w, https:\/\/lignesauto.fr\/wp-content\/uploads\/2019\/06\/LOGOActus-300x108.jpg 300w, https:\/\/lignesauto.fr\/wp-content\/uploads\/2019\/06\/LOGOActus-768x275.jpg 768w, https:\/\/lignesauto.fr\/wp-content\/uploads\/2019\/06\/LOGOActus-370x133.jpg 370w, https:\/\/lignesauto.fr\/wp-content\/uploads\/2019\/06\/LOGOActus-1040x373.jpg 1040w\" sizes=\"(max-width: 254px) 100vw, 254px\" \/><\/figure>\n\n\n\n<p>Au prochain salon de Francfort 2019, Audi pr\u00e9sentera l&#8217;\u00e9tude conceptuelle d&#8217;un tout-terrain \u00e9lectrique de l&#8217;avenir. Avec ce concept, la marque allemande compl\u00e8te un &#8216;quartet&#8217; d&#8217;automobiles visionnaires, qui a d\u00e9but\u00e9 en 2017, \u00e9galement au salon de Francfort, avec les d\u00e9buts de l&#8217;Audi AICON. Les quatre \u00e9tudes pourront \u00eatre vues sur le stand Audi dans le Hall 3.<\/p>\n\n\n\n<figure class=\"wp-block-image\"><img loading=\"lazy\" decoding=\"async\" width=\"1024\" height=\"683\" src=\"http:\/\/lignesauto.fr\/wp-content\/uploads\/2019\/08\/A1911033_medium-1024x683.jpg\" alt=\"\" class=\"wp-image-12596\" srcset=\"https:\/\/lignesauto.fr\/wp-content\/uploads\/2019\/08\/A1911033_medium-1024x683.jpg 1024w, https:\/\/lignesauto.fr\/wp-content\/uploads\/2019\/08\/A1911033_medium-300x200.jpg 300w, https:\/\/lignesauto.fr\/wp-content\/uploads\/2019\/08\/A1911033_medium-768x512.jpg 768w, https:\/\/lignesauto.fr\/wp-content\/uploads\/2019\/08\/A1911033_medium-370x247.jpg 370w, https:\/\/lignesauto.fr\/wp-content\/uploads\/2019\/08\/A1911033_medium-1040x694.jpg 1040w\" sizes=\"(max-width: 1024px) 100vw, 1024px\" \/><\/figure>\n\n\n\n<p><em>At IAA 2019, Audi is showing the concept study for an electrically driven off-roader of the future. With this premiere, the brand with the four rings is completing a quartet of visionary automobiles, which started in 2017, also at the IAA, with the debut of the Audi AICON. All four studies can be seen at IAA 2019 at the Audi stand in Hall 3.<\/em><\/p>\n\n\n\n<p><strong>Voici les trois derniers concept-cars de la vision du futur de la voiture \u00e9lectrique et autonome d&#8217;Audi :<\/strong><\/p>\n\n\n\n<figure class=\"wp-block-image\"><img loading=\"lazy\" decoding=\"async\" width=\"1024\" height=\"682\" src=\"http:\/\/lignesauto.fr\/wp-content\/uploads\/2019\/08\/A1711127_medium-1024x682.jpg\" alt=\"\" class=\"wp-image-12597\" srcset=\"https:\/\/lignesauto.fr\/wp-content\/uploads\/2019\/08\/A1711127_medium-1024x682.jpg 1024w, https:\/\/lignesauto.fr\/wp-content\/uploads\/2019\/08\/A1711127_medium-300x200.jpg 300w, https:\/\/lignesauto.fr\/wp-content\/uploads\/2019\/08\/A1711127_medium-768x512.jpg 768w, https:\/\/lignesauto.fr\/wp-content\/uploads\/2019\/08\/A1711127_medium-370x247.jpg 370w, https:\/\/lignesauto.fr\/wp-content\/uploads\/2019\/08\/A1711127_medium-1040x693.jpg 1040w\" sizes=\"(max-width: 1024px) 100vw, 1024px\" \/><figcaption>AUDI AICON<\/figcaption><\/figure>\n\n\n\n<figure class=\"wp-block-image\"><img loading=\"lazy\" decoding=\"async\" width=\"1024\" height=\"717\" src=\"http:\/\/lignesauto.fr\/wp-content\/uploads\/2019\/08\/A1711151_medium-1024x717.jpg\" alt=\"\" class=\"wp-image-12598\" srcset=\"https:\/\/lignesauto.fr\/wp-content\/uploads\/2019\/08\/A1711151_medium-1024x717.jpg 1024w, https:\/\/lignesauto.fr\/wp-content\/uploads\/2019\/08\/A1711151_medium-300x210.jpg 300w, https:\/\/lignesauto.fr\/wp-content\/uploads\/2019\/08\/A1711151_medium-768x538.jpg 768w, https:\/\/lignesauto.fr\/wp-content\/uploads\/2019\/08\/A1711151_medium-370x259.jpg 370w, https:\/\/lignesauto.fr\/wp-content\/uploads\/2019\/08\/A1711151_medium-1040x728.jpg 1040w\" sizes=\"(max-width: 1024px) 100vw, 1024px\" \/><figcaption>AUDI ELAINE<\/figcaption><\/figure>\n\n\n\n<figure class=\"wp-block-image\"><img loading=\"lazy\" decoding=\"async\" width=\"1024\" height=\"611\" src=\"http:\/\/lignesauto.fr\/wp-content\/uploads\/2019\/08\/A194133_medium-1024x611.jpg\" alt=\"\" class=\"wp-image-12599\" srcset=\"https:\/\/lignesauto.fr\/wp-content\/uploads\/2019\/08\/A194133_medium-1024x611.jpg 1024w, https:\/\/lignesauto.fr\/wp-content\/uploads\/2019\/08\/A194133_medium-300x179.jpg 300w, https:\/\/lignesauto.fr\/wp-content\/uploads\/2019\/08\/A194133_medium-768x458.jpg 768w, https:\/\/lignesauto.fr\/wp-content\/uploads\/2019\/08\/A194133_medium-370x221.jpg 370w, https:\/\/lignesauto.fr\/wp-content\/uploads\/2019\/08\/A194133_medium-1040x621.jpg 1040w\" sizes=\"(max-width: 1024px) 100vw, 1024px\" \/><figcaption><br>AUDI AI:ME<\/figcaption><\/figure>\n\n\n\n<figure class=\"wp-block-image is-resized\"><img loading=\"lazy\" decoding=\"async\" src=\"http:\/\/lignesauto.fr\/wp-content\/uploads\/2019\/06\/LOGOActus-1024x367.jpg\" alt=\"L\u2019attribut alt de cette image est vide, son nom de fichier est LOGOActus-1024x367.jpg.\" width=\"308\" height=\"109\"\/><\/figure>\n","protected":false},"excerpt":{"rendered":"<p>Au prochain salon de Francfort 2019, Audi pr\u00e9sentera l&#8217;\u00e9tude conceptuelle d&#8217;un tout-terrain \u00e9lectrique de l&#8217;avenir. Avec ce concept, la marque allemande compl\u00e8te un &#8216;quartet&#8217; d&#8217;automobiles visionnaires, qui a d\u00e9but\u00e9 en 2017, \u00e9galement au salon de Francfort, avec les d\u00e9buts de l&#8217;Audi AICON. Les quatre \u00e9tudes pourront \u00eatre vues sur le [&hellip;]<\/p>\n","protected":false},"author":1,"featured_media":12602,"comment_status":"open","ping_status":"open","sticky":false,"template":"","format":"standard","meta":{"footnotes":""},"categories":[1],"tags":[],"_links":{"self":[{"href":"https:\/\/lignesauto.fr\/index.php?rest_route=\/wp\/v2\/posts\/12594"}],"collection":[{"href":"https:\/\/lignesauto.fr\/index.php?rest_route=\/wp\/v2\/posts"}],"about":[{"href":"https:\/\/lignesauto.fr\/index.php?rest_route=\/wp\/v2\/types\/post"}],"author":[{"embeddable":true,"href":"https:\/\/lignesauto.fr\/index.php?rest_route=\/wp\/v2\/users\/1"}],"replies":[{"embeddable":true,"href":"https:\/\/lignesauto.fr\/index.php?rest_route=%2Fwp%2Fv2%2Fcomments&post=12594"}],"version-history":[{"count":7,"href":"https:\/\/lignesauto.fr\/index.php?rest_route=\/wp\/v2\/posts\/12594\/revisions"}],"predecessor-version":[{"id":12606,"href":"https:\/\/lignesauto.fr\/index.php?rest_route=\/wp\/v2\/posts\/12594\/revisions\/12606"}],"wp:featuredmedia":[{"embeddable":true,"href":"https:\/\/lignesauto.fr\/index.php?rest_route=\/wp\/v2\/media\/12602"}],"wp:attachment":[{"href":"https:\/\/lignesauto.fr\/index.php?rest_route=%2Fwp%2Fv2%2Fmedia&parent=12594"}],"wp:term":[{"taxonomy":"category","embeddable":true,"href":"https:\/\/lignesauto.fr\/index.php?rest_route=%2Fwp%2Fv2%2Fcategories&post=12594"},{"taxonomy":"post_tag","embeddable":true,"href":"https:\/\/lignesauto.fr\/index.php?rest_route=%2Fwp%2Fv2%2Ftags&post=12594"}],"curies":[{"name":"wp","href":"https:\/\/api.w.org\/{rel}","templated":true}]}}