{"id":12634,"date":"2020-08-25T09:00:00","date_gmt":"2020-08-25T07:00:00","guid":{"rendered":"http:\/\/lignesauto.fr\/?p=12634"},"modified":"2020-08-03T10:34:37","modified_gmt":"2020-08-03T08:34:37","slug":"ferdinand-piech-est-mort","status":"publish","type":"post","link":"https:\/\/lignesauto.fr\/?p=12634","title":{"rendered":"Il y a un an&#8230; Ferdinand Pi\u00ebch disparaissait."},"content":{"rendered":"\n<figure class=\"wp-block-image is-resized\"><img loading=\"lazy\" decoding=\"async\" src=\"http:\/\/lignesauto.fr\/wp-content\/uploads\/2019\/06\/LOGOActus-1024x367.jpg\" alt=\"\" class=\"wp-image-11058\" width=\"429\" height=\"153\" srcset=\"https:\/\/lignesauto.fr\/wp-content\/uploads\/2019\/06\/LOGOActus-1024x367.jpg 1024w, https:\/\/lignesauto.fr\/wp-content\/uploads\/2019\/06\/LOGOActus-300x108.jpg 300w, https:\/\/lignesauto.fr\/wp-content\/uploads\/2019\/06\/LOGOActus-768x275.jpg 768w, https:\/\/lignesauto.fr\/wp-content\/uploads\/2019\/06\/LOGOActus-370x133.jpg 370w, https:\/\/lignesauto.fr\/wp-content\/uploads\/2019\/06\/LOGOActus-1040x373.jpg 1040w\" sizes=\"(max-width: 429px) 100vw, 429px\" \/><\/figure>\n\n\n\n<p style=\"font-size:18px\">Petit-fils de Ferdinand Porsche cr\u00e9ateur de la marque \u00e9ponyme, cousin de Wolfgang Porsche avec lequel il bataillera toute sa vie durant, Ferdinand Pi\u00ebch s&#8217;est \u00e9teint le dimanche 25 ao\u00fbt 2019, voici tout juste un an, \u00e0 l&#8217;\u00e2ge de 82 ans.<\/p>\n\n\n\n<figure class=\"wp-block-image\"><img loading=\"lazy\" decoding=\"async\" width=\"724\" height=\"1024\" src=\"http:\/\/lignesauto.fr\/wp-content\/uploads\/2019\/08\/HI090321_medium-724x1024.jpg\" alt=\"\" class=\"wp-image-12640\" srcset=\"https:\/\/lignesauto.fr\/wp-content\/uploads\/2019\/08\/HI090321_medium-724x1024.jpg 724w, https:\/\/lignesauto.fr\/wp-content\/uploads\/2019\/08\/HI090321_medium-212x300.jpg 212w, https:\/\/lignesauto.fr\/wp-content\/uploads\/2019\/08\/HI090321_medium-768x1086.jpg 768w, https:\/\/lignesauto.fr\/wp-content\/uploads\/2019\/08\/HI090321_medium-370x523.jpg 370w, https:\/\/lignesauto.fr\/wp-content\/uploads\/2019\/08\/HI090321_medium-1040x1471.jpg 1040w\" sizes=\"(max-width: 724px) 100vw, 724px\" \/><\/figure>\n\n\n\n<p style=\"font-size:18px\">N\u00e9 \u00e0 Vienne en 1937 alors que le projet de la voiture du peuple prend racine gr\u00e2ce \u00e0 Ferdinand Porsche, Ferdinand Pi\u00ebch restera \u00e0 jamais l&#8217;embl\u00e9matique patron qui a su donner une extraordinaire dimension au groupe Volkswagen, qu&#8217;il dirigea avant d&#8217;en c\u00e9der la direction en 2002. Il restera au conseil de surveillance jusqu&#8217;en 2015 et quitta bien malgr\u00e9 lui son &#8220;enfant&#8221;, juste avant la crise du <em>dieselgate<\/em>. Une chance, malgr\u00e9 tout ?<\/p>\n\n\n\n<figure class=\"wp-block-image\"><img loading=\"lazy\" decoding=\"async\" width=\"1024\" height=\"685\" src=\"http:\/\/lignesauto.fr\/wp-content\/uploads\/2019\/08\/DB02_60021_LARGE-1024x685.jpg\" alt=\"\" class=\"wp-image-12636\" srcset=\"https:\/\/lignesauto.fr\/wp-content\/uploads\/2019\/08\/DB02_60021_LARGE-1024x685.jpg 1024w, https:\/\/lignesauto.fr\/wp-content\/uploads\/2019\/08\/DB02_60021_LARGE-300x201.jpg 300w, https:\/\/lignesauto.fr\/wp-content\/uploads\/2019\/08\/DB02_60021_LARGE-768x514.jpg 768w, https:\/\/lignesauto.fr\/wp-content\/uploads\/2019\/08\/DB02_60021_LARGE-370x248.jpg 370w, https:\/\/lignesauto.fr\/wp-content\/uploads\/2019\/08\/DB02_60021_LARGE-1040x696.jpg 1040w, https:\/\/lignesauto.fr\/wp-content\/uploads\/2019\/08\/DB02_60021_LARGE.jpg 1417w\" sizes=\"(max-width: 1024px) 100vw, 1024px\" \/><\/figure>\n\n\n\n<p style=\"font-size:18px\">C&#8217;est notamment sous son impulsion que le groupe Volkswagen va acqu\u00e9rir les marques Bugatti et Lamborghini, apr\u00e8s que lui-m\u00eame a embarqu\u00e9 Audi sur la voie d&#8217;un constructeur que l&#8217;on n&#8217;appelait pas encore &#8220;premium&#8221; .<\/p>\n\n\n\n<figure class=\"wp-block-image\"><img loading=\"lazy\" decoding=\"async\" width=\"1024\" height=\"712\" src=\"http:\/\/lignesauto.fr\/wp-content\/uploads\/2019\/08\/AC233GRO505-1024x712.jpg\" alt=\"\" class=\"wp-image-12644\" srcset=\"https:\/\/lignesauto.fr\/wp-content\/uploads\/2019\/08\/AC233GRO505-1024x712.jpg 1024w, https:\/\/lignesauto.fr\/wp-content\/uploads\/2019\/08\/AC233GRO505-300x209.jpg 300w, https:\/\/lignesauto.fr\/wp-content\/uploads\/2019\/08\/AC233GRO505-768x534.jpg 768w, https:\/\/lignesauto.fr\/wp-content\/uploads\/2019\/08\/AC233GRO505-370x257.jpg 370w, https:\/\/lignesauto.fr\/wp-content\/uploads\/2019\/08\/AC233GRO505-1040x723.jpg 1040w, https:\/\/lignesauto.fr\/wp-content\/uploads\/2019\/08\/AC233GRO505.jpg 1417w\" sizes=\"(max-width: 1024px) 100vw, 1024px\" \/><\/figure>\n\n\n\n<p style=\"font-size:18px\">Avec Audi, il va pousser les curseurs de la technologie, de l&#8217;a\u00e9rodynamique et de la qualit\u00e9. Ses deux mod\u00e8les embl\u00e9matiques chez ce constructeur resteront l&#8217;Audi coup\u00e9 Quattro de 1980 (ci-dessus) avec sa transmission int\u00e9grale &#8220;routi\u00e8re&#8221; et l&#8217;Audi 100 de 1982 avec son a\u00e9rodynamique l\u00e9ch\u00e9e.<\/p>\n\n\n\n<figure class=\"wp-block-image\"><img loading=\"lazy\" decoding=\"async\" width=\"1024\" height=\"666\" src=\"http:\/\/lignesauto.fr\/wp-content\/uploads\/2019\/08\/LIGNESPIECH-1024x666.jpg\" alt=\"\" class=\"wp-image-12565\" srcset=\"https:\/\/lignesauto.fr\/wp-content\/uploads\/2019\/08\/LIGNESPIECH-1024x666.jpg 1024w, https:\/\/lignesauto.fr\/wp-content\/uploads\/2019\/08\/LIGNESPIECH-300x195.jpg 300w, https:\/\/lignesauto.fr\/wp-content\/uploads\/2019\/08\/LIGNESPIECH-768x500.jpg 768w, https:\/\/lignesauto.fr\/wp-content\/uploads\/2019\/08\/LIGNESPIECH-370x241.jpg 370w, https:\/\/lignesauto.fr\/wp-content\/uploads\/2019\/08\/LIGNESPIECH-1040x677.jpg 1040w, https:\/\/lignesauto.fr\/wp-content\/uploads\/2019\/08\/LIGNESPIECH.jpg 1417w\" sizes=\"(max-width: 1024px) 100vw, 1024px\" \/><\/figure>\n\n\n\n<p style=\"font-size:18px\">Mais d&#8217;autres produits restent marqu\u00e9s de son empreinte, comme la Porsche 917 (ci-dessus) ou encore, plus pr\u00e8s de nous, l&#8217;incroyable VW XL1 issue de prototypes consommant un litre aux 100 km (ci-dessous).<\/p>\n\n\n\n<figure class=\"wp-block-image\"><img loading=\"lazy\" decoding=\"async\" width=\"1024\" height=\"685\" src=\"http:\/\/lignesauto.fr\/wp-content\/uploads\/2019\/08\/DB02_60023_large-1024x685.jpg\" alt=\"\" class=\"wp-image-12643\" srcset=\"https:\/\/lignesauto.fr\/wp-content\/uploads\/2019\/08\/DB02_60023_large-1024x685.jpg 1024w, https:\/\/lignesauto.fr\/wp-content\/uploads\/2019\/08\/DB02_60023_large-300x201.jpg 300w, https:\/\/lignesauto.fr\/wp-content\/uploads\/2019\/08\/DB02_60023_large-768x514.jpg 768w, https:\/\/lignesauto.fr\/wp-content\/uploads\/2019\/08\/DB02_60023_large-370x247.jpg 370w, https:\/\/lignesauto.fr\/wp-content\/uploads\/2019\/08\/DB02_60023_large-1040x696.jpg 1040w\" sizes=\"(max-width: 1024px) 100vw, 1024px\" \/><\/figure>\n\n\n\n<p style=\"font-size:18px\">On se souviendra de on combat pour contrer son cousin Wolfgang Porsche en 2007. Wolfgang ambitionnait ni plus ni moins que Porsche gobe le g\u00e9ant Volkswagen. L&#8217;affaire aurait pu aboutir si Ferdinand Pi\u00ebch n&#8217;avait us\u00e9 de toutes ses resources pour que finalement, ce soit l&#8217;inverse qui arrive avec un Porsche int\u00e9gr\u00e9 de fa\u00e7on p\u00e9renne au sein du groupe Volkswagen. Outre ce combat, on retiendra ici -sur un site de design-, son ind\u00e9fectible amiti\u00e9 qui le liait \u00e0 Giorgetto Giugiaro.<\/p>\n\n\n\n<figure class=\"wp-block-image\"><img loading=\"lazy\" decoding=\"async\" width=\"1024\" height=\"603\" src=\"http:\/\/lignesauto.fr\/wp-content\/uploads\/2019\/08\/LIGNESPIECHGG-1024x603.png\" alt=\"\" class=\"wp-image-12650\" srcset=\"https:\/\/lignesauto.fr\/wp-content\/uploads\/2019\/08\/LIGNESPIECHGG-1024x603.png 1024w, https:\/\/lignesauto.fr\/wp-content\/uploads\/2019\/08\/LIGNESPIECHGG-300x177.png 300w, https:\/\/lignesauto.fr\/wp-content\/uploads\/2019\/08\/LIGNESPIECHGG-768x452.png 768w, https:\/\/lignesauto.fr\/wp-content\/uploads\/2019\/08\/LIGNESPIECHGG-370x218.png 370w, https:\/\/lignesauto.fr\/wp-content\/uploads\/2019\/08\/LIGNESPIECHGG-1040x612.png 1040w, https:\/\/lignesauto.fr\/wp-content\/uploads\/2019\/08\/LIGNESPIECHGG.png 1417w\" sizes=\"(max-width: 1024px) 100vw, 1024px\" \/><\/figure>\n\n\n\n<p style=\"font-size:18px\">Cette amiti\u00e9 eut de belles cons\u00e9quences pour le designer italien avec, dans un premier temps, l&#8217;ex\u00e9cution de nombreux prototypes de Bugatti apr\u00e8s que Pi\u00ebch a r\u00e9cup\u00e9r\u00e9 la marque fran\u00e7aise au sein du groupe VW. Ci-dessus, la maquette de la Bugatti EB118. Et, plus tard, lorsqu&#8217;il s&#8217;est agit pour Giugiaro d&#8217;assurer la p\u00e9rennit\u00e9 d&#8217;Italdesign, Audi fit le n\u00e9cessaire pour &#8220;l&#8217;ami de Ferdinand&#8221;&#8230;<\/p>\n\n\n\n<figure class=\"wp-block-image\"><img loading=\"lazy\" decoding=\"async\" width=\"1024\" height=\"682\" src=\"http:\/\/lignesauto.fr\/wp-content\/uploads\/2019\/08\/AM140137_medium-1024x682.jpg\" alt=\"\" class=\"wp-image-12639\" srcset=\"https:\/\/lignesauto.fr\/wp-content\/uploads\/2019\/08\/AM140137_medium-1024x682.jpg 1024w, https:\/\/lignesauto.fr\/wp-content\/uploads\/2019\/08\/AM140137_medium-300x200.jpg 300w, https:\/\/lignesauto.fr\/wp-content\/uploads\/2019\/08\/AM140137_medium-768x511.jpg 768w, https:\/\/lignesauto.fr\/wp-content\/uploads\/2019\/08\/AM140137_medium-370x246.jpg 370w, https:\/\/lignesauto.fr\/wp-content\/uploads\/2019\/08\/AM140137_medium-1040x693.jpg 1040w\" sizes=\"(max-width: 1024px) 100vw, 1024px\" \/><\/figure>\n\n\n\n<p style=\"font-size:18px\">Ferdinand Pi\u00ebch aura v\u00e9cu plusieurs vies :  celle d&#8217;un redoutable manager, celle d&#8217;un ing\u00e9nieur avant-gardiste, celle d&#8217;un concepteur dans l&#8217;\u00e2me&#8230; Des vies d\u00e9di\u00e9es \u00e0 110 % \u00e0 l&#8217;automobile.<\/p>\n\n\n\n<figure class=\"wp-block-image is-resized\"><img loading=\"lazy\" decoding=\"async\" src=\"http:\/\/lignesauto.fr\/wp-content\/uploads\/2019\/06\/LOGOActus-1024x367.jpg\" alt=\"L\u2019attribut alt de cette image est vide, son nom de fichier est LOGOActus-1024x367.jpg.\" width=\"359\" height=\"128\"\/><\/figure>\n","protected":false},"excerpt":{"rendered":"<p>Petit-fils de Ferdinand Porsche cr\u00e9ateur de la marque \u00e9ponyme, cousin de Wolfgang Porsche avec lequel il bataillera toute sa vie durant, Ferdinand Pi\u00ebch s&#8217;est \u00e9teint le dimanche 25 ao\u00fbt 2019, voici tout juste un an, \u00e0 l&#8217;\u00e2ge de 82 ans. N\u00e9 \u00e0 Vienne en 1937 alors que le projet de [&hellip;]<\/p>\n","protected":false},"author":1,"featured_media":12637,"comment_status":"open","ping_status":"open","sticky":false,"template":"","format":"standard","meta":{"footnotes":""},"categories":[1],"tags":[],"_links":{"self":[{"href":"https:\/\/lignesauto.fr\/index.php?rest_route=\/wp\/v2\/posts\/12634"}],"collection":[{"href":"https:\/\/lignesauto.fr\/index.php?rest_route=\/wp\/v2\/posts"}],"about":[{"href":"https:\/\/lignesauto.fr\/index.php?rest_route=\/wp\/v2\/types\/post"}],"author":[{"embeddable":true,"href":"https:\/\/lignesauto.fr\/index.php?rest_route=\/wp\/v2\/users\/1"}],"replies":[{"embeddable":true,"href":"https:\/\/lignesauto.fr\/index.php?rest_route=%2Fwp%2Fv2%2Fcomments&post=12634"}],"version-history":[{"count":12,"href":"https:\/\/lignesauto.fr\/index.php?rest_route=\/wp\/v2\/posts\/12634\/revisions"}],"predecessor-version":[{"id":19200,"href":"https:\/\/lignesauto.fr\/index.php?rest_route=\/wp\/v2\/posts\/12634\/revisions\/19200"}],"wp:featuredmedia":[{"embeddable":true,"href":"https:\/\/lignesauto.fr\/index.php?rest_route=\/wp\/v2\/media\/12637"}],"wp:attachment":[{"href":"https:\/\/lignesauto.fr\/index.php?rest_route=%2Fwp%2Fv2%2Fmedia&parent=12634"}],"wp:term":[{"taxonomy":"category","embeddable":true,"href":"https:\/\/lignesauto.fr\/index.php?rest_route=%2Fwp%2Fv2%2Fcategories&post=12634"},{"taxonomy":"post_tag","embeddable":true,"href":"https:\/\/lignesauto.fr\/index.php?rest_route=%2Fwp%2Fv2%2Ftags&post=12634"}],"curies":[{"name":"wp","href":"https:\/\/api.w.org\/{rel}","templated":true}]}}