{"id":12690,"date":"2019-09-02T08:00:48","date_gmt":"2019-09-02T06:00:48","guid":{"rendered":"http:\/\/lignesauto.fr\/?p=12690"},"modified":"2019-09-02T07:59:48","modified_gmt":"2019-09-02T05:59:48","slug":"opel-corsa-peugeot-208-les-soeurs-de-sang","status":"publish","type":"post","link":"https:\/\/lignesauto.fr\/?p=12690","title":{"rendered":"Opel Corsa &#8211; Peugeot 208 : les s\u0153urs de sang"},"content":{"rendered":"\n<figure class=\"wp-block-image is-resized\"><img loading=\"lazy\" decoding=\"async\" src=\"http:\/\/lignesauto.fr\/wp-content\/uploads\/2019\/06\/LOGOActus-1024x367.jpg\" alt=\"\" class=\"wp-image-11058\" width=\"314\" height=\"112\" srcset=\"https:\/\/lignesauto.fr\/wp-content\/uploads\/2019\/06\/LOGOActus-1024x367.jpg 1024w, https:\/\/lignesauto.fr\/wp-content\/uploads\/2019\/06\/LOGOActus-300x108.jpg 300w, https:\/\/lignesauto.fr\/wp-content\/uploads\/2019\/06\/LOGOActus-768x275.jpg 768w, https:\/\/lignesauto.fr\/wp-content\/uploads\/2019\/06\/LOGOActus-370x133.jpg 370w, https:\/\/lignesauto.fr\/wp-content\/uploads\/2019\/06\/LOGOActus-1040x373.jpg 1040w\" sizes=\"(max-width: 314px) 100vw, 314px\" \/><\/figure>\n\n\n\n<p>Ce n&#8217;est un secret pour personne, l&#8217;Opel Corsa de 2019 a \u00e9t\u00e9 totalement redessin\u00e9e apr\u00e8s que constructeur Allemand a \u00e9t\u00e9 repris par le groupe fran\u00e7ais PSA. Et il a fallu faire vite comme se souvient son designer ext\u00e9rieur, Martin Schaufler (voir son interview sur ce site). L&#8217;\u00e9quipe des designers d&#8217;Opel a ainsi pu r\u00e9cup\u00e9rer la plateforme CMP sur laquelle repose la 208 pour refondre son projet de style.<\/p>\n\n\n\n<figure class=\"wp-block-image\"><img loading=\"lazy\" decoding=\"async\" width=\"1024\" height=\"943\" src=\"http:\/\/lignesauto.fr\/wp-content\/uploads\/2019\/08\/COMPARO-PROFIL-1024x943.png\" alt=\"\" class=\"wp-image-12700\" srcset=\"https:\/\/lignesauto.fr\/wp-content\/uploads\/2019\/08\/COMPARO-PROFIL-1024x943.png 1024w, https:\/\/lignesauto.fr\/wp-content\/uploads\/2019\/08\/COMPARO-PROFIL-300x276.png 300w, https:\/\/lignesauto.fr\/wp-content\/uploads\/2019\/08\/COMPARO-PROFIL-768x707.png 768w, https:\/\/lignesauto.fr\/wp-content\/uploads\/2019\/08\/COMPARO-PROFIL-370x341.png 370w, https:\/\/lignesauto.fr\/wp-content\/uploads\/2019\/08\/COMPARO-PROFIL-1040x958.png 1040w, https:\/\/lignesauto.fr\/wp-content\/uploads\/2019\/08\/COMPARO-PROFIL.png 1417w\" sizes=\"(max-width: 1024px) 100vw, 1024px\" \/><\/figure>\n\n\n\n<p>Pas \u00e9tonnant d\u00e8s lors que les deux rivales soient finalement dot\u00e9es des m\u00eames proportions, de la m\u00eame stature dynamique et que, du coup, l&#8217;Opel ait mis au rebus l&#8217;aspect monocorps de la premi\u00e8re \u00e9tude interne au constructeur allemand (*).<\/p>\n\n\n\n<figure class=\"wp-block-image\"><img loading=\"lazy\" decoding=\"async\" width=\"1024\" height=\"663\" src=\"http:\/\/lignesauto.fr\/wp-content\/uploads\/2018\/10\/Capture-d\u2019\u00e9cran-2018-10-04-\u00e0-18.28.35-1024x663.png\" alt=\"\" class=\"wp-image-5203\" srcset=\"https:\/\/lignesauto.fr\/wp-content\/uploads\/2018\/10\/Capture-d\u2019\u00e9cran-2018-10-04-\u00e0-18.28.35-1024x663.png 1024w, https:\/\/lignesauto.fr\/wp-content\/uploads\/2018\/10\/Capture-d\u2019\u00e9cran-2018-10-04-\u00e0-18.28.35-300x194.png 300w, https:\/\/lignesauto.fr\/wp-content\/uploads\/2018\/10\/Capture-d\u2019\u00e9cran-2018-10-04-\u00e0-18.28.35-768x498.png 768w, https:\/\/lignesauto.fr\/wp-content\/uploads\/2018\/10\/Capture-d\u2019\u00e9cran-2018-10-04-\u00e0-18.28.35-370x240.png 370w, https:\/\/lignesauto.fr\/wp-content\/uploads\/2018\/10\/Capture-d\u2019\u00e9cran-2018-10-04-\u00e0-18.28.35-1040x674.png 1040w, https:\/\/lignesauto.fr\/wp-content\/uploads\/2018\/10\/Capture-d\u2019\u00e9cran-2018-10-04-\u00e0-18.28.35.png 1366w\" sizes=\"(max-width: 1024px) 100vw, 1024px\" \/><\/figure>\n\n\n\n<p>La plateforme CMP du groupe PSA (ci-dessus) a \u00e9t\u00e9 inaugur\u00e9e par la DS3 Crossback. Vous pouvez d\u00e9couvrir ce soubassement technique en (re)lisant notre post ici : <a href=\"http:\/\/lignesauto.fr\/?p=5201\">http:\/\/lignesauto.fr\/?p=5201<\/a>. Elle impose, comme toutes les plateformes de la plan\u00e8te automobile, des points techniques incontournables qui impactent immanquablement le style. Les designers d&#8217;Opel ont donc converg\u00e9 vers les m\u00eames options que celles retenues par Peugeot pour sa 208, car les deux voitures reposent sur le m\u00eame th\u00e8me de la berline dynamique.<\/p>\n\n\n\n<p><strong>VOICI POURQUOI LA CORSA EST UNE VERITABLE S\u0152UR DE LA 208<\/strong><br>Face avant et 3\/4 profil :<\/p>\n\n\n\n<figure class=\"wp-block-image\"><img loading=\"lazy\" decoding=\"async\" width=\"982\" height=\"1024\" src=\"http:\/\/lignesauto.fr\/wp-content\/uploads\/2019\/08\/COMPARO-34-AV-982x1024.png\" alt=\"\" class=\"wp-image-12697\" srcset=\"https:\/\/lignesauto.fr\/wp-content\/uploads\/2019\/08\/COMPARO-34-AV-982x1024.png 982w, https:\/\/lignesauto.fr\/wp-content\/uploads\/2019\/08\/COMPARO-34-AV-288x300.png 288w, https:\/\/lignesauto.fr\/wp-content\/uploads\/2019\/08\/COMPARO-34-AV-768x801.png 768w, https:\/\/lignesauto.fr\/wp-content\/uploads\/2019\/08\/COMPARO-34-AV-370x386.png 370w, https:\/\/lignesauto.fr\/wp-content\/uploads\/2019\/08\/COMPARO-34-AV-1040x1085.png 1040w, https:\/\/lignesauto.fr\/wp-content\/uploads\/2019\/08\/COMPARO-34-AV.png 1417w\" sizes=\"(max-width: 982px) 100vw, 982px\" \/><\/figure>\n\n\n\n<p>Sur ces deux vues de 3\/4 AV, nous avons relev\u00e9 six points qui ont impos\u00e9 quelques contraintes aux designers d&#8217;Opel :<br><strong>1<\/strong> : le bouclier &#8220;soft-nose&#8221; est impos\u00e9 \u00e0 la Corsa. Son implantation et son gabarit sont proches de ceux de la Peugeot, seules les formes \u00e9voluent.<br><strong>2<\/strong> : le point dur de la baie de pare-brise, totalement incontournable car li\u00e9 \u00e0 la structure de caisse, a impos\u00e9 pour Opel de reprendre le th\u00e8me du capot autoclave identique -\u00e0 cet endroit- au capot de la 208.<br><strong>3<\/strong> : le montant &#8220;A&#8221; de pare-brise et le pare-brise lui m\u00eame sont identiques \u00e0 ceux la 208, car \u00e0 ce niveau, la structure de la coque est similaire sur les deux voitures. L&#8217;Opel a donc opt\u00e9 pour un abaissement drastique de sa hauteur (moins 48 mm), identique \u00e0 celle de la Peugeot : 1,43 m.<br><strong>4<\/strong> : les feuillures de porti\u00e8res sont identiques, d&#8217;o\u00f9 une implantation des poign\u00e9es sur le m\u00eame plan.<br><strong>5<\/strong> : les feux arri\u00e8re de la Corsa, haut perch\u00e9s, sont implant\u00e9s au m\u00eame niveau que ceux de la 208. Sans doute une mutualisation au niveau du c\u00e2blage \u00e9galement.<br><strong>6<\/strong> : l&#8217;implantation des r\u00e9troviseurs et les r\u00e9troviseurs eux-m\u00eames sont strictement identiques.<\/p>\n\n\n\n<p><strong>LE STYLE DE LA CORSA OPTE &#8211; AUSSI &#8211; POUR LE DYNAMISME (3\/4 arri\u00e8re) :<\/strong><\/p>\n\n\n\n<figure class=\"wp-block-image\"><img loading=\"lazy\" decoding=\"async\" width=\"865\" height=\"1024\" src=\"http:\/\/lignesauto.fr\/wp-content\/uploads\/2019\/08\/COMPARO-34AR-865x1024.png\" alt=\"\" class=\"wp-image-12698\" srcset=\"https:\/\/lignesauto.fr\/wp-content\/uploads\/2019\/08\/COMPARO-34AR-865x1024.png 865w, https:\/\/lignesauto.fr\/wp-content\/uploads\/2019\/08\/COMPARO-34AR-253x300.png 253w, https:\/\/lignesauto.fr\/wp-content\/uploads\/2019\/08\/COMPARO-34AR-768x909.png 768w, https:\/\/lignesauto.fr\/wp-content\/uploads\/2019\/08\/COMPARO-34AR-370x438.png 370w, https:\/\/lignesauto.fr\/wp-content\/uploads\/2019\/08\/COMPARO-34AR-1040x1232.png 1040w, https:\/\/lignesauto.fr\/wp-content\/uploads\/2019\/08\/COMPARO-34AR.png 1417w\" sizes=\"(max-width: 865px) 100vw, 865px\" \/><\/figure>\n\n\n\n<p><strong>1<\/strong> : le jonc noir qui s\u00e9pare la couleur caisse de la couleur du pavillon int\u00e8gre le d\u00e9flecteur a\u00e9rodynamique. Pour une Corsa sans teinte biton, ce jonc demeure noir laqu\u00e9 pour conserver cet aspect dynamique.<br><strong>2<\/strong> : contrairement \u00e0 la Peugeot 208, la vitre de la porte arri\u00e8re n&#8217;est pas verticale. Ce que la Corsa perd en accessibilit\u00e9, elle le gagne en dynamisme avec&#8230; un panneau qui prend la forme d&#8217;un aileron de requin. Comme sur une DS3 !<br><strong>3<\/strong> : la caract\u00e9ristique du style des flancs de la Corsa se trouve dans cette ligne de carre sculpt\u00e9e et en forme de l\u00e9g\u00e8re vague, con\u00e7ue pour accentuer le dynamisme.<br><strong>4 <\/strong>: que ce soit sur le bouclier avant ou arri\u00e8re, comme ici, les phares additionnes (AV) ou les catadioptres (AR) sont verticaux et repouss\u00e9s au maximum sur les c\u00f4t\u00e9s pour \u00e9largir visuellement la voiture. La Corsa mesure 2 cm de plus en largeur que la 208.<br><strong>5<\/strong> : la traverse arri\u00e8re de la 208, tr\u00e8s avanc\u00e9e sur l&#8217;habitacle pour renforcer l&#8217;effet de dynamisme, est conserv\u00e9e sur la Corsa. L&#8217;aileron est aussi imposant que sur la 208, pour un Cx de seulement 0,29. A noter que pour atteindre ce chiffre, certaines Corsa dispose d&#8217;une calandre occultante par des volets actifs.<\/p>\n\n\n\n<figure class=\"wp-block-image\"><img loading=\"lazy\" decoding=\"async\" width=\"1024\" height=\"683\" src=\"http:\/\/lignesauto.fr\/wp-content\/uploads\/2019\/08\/LIGNESCORSADYNAMIQUE-1024x683.jpg\" alt=\"\" class=\"wp-image-12747\" srcset=\"https:\/\/lignesauto.fr\/wp-content\/uploads\/2019\/08\/LIGNESCORSADYNAMIQUE-1024x683.jpg 1024w, https:\/\/lignesauto.fr\/wp-content\/uploads\/2019\/08\/LIGNESCORSADYNAMIQUE-300x200.jpg 300w, https:\/\/lignesauto.fr\/wp-content\/uploads\/2019\/08\/LIGNESCORSADYNAMIQUE-768x512.jpg 768w, https:\/\/lignesauto.fr\/wp-content\/uploads\/2019\/08\/LIGNESCORSADYNAMIQUE-370x247.jpg 370w, https:\/\/lignesauto.fr\/wp-content\/uploads\/2019\/08\/LIGNESCORSADYNAMIQUE-1040x694.jpg 1040w, https:\/\/lignesauto.fr\/wp-content\/uploads\/2019\/08\/LIGNESCORSADYNAMIQUE.jpg 1417w\" sizes=\"(max-width: 1024px) 100vw, 1024px\" \/><\/figure>\n\n\n\n<p>La plateforme CMP du groupe PSA, partag\u00e9e aujourd&#8217;hui par les DS3 Crossback, Peugeot 208, Peugeot 2008 et Opel Corsa, n&#8217;impose pas ses r\u00e8gles qu&#8217;\u00e0 l&#8217;ext\u00e9rieur des v\u00e9hicules. A bord aussi, la Corsa s&#8217;impr\u00e8gne d&#8217;une architecture proche de celle de la Peugeot 208&#8230;<\/p>\n\n\n\n<figure class=\"wp-block-image\"><img loading=\"lazy\" decoding=\"async\" width=\"1024\" height=\"986\" src=\"http:\/\/lignesauto.fr\/wp-content\/uploads\/2019\/08\/COMPARO-PLANCHE-1024x986.png\" alt=\"\" class=\"wp-image-12699\" srcset=\"https:\/\/lignesauto.fr\/wp-content\/uploads\/2019\/08\/COMPARO-PLANCHE-1024x986.png 1024w, https:\/\/lignesauto.fr\/wp-content\/uploads\/2019\/08\/COMPARO-PLANCHE-300x289.png 300w, https:\/\/lignesauto.fr\/wp-content\/uploads\/2019\/08\/COMPARO-PLANCHE-768x740.png 768w, https:\/\/lignesauto.fr\/wp-content\/uploads\/2019\/08\/COMPARO-PLANCHE-370x356.png 370w, https:\/\/lignesauto.fr\/wp-content\/uploads\/2019\/08\/COMPARO-PLANCHE-1040x1002.png 1040w, https:\/\/lignesauto.fr\/wp-content\/uploads\/2019\/08\/COMPARO-PLANCHE.png 1417w\" sizes=\"(max-width: 1024px) 100vw, 1024px\" \/><\/figure>\n\n\n\n<p><strong>1 <\/strong>: la structure des montants de pare-brise int\u00e8gre l&#8217;emplacement pour des HP sur les deux voitures. Toute cette zone est identique sur les deux coques Peugeot\/Opel.<br><strong>2<\/strong> : comme sur la 208, les stylistes ont repouss\u00e9 la planche de bord au maximum sur les contre-portes afin d&#8217;\u00e9largir visuellement l&#8217;habitacle.<br><strong>3<\/strong> : premi\u00e8re grande diff\u00e9rence entre la structure des deux planches de bord, les a\u00e9rateurs sont positionn\u00e9s au dessus de l&#8217;\u00e9cran. Avantage \u00e0 la Corsa pour l&#8217;a\u00e9ration, \u00e0 la 208 pour la lecture facilit\u00e9e de l&#8217;\u00e9cran.<br><strong>4<\/strong> : seconde grande diff\u00e9rence entre les deux planches de bord, le concept i-Cockpit de la 208 coupl\u00e9 \u00e0 son petit volant. La Corsa conserve une implantation des instruments traditionnelle.<br><strong>5<\/strong> : le volant de la Corsa peut \u00eatre chauffant !<br><strong>6<\/strong> : la poign\u00e9e de fermeture des portes est int\u00e9gr\u00e9e \u00e0 l&#8217;accoudoir sur l&#8217;Opel alors qu&#8217;elle est naturellement plus pr\u00e9hensible sur la 208.<\/p>\n\n\n\n<p>Enfin, c\u00f4t\u00e9 technique, les deux voitures reposant sur la m\u00eame plateforme, b\u00e9n\u00e9ficient de motorisations semblables. L&#8217;Opel adopte \u00e9galement, sur certaines versions, la bo\u00eete automatique \u00e0 8 rapports EAT8 (ci-dessous).<\/p>\n\n\n\n<figure class=\"wp-block-image\"><img loading=\"lazy\" decoding=\"async\" width=\"1024\" height=\"683\" src=\"http:\/\/lignesauto.fr\/wp-content\/uploads\/2019\/08\/12_Opel_503003-EAT8-1024x683.jpg\" alt=\"\" class=\"wp-image-12750\" srcset=\"https:\/\/lignesauto.fr\/wp-content\/uploads\/2019\/08\/12_Opel_503003-EAT8-1024x683.jpg 1024w, https:\/\/lignesauto.fr\/wp-content\/uploads\/2019\/08\/12_Opel_503003-EAT8-300x200.jpg 300w, https:\/\/lignesauto.fr\/wp-content\/uploads\/2019\/08\/12_Opel_503003-EAT8-768x512.jpg 768w, https:\/\/lignesauto.fr\/wp-content\/uploads\/2019\/08\/12_Opel_503003-EAT8-370x247.jpg 370w, https:\/\/lignesauto.fr\/wp-content\/uploads\/2019\/08\/12_Opel_503003-EAT8-1040x694.jpg 1040w, https:\/\/lignesauto.fr\/wp-content\/uploads\/2019\/08\/12_Opel_503003-EAT8.jpg 1417w\" sizes=\"(max-width: 1024px) 100vw, 1024px\" \/><\/figure>\n\n\n\n<p><em>(*) lors de l&#8217;entretien qu&#8217;il a r\u00e9serv\u00e9 \u00e0 LIGNES\/auto, Martin Schaufler nous a confi\u00e9 ne pas avoir travaill\u00e9 sur la premi\u00e8re proposition du projet Corsa r\u00e9alis\u00e9e avant l&#8217;arriv\u00e9e de PSA. Il nous a indiqu\u00e9 cependant que l&#8217;architecture de ce projet, finalement abandonn\u00e9, reprenait en partie l&#8217;esprit monovolume de la Corsa actuelle.<\/em><\/p>\n\n\n\n<figure class=\"wp-block-image is-resized\"><img loading=\"lazy\" decoding=\"async\" src=\"http:\/\/lignesauto.fr\/wp-content\/uploads\/2019\/06\/LOGOActus-1024x367.jpg\" alt=\"L\u2019attribut alt de cette image est vide, son nom de fichier est LOGOActus-1024x367.jpg.\" width=\"320\" height=\"114\"\/><\/figure>\n","protected":false},"excerpt":{"rendered":"<p>Ce n&#8217;est un secret pour personne, l&#8217;Opel Corsa de 2019 a \u00e9t\u00e9 totalement redessin\u00e9e apr\u00e8s que constructeur Allemand a \u00e9t\u00e9 repris par le groupe fran\u00e7ais PSA. Et il a fallu faire vite comme se souvient son designer ext\u00e9rieur, Martin Schaufler (voir son interview sur ce site). L&#8217;\u00e9quipe des designers d&#8217;Opel [&hellip;]<\/p>\n","protected":false},"author":1,"featured_media":12697,"comment_status":"open","ping_status":"open","sticky":false,"template":"","format":"standard","meta":{"footnotes":""},"categories":[1],"tags":[],"_links":{"self":[{"href":"https:\/\/lignesauto.fr\/index.php?rest_route=\/wp\/v2\/posts\/12690"}],"collection":[{"href":"https:\/\/lignesauto.fr\/index.php?rest_route=\/wp\/v2\/posts"}],"about":[{"href":"https:\/\/lignesauto.fr\/index.php?rest_route=\/wp\/v2\/types\/post"}],"author":[{"embeddable":true,"href":"https:\/\/lignesauto.fr\/index.php?rest_route=\/wp\/v2\/users\/1"}],"replies":[{"embeddable":true,"href":"https:\/\/lignesauto.fr\/index.php?rest_route=%2Fwp%2Fv2%2Fcomments&post=12690"}],"version-history":[{"count":36,"href":"https:\/\/lignesauto.fr\/index.php?rest_route=\/wp\/v2\/posts\/12690\/revisions"}],"predecessor-version":[{"id":12814,"href":"https:\/\/lignesauto.fr\/index.php?rest_route=\/wp\/v2\/posts\/12690\/revisions\/12814"}],"wp:featuredmedia":[{"embeddable":true,"href":"https:\/\/lignesauto.fr\/index.php?rest_route=\/wp\/v2\/media\/12697"}],"wp:attachment":[{"href":"https:\/\/lignesauto.fr\/index.php?rest_route=%2Fwp%2Fv2%2Fmedia&parent=12690"}],"wp:term":[{"taxonomy":"category","embeddable":true,"href":"https:\/\/lignesauto.fr\/index.php?rest_route=%2Fwp%2Fv2%2Fcategories&post=12690"},{"taxonomy":"post_tag","embeddable":true,"href":"https:\/\/lignesauto.fr\/index.php?rest_route=%2Fwp%2Fv2%2Ftags&post=12690"}],"curies":[{"name":"wp","href":"https:\/\/api.w.org\/{rel}","templated":true}]}}