{"id":12721,"date":"2019-09-10T17:04:40","date_gmt":"2019-09-10T15:04:40","guid":{"rendered":"http:\/\/lignesauto.fr\/?p=12721"},"modified":"2019-09-12T16:57:34","modified_gmt":"2019-09-12T14:57:34","slug":"interview-martin-schaufler-designer-exter-de-la-corsa-2019","status":"publish","type":"post","link":"https:\/\/lignesauto.fr\/?p=12721","title":{"rendered":"Interview : Martin Schaufler, designer exter de la Corsa 2019"},"content":{"rendered":"\n<figure class=\"wp-block-image is-resized\"><img loading=\"lazy\" decoding=\"async\" src=\"http:\/\/lignesauto.fr\/wp-content\/uploads\/2019\/06\/LOGOActus-1024x367.jpg\" alt=\"\" class=\"wp-image-11058\" width=\"334\" height=\"119\" srcset=\"https:\/\/lignesauto.fr\/wp-content\/uploads\/2019\/06\/LOGOActus-1024x367.jpg 1024w, https:\/\/lignesauto.fr\/wp-content\/uploads\/2019\/06\/LOGOActus-300x108.jpg 300w, https:\/\/lignesauto.fr\/wp-content\/uploads\/2019\/06\/LOGOActus-768x275.jpg 768w, https:\/\/lignesauto.fr\/wp-content\/uploads\/2019\/06\/LOGOActus-370x133.jpg 370w, https:\/\/lignesauto.fr\/wp-content\/uploads\/2019\/06\/LOGOActus-1040x373.jpg 1040w\" sizes=\"(max-width: 334px) 100vw, 334px\" \/><\/figure>\n\n\n\n<p>Opel a int\u00e9gr\u00e9 PSA voici maintenant plus de deux ans. L&#8217;organisation au niveau du design est l\u00e9g\u00e8rement diff\u00e9rente de celle que l&#8217;on trouve au sein du groupe fran\u00e7ais. Si les bureaux de design de Peugeot, Citro\u00ebn et DS sont tous regroup\u00e9s au coeur de l&#8217;ADN (centre de cr\u00e9ation design et technique de PSA) \u00e0 V\u00e9lizy Villacoublay, le centre de design d&#8217;Opel reste implant\u00e9 &#8211; et restera- \u00e0 R\u00fcsselsheim. Sa direction reste aux mains de Mark Adams, ci-dessous, qui r\u00e9f\u00e8re \u00e0 Jean-Pierre Plou\u00e9, directeur du design groupe PSA.<\/p>\n\n\n\n<figure class=\"wp-block-image\"><img loading=\"lazy\" decoding=\"async\" width=\"681\" height=\"1024\" src=\"http:\/\/lignesauto.fr\/wp-content\/uploads\/2019\/08\/markadamslignesauto-681x1024.jpg\" alt=\"\" class=\"wp-image-12775\" srcset=\"https:\/\/lignesauto.fr\/wp-content\/uploads\/2019\/08\/markadamslignesauto-681x1024.jpg 681w, https:\/\/lignesauto.fr\/wp-content\/uploads\/2019\/08\/markadamslignesauto-200x300.jpg 200w, https:\/\/lignesauto.fr\/wp-content\/uploads\/2019\/08\/markadamslignesauto-768x1154.jpg 768w, https:\/\/lignesauto.fr\/wp-content\/uploads\/2019\/08\/markadamslignesauto-370x556.jpg 370w, https:\/\/lignesauto.fr\/wp-content\/uploads\/2019\/08\/markadamslignesauto-1040x1563.jpg 1040w, https:\/\/lignesauto.fr\/wp-content\/uploads\/2019\/08\/markadamslignesauto.jpg 1417w\" sizes=\"(max-width: 681px) 100vw, 681px\" \/><\/figure>\n\n\n\n<p>Ainsi, Opel conserve son image de &#8220;voiture Allemande&#8221; en restant implant\u00e9e dans sa ville embl\u00e9matique. Et m\u00eame si les dessous des Opel d&#8217;aujourd&#8217;hui et de demain seront identiques \u00e0 ceux des productions du groupe PSA, les designers s&#8217;attachent \u00e0 conserver l&#8217;ADN de la marque au Blitz. C&#8217;est ce que nous confie Martin Schaufler, le designer de la nouvelle Corsa que nous avons rencontr\u00e9 \u00e0 Paris devant deux Corsa 2019 flambant neuves : une thermique et une \u00e9lectrique&#8230; ainsi que quelques versions de la Corsa &#8220;A&#8221; de 1982 !<\/p>\n\n\n\n<figure class=\"wp-block-image\"><img loading=\"lazy\" decoding=\"async\" width=\"1024\" height=\"683\" src=\"http:\/\/lignesauto.fr\/wp-content\/uploads\/2019\/08\/Famille-Opel-Corsa-01-1024x683.jpg\" alt=\"\" class=\"wp-image-12777\" srcset=\"https:\/\/lignesauto.fr\/wp-content\/uploads\/2019\/08\/Famille-Opel-Corsa-01-1024x683.jpg 1024w, https:\/\/lignesauto.fr\/wp-content\/uploads\/2019\/08\/Famille-Opel-Corsa-01-300x200.jpg 300w, https:\/\/lignesauto.fr\/wp-content\/uploads\/2019\/08\/Famille-Opel-Corsa-01-768x512.jpg 768w, https:\/\/lignesauto.fr\/wp-content\/uploads\/2019\/08\/Famille-Opel-Corsa-01-370x247.jpg 370w, https:\/\/lignesauto.fr\/wp-content\/uploads\/2019\/08\/Famille-Opel-Corsa-01-1040x694.jpg 1040w, https:\/\/lignesauto.fr\/wp-content\/uploads\/2019\/08\/Famille-Opel-Corsa-01.jpg 1417w\" sizes=\"(max-width: 1024px) 100vw, 1024px\" \/><figcaption>Photos Denis Meunier<\/figcaption><\/figure>\n\n\n\n<p>Mais avant de lui donner la parole, il faut bien conna\u00eetre la gen\u00e8se de ce projet Corsa de la sixi\u00e8me g\u00e9n\u00e9ration : d\u00e8s la fin 2016, un rapprochement logique entre les \u00e9quipes du produit PSA et celles d&#8217;Opel a lieu pour ce programme, bien avant que PSA ne prenne possession des marques Opel et Vauxhall. Logique, car d\u00e9j\u00e0 la Peugeot 3008 et la Citro\u00ebn C3 Aircross partagent leurs plateformes avec les Opel Crossland X et Grandland X. L&#8217;ann\u00e9e 2017 avec l&#8217;int\u00e9gration d&#8217;Opel au sein du groupe fran\u00e7ais changera quelque peu la donne, mais il \u00e9tait acquis depuis 2016 que la Corsa serait produite sur une plateforme PSA.<\/p>\n\n\n\n<figure class=\"wp-block-image\"><img loading=\"lazy\" decoding=\"async\" width=\"641\" height=\"1024\" src=\"http:\/\/lignesauto.fr\/wp-content\/uploads\/2019\/08\/LIGNESITW_02-641x1024.jpg\" alt=\"\" class=\"wp-image-12706\" srcset=\"https:\/\/lignesauto.fr\/wp-content\/uploads\/2019\/08\/LIGNESITW_02-641x1024.jpg 641w, https:\/\/lignesauto.fr\/wp-content\/uploads\/2019\/08\/LIGNESITW_02-188x300.jpg 188w, https:\/\/lignesauto.fr\/wp-content\/uploads\/2019\/08\/LIGNESITW_02-768x1226.jpg 768w, https:\/\/lignesauto.fr\/wp-content\/uploads\/2019\/08\/LIGNESITW_02-370x591.jpg 370w, https:\/\/lignesauto.fr\/wp-content\/uploads\/2019\/08\/LIGNESITW_02-1040x1660.jpg 1040w, https:\/\/lignesauto.fr\/wp-content\/uploads\/2019\/08\/LIGNESITW_02.jpg 1417w\" sizes=\"(max-width: 641px) 100vw, 641px\" \/><\/figure>\n\n\n\n<p><strong>LIGNES\/auto&nbsp;: entre l\u2019arriv\u00e9e d\u2019Opel au sein du groupe PSA et la venue de la nouvelle Corsa, il ne s\u2019est \u00e9coul\u00e9 que deux ann\u00e9es. Le programme a \u00e9t\u00e9 men\u00e9 avec c\u00e9l\u00e9rit\u00e9&nbsp;!<\/strong><br>Martin Schaufler&nbsp;: \u00ab&nbsp;oui, on a du coup constitu\u00e9 une toute petite \u00e9quipe pour mener \u00e0 bien ce projet design.&nbsp;\u00bb<\/p>\n\n\n\n<figure class=\"wp-block-image\"><img loading=\"lazy\" decoding=\"async\" width=\"1024\" height=\"591\" src=\"http:\/\/lignesauto.fr\/wp-content\/uploads\/2019\/08\/LIGNESDESSUS-1024x591.jpg\" alt=\"\" class=\"wp-image-12704\" srcset=\"https:\/\/lignesauto.fr\/wp-content\/uploads\/2019\/08\/LIGNESDESSUS-1024x591.jpg 1024w, https:\/\/lignesauto.fr\/wp-content\/uploads\/2019\/08\/LIGNESDESSUS-300x173.jpg 300w, https:\/\/lignesauto.fr\/wp-content\/uploads\/2019\/08\/LIGNESDESSUS-768x443.jpg 768w, https:\/\/lignesauto.fr\/wp-content\/uploads\/2019\/08\/LIGNESDESSUS-370x214.jpg 370w, https:\/\/lignesauto.fr\/wp-content\/uploads\/2019\/08\/LIGNESDESSUS-1040x600.jpg 1040w, https:\/\/lignesauto.fr\/wp-content\/uploads\/2019\/08\/LIGNESDESSUS.jpg 1417w\" sizes=\"(max-width: 1024px) 100vw, 1024px\" \/><\/figure>\n\n\n\n<p><strong>Une petite \u00e9quipe, c\u2019est combien de personnes&nbsp;? Une, dix, cent&nbsp;?<\/strong><br>M.S.&nbsp;: \u00ab&nbsp;c\u2019est principalement deux designers au style ext\u00e9rieur, deux autres au style int\u00e9rieur, quelques designers des \u00e9quipes de design IHM ou de celles du design des phares, feux, etc&#8230;&nbsp;\u00bb<\/p>\n\n\n\n<p><strong>C\u2019\u00e9tait un v\u00e9ritable commando en fait&nbsp;!<\/strong><br>M.S.&nbsp;: \u00ab&nbsp;oui, on peut le dire comme \u00e7a&nbsp;!&nbsp;\u00bb<\/p>\n\n\n\n<figure class=\"wp-block-image\"><img loading=\"lazy\" decoding=\"async\" width=\"618\" height=\"1024\" src=\"http:\/\/lignesauto.fr\/wp-content\/uploads\/2019\/08\/LIGNESITW_01-618x1024.jpg\" alt=\"\" class=\"wp-image-12705\" srcset=\"https:\/\/lignesauto.fr\/wp-content\/uploads\/2019\/08\/LIGNESITW_01-618x1024.jpg 618w, https:\/\/lignesauto.fr\/wp-content\/uploads\/2019\/08\/LIGNESITW_01-181x300.jpg 181w, https:\/\/lignesauto.fr\/wp-content\/uploads\/2019\/08\/LIGNESITW_01-768x1272.jpg 768w, https:\/\/lignesauto.fr\/wp-content\/uploads\/2019\/08\/LIGNESITW_01-370x613.jpg 370w, https:\/\/lignesauto.fr\/wp-content\/uploads\/2019\/08\/LIGNESITW_01-1040x1723.jpg 1040w, https:\/\/lignesauto.fr\/wp-content\/uploads\/2019\/08\/LIGNESITW_01.jpg 1417w\" sizes=\"(max-width: 618px) 100vw, 618px\" \/><\/figure>\n\n\n\n<p><strong>Le travail d\u00e9bute r\u00e9ellement en quelle ann\u00e9e&nbsp;?<\/strong><br>M.S.&nbsp;: \u00ab&nbsp;nous avons commenc\u00e9 au d\u00e9but 2017 avec de nombreux roughs. On a d\u00fb avoir au maximum deux semaines pour dessiner la voiture \u00e0 ce stade, j\u2019entends par l\u00e0, pour proposer nos th\u00e8mes avec nos sketchs, c\u2019est tr\u00e8s court&nbsp;!&nbsp;\u00bb<\/p>\n\n\n\n<figure class=\"wp-block-image\"><img loading=\"lazy\" decoding=\"async\" width=\"1024\" height=\"465\" src=\"http:\/\/lignesauto.fr\/wp-content\/uploads\/2019\/08\/DESIGN_01-1024x465.png\" alt=\"\" class=\"wp-image-12701\" srcset=\"https:\/\/lignesauto.fr\/wp-content\/uploads\/2019\/08\/DESIGN_01-1024x465.png 1024w, https:\/\/lignesauto.fr\/wp-content\/uploads\/2019\/08\/DESIGN_01-300x136.png 300w, https:\/\/lignesauto.fr\/wp-content\/uploads\/2019\/08\/DESIGN_01-768x349.png 768w, https:\/\/lignesauto.fr\/wp-content\/uploads\/2019\/08\/DESIGN_01-370x168.png 370w, https:\/\/lignesauto.fr\/wp-content\/uploads\/2019\/08\/DESIGN_01-1040x473.png 1040w, https:\/\/lignesauto.fr\/wp-content\/uploads\/2019\/08\/DESIGN_01.png 1417w\" sizes=\"(max-width: 1024px) 100vw, 1024px\" \/><\/figure>\n\n\n\n<p><strong>Vous prenez connaissance du projet de la 208 \u00e0 ce moment-l\u00e0&nbsp;?<\/strong><br>M.S.&nbsp;: \u00ab&nbsp;non, \u00e9videmment&nbsp;! J\u2019ai d\u00fb voir une photo ou deux lors de mes passages en France, aux bureaux d\u2019\u00e9tudes.&nbsp;C\u2019est une bonne chose de ne pas voir les projets concurrents, \u00e7a nous permet une vraie libert\u00e9 de pens\u00e9e&nbsp;!&nbsp;\u00bb<\/p>\n\n\n\n<p><strong>Vous veniez en France pour ce projet Corsa&nbsp;?<\/strong><br>M.S.&nbsp;: \u00ab&nbsp;Oui, lorsque Mark Adams a valid\u00e9 le choix du th\u00e8me de style en 2017, nous avons r\u00e9alis\u00e9 une maquette \u00e9chelle 1 en clay. Pour avancer dans nos travaux, nous devions trouver notre voie avec la plateforme CMP (<em>plateforme des petites et moyennes voitures de PSA<\/em>). Nous nous sommes rencontr\u00e9s avec les ing\u00e9nieurs de PSA et j\u2019ai d\u00fb m\u2019approprier la platefomre et surtout ces point durs, notamment la position du pare-brise, de l\u2019auvent. Il fallait que nous nous impr\u00e9gnions du package pour enfanter de belles proportions&#8230;&nbsp;\u00bb<\/p>\n\n\n\n<figure class=\"wp-block-image\"><img loading=\"lazy\" decoding=\"async\" width=\"1024\" height=\"934\" src=\"http:\/\/lignesauto.fr\/wp-content\/uploads\/2019\/08\/LIGNESCORSA-OUV-1024x934.png\" alt=\"\" class=\"wp-image-12708\" srcset=\"https:\/\/lignesauto.fr\/wp-content\/uploads\/2019\/08\/LIGNESCORSA-OUV-1024x934.png 1024w, https:\/\/lignesauto.fr\/wp-content\/uploads\/2019\/08\/LIGNESCORSA-OUV-300x274.png 300w, https:\/\/lignesauto.fr\/wp-content\/uploads\/2019\/08\/LIGNESCORSA-OUV-768x700.png 768w, https:\/\/lignesauto.fr\/wp-content\/uploads\/2019\/08\/LIGNESCORSA-OUV-370x337.png 370w, https:\/\/lignesauto.fr\/wp-content\/uploads\/2019\/08\/LIGNESCORSA-OUV-1040x948.png 1040w, https:\/\/lignesauto.fr\/wp-content\/uploads\/2019\/08\/LIGNESCORSA-OUV.png 1417w\" sizes=\"(max-width: 1024px) 100vw, 1024px\" \/><\/figure>\n\n\n\n<p><strong>Vous \u00e9voquez une maquette \u00e9chelle 1, mais entre vos sketches et elle, il y a eu une phase en 3D num\u00e9rique j\u2019imagine&nbsp;?<\/strong>M.S.&nbsp;: \u00ab&nbsp;oui, le maquettage 3D nous a fait gagner du temps, notamment pour am\u00e9liorer la silhouette tout en restant dans le th\u00e8me du style choisi et pour l\u2019adapter \u00e0 la CMP. Un travail de design assez classique finalement si ce n\u2019est les d\u00e9lais extr\u00eamement contraints&nbsp;!&nbsp;\u00bb<\/p>\n\n\n\n<p><strong>Le gel du style ne s\u2019est pas op\u00e9r\u00e9 avec plusieurs maquettes \u00e9chelle 1&nbsp;?<\/strong><br>M.S.&nbsp;: \u00ab&nbsp;Non, il n\u2019y en a eu qu\u2019une seule que nous avons bien s\u00fbr travaill\u00e9 et peaufin\u00e9.&nbsp;Le choix du design s\u2019est en fait effectu\u00e9 d\u00e8s la phase des sketches.&nbsp;\u00bb<\/p>\n\n\n\n<figure class=\"wp-block-image\"><img loading=\"lazy\" decoding=\"async\" width=\"1024\" height=\"490\" src=\"http:\/\/lignesauto.fr\/wp-content\/uploads\/2019\/08\/DESIGN_02-1024x490.png\" alt=\"\" class=\"wp-image-12702\" srcset=\"https:\/\/lignesauto.fr\/wp-content\/uploads\/2019\/08\/DESIGN_02-1024x490.png 1024w, https:\/\/lignesauto.fr\/wp-content\/uploads\/2019\/08\/DESIGN_02-300x144.png 300w, https:\/\/lignesauto.fr\/wp-content\/uploads\/2019\/08\/DESIGN_02-768x367.png 768w, https:\/\/lignesauto.fr\/wp-content\/uploads\/2019\/08\/DESIGN_02-370x177.png 370w, https:\/\/lignesauto.fr\/wp-content\/uploads\/2019\/08\/DESIGN_02-1040x498.png 1040w, https:\/\/lignesauto.fr\/wp-content\/uploads\/2019\/08\/DESIGN_02.png 1417w\" sizes=\"(max-width: 1024px) 100vw, 1024px\" \/><\/figure>\n\n\n\n<p><strong>Vous \u00e9voquiez vos passages au sein du bureau d\u2019\u00e9tudes PSA. Vous en gardez quels souvenirs&nbsp;?<\/strong><br>M.S.&nbsp;:&nbsp;\u00ab&nbsp;deux ou trois mois apr\u00e8s nos travaux de style, nous sommes retourn\u00e9s chez PSA \u00e0 Paris (<em>\u00e0 Villacoublay exactement, en banlieue parisienne<\/em>) pour des missions avec les ing\u00e9nieurs et confirmer la compatibilit\u00e9 de notre design avec la technique.&nbsp;Je garde surtout un souvenir d\u2019efficacit\u00e9 au sortir de ces r\u00e9unions. C\u2019\u00e9tait tr\u00e8s ouvert, et au final une coop\u00e9ration int\u00e9ressante pour tous&nbsp;!&nbsp;\u00bb<\/p>\n\n\n\n<p><strong>Jean-Pierre Plou\u00e9, le directeur du design groupe PSA s\u2019est-il rendu \u00e0 R\u00fcsselsheim&nbsp;?<\/strong><br>M.S.&nbsp;:&nbsp;\u00bb j\u2019imagine, mais ce genre de r\u00e9union se tenait exclusivement avec notre direction, notamment Mark Adams.&nbsp;\u00bb<\/p>\n\n\n\n<figure class=\"wp-block-image\"><img loading=\"lazy\" decoding=\"async\" width=\"1024\" height=\"683\" src=\"http:\/\/lignesauto.fr\/wp-content\/uploads\/2019\/08\/LIGNESJPP_09-1024x683.jpg\" alt=\"\" class=\"wp-image-12788\" srcset=\"https:\/\/lignesauto.fr\/wp-content\/uploads\/2019\/08\/LIGNESJPP_09-1024x683.jpg 1024w, https:\/\/lignesauto.fr\/wp-content\/uploads\/2019\/08\/LIGNESJPP_09-300x200.jpg 300w, https:\/\/lignesauto.fr\/wp-content\/uploads\/2019\/08\/LIGNESJPP_09-768x512.jpg 768w, https:\/\/lignesauto.fr\/wp-content\/uploads\/2019\/08\/LIGNESJPP_09-370x247.jpg 370w, https:\/\/lignesauto.fr\/wp-content\/uploads\/2019\/08\/LIGNESJPP_09-1040x694.jpg 1040w, https:\/\/lignesauto.fr\/wp-content\/uploads\/2019\/08\/LIGNESJPP_09.jpg 1417w\" sizes=\"(max-width: 1024px) 100vw, 1024px\" \/><figcaption>A son arriv\u00e9e chez Citro\u00ebn en fin d&#8217;ann\u00e9e 1999, Jean-Pierre Plou\u00e9 ne se doutait sans doute pas que vingt ans apr\u00e8s, il g\u00e8rerait les designs de Citro\u00ebn, Peugeot, DS et Opel !<\/figcaption><\/figure>\n\n\n\n<p><strong>C\u2019est plus facile ou au contraire contraignant de travailler sur une base totalement nouvelle, comme celle de la CMP&nbsp;?<\/strong><br>M.S.&nbsp;:&nbsp;\u00ab&nbsp;je dirais que ce fut plus facile dans le sens o\u00f9 l\u2019on a trouv\u00e9 rapidement d\u2019excellentes proportions avec ce capot long. Sur les points durs que nous ne pouvions pas changer, comme le montant de pare-brise, on a quand m\u00eame pu faire \u00e9voluer les sections.&nbsp;\u00bb<\/p>\n\n\n\n<figure class=\"wp-block-image\"><img loading=\"lazy\" decoding=\"async\" width=\"620\" height=\"1024\" src=\"http:\/\/lignesauto.fr\/wp-content\/uploads\/2019\/08\/LIGNESITW_03-620x1024.jpg\" alt=\"\" class=\"wp-image-12707\" srcset=\"https:\/\/lignesauto.fr\/wp-content\/uploads\/2019\/08\/LIGNESITW_03-620x1024.jpg 620w, https:\/\/lignesauto.fr\/wp-content\/uploads\/2019\/08\/LIGNESITW_03-182x300.jpg 182w, https:\/\/lignesauto.fr\/wp-content\/uploads\/2019\/08\/LIGNESITW_03-768x1269.jpg 768w, https:\/\/lignesauto.fr\/wp-content\/uploads\/2019\/08\/LIGNESITW_03-370x612.jpg 370w, https:\/\/lignesauto.fr\/wp-content\/uploads\/2019\/08\/LIGNESITW_03-1040x1719.jpg 1040w, https:\/\/lignesauto.fr\/wp-content\/uploads\/2019\/08\/LIGNESITW_03.jpg 1417w\" sizes=\"(max-width: 620px) 100vw, 620px\" \/><\/figure>\n\n\n\n<p><strong>Vous pouvez nous parler du projet de cette Corsa AVANT l\u2019entr\u00e9e en sc\u00e8ne de PSA&nbsp;?<\/strong><br>M.S.&nbsp;: \u00ab&nbsp;non, car je ne faisais pas partie de l\u2019\u00e9quipe de stylistes de cet avant-projet. Je crois me souvenir qu\u2019il reposait sur un th\u00e8me de proportions plut\u00f4t orient\u00e9es vers le monovolume comme la Corsa de la pr\u00e9c\u00e9dente g\u00e9n\u00e9ration.&nbsp;\u00bb<\/p>\n\n\n\n<figure class=\"wp-block-image\"><img loading=\"lazy\" decoding=\"async\" width=\"1024\" height=\"788\" src=\"http:\/\/lignesauto.fr\/wp-content\/uploads\/2019\/08\/Capture-d\u2019\u00e9cran-2019-08-29-\u00e0-13.50.52-1024x788.png\" alt=\"\" class=\"wp-image-12786\" srcset=\"https:\/\/lignesauto.fr\/wp-content\/uploads\/2019\/08\/Capture-d\u2019\u00e9cran-2019-08-29-\u00e0-13.50.52-1024x788.png 1024w, https:\/\/lignesauto.fr\/wp-content\/uploads\/2019\/08\/Capture-d\u2019\u00e9cran-2019-08-29-\u00e0-13.50.52-300x231.png 300w, https:\/\/lignesauto.fr\/wp-content\/uploads\/2019\/08\/Capture-d\u2019\u00e9cran-2019-08-29-\u00e0-13.50.52-768x591.png 768w, https:\/\/lignesauto.fr\/wp-content\/uploads\/2019\/08\/Capture-d\u2019\u00e9cran-2019-08-29-\u00e0-13.50.52-370x285.png 370w, https:\/\/lignesauto.fr\/wp-content\/uploads\/2019\/08\/Capture-d\u2019\u00e9cran-2019-08-29-\u00e0-13.50.52-1040x800.png 1040w, https:\/\/lignesauto.fr\/wp-content\/uploads\/2019\/08\/Capture-d\u2019\u00e9cran-2019-08-29-\u00e0-13.50.52.png 1417w\" sizes=\"(max-width: 1024px) 100vw, 1024px\" \/><\/figure>\n\n\n\n<p><strong>Et lorsque vous croisez cette \u00e9quipe dans les couloirs du design \u00e0 R\u00fcsselsheim, elle n\u2019est pas trop frustr\u00e9e&nbsp;?<\/strong><br>M.S.&nbsp;: \u00ab&nbsp;franchement, je ne crois pas. Elle est surtout fan de cette nouvelle voiture plus dynamique et sportive&nbsp;!&nbsp;Je pr\u00e9f\u00e8re les proportions retenues pour cette nouvelle Corsa avec ce long capot qui rappelle un peu la Corsa de la premi\u00e8re g\u00e9n\u00e9ration en 1982&nbsp;!&nbsp;\u00bb<\/p>\n\n\n\n<figure class=\"wp-block-image\"><img loading=\"lazy\" decoding=\"async\" width=\"1024\" height=\"600\" src=\"http:\/\/lignesauto.fr\/wp-content\/uploads\/2019\/08\/Opel-Monza-Concept-288684-1024x600.jpg\" alt=\"\" class=\"wp-image-12784\" srcset=\"https:\/\/lignesauto.fr\/wp-content\/uploads\/2019\/08\/Opel-Monza-Concept-288684-1024x600.jpg 1024w, https:\/\/lignesauto.fr\/wp-content\/uploads\/2019\/08\/Opel-Monza-Concept-288684-300x176.jpg 300w, https:\/\/lignesauto.fr\/wp-content\/uploads\/2019\/08\/Opel-Monza-Concept-288684-768x450.jpg 768w, https:\/\/lignesauto.fr\/wp-content\/uploads\/2019\/08\/Opel-Monza-Concept-288684-370x217.jpg 370w, https:\/\/lignesauto.fr\/wp-content\/uploads\/2019\/08\/Opel-Monza-Concept-288684-1040x609.jpg 1040w, https:\/\/lignesauto.fr\/wp-content\/uploads\/2019\/08\/Opel-Monza-Concept-288684.jpg 1417w\" sizes=\"(max-width: 1024px) 100vw, 1024px\" \/><\/figure>\n\n\n\n<p><strong>Vous avez notamment travaill\u00e9 sur le coup\u00e9 Monza Concept (ci-dessus). A quand un vrai successeur aux Manta, Monza et Calibra chez Opel&nbsp;?<\/strong><br>M.S.&nbsp;: \u00ab&nbsp;Ah, des voitures fascinantes&#8230; Vous devriez poser votre question \u00e0 Mark Adams&nbsp;!&nbsp;\u00bb<\/p>\n\n\n\n<p><strong>Pour conclure, voici justement la vid\u00e9o officielle d&#8217;Opel avec Mark Adams, responsable du design Opel : <\/strong><\/p>\n\n\n\n<figure class=\"wp-block-embed-youtube wp-block-embed is-type-video is-provider-youtube wp-embed-aspect-16-9 wp-has-aspect-ratio\"><div class=\"wp-block-embed__wrapper\">\n<iframe loading=\"lazy\" title=\"LIGNES\/auto MARK ADAMS CORSA 2019\" width=\"640\" height=\"360\" src=\"https:\/\/www.youtube.com\/embed\/yNtLm4oQBHE?feature=oembed\" frameborder=\"0\" allow=\"accelerometer; autoplay; clipboard-write; encrypted-media; gyroscope; picture-in-picture; web-share\" referrerpolicy=\"strict-origin-when-cross-origin\" allowfullscreen><\/iframe>\n<\/div><\/figure>\n\n\n\n<figure class=\"wp-block-image is-resized\"><img loading=\"lazy\" decoding=\"async\" src=\"http:\/\/lignesauto.fr\/wp-content\/uploads\/2019\/06\/LOGOActus-1024x367.jpg\" alt=\"L\u2019attribut alt de cette image est vide, son nom de fichier est LOGOActus-1024x367.jpg.\" width=\"342\" height=\"122\"\/><\/figure>\n","protected":false},"excerpt":{"rendered":"<p>Opel a int\u00e9gr\u00e9 PSA voici maintenant plus de deux ans. L&#8217;organisation au niveau du design est l\u00e9g\u00e8rement diff\u00e9rente de celle que l&#8217;on trouve au sein du groupe fran\u00e7ais. Si les bureaux de design de Peugeot, Citro\u00ebn et DS sont tous regroup\u00e9s au coeur de l&#8217;ADN (centre de cr\u00e9ation design et [&hellip;]<\/p>\n","protected":false},"author":1,"featured_media":12773,"comment_status":"open","ping_status":"open","sticky":false,"template":"","format":"standard","meta":{"footnotes":""},"categories":[1],"tags":[],"_links":{"self":[{"href":"https:\/\/lignesauto.fr\/index.php?rest_route=\/wp\/v2\/posts\/12721"}],"collection":[{"href":"https:\/\/lignesauto.fr\/index.php?rest_route=\/wp\/v2\/posts"}],"about":[{"href":"https:\/\/lignesauto.fr\/index.php?rest_route=\/wp\/v2\/types\/post"}],"author":[{"embeddable":true,"href":"https:\/\/lignesauto.fr\/index.php?rest_route=\/wp\/v2\/users\/1"}],"replies":[{"embeddable":true,"href":"https:\/\/lignesauto.fr\/index.php?rest_route=%2Fwp%2Fv2%2Fcomments&post=12721"}],"version-history":[{"count":28,"href":"https:\/\/lignesauto.fr\/index.php?rest_route=\/wp\/v2\/posts\/12721\/revisions"}],"predecessor-version":[{"id":12813,"href":"https:\/\/lignesauto.fr\/index.php?rest_route=\/wp\/v2\/posts\/12721\/revisions\/12813"}],"wp:featuredmedia":[{"embeddable":true,"href":"https:\/\/lignesauto.fr\/index.php?rest_route=\/wp\/v2\/media\/12773"}],"wp:attachment":[{"href":"https:\/\/lignesauto.fr\/index.php?rest_route=%2Fwp%2Fv2%2Fmedia&parent=12721"}],"wp:term":[{"taxonomy":"category","embeddable":true,"href":"https:\/\/lignesauto.fr\/index.php?rest_route=%2Fwp%2Fv2%2Fcategories&post=12721"},{"taxonomy":"post_tag","embeddable":true,"href":"https:\/\/lignesauto.fr\/index.php?rest_route=%2Fwp%2Fv2%2Ftags&post=12721"}],"curies":[{"name":"wp","href":"https:\/\/api.w.org\/{rel}","templated":true}]}}