{"id":12803,"date":"2019-09-10T17:00:22","date_gmt":"2019-09-10T15:00:22","guid":{"rendered":"http:\/\/lignesauto.fr\/?p=12803"},"modified":"2019-09-12T16:56:48","modified_gmt":"2019-09-12T14:56:48","slug":"english-interview-martin-schaufler-external-designer-of-the-corsa-2019","status":"publish","type":"post","link":"https:\/\/lignesauto.fr\/?p=12803","title":{"rendered":"ENGLISH &#8211; Interview : Martin Schaufler, external designer of the Corsa 2019"},"content":{"rendered":"\n<figure class=\"wp-block-image is-resized\"><img loading=\"lazy\" decoding=\"async\" src=\"http:\/\/lignesauto.fr\/wp-content\/uploads\/2019\/06\/LOGOActus-1024x367.jpg\" alt=\"\" class=\"wp-image-11058\" width=\"334\" height=\"119\" srcset=\"https:\/\/lignesauto.fr\/wp-content\/uploads\/2019\/06\/LOGOActus-1024x367.jpg 1024w, https:\/\/lignesauto.fr\/wp-content\/uploads\/2019\/06\/LOGOActus-300x108.jpg 300w, https:\/\/lignesauto.fr\/wp-content\/uploads\/2019\/06\/LOGOActus-768x275.jpg 768w, https:\/\/lignesauto.fr\/wp-content\/uploads\/2019\/06\/LOGOActus-370x133.jpg 370w, https:\/\/lignesauto.fr\/wp-content\/uploads\/2019\/06\/LOGOActus-1040x373.jpg 1040w\" sizes=\"(max-width: 334px) 100vw, 334px\" \/><\/figure>\n\n\n\n<p>Opel joined PSA more than two years ago. The organization in terms of design is slightly different from that found within the French group. While the design offices of Peugeot, Citro\u00ebn and DS are all located in the heart of ADN (PSA&#8217;s design and technology creation centre) in V\u00e9lizy Villacoublay, Opel&#8217;s design centre remains located &#8211; and will remain &#8211; in R\u00fcsselsheim. Its management remains in the hands of Mark Adams, below, who refers to Jean-Pierre Plou\u00e9, PSA Group Design Director.<\/p>\n\n\n\n<figure class=\"wp-block-image\"><img loading=\"lazy\" decoding=\"async\" width=\"681\" height=\"1024\" src=\"http:\/\/lignesauto.fr\/wp-content\/uploads\/2019\/08\/markadamslignesauto-681x1024.jpg\" alt=\"\" class=\"wp-image-12775\" srcset=\"https:\/\/lignesauto.fr\/wp-content\/uploads\/2019\/08\/markadamslignesauto-681x1024.jpg 681w, https:\/\/lignesauto.fr\/wp-content\/uploads\/2019\/08\/markadamslignesauto-200x300.jpg 200w, https:\/\/lignesauto.fr\/wp-content\/uploads\/2019\/08\/markadamslignesauto-768x1154.jpg 768w, https:\/\/lignesauto.fr\/wp-content\/uploads\/2019\/08\/markadamslignesauto-370x556.jpg 370w, https:\/\/lignesauto.fr\/wp-content\/uploads\/2019\/08\/markadamslignesauto-1040x1563.jpg 1040w, https:\/\/lignesauto.fr\/wp-content\/uploads\/2019\/08\/markadamslignesauto.jpg 1417w\" sizes=\"(max-width: 681px) 100vw, 681px\" \/><\/figure>\n\n\n\n<p>Thus, Opel retains its image as a &#8220;German car&#8221; by remaining located in its emblematic city. And even if the underside of the Opels of today and tomorrow will be identical to those of the PSA group&#8217;s productions, the designers are committed to preserving the brand&#8217;s DNA at the Blitz. This is what Martin Schaufler, the designer of the new Corsa we met in Paris, told us in front of two brand new Corsa 2019s: a thermal and an electric one\u2026 as well as some versions of the 1982 Corsa &#8220;A&#8221;!<\/p>\n\n\n\n<figure class=\"wp-block-image\"><img loading=\"lazy\" decoding=\"async\" width=\"1024\" height=\"683\" src=\"http:\/\/lignesauto.fr\/wp-content\/uploads\/2019\/08\/Famille-Opel-Corsa-01-1024x683.jpg\" alt=\"\" class=\"wp-image-12777\" srcset=\"https:\/\/lignesauto.fr\/wp-content\/uploads\/2019\/08\/Famille-Opel-Corsa-01-1024x683.jpg 1024w, https:\/\/lignesauto.fr\/wp-content\/uploads\/2019\/08\/Famille-Opel-Corsa-01-300x200.jpg 300w, https:\/\/lignesauto.fr\/wp-content\/uploads\/2019\/08\/Famille-Opel-Corsa-01-768x512.jpg 768w, https:\/\/lignesauto.fr\/wp-content\/uploads\/2019\/08\/Famille-Opel-Corsa-01-370x247.jpg 370w, https:\/\/lignesauto.fr\/wp-content\/uploads\/2019\/08\/Famille-Opel-Corsa-01-1040x694.jpg 1040w, https:\/\/lignesauto.fr\/wp-content\/uploads\/2019\/08\/Famille-Opel-Corsa-01.jpg 1417w\" sizes=\"(max-width: 1024px) 100vw, 1024px\" \/><figcaption>Photos Denis Meunier<\/figcaption><\/figure>\n\n\n\n<p>But before giving him the floor, it is important to know the genesis of this sixth-generation Corsa project: from the end of 2016, a logical merger between the PSA product teams and Opel&#8217;s teams is taking place for this program, long before PSA takes possession of the Opel and Vauxhall brands. This makes sense, because the Peugeot 3008 and Citro\u00ebn C3 Aircross already share their platforms with the Opel Crossland X and Grandland X. The year 2017 with the integration of Opel into the French group will change the situation somewhat, but it had been established since 2016 that Corsa would be produced on a PSA platform.<\/p>\n\n\n\n<figure class=\"wp-block-image\"><img loading=\"lazy\" decoding=\"async\" width=\"641\" height=\"1024\" src=\"http:\/\/lignesauto.fr\/wp-content\/uploads\/2019\/08\/LIGNESITW_02-641x1024.jpg\" alt=\"\" class=\"wp-image-12706\" srcset=\"https:\/\/lignesauto.fr\/wp-content\/uploads\/2019\/08\/LIGNESITW_02-641x1024.jpg 641w, https:\/\/lignesauto.fr\/wp-content\/uploads\/2019\/08\/LIGNESITW_02-188x300.jpg 188w, https:\/\/lignesauto.fr\/wp-content\/uploads\/2019\/08\/LIGNESITW_02-768x1226.jpg 768w, https:\/\/lignesauto.fr\/wp-content\/uploads\/2019\/08\/LIGNESITW_02-370x591.jpg 370w, https:\/\/lignesauto.fr\/wp-content\/uploads\/2019\/08\/LIGNESITW_02-1040x1660.jpg 1040w, https:\/\/lignesauto.fr\/wp-content\/uploads\/2019\/08\/LIGNESITW_02.jpg 1417w\" sizes=\"(max-width: 641px) 100vw, 641px\" \/><\/figure>\n\n\n\n<p><strong>LIGNES\/auto : between Opel&#8217;s arrival within the PSA group and the arrival of the new Corsa, it only took two years. The program was carried out quickly !<\/strong><br>Martin Schaufler: &#8220;Yes, we have set up a very small team to carry out this design project.&#8221;<\/p>\n\n\n\n<figure class=\"wp-block-image\"><img loading=\"lazy\" decoding=\"async\" width=\"1024\" height=\"591\" src=\"http:\/\/lignesauto.fr\/wp-content\/uploads\/2019\/08\/LIGNESDESSUS-1024x591.jpg\" alt=\"\" class=\"wp-image-12704\" srcset=\"https:\/\/lignesauto.fr\/wp-content\/uploads\/2019\/08\/LIGNESDESSUS-1024x591.jpg 1024w, https:\/\/lignesauto.fr\/wp-content\/uploads\/2019\/08\/LIGNESDESSUS-300x173.jpg 300w, https:\/\/lignesauto.fr\/wp-content\/uploads\/2019\/08\/LIGNESDESSUS-768x443.jpg 768w, https:\/\/lignesauto.fr\/wp-content\/uploads\/2019\/08\/LIGNESDESSUS-370x214.jpg 370w, https:\/\/lignesauto.fr\/wp-content\/uploads\/2019\/08\/LIGNESDESSUS-1040x600.jpg 1040w, https:\/\/lignesauto.fr\/wp-content\/uploads\/2019\/08\/LIGNESDESSUS.jpg 1417w\" sizes=\"(max-width: 1024px) 100vw, 1024px\" \/><\/figure>\n\n\n\n<p><strong>How many people does a small team consist of? One, ten, a hundred ?<br><\/strong>M.S.: &#8220;it&#8217;s mainly two designers with an exterior style, two others with an interior style, some designers from the HMI design teams or those from the design of headlights, lights, etc\u2026&#8221;<\/p>\n\n\n\n<p><strong>It was a real commando, actually !<\/strong><br>M.S.: &#8220;Yes, you can say it like that ! \u00bb<\/p>\n\n\n\n<figure class=\"wp-block-image\"><img loading=\"lazy\" decoding=\"async\" width=\"618\" height=\"1024\" src=\"http:\/\/lignesauto.fr\/wp-content\/uploads\/2019\/08\/LIGNESITW_01-618x1024.jpg\" alt=\"\" class=\"wp-image-12705\" srcset=\"https:\/\/lignesauto.fr\/wp-content\/uploads\/2019\/08\/LIGNESITW_01-618x1024.jpg 618w, https:\/\/lignesauto.fr\/wp-content\/uploads\/2019\/08\/LIGNESITW_01-181x300.jpg 181w, https:\/\/lignesauto.fr\/wp-content\/uploads\/2019\/08\/LIGNESITW_01-768x1272.jpg 768w, https:\/\/lignesauto.fr\/wp-content\/uploads\/2019\/08\/LIGNESITW_01-370x613.jpg 370w, https:\/\/lignesauto.fr\/wp-content\/uploads\/2019\/08\/LIGNESITW_01-1040x1723.jpg 1040w, https:\/\/lignesauto.fr\/wp-content\/uploads\/2019\/08\/LIGNESITW_01.jpg 1417w\" sizes=\"(max-width: 618px) 100vw, 618px\" \/><\/figure>\n\n\n\n<p><strong>When does the work really start ?<br><\/strong>M.S.: &#8220;We started at the beginning of 2017 with a lot of roughs. We had to have a maximum of two weeks to draw the car at this stage, I mean, to propose our themes with our sketches, it&#8217;s very short !&#8221;<\/p>\n\n\n\n<figure class=\"wp-block-image\"><img loading=\"lazy\" decoding=\"async\" width=\"1024\" height=\"465\" src=\"http:\/\/lignesauto.fr\/wp-content\/uploads\/2019\/08\/DESIGN_01-1024x465.png\" alt=\"\" class=\"wp-image-12701\" srcset=\"https:\/\/lignesauto.fr\/wp-content\/uploads\/2019\/08\/DESIGN_01-1024x465.png 1024w, https:\/\/lignesauto.fr\/wp-content\/uploads\/2019\/08\/DESIGN_01-300x136.png 300w, https:\/\/lignesauto.fr\/wp-content\/uploads\/2019\/08\/DESIGN_01-768x349.png 768w, https:\/\/lignesauto.fr\/wp-content\/uploads\/2019\/08\/DESIGN_01-370x168.png 370w, https:\/\/lignesauto.fr\/wp-content\/uploads\/2019\/08\/DESIGN_01-1040x473.png 1040w, https:\/\/lignesauto.fr\/wp-content\/uploads\/2019\/08\/DESIGN_01.png 1417w\" sizes=\"(max-width: 1024px) 100vw, 1024px\" \/><\/figure>\n\n\n\n<p><strong>Are you aware of the 208 project at that time ?<\/strong><br>M.S.: &#8220;No, of course not ! I must have seen a picture or two when I was in France, at the design offices. It&#8217;s a good thing not to see competing projects, it allows us a real freedom of thought! \u00bb<\/p>\n\n\n\n<p><strong>You came to France for this Corsa project ?<br><\/strong>M.S.: &#8220;Yes, when Mark Adams validated the choice of the style theme in 2017, we made a scale 1 clay model. To progress in our work, we had to find our way with the CMP platform (<em>PSA&#8217;s small and medium-sized car platform<\/em>). We met with PSA engineers and I had to take ownership of the platform and especially these hard points, especially the position of the windshield and awning. We had to immerse ourselves in the package to give birth to beautiful proportions\u2026&#8221;<\/p>\n\n\n\n<figure class=\"wp-block-image\"><img loading=\"lazy\" decoding=\"async\" width=\"1024\" height=\"934\" src=\"http:\/\/lignesauto.fr\/wp-content\/uploads\/2019\/08\/LIGNESCORSA-OUV-1024x934.png\" alt=\"\" class=\"wp-image-12708\" srcset=\"https:\/\/lignesauto.fr\/wp-content\/uploads\/2019\/08\/LIGNESCORSA-OUV-1024x934.png 1024w, https:\/\/lignesauto.fr\/wp-content\/uploads\/2019\/08\/LIGNESCORSA-OUV-300x274.png 300w, https:\/\/lignesauto.fr\/wp-content\/uploads\/2019\/08\/LIGNESCORSA-OUV-768x700.png 768w, https:\/\/lignesauto.fr\/wp-content\/uploads\/2019\/08\/LIGNESCORSA-OUV-370x337.png 370w, https:\/\/lignesauto.fr\/wp-content\/uploads\/2019\/08\/LIGNESCORSA-OUV-1040x948.png 1040w, https:\/\/lignesauto.fr\/wp-content\/uploads\/2019\/08\/LIGNESCORSA-OUV.png 1417w\" sizes=\"(max-width: 1024px) 100vw, 1024px\" \/><\/figure>\n\n\n\n<p><strong>You mention a scale 1 model, but between your sketches and it, there was a digital 3D phase I imagine ?<\/strong><br>M.S. : &#8220;yes, the 3D modeling saved us time, especially to improve the silhouette while remaining within the theme of the chosen style and to adapt it to the CMP. A fairly classic design work in the end, if not the extremely tight deadlines !&#8221;<\/p>\n\n\n\n<p><strong>The style was not chosen with several scale 1 models ?<br><\/strong>M.S.: &#8220;No, there was only one, which of course we worked on and refined. The choice of design was in fact made during the sketch phase. &#8220;<\/p>\n\n\n\n<figure class=\"wp-block-image\"><img loading=\"lazy\" decoding=\"async\" width=\"1024\" height=\"490\" src=\"http:\/\/lignesauto.fr\/wp-content\/uploads\/2019\/08\/DESIGN_02-1024x490.png\" alt=\"\" class=\"wp-image-12702\" srcset=\"https:\/\/lignesauto.fr\/wp-content\/uploads\/2019\/08\/DESIGN_02-1024x490.png 1024w, https:\/\/lignesauto.fr\/wp-content\/uploads\/2019\/08\/DESIGN_02-300x144.png 300w, https:\/\/lignesauto.fr\/wp-content\/uploads\/2019\/08\/DESIGN_02-768x367.png 768w, https:\/\/lignesauto.fr\/wp-content\/uploads\/2019\/08\/DESIGN_02-370x177.png 370w, https:\/\/lignesauto.fr\/wp-content\/uploads\/2019\/08\/DESIGN_02-1040x498.png 1040w, https:\/\/lignesauto.fr\/wp-content\/uploads\/2019\/08\/DESIGN_02.png 1417w\" sizes=\"(max-width: 1024px) 100vw, 1024px\" \/><\/figure>\n\n\n\n<p><strong>You mentioned your time in the PSA design office. What memories do you have of it ?<\/strong><br>M.S.: &#8220;Two or three months after our design work, we returned to PSA in Paris (<em>in Villacoublay to be exact, in the Paris suburbs<\/em>) for missions with engineers and to confirm the compatibility of our design with technology. Above all, I have a memory of efficiency after these meetings. It was very open, and in the end an interesting cooperation for all !&#8221;\u00bb<\/p>\n\n\n\n<p><strong>Jean-Pierre Plou\u00e9, PSA Group Design Director, visited R\u00fcsselsheim ?<\/strong><br>M.S.: &#8220;I imagine so, but this kind of meeting was held exclusively with our management, including Mark Adams.&#8221;<\/p>\n\n\n\n<figure class=\"wp-block-image\"><img loading=\"lazy\" decoding=\"async\" width=\"1024\" height=\"683\" src=\"http:\/\/lignesauto.fr\/wp-content\/uploads\/2019\/08\/LIGNESJPP_09-1024x683.jpg\" alt=\"\" class=\"wp-image-12788\" srcset=\"https:\/\/lignesauto.fr\/wp-content\/uploads\/2019\/08\/LIGNESJPP_09-1024x683.jpg 1024w, https:\/\/lignesauto.fr\/wp-content\/uploads\/2019\/08\/LIGNESJPP_09-300x200.jpg 300w, https:\/\/lignesauto.fr\/wp-content\/uploads\/2019\/08\/LIGNESJPP_09-768x512.jpg 768w, https:\/\/lignesauto.fr\/wp-content\/uploads\/2019\/08\/LIGNESJPP_09-370x247.jpg 370w, https:\/\/lignesauto.fr\/wp-content\/uploads\/2019\/08\/LIGNESJPP_09-1040x694.jpg 1040w, https:\/\/lignesauto.fr\/wp-content\/uploads\/2019\/08\/LIGNESJPP_09.jpg 1417w\" sizes=\"(max-width: 1024px) 100vw, 1024px\" \/><figcaption>When he joined Citro\u00ebn at the end of 1999, Jean-Pierre Plou\u00e9 probably had no idea that twenty years later, he would manage the designs of Citro\u00ebn, Peugeot, DS and Opel !<\/figcaption><\/figure>\n\n\n\n<p><strong>It is easier or more constraining to work on a completely new basis, such as that of the CMP ?<\/strong><br>M.S.: &#8220;I would say it was easier in the sense that we quickly found excellent proportions with this long hood. On the hard points that we couldn&#8217;t change, such as the windshield pillar, we were still able to change the sections.&#8221;<\/p>\n\n\n\n<figure class=\"wp-block-image\"><img loading=\"lazy\" decoding=\"async\" width=\"620\" height=\"1024\" src=\"http:\/\/lignesauto.fr\/wp-content\/uploads\/2019\/08\/LIGNESITW_03-620x1024.jpg\" alt=\"\" class=\"wp-image-12707\" srcset=\"https:\/\/lignesauto.fr\/wp-content\/uploads\/2019\/08\/LIGNESITW_03-620x1024.jpg 620w, https:\/\/lignesauto.fr\/wp-content\/uploads\/2019\/08\/LIGNESITW_03-182x300.jpg 182w, https:\/\/lignesauto.fr\/wp-content\/uploads\/2019\/08\/LIGNESITW_03-768x1269.jpg 768w, https:\/\/lignesauto.fr\/wp-content\/uploads\/2019\/08\/LIGNESITW_03-370x612.jpg 370w, https:\/\/lignesauto.fr\/wp-content\/uploads\/2019\/08\/LIGNESITW_03-1040x1719.jpg 1040w, https:\/\/lignesauto.fr\/wp-content\/uploads\/2019\/08\/LIGNESITW_03.jpg 1417w\" sizes=\"(max-width: 620px) 100vw, 620px\" \/><\/figure>\n\n\n\n<p><strong>Can you tell us about the project of this Corsa BEFORE PSA comes on stage ?<\/strong><br>M.S.: &#8220;No, because I was not part of the design team for this draft. I seem to remember that it was based on a theme of proportions rather oriented towards the monovolume like the Corsa of the previous generation.&#8221;<\/p>\n\n\n\n<figure class=\"wp-block-image\"><img loading=\"lazy\" decoding=\"async\" width=\"1024\" height=\"788\" src=\"http:\/\/lignesauto.fr\/wp-content\/uploads\/2019\/08\/Capture-d\u2019\u00e9cran-2019-08-29-\u00e0-13.50.52-1024x788.png\" alt=\"\" class=\"wp-image-12786\" srcset=\"https:\/\/lignesauto.fr\/wp-content\/uploads\/2019\/08\/Capture-d\u2019\u00e9cran-2019-08-29-\u00e0-13.50.52-1024x788.png 1024w, https:\/\/lignesauto.fr\/wp-content\/uploads\/2019\/08\/Capture-d\u2019\u00e9cran-2019-08-29-\u00e0-13.50.52-300x231.png 300w, https:\/\/lignesauto.fr\/wp-content\/uploads\/2019\/08\/Capture-d\u2019\u00e9cran-2019-08-29-\u00e0-13.50.52-768x591.png 768w, https:\/\/lignesauto.fr\/wp-content\/uploads\/2019\/08\/Capture-d\u2019\u00e9cran-2019-08-29-\u00e0-13.50.52-370x285.png 370w, https:\/\/lignesauto.fr\/wp-content\/uploads\/2019\/08\/Capture-d\u2019\u00e9cran-2019-08-29-\u00e0-13.50.52-1040x800.png 1040w, https:\/\/lignesauto.fr\/wp-content\/uploads\/2019\/08\/Capture-d\u2019\u00e9cran-2019-08-29-\u00e0-13.50.52.png 1417w\" sizes=\"(max-width: 1024px) 100vw, 1024px\" \/><\/figure>\n\n\n\n<p><strong>And when you meet this team in the design corridors in R\u00fcsselsheim, they are not too frustrated ?<\/strong><br>M.S.: &#8220;Frankly, I don&#8217;t think so. She is especially a fan of this new, more dynamic and sporty car ! I prefer the proportions used for this new Corsa with this long hood that reminds me a little of the first generation Corsa in 1982 !&#8221;<\/p>\n\n\n\n<figure class=\"wp-block-image\"><img loading=\"lazy\" decoding=\"async\" width=\"1024\" height=\"600\" src=\"http:\/\/lignesauto.fr\/wp-content\/uploads\/2019\/08\/Opel-Monza-Concept-288684-1024x600.jpg\" alt=\"\" class=\"wp-image-12784\" srcset=\"https:\/\/lignesauto.fr\/wp-content\/uploads\/2019\/08\/Opel-Monza-Concept-288684-1024x600.jpg 1024w, https:\/\/lignesauto.fr\/wp-content\/uploads\/2019\/08\/Opel-Monza-Concept-288684-300x176.jpg 300w, https:\/\/lignesauto.fr\/wp-content\/uploads\/2019\/08\/Opel-Monza-Concept-288684-768x450.jpg 768w, https:\/\/lignesauto.fr\/wp-content\/uploads\/2019\/08\/Opel-Monza-Concept-288684-370x217.jpg 370w, https:\/\/lignesauto.fr\/wp-content\/uploads\/2019\/08\/Opel-Monza-Concept-288684-1040x609.jpg 1040w, https:\/\/lignesauto.fr\/wp-content\/uploads\/2019\/08\/Opel-Monza-Concept-288684.jpg 1417w\" sizes=\"(max-width: 1024px) 100vw, 1024px\" \/><\/figure>\n\n\n\n<p><strong>In particular, you worked on the Monza Concept coup\u00e9 (above). When will there be a real successor to the Manta, Monza and Calibra at Opel ?<\/strong><br>M.S.: &#8220;Ah, fascinating cars\u2026 You should ask Mark Adams your question ! &#8220;<\/p>\n\n\n\n<p><strong>To conclude, here is the official Opel video with Mark Adams, Opel Design Manager : <\/strong><\/p>\n\n\n\n<figure class=\"wp-block-embed-youtube wp-block-embed is-type-video is-provider-youtube wp-embed-aspect-16-9 wp-has-aspect-ratio\"><div class=\"wp-block-embed__wrapper\">\n<iframe loading=\"lazy\" title=\"LIGNES\/auto MARK ADAMS CORSA 2019\" width=\"640\" height=\"360\" src=\"https:\/\/www.youtube.com\/embed\/yNtLm4oQBHE?feature=oembed\" frameborder=\"0\" allow=\"accelerometer; autoplay; clipboard-write; encrypted-media; gyroscope; picture-in-picture; web-share\" referrerpolicy=\"strict-origin-when-cross-origin\" allowfullscreen><\/iframe>\n<\/div><\/figure>\n\n\n\n<figure class=\"wp-block-image is-resized\"><img loading=\"lazy\" decoding=\"async\" src=\"http:\/\/lignesauto.fr\/wp-content\/uploads\/2019\/06\/LOGOActus-1024x367.jpg\" alt=\"L\u2019attribut alt de cette image est vide, son nom de fichier est LOGOActus-1024x367.jpg.\" width=\"342\" height=\"122\"\/><\/figure>\n","protected":false},"excerpt":{"rendered":"<p>Opel joined PSA more than two years ago. The organization in terms of design is slightly different from that found within the French group. While the design offices of Peugeot, Citro\u00ebn and DS are all located in the heart of ADN (PSA&#8217;s design and technology creation centre) in V\u00e9lizy Villacoublay, [&hellip;]<\/p>\n","protected":false},"author":1,"featured_media":12773,"comment_status":"open","ping_status":"open","sticky":false,"template":"","format":"standard","meta":{"footnotes":""},"categories":[1],"tags":[],"_links":{"self":[{"href":"https:\/\/lignesauto.fr\/index.php?rest_route=\/wp\/v2\/posts\/12803"}],"collection":[{"href":"https:\/\/lignesauto.fr\/index.php?rest_route=\/wp\/v2\/posts"}],"about":[{"href":"https:\/\/lignesauto.fr\/index.php?rest_route=\/wp\/v2\/types\/post"}],"author":[{"embeddable":true,"href":"https:\/\/lignesauto.fr\/index.php?rest_route=\/wp\/v2\/users\/1"}],"replies":[{"embeddable":true,"href":"https:\/\/lignesauto.fr\/index.php?rest_route=%2Fwp%2Fv2%2Fcomments&post=12803"}],"version-history":[{"count":8,"href":"https:\/\/lignesauto.fr\/index.php?rest_route=\/wp\/v2\/posts\/12803\/revisions"}],"predecessor-version":[{"id":12811,"href":"https:\/\/lignesauto.fr\/index.php?rest_route=\/wp\/v2\/posts\/12803\/revisions\/12811"}],"wp:featuredmedia":[{"embeddable":true,"href":"https:\/\/lignesauto.fr\/index.php?rest_route=\/wp\/v2\/media\/12773"}],"wp:attachment":[{"href":"https:\/\/lignesauto.fr\/index.php?rest_route=%2Fwp%2Fv2%2Fmedia&parent=12803"}],"wp:term":[{"taxonomy":"category","embeddable":true,"href":"https:\/\/lignesauto.fr\/index.php?rest_route=%2Fwp%2Fv2%2Fcategories&post=12803"},{"taxonomy":"post_tag","embeddable":true,"href":"https:\/\/lignesauto.fr\/index.php?rest_route=%2Fwp%2Fv2%2Ftags&post=12803"}],"curies":[{"name":"wp","href":"https:\/\/api.w.org\/{rel}","templated":true}]}}