{"id":13098,"date":"2019-09-06T10:33:09","date_gmt":"2019-09-06T08:33:09","guid":{"rendered":"http:\/\/lignesauto.fr\/?p=13098"},"modified":"2019-09-06T10:33:48","modified_gmt":"2019-09-06T08:33:48","slug":"porsche-taycan-les-videos-un-acteur-une-belle-chanson-des-coulisses-et-de-la-dynamique","status":"publish","type":"post","link":"https:\/\/lignesauto.fr\/?p=13098","title":{"rendered":"SPECIAL TAYCAN : les VIDEOS. Un acteur, une belle chanson, des coulisses et de la dynamique !"},"content":{"rendered":"\n<figure class=\"wp-block-image\"><img decoding=\"async\" src=\"http:\/\/lignesauto.fr\/wp-content\/uploads\/2018\/10\/LOGOActus_BD-300x108.jpg\" alt=\"L\u2019attribut alt de cette image est vide, son nom de fichier est LOGOActus_BD-300x108.jpg.\"\/><\/figure>\n\n\n\n<figure class=\"wp-block-image\"><img loading=\"lazy\" decoding=\"async\" width=\"1024\" height=\"576\" src=\"http:\/\/lignesauto.fr\/wp-content\/uploads\/2019\/09\/high_taycan_turbo_s_package_drive_system_2019_porsche_ag-1024x576.jpg\" alt=\"\" class=\"wp-image-13101\" srcset=\"https:\/\/lignesauto.fr\/wp-content\/uploads\/2019\/09\/high_taycan_turbo_s_package_drive_system_2019_porsche_ag-1024x576.jpg 1024w, https:\/\/lignesauto.fr\/wp-content\/uploads\/2019\/09\/high_taycan_turbo_s_package_drive_system_2019_porsche_ag-300x169.jpg 300w, https:\/\/lignesauto.fr\/wp-content\/uploads\/2019\/09\/high_taycan_turbo_s_package_drive_system_2019_porsche_ag-768x432.jpg 768w, https:\/\/lignesauto.fr\/wp-content\/uploads\/2019\/09\/high_taycan_turbo_s_package_drive_system_2019_porsche_ag-370x208.jpg 370w, https:\/\/lignesauto.fr\/wp-content\/uploads\/2019\/09\/high_taycan_turbo_s_package_drive_system_2019_porsche_ag-1040x585.jpg 1040w, https:\/\/lignesauto.fr\/wp-content\/uploads\/2019\/09\/high_taycan_turbo_s_package_drive_system_2019_porsche_ag.jpg 1417w\" sizes=\"(max-width: 1024px) 100vw, 1024px\" \/><\/figure>\n\n\n\n<p>On commence par d\u00e9couvrir l&#8217;acteur autrichien Tyron Ricketts nous pr\u00e9senter, dans l&#8217;usine, la nouvelle Porsche 100% \u00e9lectrique qui, selon lui, sera sans doute sa prochaine voiture ! Evidemment&#8230;<\/p>\n\n\n\n<figure class=\"wp-block-embed-youtube wp-block-embed is-type-video is-provider-youtube wp-embed-aspect-16-9 wp-has-aspect-ratio\"><div class=\"wp-block-embed__wrapper\">\n<iframe loading=\"lazy\" title=\"LIGNES:auto l&#039;actuer Tyron Ricketts et la Taycan\" width=\"640\" height=\"360\" src=\"https:\/\/www.youtube.com\/embed\/tP78gemI1rQ?feature=oembed\" frameborder=\"0\" allow=\"accelerometer; autoplay; clipboard-write; encrypted-media; gyroscope; picture-in-picture; web-share\" referrerpolicy=\"strict-origin-when-cross-origin\" allowfullscreen><\/iframe>\n<\/div><\/figure>\n\n\n\n<p>Et puis on plonge dans un univers plus paisible avec ces premi\u00e8res images tr\u00e8s belles, dans une ambiance m\u00ealant l&#8217;univers industriel du pass\u00e9 et cet engin futuriste&#8230; Le tout agr\u00e9ment\u00e9 d&#8217;une douce m\u00e9lop\u00e9e sur le th\u00e8me de &#8220;Enfin tu es l\u00e0 !&#8221; <\/p>\n\n\n\n<figure class=\"wp-block-embed-youtube wp-block-embed is-type-video is-provider-youtube wp-embed-aspect-16-9 wp-has-aspect-ratio\"><div class=\"wp-block-embed__wrapper\">\n<iframe loading=\"lazy\" title=\"LIGNES:auto TAYCAN 01\" width=\"640\" height=\"360\" src=\"https:\/\/www.youtube.com\/embed\/VpQByahJI04?feature=oembed\" frameborder=\"0\" allow=\"accelerometer; autoplay; clipboard-write; encrypted-media; gyroscope; picture-in-picture; web-share\" referrerpolicy=\"strict-origin-when-cross-origin\" allowfullscreen><\/iframe>\n<\/div><\/figure>\n\n\n\n<p>Et puis, un petit d\u00e9tour dans les coulisses de la pr\u00e9sentation de la Taycan&#8230;<\/p>\n\n\n\n<figure class=\"wp-block-embed-youtube wp-block-embed is-type-video is-provider-youtube wp-embed-aspect-16-9 wp-has-aspect-ratio\"><div class=\"wp-block-embed__wrapper\">\n<iframe loading=\"lazy\" title=\"LIGNES:auto l&#039;envers du de\u0301cor Taycan\" width=\"640\" height=\"360\" src=\"https:\/\/www.youtube.com\/embed\/sloBmhZf1xU?feature=oembed\" frameborder=\"0\" allow=\"accelerometer; autoplay; clipboard-write; encrypted-media; gyroscope; picture-in-picture; web-share\" referrerpolicy=\"strict-origin-when-cross-origin\" allowfullscreen><\/iframe>\n<\/div><\/figure>\n\n\n\n<p>Avant de mettre les gaz&#8230; pardon, les Watts !<\/p>\n\n\n\n<figure class=\"wp-block-embed-youtube wp-block-embed is-type-video is-provider-youtube wp-embed-aspect-16-9 wp-has-aspect-ratio\"><div class=\"wp-block-embed__wrapper\">\n<iframe loading=\"lazy\" title=\"LIGNES:auto Taycan dynamique\" width=\"640\" height=\"360\" src=\"https:\/\/www.youtube.com\/embed\/XPEf929CSzY?feature=oembed\" frameborder=\"0\" allow=\"accelerometer; autoplay; clipboard-write; encrypted-media; gyroscope; picture-in-picture; web-share\" referrerpolicy=\"strict-origin-when-cross-origin\" allowfullscreen><\/iframe>\n<\/div><\/figure>\n\n\n\n<figure class=\"wp-block-image\"><img decoding=\"async\" src=\"http:\/\/lignesauto.fr\/wp-content\/uploads\/2018\/10\/LOGOActus_BD-300x108.jpg\" alt=\"L\u2019attribut alt de cette image est vide, son nom de fichier est LOGOActus_BD-300x108.jpg.\"\/><\/figure>\n","protected":false},"excerpt":{"rendered":"<p>On commence par d\u00e9couvrir l&#8217;acteur autrichien Tyron Ricketts nous pr\u00e9senter, dans l&#8217;usine, la nouvelle Porsche 100% \u00e9lectrique qui, selon lui, sera sans doute sa prochaine voiture ! Evidemment&#8230; Et puis on plonge dans un univers plus paisible avec ces premi\u00e8res images tr\u00e8s belles, dans une ambiance m\u00ealant l&#8217;univers industriel du [&hellip;]<\/p>\n","protected":false},"author":1,"featured_media":13102,"comment_status":"open","ping_status":"open","sticky":false,"template":"","format":"standard","meta":{"footnotes":""},"categories":[1],"tags":[],"_links":{"self":[{"href":"https:\/\/lignesauto.fr\/index.php?rest_route=\/wp\/v2\/posts\/13098"}],"collection":[{"href":"https:\/\/lignesauto.fr\/index.php?rest_route=\/wp\/v2\/posts"}],"about":[{"href":"https:\/\/lignesauto.fr\/index.php?rest_route=\/wp\/v2\/types\/post"}],"author":[{"embeddable":true,"href":"https:\/\/lignesauto.fr\/index.php?rest_route=\/wp\/v2\/users\/1"}],"replies":[{"embeddable":true,"href":"https:\/\/lignesauto.fr\/index.php?rest_route=%2Fwp%2Fv2%2Fcomments&post=13098"}],"version-history":[{"count":7,"href":"https:\/\/lignesauto.fr\/index.php?rest_route=\/wp\/v2\/posts\/13098\/revisions"}],"predecessor-version":[{"id":13107,"href":"https:\/\/lignesauto.fr\/index.php?rest_route=\/wp\/v2\/posts\/13098\/revisions\/13107"}],"wp:featuredmedia":[{"embeddable":true,"href":"https:\/\/lignesauto.fr\/index.php?rest_route=\/wp\/v2\/media\/13102"}],"wp:attachment":[{"href":"https:\/\/lignesauto.fr\/index.php?rest_route=%2Fwp%2Fv2%2Fmedia&parent=13098"}],"wp:term":[{"taxonomy":"category","embeddable":true,"href":"https:\/\/lignesauto.fr\/index.php?rest_route=%2Fwp%2Fv2%2Fcategories&post=13098"},{"taxonomy":"post_tag","embeddable":true,"href":"https:\/\/lignesauto.fr\/index.php?rest_route=%2Fwp%2Fv2%2Ftags&post=13098"}],"curies":[{"name":"wp","href":"https:\/\/api.w.org\/{rel}","templated":true}]}}