{"id":13159,"date":"2019-09-09T18:17:15","date_gmt":"2019-09-09T16:17:15","guid":{"rendered":"http:\/\/lignesauto.fr\/?p=13159"},"modified":"2019-09-09T18:17:15","modified_gmt":"2019-09-09T16:17:15","slug":"flavio-manzoni-directeur-du-design-ferrari-evoque-la-812-gts","status":"publish","type":"post","link":"https:\/\/lignesauto.fr\/?p=13159","title":{"rendered":"Flavio Manzoni, directeur du design Ferrari, \u00e9voque la 812 GTS"},"content":{"rendered":"\n<figure class=\"wp-block-image is-resized\"><img loading=\"lazy\" decoding=\"async\" src=\"http:\/\/lignesauto.fr\/wp-content\/uploads\/2019\/09\/LOGOActus_BD-1024x367.jpg\" alt=\"\" class=\"wp-image-13139\" width=\"317\" height=\"113\" srcset=\"https:\/\/lignesauto.fr\/wp-content\/uploads\/2019\/09\/LOGOActus_BD-1024x367.jpg 1024w, https:\/\/lignesauto.fr\/wp-content\/uploads\/2019\/09\/LOGOActus_BD-300x108.jpg 300w, https:\/\/lignesauto.fr\/wp-content\/uploads\/2019\/09\/LOGOActus_BD-768x276.jpg 768w, https:\/\/lignesauto.fr\/wp-content\/uploads\/2019\/09\/LOGOActus_BD-370x133.jpg 370w, https:\/\/lignesauto.fr\/wp-content\/uploads\/2019\/09\/LOGOActus_BD-1040x373.jpg 1040w, https:\/\/lignesauto.fr\/wp-content\/uploads\/2019\/09\/LOGOActus_BD.jpg 1240w\" sizes=\"(max-width: 317px) 100vw, 317px\" \/><\/figure>\n\n\n\n<p>Comme tant d&#8217;autres constructeurs, Ferrari n&#8217;est pas \u00e0 Francfort \u00e0 l&#8217;occasion de la Grand Messe biennale allemande. Mais la marque qui vient d&#8217;enflammer l&#8217;autodrome de Monza ce week-end avec la victoire de Charles Leclerc en F1 d\u00e9voile le cabriolet 812 GTS \u00e0 moteur V12 ! Plut\u00f4t qu&#8217;un long discours, voici les vid\u00e9os de la belle.<\/p>\n\n\n\n<figure class=\"wp-block-image\"><img loading=\"lazy\" decoding=\"async\" width=\"1024\" height=\"683\" src=\"http:\/\/lignesauto.fr\/wp-content\/uploads\/2019\/09\/LIGNESAUTO812101-1024x683.jpg\" alt=\"\" class=\"wp-image-13169\" srcset=\"https:\/\/lignesauto.fr\/wp-content\/uploads\/2019\/09\/LIGNESAUTO812101-1024x683.jpg 1024w, https:\/\/lignesauto.fr\/wp-content\/uploads\/2019\/09\/LIGNESAUTO812101-300x200.jpg 300w, https:\/\/lignesauto.fr\/wp-content\/uploads\/2019\/09\/LIGNESAUTO812101-768x512.jpg 768w, https:\/\/lignesauto.fr\/wp-content\/uploads\/2019\/09\/LIGNESAUTO812101-370x247.jpg 370w, https:\/\/lignesauto.fr\/wp-content\/uploads\/2019\/09\/LIGNESAUTO812101-1040x694.jpg 1040w, https:\/\/lignesauto.fr\/wp-content\/uploads\/2019\/09\/LIGNESAUTO812101.jpg 1417w\" sizes=\"(max-width: 1024px) 100vw, 1024px\" \/><figcaption>Le profil de la 812 Superfast a \u00e9t\u00e9 modifi\u00e9 \u00e9videmment ainsi que les panneaux de custode mais l&#8217;esprit demeure&#8230;<\/figcaption><\/figure>\n\n\n\n<p>La 812 GTS est la version Spider de la 812 Superfast, dont elle reprend \u00e0 la fois ses sp\u00e9cifications et ses performances, notamment le moteur V12 qui, gr\u00e2ce \u00e0 sa capacit\u00e9 \u00e0 lib\u00e9rer une puissance de 800 ch \u00e0 8 500 tr\/min, est le plus puissant de sa cat\u00e9gorie.<\/p>\n\n\n\n<figure class=\"wp-block-embed-youtube wp-block-embed is-type-video is-provider-youtube wp-embed-aspect-16-9 wp-has-aspect-ratio\"><div class=\"wp-block-embed__wrapper\">\n<iframe loading=\"lazy\" title=\"LIGNES:auto FERRARI 812 GTS\" width=\"640\" height=\"360\" src=\"https:\/\/www.youtube.com\/embed\/_JsFYRlvcWE?feature=oembed\" frameborder=\"0\" allow=\"accelerometer; autoplay; clipboard-write; encrypted-media; gyroscope; picture-in-picture; web-share\" referrerpolicy=\"strict-origin-when-cross-origin\" allowfullscreen><\/iframe>\n<\/div><\/figure>\n\n\n\n<p>Quelques mots de Flavio Manzoni, 54 ans, directeur du design Ferrari qui f\u00eatera ses dix ans \u00e0 la t\u00eate du design Ferrari l&#8217;ann\u00e9e prochaine.<\/p>\n\n\n\n<figure class=\"wp-block-embed-youtube wp-block-embed is-type-video is-provider-youtube wp-embed-aspect-16-9 wp-has-aspect-ratio\"><div class=\"wp-block-embed__wrapper\">\n<iframe loading=\"lazy\" title=\"LIGNES\/auto Flavio Manzoni Ferrari 812 GTS\" width=\"640\" height=\"360\" src=\"https:\/\/www.youtube.com\/embed\/gt5gTvrPMbw?feature=oembed\" frameborder=\"0\" allow=\"accelerometer; autoplay; clipboard-write; encrypted-media; gyroscope; picture-in-picture; web-share\" referrerpolicy=\"strict-origin-when-cross-origin\" allowfullscreen><\/iframe>\n<\/div><\/figure>\n\n\n\n<p>Sur la version Spider de la 812 Superfast, la partie arri\u00e8re de la voiture a \u00e9t\u00e9 enti\u00e8rement redessin\u00e9e. Les imposants arceaux participent au nouveau design, m\u00eame si leur fonction est de camoufler en partie le m\u00e9canisme du toit ouvrant r\u00e9tractable. <\/p>\n\n\n\n<figure class=\"wp-block-image\"><img loading=\"lazy\" decoding=\"async\" width=\"1024\" height=\"724\" src=\"http:\/\/lignesauto.fr\/wp-content\/uploads\/2019\/09\/LIGNES812_01-1024x724.jpg\" alt=\"\" class=\"wp-image-13164\" srcset=\"https:\/\/lignesauto.fr\/wp-content\/uploads\/2019\/09\/LIGNES812_01-1024x724.jpg 1024w, https:\/\/lignesauto.fr\/wp-content\/uploads\/2019\/09\/LIGNES812_01-300x212.jpg 300w, https:\/\/lignesauto.fr\/wp-content\/uploads\/2019\/09\/LIGNES812_01-768x543.jpg 768w, https:\/\/lignesauto.fr\/wp-content\/uploads\/2019\/09\/LIGNES812_01-370x262.jpg 370w, https:\/\/lignesauto.fr\/wp-content\/uploads\/2019\/09\/LIGNES812_01-1040x735.jpg 1040w, https:\/\/lignesauto.fr\/wp-content\/uploads\/2019\/09\/LIGNES812_01.jpg 1417w\" sizes=\"(max-width: 1024px) 100vw, 1024px\" \/><\/figure>\n\n\n\n<p>Quelques mots de Michael Hugo Leiters pour la technique : <\/p>\n\n\n\n<figure class=\"wp-block-embed-youtube wp-block-embed is-type-video is-provider-youtube wp-embed-aspect-16-9 wp-has-aspect-ratio\"><div class=\"wp-block-embed__wrapper\">\n<iframe loading=\"lazy\" title=\"LIGNES:auto Michael Hugo Leiters TECHNIQUE 812\" width=\"640\" height=\"360\" src=\"https:\/\/www.youtube.com\/embed\/4GBr41L1BYg?feature=oembed\" frameborder=\"0\" allow=\"accelerometer; autoplay; clipboard-write; encrypted-media; gyroscope; picture-in-picture; web-share\" referrerpolicy=\"strict-origin-when-cross-origin\" allowfullscreen><\/iframe>\n<\/div><\/figure>\n\n\n\n<p>Et le statique, ici :<\/p>\n\n\n\n<figure class=\"wp-block-image\"><img loading=\"lazy\" decoding=\"async\" width=\"1024\" height=\"724\" src=\"http:\/\/lignesauto.fr\/wp-content\/uploads\/2019\/09\/LIGNES812_02-1024x724.jpg\" alt=\"\" class=\"wp-image-13163\" srcset=\"https:\/\/lignesauto.fr\/wp-content\/uploads\/2019\/09\/LIGNES812_02-1024x724.jpg 1024w, https:\/\/lignesauto.fr\/wp-content\/uploads\/2019\/09\/LIGNES812_02-300x212.jpg 300w, https:\/\/lignesauto.fr\/wp-content\/uploads\/2019\/09\/LIGNES812_02-768x543.jpg 768w, https:\/\/lignesauto.fr\/wp-content\/uploads\/2019\/09\/LIGNES812_02-370x262.jpg 370w, https:\/\/lignesauto.fr\/wp-content\/uploads\/2019\/09\/LIGNES812_02-1040x735.jpg 1040w, https:\/\/lignesauto.fr\/wp-content\/uploads\/2019\/09\/LIGNES812_02.jpg 1417w\" sizes=\"(max-width: 1024px) 100vw, 1024px\" \/><\/figure>\n\n\n\n<figure class=\"wp-block-image\"><img loading=\"lazy\" decoding=\"async\" width=\"1024\" height=\"724\" src=\"http:\/\/lignesauto.fr\/wp-content\/uploads\/2019\/09\/LIGNES812_03-1024x724.jpg\" alt=\"\" class=\"wp-image-13166\" srcset=\"https:\/\/lignesauto.fr\/wp-content\/uploads\/2019\/09\/LIGNES812_03-1024x724.jpg 1024w, https:\/\/lignesauto.fr\/wp-content\/uploads\/2019\/09\/LIGNES812_03-300x212.jpg 300w, https:\/\/lignesauto.fr\/wp-content\/uploads\/2019\/09\/LIGNES812_03-768x543.jpg 768w, https:\/\/lignesauto.fr\/wp-content\/uploads\/2019\/09\/LIGNES812_03-370x262.jpg 370w, https:\/\/lignesauto.fr\/wp-content\/uploads\/2019\/09\/LIGNES812_03-1040x735.jpg 1040w, https:\/\/lignesauto.fr\/wp-content\/uploads\/2019\/09\/LIGNES812_03.jpg 1417w\" sizes=\"(max-width: 1024px) 100vw, 1024px\" \/><\/figure>\n\n\n\n<figure class=\"wp-block-image\"><img loading=\"lazy\" decoding=\"async\" width=\"1024\" height=\"683\" src=\"http:\/\/lignesauto.fr\/wp-content\/uploads\/2019\/09\/LIGNES812_100-1024x683.jpg\" alt=\"\" class=\"wp-image-13168\" srcset=\"https:\/\/lignesauto.fr\/wp-content\/uploads\/2019\/09\/LIGNES812_100-1024x683.jpg 1024w, https:\/\/lignesauto.fr\/wp-content\/uploads\/2019\/09\/LIGNES812_100-300x200.jpg 300w, https:\/\/lignesauto.fr\/wp-content\/uploads\/2019\/09\/LIGNES812_100-768x512.jpg 768w, https:\/\/lignesauto.fr\/wp-content\/uploads\/2019\/09\/LIGNES812_100-370x247.jpg 370w, https:\/\/lignesauto.fr\/wp-content\/uploads\/2019\/09\/LIGNES812_100-1040x694.jpg 1040w, https:\/\/lignesauto.fr\/wp-content\/uploads\/2019\/09\/LIGNES812_100.jpg 1417w\" sizes=\"(max-width: 1024px) 100vw, 1024px\" \/><\/figure>\n\n\n\n<figure class=\"wp-block-image is-resized\"><img loading=\"lazy\" decoding=\"async\" src=\"http:\/\/lignesauto.fr\/wp-content\/uploads\/2019\/09\/LOGOActus_BD-1024x367.jpg\" alt=\"\" class=\"wp-image-13139\" width=\"331\" height=\"118\" srcset=\"https:\/\/lignesauto.fr\/wp-content\/uploads\/2019\/09\/LOGOActus_BD-1024x367.jpg 1024w, https:\/\/lignesauto.fr\/wp-content\/uploads\/2019\/09\/LOGOActus_BD-300x108.jpg 300w, https:\/\/lignesauto.fr\/wp-content\/uploads\/2019\/09\/LOGOActus_BD-768x276.jpg 768w, https:\/\/lignesauto.fr\/wp-content\/uploads\/2019\/09\/LOGOActus_BD-370x133.jpg 370w, https:\/\/lignesauto.fr\/wp-content\/uploads\/2019\/09\/LOGOActus_BD-1040x373.jpg 1040w, https:\/\/lignesauto.fr\/wp-content\/uploads\/2019\/09\/LOGOActus_BD.jpg 1240w\" sizes=\"(max-width: 331px) 100vw, 331px\" \/><\/figure>\n","protected":false},"excerpt":{"rendered":"<p>Comme tant d&#8217;autres constructeurs, Ferrari n&#8217;est pas \u00e0 Francfort \u00e0 l&#8217;occasion de la Grand Messe biennale allemande. Mais la marque qui vient d&#8217;enflammer l&#8217;autodrome de Monza ce week-end avec la victoire de Charles Leclerc en F1 d\u00e9voile le cabriolet 812 GTS \u00e0 moteur V12 ! Plut\u00f4t qu&#8217;un long discours, voici [&hellip;]<\/p>\n","protected":false},"author":1,"featured_media":13168,"comment_status":"open","ping_status":"open","sticky":false,"template":"","format":"standard","meta":{"footnotes":""},"categories":[1],"tags":[],"_links":{"self":[{"href":"https:\/\/lignesauto.fr\/index.php?rest_route=\/wp\/v2\/posts\/13159"}],"collection":[{"href":"https:\/\/lignesauto.fr\/index.php?rest_route=\/wp\/v2\/posts"}],"about":[{"href":"https:\/\/lignesauto.fr\/index.php?rest_route=\/wp\/v2\/types\/post"}],"author":[{"embeddable":true,"href":"https:\/\/lignesauto.fr\/index.php?rest_route=\/wp\/v2\/users\/1"}],"replies":[{"embeddable":true,"href":"https:\/\/lignesauto.fr\/index.php?rest_route=%2Fwp%2Fv2%2Fcomments&post=13159"}],"version-history":[{"count":10,"href":"https:\/\/lignesauto.fr\/index.php?rest_route=\/wp\/v2\/posts\/13159\/revisions"}],"predecessor-version":[{"id":13174,"href":"https:\/\/lignesauto.fr\/index.php?rest_route=\/wp\/v2\/posts\/13159\/revisions\/13174"}],"wp:featuredmedia":[{"embeddable":true,"href":"https:\/\/lignesauto.fr\/index.php?rest_route=\/wp\/v2\/media\/13168"}],"wp:attachment":[{"href":"https:\/\/lignesauto.fr\/index.php?rest_route=%2Fwp%2Fv2%2Fmedia&parent=13159"}],"wp:term":[{"taxonomy":"category","embeddable":true,"href":"https:\/\/lignesauto.fr\/index.php?rest_route=%2Fwp%2Fv2%2Fcategories&post=13159"},{"taxonomy":"post_tag","embeddable":true,"href":"https:\/\/lignesauto.fr\/index.php?rest_route=%2Fwp%2Fv2%2Ftags&post=13159"}],"curies":[{"name":"wp","href":"https:\/\/api.w.org\/{rel}","templated":true}]}}