{"id":13219,"date":"2019-09-10T18:17:24","date_gmt":"2019-09-10T16:17:24","guid":{"rendered":"http:\/\/lignesauto.fr\/?p=13219"},"modified":"2019-09-10T18:17:24","modified_gmt":"2019-09-10T16:17:24","slug":"design-bmw-une-equipe-totalement-remaniee","status":"publish","type":"post","link":"https:\/\/lignesauto.fr\/?p=13219","title":{"rendered":"Design BMW : une \u00e9quipe totalement remani\u00e9e"},"content":{"rendered":"\n<figure class=\"wp-block-image is-resized\"><img loading=\"lazy\" decoding=\"async\" src=\"http:\/\/lignesauto.fr\/wp-content\/uploads\/2019\/09\/LOGOActus_BD-1024x367.jpg\" alt=\"\" class=\"wp-image-13139\" width=\"354\" height=\"126\" srcset=\"https:\/\/lignesauto.fr\/wp-content\/uploads\/2019\/09\/LOGOActus_BD-1024x367.jpg 1024w, https:\/\/lignesauto.fr\/wp-content\/uploads\/2019\/09\/LOGOActus_BD-300x108.jpg 300w, https:\/\/lignesauto.fr\/wp-content\/uploads\/2019\/09\/LOGOActus_BD-768x276.jpg 768w, https:\/\/lignesauto.fr\/wp-content\/uploads\/2019\/09\/LOGOActus_BD-370x133.jpg 370w, https:\/\/lignesauto.fr\/wp-content\/uploads\/2019\/09\/LOGOActus_BD-1040x373.jpg 1040w, https:\/\/lignesauto.fr\/wp-content\/uploads\/2019\/09\/LOGOActus_BD.jpg 1240w\" sizes=\"(max-width: 354px) 100vw, 354px\" \/><\/figure>\n\n\n\n<p>Vous avez \u00e9t\u00e9 nombreux \u00e0 r\u00e9agir au sujet des &#8220;chaises musicales&#8221; dans l&#8217;univers du design, suite \u00e0 la nomination de Karim Habib chez Kia (<a href=\"http:\/\/lignesauto.fr\/?p=13108\">http:\/\/lignesauto.fr\/?p=13108<\/a>). Une autre \u00e9quipe de design, internationale elle aussi, se renforce, celle de BMW.<\/p>\n\n\n\n<figure class=\"wp-block-image\"><img loading=\"lazy\" decoding=\"async\" width=\"1024\" height=\"683\" src=\"http:\/\/lignesauto.fr\/wp-content\/uploads\/2019\/09\/LIGNESBMW-DESIGN-1024x683.jpg\" alt=\"\" class=\"wp-image-13230\" srcset=\"https:\/\/lignesauto.fr\/wp-content\/uploads\/2019\/09\/LIGNESBMW-DESIGN-1024x683.jpg 1024w, https:\/\/lignesauto.fr\/wp-content\/uploads\/2019\/09\/LIGNESBMW-DESIGN-300x200.jpg 300w, https:\/\/lignesauto.fr\/wp-content\/uploads\/2019\/09\/LIGNESBMW-DESIGN-768x512.jpg 768w, https:\/\/lignesauto.fr\/wp-content\/uploads\/2019\/09\/LIGNESBMW-DESIGN-370x247.jpg 370w, https:\/\/lignesauto.fr\/wp-content\/uploads\/2019\/09\/LIGNESBMW-DESIGN-1040x694.jpg 1040w, https:\/\/lignesauto.fr\/wp-content\/uploads\/2019\/09\/LIGNESBMW-DESIGN.jpg 1417w\" sizes=\"(max-width: 1024px) 100vw, 1024px\" \/><figcaption>Le concept BMW S\u00e9rie 4 de Francfort 2019 dans le studio de design BMW.<\/figcaption><\/figure>\n\n\n\n<p>C&#8217;est tout d&#8217;abord les bureaux de design de BMW i et de BMW M qui int\u00e8grent l&#8217;entit\u00e9 de BMW Design.&nbsp;Il est int\u00e9ressant de noter, si vous avez lu le post sur la nomination de Karim Habib chez Kia, que BMW i \u00e9tait nagu\u00e8re g\u00e9r\u00e9 par Beno\u00eet Jacob et BMW M devait \u00eatre repris par Pierre Leclercq, avant que ce dernier n&#8217;aille chez Kia ! Le monde est petit, non ?<\/p>\n\n\n\n<figure class=\"wp-block-image\"><img loading=\"lazy\" decoding=\"async\" width=\"1024\" height=\"689\" src=\"http:\/\/lignesauto.fr\/wp-content\/uploads\/2019\/06\/LIGNES06-1024x689.jpg\" alt=\"\" class=\"wp-image-11089\" srcset=\"https:\/\/lignesauto.fr\/wp-content\/uploads\/2019\/06\/LIGNES06-1024x689.jpg 1024w, https:\/\/lignesauto.fr\/wp-content\/uploads\/2019\/06\/LIGNES06-300x202.jpg 300w, https:\/\/lignesauto.fr\/wp-content\/uploads\/2019\/06\/LIGNES06-768x517.jpg 768w, https:\/\/lignesauto.fr\/wp-content\/uploads\/2019\/06\/LIGNES06-370x249.jpg 370w, https:\/\/lignesauto.fr\/wp-content\/uploads\/2019\/06\/LIGNES06-1040x700.jpg 1040w, https:\/\/lignesauto.fr\/wp-content\/uploads\/2019\/06\/LIGNES06.jpg 1417w\" sizes=\"(max-width: 1024px) 100vw, 1024px\" \/><figcaption>Le studio de design de BMW &#8220;M&#8221;.<\/figcaption><\/figure>\n\n\n\n<p>Apr\u00e8s cette unification fort logique, parlons des hommes. Domagoj Dukec, responsable du design de la marque BMW depuis le printemps 2019, a r\u00e9organis\u00e9 son \u00e9quipe sous la responsabilit\u00e9 du grand ma\u00eetre des lieux, Adrian van Hooydonk (ci-dessous), vice-pr\u00e9sident principal de BMW Group Design : &#8220;<em>Je suis tr\u00e8s enthousiaste quant \u00e0 l&#8217;orientation future de nos studios de design BMW avec Domagoj Dukec \u00e0 la barre <\/em>&#8220;, a-t-il d\u00e9clar\u00e9 \u00e0 propos des changements. &#8220;<em>La structure maintenant en place assure une plus grande cr\u00e9ativit\u00e9 et agilit\u00e9 dans notre processus de conception. L&#8217;\u00e9quipe de Domagoj a acquis une large exp\u00e9rience dans les studios des diff\u00e9rentes marques du groupe BMW et de notre filiale Designworks.<\/em>&#8221;&nbsp;<\/p>\n\n\n\n<figure class=\"wp-block-image\"><img loading=\"lazy\" decoding=\"async\" width=\"724\" height=\"1024\" src=\"http:\/\/lignesauto.fr\/wp-content\/uploads\/2019\/09\/LIGNES100-724x1024.jpg\" alt=\"\" class=\"wp-image-13229\" srcset=\"https:\/\/lignesauto.fr\/wp-content\/uploads\/2019\/09\/LIGNES100-724x1024.jpg 724w, https:\/\/lignesauto.fr\/wp-content\/uploads\/2019\/09\/LIGNES100-212x300.jpg 212w, https:\/\/lignesauto.fr\/wp-content\/uploads\/2019\/09\/LIGNES100-768x1086.jpg 768w, https:\/\/lignesauto.fr\/wp-content\/uploads\/2019\/09\/LIGNES100-370x523.jpg 370w, https:\/\/lignesauto.fr\/wp-content\/uploads\/2019\/09\/LIGNES100-1040x1471.jpg 1040w\" sizes=\"(max-width: 724px) 100vw, 724px\" \/><figcaption>Adrian van Hooydonk<\/figcaption><\/figure>\n\n\n\n<p>Ajoutons-y une exp\u00e9rience chez&#8230; Citro\u00ebn o\u00f9 on a vu Domagoj Dukec voici une dizaine d&#8217;ann\u00e9es dans le service des concept-cars, notamment lors de la gen\u00e8se de la Citro\u00ebn Hypnos, ci-dessous.<\/p>\n\n\n\n<figure class=\"wp-block-image\"><img loading=\"lazy\" decoding=\"async\" width=\"681\" height=\"1024\" src=\"http:\/\/lignesauto.fr\/wp-content\/uploads\/2019\/09\/LIGNES101-681x1024.jpg\" alt=\"\" class=\"wp-image-13227\" srcset=\"https:\/\/lignesauto.fr\/wp-content\/uploads\/2019\/09\/LIGNES101-681x1024.jpg 681w, https:\/\/lignesauto.fr\/wp-content\/uploads\/2019\/09\/LIGNES101-200x300.jpg 200w, https:\/\/lignesauto.fr\/wp-content\/uploads\/2019\/09\/LIGNES101-768x1154.jpg 768w, https:\/\/lignesauto.fr\/wp-content\/uploads\/2019\/09\/LIGNES101-370x556.jpg 370w, https:\/\/lignesauto.fr\/wp-content\/uploads\/2019\/09\/LIGNES101-1040x1563.jpg 1040w, https:\/\/lignesauto.fr\/wp-content\/uploads\/2019\/09\/LIGNES101.jpg 1417w\" sizes=\"(max-width: 681px) 100vw, 681px\" \/><\/figure>\n\n\n\n<p>Reprenons la pyramide du design BMW Groupe : Adrian van Hooydonk est responsable du design de toutes les marques du groupe, BMW, Mini, Rolls Royce et garant de l&#8217;identit\u00e9 de ces marques et de tout ce qui gravite autour.  Op\u00e9rons maintenant un zoom sur la marque BMW. Domagoj Dukec est le directeur du design de cette marque.  Il a d\u00e9sormais un nouveau directeur du design ext\u00e9rieur en la personne de Christopher Weil, qui quitte son poste pr\u00e9c\u00e9dent de chef du design ext\u00e9rieur chez MINI. <\/p>\n\n\n\n<figure class=\"wp-block-image\"><img loading=\"lazy\" decoding=\"async\" width=\"1024\" height=\"683\" src=\"http:\/\/lignesauto.fr\/wp-content\/uploads\/2019\/09\/Christopher-Weil--1024x683.jpg\" alt=\"\" class=\"wp-image-13221\" srcset=\"https:\/\/lignesauto.fr\/wp-content\/uploads\/2019\/09\/Christopher-Weil--1024x683.jpg 1024w, https:\/\/lignesauto.fr\/wp-content\/uploads\/2019\/09\/Christopher-Weil--300x200.jpg 300w, https:\/\/lignesauto.fr\/wp-content\/uploads\/2019\/09\/Christopher-Weil--768x512.jpg 768w, https:\/\/lignesauto.fr\/wp-content\/uploads\/2019\/09\/Christopher-Weil--370x247.jpg 370w, https:\/\/lignesauto.fr\/wp-content\/uploads\/2019\/09\/Christopher-Weil--1040x694.jpg 1040w, https:\/\/lignesauto.fr\/wp-content\/uploads\/2019\/09\/Christopher-Weil-.jpg 1417w\" sizes=\"(max-width: 1024px) 100vw, 1024px\" \/><figcaption>Christopher Weil, responsable design ext\u00e9rieur BMW<\/figcaption><\/figure>\n\n\n\n<p>Oliver Sieghart ci-dessous, prendra lui la direction du design int\u00e9rieur de BMW apr\u00e8s avoir \u00e9t\u00e9 r\u00e9cemment responsable de l&#8217;<em>Advanced Design Automotive<\/em> chez Designworks \u00e0 Los Angeles.<\/p>\n\n\n\n<figure class=\"wp-block-image\"><img loading=\"lazy\" decoding=\"async\" width=\"1024\" height=\"683\" src=\"http:\/\/lignesauto.fr\/wp-content\/uploads\/2019\/09\/Oliver-Sieghart--1024x683.jpg\" alt=\"\" class=\"wp-image-13224\" srcset=\"https:\/\/lignesauto.fr\/wp-content\/uploads\/2019\/09\/Oliver-Sieghart--1024x683.jpg 1024w, https:\/\/lignesauto.fr\/wp-content\/uploads\/2019\/09\/Oliver-Sieghart--300x200.jpg 300w, https:\/\/lignesauto.fr\/wp-content\/uploads\/2019\/09\/Oliver-Sieghart--768x512.jpg 768w, https:\/\/lignesauto.fr\/wp-content\/uploads\/2019\/09\/Oliver-Sieghart--370x247.jpg 370w, https:\/\/lignesauto.fr\/wp-content\/uploads\/2019\/09\/Oliver-Sieghart--1040x694.jpg 1040w, https:\/\/lignesauto.fr\/wp-content\/uploads\/2019\/09\/Oliver-Sieghart-.jpg 1417w\" sizes=\"(max-width: 1024px) 100vw, 1024px\" \/><figcaption>Oliver Sieghart, directeur du design int\u00e9rieur BMW.<\/figcaption><\/figure>\n\n\n\n<p>Annette Baumeister, auparavant directrice de studio chez Designworks \u00e0 Shanghai avec une connaissance importante du march\u00e9 chinois, dirige maintenant le d\u00e9partement des couleurs, mati\u00e8res et finitions de BMW.<\/p>\n\n\n\n<figure class=\"wp-block-image\"><img loading=\"lazy\" decoding=\"async\" width=\"1024\" height=\"684\" src=\"http:\/\/lignesauto.fr\/wp-content\/uploads\/2019\/09\/Annette-Baumeister--1024x684.jpg\" alt=\"\" class=\"wp-image-13220\" srcset=\"https:\/\/lignesauto.fr\/wp-content\/uploads\/2019\/09\/Annette-Baumeister--1024x684.jpg 1024w, https:\/\/lignesauto.fr\/wp-content\/uploads\/2019\/09\/Annette-Baumeister--300x200.jpg 300w, https:\/\/lignesauto.fr\/wp-content\/uploads\/2019\/09\/Annette-Baumeister--768x513.jpg 768w, https:\/\/lignesauto.fr\/wp-content\/uploads\/2019\/09\/Annette-Baumeister--370x247.jpg 370w, https:\/\/lignesauto.fr\/wp-content\/uploads\/2019\/09\/Annette-Baumeister--1040x695.jpg 1040w, https:\/\/lignesauto.fr\/wp-content\/uploads\/2019\/09\/Annette-Baumeister-.jpg 1417w\" sizes=\"(max-width: 1024px) 100vw, 1024px\" \/><figcaption>Annette Baumeister, responsable du d\u00e9partement couleurs et mati\u00e8res BMW.<\/figcaption><\/figure>\n\n\n\n<p>Kai Langer, l&#8217;un des pionniers du design progressif \u00e0 l&#8217;origine de BMW i Design, prend les commandes de cette branche tr\u00e8s hybride et \u00e9lectrique ! <\/p>\n\n\n\n<figure class=\"wp-block-image\"><img loading=\"lazy\" decoding=\"async\" width=\"1024\" height=\"683\" src=\"http:\/\/lignesauto.fr\/wp-content\/uploads\/2019\/09\/Kai-Langer--1024x683.jpg\" alt=\"\" class=\"wp-image-13222\" srcset=\"https:\/\/lignesauto.fr\/wp-content\/uploads\/2019\/09\/Kai-Langer--1024x683.jpg 1024w, https:\/\/lignesauto.fr\/wp-content\/uploads\/2019\/09\/Kai-Langer--300x200.jpg 300w, https:\/\/lignesauto.fr\/wp-content\/uploads\/2019\/09\/Kai-Langer--768x512.jpg 768w, https:\/\/lignesauto.fr\/wp-content\/uploads\/2019\/09\/Kai-Langer--370x247.jpg 370w, https:\/\/lignesauto.fr\/wp-content\/uploads\/2019\/09\/Kai-Langer--1040x694.jpg 1040w, https:\/\/lignesauto.fr\/wp-content\/uploads\/2019\/09\/Kai-Langer-.jpg 1417w\" sizes=\"(max-width: 1024px) 100vw, 1024px\" \/><figcaption>Kai Langer, responsable de la divisions BMWi.<\/figcaption><\/figure>\n\n\n\n<p>Marcus Syring, qui occupe ce poste depuis maintenant trois ans, reste \u00e0 la t\u00eate de BMW M Design.&nbsp;<\/p>\n\n\n\n<figure class=\"wp-block-image\"><img loading=\"lazy\" decoding=\"async\" width=\"1024\" height=\"683\" src=\"http:\/\/lignesauto.fr\/wp-content\/uploads\/2019\/09\/Marcus-Syring--1024x683.jpg\" alt=\"\" class=\"wp-image-13223\" srcset=\"https:\/\/lignesauto.fr\/wp-content\/uploads\/2019\/09\/Marcus-Syring--1024x683.jpg 1024w, https:\/\/lignesauto.fr\/wp-content\/uploads\/2019\/09\/Marcus-Syring--300x200.jpg 300w, https:\/\/lignesauto.fr\/wp-content\/uploads\/2019\/09\/Marcus-Syring--768x512.jpg 768w, https:\/\/lignesauto.fr\/wp-content\/uploads\/2019\/09\/Marcus-Syring--370x247.jpg 370w, https:\/\/lignesauto.fr\/wp-content\/uploads\/2019\/09\/Marcus-Syring--1040x694.jpg 1040w, https:\/\/lignesauto.fr\/wp-content\/uploads\/2019\/09\/Marcus-Syring-.jpg 1417w\" sizes=\"(max-width: 1024px) 100vw, 1024px\" \/><\/figure>\n\n\n\n<p>Domagoj Dukec confirme que &#8220;<em>le design est la cl\u00e9 pour d\u00e9bloquer la v\u00e9ritable \u00e9motion d&#8217;une produit, encore plus celui de demain. Il apporte des solutions cr\u00e9atives et donne forme \u00e0 des technologies innovantes. Avec cette \u00e9quipe de designers exceptionnels, nous avons les ingr\u00e9dients n\u00e9cessaires pour le travail en place. Notre mission est claire : la conception des v\u00e9hicules de BMW et des divisions BMW M et BMW i repr\u00e9sentera un signal visuel clair pour la mobilit\u00e9 future.&#8221;&nbsp;<\/em><\/p>\n\n\n\n<figure class=\"wp-block-image\"><img loading=\"lazy\" decoding=\"async\" width=\"1024\" height=\"683\" src=\"http:\/\/lignesauto.fr\/wp-content\/uploads\/2019\/09\/P90364983_highRes_neuausrichtung-bmw-d-1024x683.jpg\" alt=\"\" class=\"wp-image-13225\" srcset=\"https:\/\/lignesauto.fr\/wp-content\/uploads\/2019\/09\/P90364983_highRes_neuausrichtung-bmw-d-1024x683.jpg 1024w, https:\/\/lignesauto.fr\/wp-content\/uploads\/2019\/09\/P90364983_highRes_neuausrichtung-bmw-d-300x200.jpg 300w, https:\/\/lignesauto.fr\/wp-content\/uploads\/2019\/09\/P90364983_highRes_neuausrichtung-bmw-d-768x512.jpg 768w, https:\/\/lignesauto.fr\/wp-content\/uploads\/2019\/09\/P90364983_highRes_neuausrichtung-bmw-d-370x247.jpg 370w, https:\/\/lignesauto.fr\/wp-content\/uploads\/2019\/09\/P90364983_highRes_neuausrichtung-bmw-d-1040x694.jpg 1040w, https:\/\/lignesauto.fr\/wp-content\/uploads\/2019\/09\/P90364983_highRes_neuausrichtung-bmw-d.jpg 1417w\" sizes=\"(max-width: 1024px) 100vw, 1024px\" \/><figcaption>Toute la nouvelle \u00e9quipe r\u00e9unie autour de Domagoj Dukec au centre.<\/figcaption><\/figure>\n\n\n\n<p>Ci-dessous, le teaser de la BMW S\u00e9rie 4 pr\u00e9sent\u00e9e \u00e0 l&#8217;occasion du salon de Francfort.<\/p>\n\n\n\n<figure class=\"wp-block-embed-youtube wp-block-embed is-type-video is-provider-youtube wp-embed-aspect-16-9 wp-has-aspect-ratio\"><div class=\"wp-block-embed__wrapper\">\n<iframe loading=\"lazy\" title=\"LIGNESauto Concept BMW Serie 4 2019\" width=\"640\" height=\"360\" src=\"https:\/\/www.youtube.com\/embed\/UmscxkOtZPk?feature=oembed\" frameborder=\"0\" allow=\"accelerometer; autoplay; clipboard-write; encrypted-media; gyroscope; picture-in-picture; web-share\" referrerpolicy=\"strict-origin-when-cross-origin\" allowfullscreen><\/iframe>\n<\/div><\/figure>\n\n\n\n<figure class=\"wp-block-image is-resized\"><img loading=\"lazy\" decoding=\"async\" src=\"http:\/\/lignesauto.fr\/wp-content\/uploads\/2019\/09\/LOGOActus_BD-1024x367.jpg\" alt=\"L\u2019attribut alt de cette image est vide, son nom de fichier est LOGOActus_BD-1024x367.jpg.\" width=\"363\" height=\"129\"\/><\/figure>\n","protected":false},"excerpt":{"rendered":"<p>Vous avez \u00e9t\u00e9 nombreux \u00e0 r\u00e9agir au sujet des &#8220;chaises musicales&#8221; dans l&#8217;univers du design, suite \u00e0 la nomination de Karim Habib chez Kia (http:\/\/lignesauto.fr\/?p=13108). Une autre \u00e9quipe de design, internationale elle aussi, se renforce, celle de BMW. C&#8217;est tout d&#8217;abord les bureaux de design de BMW i et de [&hellip;]<\/p>\n","protected":false},"author":1,"featured_media":13225,"comment_status":"open","ping_status":"open","sticky":false,"template":"","format":"standard","meta":{"footnotes":""},"categories":[1],"tags":[],"_links":{"self":[{"href":"https:\/\/lignesauto.fr\/index.php?rest_route=\/wp\/v2\/posts\/13219"}],"collection":[{"href":"https:\/\/lignesauto.fr\/index.php?rest_route=\/wp\/v2\/posts"}],"about":[{"href":"https:\/\/lignesauto.fr\/index.php?rest_route=\/wp\/v2\/types\/post"}],"author":[{"embeddable":true,"href":"https:\/\/lignesauto.fr\/index.php?rest_route=\/wp\/v2\/users\/1"}],"replies":[{"embeddable":true,"href":"https:\/\/lignesauto.fr\/index.php?rest_route=%2Fwp%2Fv2%2Fcomments&post=13219"}],"version-history":[{"count":17,"href":"https:\/\/lignesauto.fr\/index.php?rest_route=\/wp\/v2\/posts\/13219\/revisions"}],"predecessor-version":[{"id":13250,"href":"https:\/\/lignesauto.fr\/index.php?rest_route=\/wp\/v2\/posts\/13219\/revisions\/13250"}],"wp:featuredmedia":[{"embeddable":true,"href":"https:\/\/lignesauto.fr\/index.php?rest_route=\/wp\/v2\/media\/13225"}],"wp:attachment":[{"href":"https:\/\/lignesauto.fr\/index.php?rest_route=%2Fwp%2Fv2%2Fmedia&parent=13219"}],"wp:term":[{"taxonomy":"category","embeddable":true,"href":"https:\/\/lignesauto.fr\/index.php?rest_route=%2Fwp%2Fv2%2Fcategories&post=13219"},{"taxonomy":"post_tag","embeddable":true,"href":"https:\/\/lignesauto.fr\/index.php?rest_route=%2Fwp%2Fv2%2Ftags&post=13219"}],"curies":[{"name":"wp","href":"https:\/\/api.w.org\/{rel}","templated":true}]}}