{"id":13251,"date":"2019-09-16T07:57:45","date_gmt":"2019-09-16T05:57:45","guid":{"rendered":"http:\/\/lignesauto.fr\/?p=13251"},"modified":"2019-09-16T08:00:21","modified_gmt":"2019-09-16T06:00:21","slug":"serie-4-concept-la-bm-double-nez-lhistoire-du-double-haricot-magique","status":"publish","type":"post","link":"https:\/\/lignesauto.fr\/?p=13251","title":{"rendered":"S\u00e9rie 4 Concept : la BM double-nez. L&#8217;histoire du double haricot magique&#8230;"},"content":{"rendered":"\n<figure class=\"wp-block-image is-resized\"><img loading=\"lazy\" decoding=\"async\" src=\"http:\/\/lignesauto.fr\/wp-content\/uploads\/2019\/09\/LOGOActus_BD-1024x367.jpg\" alt=\"\" class=\"wp-image-13139\" width=\"295\" height=\"105\" srcset=\"https:\/\/lignesauto.fr\/wp-content\/uploads\/2019\/09\/LOGOActus_BD-1024x367.jpg 1024w, https:\/\/lignesauto.fr\/wp-content\/uploads\/2019\/09\/LOGOActus_BD-300x108.jpg 300w, https:\/\/lignesauto.fr\/wp-content\/uploads\/2019\/09\/LOGOActus_BD-768x276.jpg 768w, https:\/\/lignesauto.fr\/wp-content\/uploads\/2019\/09\/LOGOActus_BD-370x133.jpg 370w, https:\/\/lignesauto.fr\/wp-content\/uploads\/2019\/09\/LOGOActus_BD-1040x373.jpg 1040w, https:\/\/lignesauto.fr\/wp-content\/uploads\/2019\/09\/LOGOActus_BD.jpg 1240w\" sizes=\"(max-width: 295px) 100vw, 295px\" \/><\/figure>\n\n\n\n<figure class=\"wp-block-image\"><img loading=\"lazy\" decoding=\"async\" width=\"1024\" height=\"540\" src=\"http:\/\/lignesauto.fr\/wp-content\/uploads\/2019\/09\/P90364620_highRes_bmw-concept-4-09-201-1024x540.jpg\" alt=\"\" class=\"wp-image-13253\" srcset=\"https:\/\/lignesauto.fr\/wp-content\/uploads\/2019\/09\/P90364620_highRes_bmw-concept-4-09-201-1024x540.jpg 1024w, https:\/\/lignesauto.fr\/wp-content\/uploads\/2019\/09\/P90364620_highRes_bmw-concept-4-09-201-300x158.jpg 300w, https:\/\/lignesauto.fr\/wp-content\/uploads\/2019\/09\/P90364620_highRes_bmw-concept-4-09-201-768x405.jpg 768w, https:\/\/lignesauto.fr\/wp-content\/uploads\/2019\/09\/P90364620_highRes_bmw-concept-4-09-201-370x195.jpg 370w, https:\/\/lignesauto.fr\/wp-content\/uploads\/2019\/09\/P90364620_highRes_bmw-concept-4-09-201-1040x548.jpg 1040w, https:\/\/lignesauto.fr\/wp-content\/uploads\/2019\/09\/P90364620_highRes_bmw-concept-4-09-201.jpg 1417w\" sizes=\"(max-width: 1024px) 100vw, 1024px\" \/><\/figure>\n\n\n\n<p>Cela nous avait quelque peu intrigu\u00e9, pour ne pas \u00e9crire autre chose, avec le restylage de la S\u00e9rie 7 ci-dessous. En d\u00e9couvrant ses naseaux &#8211; pour lesquels Kleenex va devoir agrandir ses usines &#8211; nous avons repens\u00e9 \u00e0 la g\u00e9n\u00e9alogie des &#8220;naseaux&#8221; dans l&#8217;histoire de BMW.<\/p>\n\n\n\n<figure class=\"wp-block-image\"><a href=\"http:\/\/lignesauto.fr\/wp-content\/uploads\/2019\/01\/P90334981_highRes_new-bmw-7-series-wor.jpg\"><img loading=\"lazy\" decoding=\"async\" width=\"1024\" height=\"683\" src=\"http:\/\/lignesauto.fr\/wp-content\/uploads\/2019\/01\/P90334981_highRes_new-bmw-7-series-wor-1024x683.jpg\" alt=\"\" class=\"wp-image-7120\" srcset=\"https:\/\/lignesauto.fr\/wp-content\/uploads\/2019\/01\/P90334981_highRes_new-bmw-7-series-wor-1024x683.jpg 1024w, https:\/\/lignesauto.fr\/wp-content\/uploads\/2019\/01\/P90334981_highRes_new-bmw-7-series-wor-300x200.jpg 300w, https:\/\/lignesauto.fr\/wp-content\/uploads\/2019\/01\/P90334981_highRes_new-bmw-7-series-wor-768x512.jpg 768w, https:\/\/lignesauto.fr\/wp-content\/uploads\/2019\/01\/P90334981_highRes_new-bmw-7-series-wor-370x247.jpg 370w, https:\/\/lignesauto.fr\/wp-content\/uploads\/2019\/01\/P90334981_highRes_new-bmw-7-series-wor-1040x694.jpg 1040w, https:\/\/lignesauto.fr\/wp-content\/uploads\/2019\/01\/P90334981_highRes_new-bmw-7-series-wor.jpg 1984w\" sizes=\"(max-width: 1024px) 100vw, 1024px\" \/><\/a><\/figure>\n\n\n\n<p>Nous vous proposons de jouer les oto-rhino-laryngologistes et de plonger dans les fameuses narines des BMW \u00e0 travers les \u00e2ges. D&#8217;autant qu&#8217;avec la nouvelle S\u00e9rie 4 Concept d\u00e9voil\u00e9e \u00e0 Francfort, une nouvelle orientation du th\u00e8me semble \u00eatre&#8230; n\u00e9e.<\/p>\n\n\n\n<figure class=\"wp-block-image\"><img loading=\"lazy\" decoding=\"async\" width=\"1024\" height=\"683\" src=\"http:\/\/lignesauto.fr\/wp-content\/uploads\/2019\/09\/P90364670_highRes_bmw-concept-4-09-201-1024x683.jpg\" alt=\"\" class=\"wp-image-13257\" srcset=\"https:\/\/lignesauto.fr\/wp-content\/uploads\/2019\/09\/P90364670_highRes_bmw-concept-4-09-201-1024x683.jpg 1024w, https:\/\/lignesauto.fr\/wp-content\/uploads\/2019\/09\/P90364670_highRes_bmw-concept-4-09-201-300x200.jpg 300w, https:\/\/lignesauto.fr\/wp-content\/uploads\/2019\/09\/P90364670_highRes_bmw-concept-4-09-201-768x512.jpg 768w, https:\/\/lignesauto.fr\/wp-content\/uploads\/2019\/09\/P90364670_highRes_bmw-concept-4-09-201-370x247.jpg 370w, https:\/\/lignesauto.fr\/wp-content\/uploads\/2019\/09\/P90364670_highRes_bmw-concept-4-09-201-1040x694.jpg 1040w, https:\/\/lignesauto.fr\/wp-content\/uploads\/2019\/09\/P90364670_highRes_bmw-concept-4-09-201.jpg 1417w\" sizes=\"(max-width: 1024px) 100vw, 1024px\" \/><\/figure>\n\n\n\n<p>Cette fois, le soft-nose des BMW, tr\u00e8s horizontal, n&#8217;est plus alourdi par deux gigantesques naseaux d\u00e9ploy\u00e9s sur presque toute la largeur, mais il suit le mouvement tr\u00e8s vertical de ces nouveaux naseaux (sur la S\u00e9rie 4 Concept) et est trait\u00e9 en lignes verticales \u00e0 son tour. A d\u00e9faut d&#8217;\u00eatre plus \u00e9l\u00e9gant, c&#8217;est plus coh\u00e9rent&#8230;<\/p>\n\n\n\n<figure class=\"wp-block-image\"><img loading=\"lazy\" decoding=\"async\" width=\"1024\" height=\"683\" src=\"http:\/\/lignesauto.fr\/wp-content\/uploads\/2019\/09\/P90364645_highRes_bmw-concept-4-09-201-1024x683.jpg\" alt=\"\" class=\"wp-image-13258\" srcset=\"https:\/\/lignesauto.fr\/wp-content\/uploads\/2019\/09\/P90364645_highRes_bmw-concept-4-09-201-1024x683.jpg 1024w, https:\/\/lignesauto.fr\/wp-content\/uploads\/2019\/09\/P90364645_highRes_bmw-concept-4-09-201-300x200.jpg 300w, https:\/\/lignesauto.fr\/wp-content\/uploads\/2019\/09\/P90364645_highRes_bmw-concept-4-09-201-768x512.jpg 768w, https:\/\/lignesauto.fr\/wp-content\/uploads\/2019\/09\/P90364645_highRes_bmw-concept-4-09-201-370x247.jpg 370w, https:\/\/lignesauto.fr\/wp-content\/uploads\/2019\/09\/P90364645_highRes_bmw-concept-4-09-201-1040x694.jpg 1040w, https:\/\/lignesauto.fr\/wp-content\/uploads\/2019\/09\/P90364645_highRes_bmw-concept-4-09-201.jpg 1417w\" sizes=\"(max-width: 1024px) 100vw, 1024px\" \/><\/figure>\n\n\n\n<p>Mais cette identit\u00e9 future repose sur des d\u00e9cennies d&#8217;\u00e9volutions, souvent l\u00e9g\u00e8res, parfois imposantes ! Ci dessous, BMW ose m\u00eame expliquer par le dessin s&#8217;\u00eatre inspir\u00e9 du concept-car Garmisch, dessin\u00e9 par Marcello Gandini pour Bertone en 1970, pour enfanter la proue de sa nouvelle S\u00e9rie 4.<\/p>\n\n\n\n<figure class=\"wp-block-image\"><img loading=\"lazy\" decoding=\"async\" width=\"1024\" height=\"881\" src=\"http:\/\/lignesauto.fr\/wp-content\/uploads\/2019\/09\/P90364644_highRes_bmw-concept-4-09-201-1024x881.jpg\" alt=\"\" class=\"wp-image-13263\" srcset=\"https:\/\/lignesauto.fr\/wp-content\/uploads\/2019\/09\/P90364644_highRes_bmw-concept-4-09-201-1024x881.jpg 1024w, https:\/\/lignesauto.fr\/wp-content\/uploads\/2019\/09\/P90364644_highRes_bmw-concept-4-09-201-300x258.jpg 300w, https:\/\/lignesauto.fr\/wp-content\/uploads\/2019\/09\/P90364644_highRes_bmw-concept-4-09-201-768x661.jpg 768w, https:\/\/lignesauto.fr\/wp-content\/uploads\/2019\/09\/P90364644_highRes_bmw-concept-4-09-201-370x318.jpg 370w, https:\/\/lignesauto.fr\/wp-content\/uploads\/2019\/09\/P90364644_highRes_bmw-concept-4-09-201-1040x895.jpg 1040w, https:\/\/lignesauto.fr\/wp-content\/uploads\/2019\/09\/P90364644_highRes_bmw-concept-4-09-201.jpg 1417w\" sizes=\"(max-width: 1024px) 100vw, 1024px\" \/><\/figure>\n\n\n\n<p><strong>La video Teaser de la BMW S\u00e9rie 4 Concept :<\/strong><\/p>\n\n\n\n<figure class=\"wp-block-embed-youtube wp-block-embed is-type-video is-provider-youtube wp-embed-aspect-16-9 wp-has-aspect-ratio\"><div class=\"wp-block-embed__wrapper\">\n<iframe loading=\"lazy\" title=\"LIGNESauto Concept BMW Serie 4 2019\" width=\"640\" height=\"360\" src=\"https:\/\/www.youtube.com\/embed\/UmscxkOtZPk?feature=oembed\" frameborder=\"0\" allow=\"accelerometer; autoplay; clipboard-write; encrypted-media; gyroscope; picture-in-picture; web-share\" referrerpolicy=\"strict-origin-when-cross-origin\" allowfullscreen><\/iframe>\n<\/div><\/figure>\n\n\n\n<p>La r\u00e9ussite d&#8217;un constructeur automobile repose en premier lieu sur une reconnaissance de la marque via une identit\u00e9 forte. Une identit\u00e9 qui, elle, s&#8217;affiche principalement sur la proue du v\u00e9hicule, que ce soient ses optiques ou, plus souvent, sa calandre. BMW a produit ses premi\u00e8res voitures en acqu\u00e9rant la marque Dixi en 1928. Puis la premi\u00e8re BMW 3\/15 PS voit le jour en 1929, dix ans apr\u00e8s qu&#8217;Andr\u00e9 Citro\u00ebn a lanc\u00e9 sa propre marque&#8230;<\/p>\n\n\n\n<figure class=\"wp-block-image\"><img loading=\"lazy\" decoding=\"async\" width=\"1024\" height=\"759\" src=\"http:\/\/lignesauto.fr\/wp-content\/uploads\/2018\/09\/LIGNESNAZ1-1024x759.png\" alt=\"\" class=\"wp-image-4881\" srcset=\"https:\/\/lignesauto.fr\/wp-content\/uploads\/2018\/09\/LIGNESNAZ1-1024x759.png 1024w, https:\/\/lignesauto.fr\/wp-content\/uploads\/2018\/09\/LIGNESNAZ1-300x222.png 300w, https:\/\/lignesauto.fr\/wp-content\/uploads\/2018\/09\/LIGNESNAZ1-768x569.png 768w, https:\/\/lignesauto.fr\/wp-content\/uploads\/2018\/09\/LIGNESNAZ1-370x274.png 370w, https:\/\/lignesauto.fr\/wp-content\/uploads\/2018\/09\/LIGNESNAZ1-1040x771.png 1040w\" sizes=\"(max-width: 1024px) 100vw, 1024px\" \/><\/figure>\n\n\n\n<p>Si la premi\u00e8re BMW n&#8217;a pas encore sa fameuse calandre caract\u00e9ristique \u00e0 double &#8220;haricots&#8221;, ces fameux naseaux apparaissent tr\u00e8s vite, d\u00e8s le d\u00e9but des ann\u00e9es 1930, notamment sur la BMW 600 IHLE&nbsp;<strong>(ci-dessous)<\/strong><\/p>\n\n\n\n<figure class=\"wp-block-image\"><img loading=\"lazy\" decoding=\"async\" width=\"800\" height=\"835\" src=\"http:\/\/lignesauto.fr\/wp-content\/uploads\/2018\/10\/LIGNES600BMW.jpg\" alt=\"\" class=\"wp-image-4952\" srcset=\"https:\/\/lignesauto.fr\/wp-content\/uploads\/2018\/10\/LIGNES600BMW.jpg 800w, https:\/\/lignesauto.fr\/wp-content\/uploads\/2018\/10\/LIGNES600BMW-287x300.jpg 287w, https:\/\/lignesauto.fr\/wp-content\/uploads\/2018\/10\/LIGNES600BMW-768x802.jpg 768w, https:\/\/lignesauto.fr\/wp-content\/uploads\/2018\/10\/LIGNES600BMW-370x386.jpg 370w\" sizes=\"(max-width: 800px) 100vw, 800px\" \/><\/figure>\n\n\n\n<p>Mais c&#8217;est bien s\u00fbr le roadster BMW 328 <strong>(ci-dessous)<\/strong> qui va marquer les esprits \u00e0 son apparition en 1936 embarquant la marque vers une destin\u00e9e sportive dont elle ne d\u00e9rogera jamais. Ce roadster arbore fi\u00e8rement la calandre qui devient l&#8217;identit\u00e9 forte de la reconnaissante de cette marque toute jeune.<\/p>\n\n\n\n<figure class=\"wp-block-image\"><img loading=\"lazy\" decoding=\"async\" width=\"1024\" height=\"757\" src=\"http:\/\/lignesauto.fr\/wp-content\/uploads\/2018\/09\/LIGNESNAZ3-1024x757.png\" alt=\"\" class=\"wp-image-4883\" srcset=\"https:\/\/lignesauto.fr\/wp-content\/uploads\/2018\/09\/LIGNESNAZ3-1024x757.png 1024w, https:\/\/lignesauto.fr\/wp-content\/uploads\/2018\/09\/LIGNESNAZ3-300x222.png 300w, https:\/\/lignesauto.fr\/wp-content\/uploads\/2018\/09\/LIGNESNAZ3-768x568.png 768w, https:\/\/lignesauto.fr\/wp-content\/uploads\/2018\/09\/LIGNESNAZ3-370x274.png 370w, https:\/\/lignesauto.fr\/wp-content\/uploads\/2018\/09\/LIGNESNAZ3-1040x769.png 1040w, https:\/\/lignesauto.fr\/wp-content\/uploads\/2018\/09\/LIGNESNAZ3.png 1843w\" sizes=\"(max-width: 1024px) 100vw, 1024px\" \/><\/figure>\n\n\n\n<p>D\u00e8s lors, toutes les r\u00e9alisations de BMW vont adopter cette signature avec dans un premiers temps, des formes ovales verticales, parfois second\u00e9es d&#8217;autres entr\u00e9es d&#8217;air comme sur la s\u00e9rie des BMW 500 de 1951 <strong>(ci-dessous)<\/strong> qui, avec ses lignes un rien pataudes, n&#8217;en renforce pas moins la fameuse identit\u00e9 de marque&#8230;<\/p>\n\n\n\n<figure class=\"wp-block-image\"><img loading=\"lazy\" decoding=\"async\" width=\"1024\" height=\"755\" src=\"http:\/\/lignesauto.fr\/wp-content\/uploads\/2018\/09\/LIGNESNAZ4-1024x755.png\" alt=\"\" class=\"wp-image-4884\" srcset=\"https:\/\/lignesauto.fr\/wp-content\/uploads\/2018\/09\/LIGNESNAZ4-1024x755.png 1024w, https:\/\/lignesauto.fr\/wp-content\/uploads\/2018\/09\/LIGNESNAZ4-300x221.png 300w, https:\/\/lignesauto.fr\/wp-content\/uploads\/2018\/09\/LIGNESNAZ4-768x566.png 768w, https:\/\/lignesauto.fr\/wp-content\/uploads\/2018\/09\/LIGNESNAZ4-370x273.png 370w, https:\/\/lignesauto.fr\/wp-content\/uploads\/2018\/09\/LIGNESNAZ4-1040x766.png 1040w, https:\/\/lignesauto.fr\/wp-content\/uploads\/2018\/09\/LIGNESNAZ4.png 1843w\" sizes=\"(max-width: 1024px) 100vw, 1024px\" \/><\/figure>\n\n\n\n<p>En 1955, alors qu&#8217;en France Citro\u00ebn d\u00e9voile sa v\u00e9ritable bombe &#8220;DS&#8221;, BMW reste \u00e9galement tr\u00e8s actif avec l&#8217;apparition de l&#8217;ic\u00f4ne 507, un cabriolet dessin\u00e9 par Albrecht von Goertz. Une splendide r\u00e9alisation <strong>(ci-dessous)<\/strong>, tr\u00e8s fine et \u00e9quilibr\u00e9e, destin\u00e9e au march\u00e9 am\u00e9ricain et qui sera finalement boud\u00e9e par ce continent puisque moins de 40 unit\u00e9s seront vendues l\u00e0-bas sur une production totale de 251 exemplaires. Cet \u00e9chec commercial n&#8217;en est pas un au niveau de l&#8217;identit\u00e9 de la marque qui, sous le fusain de von Goertz a ouvert la voie \u00e0 une nouvelle interpr\u00e9tation de la fameuse calandre BMW : la voil\u00e0 qui s&#8217;\u00e9tire, s&#8217;allonge et respire le bitume par ses deux narines per\u00e7ant l&#8217;int\u00e9gralit\u00e9 de la face avant du roadster&#8230;<\/p>\n\n\n\n<figure class=\"wp-block-image\"><img loading=\"lazy\" decoding=\"async\" width=\"1024\" height=\"756\" src=\"http:\/\/lignesauto.fr\/wp-content\/uploads\/2018\/09\/LIGNESNAZ5-1024x756.png\" alt=\"\" class=\"wp-image-4885\" srcset=\"https:\/\/lignesauto.fr\/wp-content\/uploads\/2018\/09\/LIGNESNAZ5-1024x756.png 1024w, https:\/\/lignesauto.fr\/wp-content\/uploads\/2018\/09\/LIGNESNAZ5-300x221.png 300w, https:\/\/lignesauto.fr\/wp-content\/uploads\/2018\/09\/LIGNESNAZ5-768x567.png 768w, https:\/\/lignesauto.fr\/wp-content\/uploads\/2018\/09\/LIGNESNAZ5-370x273.png 370w, https:\/\/lignesauto.fr\/wp-content\/uploads\/2018\/09\/LIGNESNAZ5-1040x767.png 1040w, https:\/\/lignesauto.fr\/wp-content\/uploads\/2018\/09\/LIGNESNAZ5.png 1843w\" sizes=\"(max-width: 1024px) 100vw, 1024px\" \/><\/figure>\n\n\n\n<p>1955&#8230; C&#8217;est \u00e9galement l&#8217;ann\u00e9e o\u00f9 BMW produit l&#8217;Isetta BMW <strong>(ci-dessous)<\/strong> au concept totalement oppos\u00e9 \u00e0 celui de la 507.<br>\u00c9tonnement avec cette proposition d\u00e9voil\u00e9e en m\u00eame temps que la 507,&nbsp;nous sommes en pr\u00e9sence d&#8217;une gamme qui repose sur deux mod\u00e8les bien \u00e9loign\u00e9s les uns des autres, \u00e0 l&#8217;image de la gamme Citro\u00ebn de cette \u00e9poque avec sa 2 CV et la DS !<br>L&#8217;isetta a au moins le m\u00e9rite de casser les codes puisqu&#8217;elle n&#8217;a pas de calandre !<\/p>\n\n\n\n<figure class=\"wp-block-image\"><img loading=\"lazy\" decoding=\"async\" width=\"1024\" height=\"758\" src=\"http:\/\/lignesauto.fr\/wp-content\/uploads\/2018\/09\/LIGNESNAZ6-1024x758.png\" alt=\"\" class=\"wp-image-4886\" srcset=\"https:\/\/lignesauto.fr\/wp-content\/uploads\/2018\/09\/LIGNESNAZ6-1024x758.png 1024w, https:\/\/lignesauto.fr\/wp-content\/uploads\/2018\/09\/LIGNESNAZ6-300x222.png 300w, https:\/\/lignesauto.fr\/wp-content\/uploads\/2018\/09\/LIGNESNAZ6-768x568.png 768w, https:\/\/lignesauto.fr\/wp-content\/uploads\/2018\/09\/LIGNESNAZ6-370x274.png 370w, https:\/\/lignesauto.fr\/wp-content\/uploads\/2018\/09\/LIGNESNAZ6-1040x770.png 1040w, https:\/\/lignesauto.fr\/wp-content\/uploads\/2018\/09\/LIGNESNAZ6.png 1843w\" sizes=\"(max-width: 1024px) 100vw, 1024px\" \/><\/figure>\n\n\n\n<p>Ce ne sera pas la seule BMW \u00e0 \u00eatre commercialis\u00e9e sans calandre puisque la s\u00e9rie 700 <strong>(ci-dessous)<\/strong> qui sera lanc\u00e9e en 1959, adopte la m\u00eame architecture que la BMW 600 d\u00e9riv\u00e9e de l&#8217;Isetta, \u00e0 soir un moteur positionn\u00e9 \u00e0 l&#8217;arri\u00e8re.<\/p>\n\n\n\n<figure class=\"wp-block-image\"><img loading=\"lazy\" decoding=\"async\" width=\"1024\" height=\"681\" src=\"http:\/\/lignesauto.fr\/wp-content\/uploads\/2018\/09\/LIGNESNAZ7-1024x681.png\" alt=\"\" class=\"wp-image-4887\" srcset=\"https:\/\/lignesauto.fr\/wp-content\/uploads\/2018\/09\/LIGNESNAZ7-1024x681.png 1024w, https:\/\/lignesauto.fr\/wp-content\/uploads\/2018\/09\/LIGNESNAZ7-300x199.png 300w, https:\/\/lignesauto.fr\/wp-content\/uploads\/2018\/09\/LIGNESNAZ7-768x511.png 768w, https:\/\/lignesauto.fr\/wp-content\/uploads\/2018\/09\/LIGNESNAZ7-370x246.png 370w, https:\/\/lignesauto.fr\/wp-content\/uploads\/2018\/09\/LIGNESNAZ7-1040x691.png 1040w, https:\/\/lignesauto.fr\/wp-content\/uploads\/2018\/09\/LIGNESNAZ7.png 1417w\" sizes=\"(max-width: 1024px) 100vw, 1024px\" \/><\/figure>\n\n\n\n<p>Mais avec cette 700, c&#8217;est avant tout l&#8217;arriv\u00e9e du styliste Giovanni Michelotti dans la sph\u00e8re BMW qu&#8217;il faut prendre en compte car avec lui, la firme allemande \u00e0 l&#8217;agonie, quasi-vendue \u00e0 Daimler-Benz, va \u00eatre sauv\u00e9e in extremis par le projet 1500. Cette berline de classe moyenne va \u00eatre enfant\u00e9e par le designer italien pourtant adepte des dessins de voitures sportives. Il va poser les bases d&#8217;un style BMW dont la maison m\u00e8re va s&#8217;attacher \u00e0 p\u00e9renniser. La berline 1500 appel\u00e9e &#8220;Neue klass&#8221; <strong>(ci-dessous)<\/strong> va rencontrer le succ\u00e8s et sortir la marque Allemande de sa zone de tr\u00e8s fortes turbulences.<\/p>\n\n\n\n<figure class=\"wp-block-image\"><img loading=\"lazy\" decoding=\"async\" width=\"1024\" height=\"489\" src=\"http:\/\/lignesauto.fr\/wp-content\/uploads\/2018\/09\/LIGNESNAZ000-1024x489.png\" alt=\"\" class=\"wp-image-4880\" srcset=\"https:\/\/lignesauto.fr\/wp-content\/uploads\/2018\/09\/LIGNESNAZ000-1024x489.png 1024w, https:\/\/lignesauto.fr\/wp-content\/uploads\/2018\/09\/LIGNESNAZ000-300x143.png 300w, https:\/\/lignesauto.fr\/wp-content\/uploads\/2018\/09\/LIGNESNAZ000-768x367.png 768w, https:\/\/lignesauto.fr\/wp-content\/uploads\/2018\/09\/LIGNESNAZ000-370x177.png 370w, https:\/\/lignesauto.fr\/wp-content\/uploads\/2018\/09\/LIGNESNAZ000-1040x497.png 1040w, https:\/\/lignesauto.fr\/wp-content\/uploads\/2018\/09\/LIGNESNAZ000.png 1843w\" sizes=\"(max-width: 1024px) 100vw, 1024px\" \/><\/figure>\n\n\n\n<p>Au milieu des ann\u00e9es 1960, Michelotti s&#8217;attaque \u00e0 un projet de berline l\u00e9g\u00e8rement plus compacte que la 1500, avec deux portes seulement qui donnera naissance \u00e0 la s\u00e9rie des 1600 aux 2002 et notamment \u00e0 la 2002 Turbo. L&#8217;\u00e9quipe de designers BMW accompagne l&#8217;italien dans ces travaux avec notamment Wilhelm Hofmeister \u00e0 qui l&#8217;on doit la fameuse &#8220;virgule&#8221; dans le dessin du vitrage lat\u00e9ral du c\u00f4t\u00e9 de caisse. Cette ligne &#8220;Hofmeister-Knick&#8221; (le coude de la vitre lat\u00e9rale) sera perp\u00e9tu\u00e9e jusqu&#8217;\u00e0 aujourd&#8217;hui. Comme la calandre qui pourtant aurait pu abandonner ses deux &#8220;haricots&#8221; centraux <strong>(ci-dessous)<\/strong> pour les \u00e9largir afin d&#8217;int\u00e9grer les optiques avant&#8230;<\/p>\n\n\n\n<figure class=\"wp-block-image\"><img loading=\"lazy\" decoding=\"async\" width=\"1024\" height=\"796\" src=\"http:\/\/lignesauto.fr\/wp-content\/uploads\/2018\/10\/LIGNESNAZ0-1024x796.png\" alt=\"\" class=\"wp-image-4953\" srcset=\"https:\/\/lignesauto.fr\/wp-content\/uploads\/2018\/10\/LIGNESNAZ0-1024x796.png 1024w, https:\/\/lignesauto.fr\/wp-content\/uploads\/2018\/10\/LIGNESNAZ0-300x233.png 300w, https:\/\/lignesauto.fr\/wp-content\/uploads\/2018\/10\/LIGNESNAZ0-768x597.png 768w, https:\/\/lignesauto.fr\/wp-content\/uploads\/2018\/10\/LIGNESNAZ0-370x288.png 370w, https:\/\/lignesauto.fr\/wp-content\/uploads\/2018\/10\/LIGNESNAZ0-1040x809.png 1040w, https:\/\/lignesauto.fr\/wp-content\/uploads\/2018\/10\/LIGNESNAZ0.png 1559w\" sizes=\"(max-width: 1024px) 100vw, 1024px\" \/><\/figure>\n\n\n\n<p>Un principe qui a \u00e9t\u00e9 en partie retenu sur la 1600 mais auquel les designers ont finalement ajout\u00e9 au centre, l&#8217;embl\u00e8me caract\u00e9ristique de BMW <strong>(ci-dessous)<\/strong>. Ouf ! Les haricots sont toujours l\u00e0 !!<\/p>\n\n\n\n<figure class=\"wp-block-image\"><img loading=\"lazy\" decoding=\"async\" width=\"1024\" height=\"803\" src=\"http:\/\/lignesauto.fr\/wp-content\/uploads\/2018\/09\/LIGNESNAZ00-1024x803.png\" alt=\"\" class=\"wp-image-4879\" srcset=\"https:\/\/lignesauto.fr\/wp-content\/uploads\/2018\/09\/LIGNESNAZ00-1024x803.png 1024w, https:\/\/lignesauto.fr\/wp-content\/uploads\/2018\/09\/LIGNESNAZ00-300x235.png 300w, https:\/\/lignesauto.fr\/wp-content\/uploads\/2018\/09\/LIGNESNAZ00-768x602.png 768w, https:\/\/lignesauto.fr\/wp-content\/uploads\/2018\/09\/LIGNESNAZ00-370x290.png 370w, https:\/\/lignesauto.fr\/wp-content\/uploads\/2018\/09\/LIGNESNAZ00-1040x816.png 1040w, https:\/\/lignesauto.fr\/wp-content\/uploads\/2018\/09\/LIGNESNAZ00.png 1559w\" sizes=\"(max-width: 1024px) 100vw, 1024px\" \/><\/figure>\n\n\n\n<p>L&#8217;ensemble termin\u00e9 sur la fameuse &#8220;petite&#8221; 1600\/2002 <strong>(ci-dessous)<\/strong> reste une signature ind\u00e9modable de l&#8217;identit\u00e9 de la gamme BMW des ann\u00e9es 1960 et 1970. Une ann\u00e9e 1970 ou tout va subitement s&#8217;acc\u00e9l\u00e9rer&#8230;<\/p>\n\n\n\n<figure class=\"wp-block-image\"><img loading=\"lazy\" decoding=\"async\" width=\"1024\" height=\"760\" src=\"http:\/\/lignesauto.fr\/wp-content\/uploads\/2018\/10\/LIGNESNAZ8-1024x760.png\" alt=\"\" class=\"wp-image-4954\" srcset=\"https:\/\/lignesauto.fr\/wp-content\/uploads\/2018\/10\/LIGNESNAZ8-1024x760.png 1024w, https:\/\/lignesauto.fr\/wp-content\/uploads\/2018\/10\/LIGNESNAZ8-300x223.png 300w, https:\/\/lignesauto.fr\/wp-content\/uploads\/2018\/10\/LIGNESNAZ8-768x570.png 768w, https:\/\/lignesauto.fr\/wp-content\/uploads\/2018\/10\/LIGNESNAZ8-370x275.png 370w, https:\/\/lignesauto.fr\/wp-content\/uploads\/2018\/10\/LIGNESNAZ8-1040x772.png 1040w, https:\/\/lignesauto.fr\/wp-content\/uploads\/2018\/10\/LIGNESNAZ8.png 1843w\" sizes=\"(max-width: 1024px) 100vw, 1024px\" \/><\/figure>\n\n\n\n<p>Il y a d&#8217;abord, en 1972, le premier concept-car de la firme bavaroise : c&#8217;est la BMW Turbo <strong>(ci-dessous. Photo Ch.Martin)<\/strong> dessin\u00e9e par le fran\u00e7ais Paul Bracq. Apr\u00e8s dix ans pass\u00e9s chez Mercedes de 1957 \u00e0 1967 et un passage en France, le voil\u00e0 de retour en Allemagne chez le concurrent de Daimler-Benz ! Et pas avec n&#8217;importe quel produit : un jalon dans l&#8217;histoire du design automobile et dans celle du design de la marque.<\/p>\n\n\n\n<figure class=\"wp-block-image\"><img loading=\"lazy\" decoding=\"async\" width=\"792\" height=\"530\" src=\"http:\/\/lignesauto.fr\/wp-content\/uploads\/2018\/09\/LIGNESNAZ11.jpg\" alt=\"\" class=\"wp-image-4890\" srcset=\"https:\/\/lignesauto.fr\/wp-content\/uploads\/2018\/09\/LIGNESNAZ11.jpg 792w, https:\/\/lignesauto.fr\/wp-content\/uploads\/2018\/09\/LIGNESNAZ11-300x201.jpg 300w, https:\/\/lignesauto.fr\/wp-content\/uploads\/2018\/09\/LIGNESNAZ11-768x514.jpg 768w, https:\/\/lignesauto.fr\/wp-content\/uploads\/2018\/09\/LIGNESNAZ11-370x248.jpg 370w\" sizes=\"(max-width: 792px) 100vw, 792px\" \/><\/figure>\n\n\n\n<p>Paul Bracq va s&#8217;attacher par la suite \u00e0 conserver l&#8217;identit\u00e9 forte de la calandre BMW en la faisant pourtant grandement \u00e9voluer. Il va ainsi instaurer l&#8217;inclinaison n\u00e9gative de la calandre avec ce nez caract\u00e9ristique qu&#8217;adopteront les S\u00e9rie 3, S\u00e9rie 5, S\u00e9rie 6 et S\u00e9rie 7.<\/p>\n\n\n\n<figure class=\"wp-block-image\"><img loading=\"lazy\" decoding=\"async\" width=\"1024\" height=\"758\" src=\"http:\/\/lignesauto.fr\/wp-content\/uploads\/2018\/09\/LIGNESNAZ9-1024x758.png\" alt=\"\" class=\"wp-image-4888\" srcset=\"https:\/\/lignesauto.fr\/wp-content\/uploads\/2018\/09\/LIGNESNAZ9-1024x758.png 1024w, https:\/\/lignesauto.fr\/wp-content\/uploads\/2018\/09\/LIGNESNAZ9-300x222.png 300w, https:\/\/lignesauto.fr\/wp-content\/uploads\/2018\/09\/LIGNESNAZ9-768x569.png 768w, https:\/\/lignesauto.fr\/wp-content\/uploads\/2018\/09\/LIGNESNAZ9-370x274.png 370w, https:\/\/lignesauto.fr\/wp-content\/uploads\/2018\/09\/LIGNESNAZ9-1040x770.png 1040w, https:\/\/lignesauto.fr\/wp-content\/uploads\/2018\/09\/LIGNESNAZ9.png 1843w\" sizes=\"(max-width: 1024px) 100vw, 1024px\" \/><\/figure>\n\n\n\n<p>La premi\u00e8re S\u00e9rie 6 apparue en 1976 <strong>(ci-dessus)<\/strong> accompagne le lancement de la premi\u00e8re S\u00e9rie 3 et confirme que BMW a su faire \u00e9voluer sa calandre sans toucher aux fondamentaux de son identit\u00e9&#8230;<\/p>\n\n\n\n<figure class=\"wp-block-image\"><img loading=\"lazy\" decoding=\"async\" width=\"1024\" height=\"690\" src=\"http:\/\/lignesauto.fr\/wp-content\/uploads\/2018\/09\/LIGNESNAZ10-1024x690.jpg\" alt=\"\" class=\"wp-image-4889\" srcset=\"https:\/\/lignesauto.fr\/wp-content\/uploads\/2018\/09\/LIGNESNAZ10-1024x690.jpg 1024w, https:\/\/lignesauto.fr\/wp-content\/uploads\/2018\/09\/LIGNESNAZ10-300x202.jpg 300w, https:\/\/lignesauto.fr\/wp-content\/uploads\/2018\/09\/LIGNESNAZ10-768x518.jpg 768w, https:\/\/lignesauto.fr\/wp-content\/uploads\/2018\/09\/LIGNESNAZ10-370x249.jpg 370w, https:\/\/lignesauto.fr\/wp-content\/uploads\/2018\/09\/LIGNESNAZ10-1040x701.jpg 1040w\" sizes=\"(max-width: 1024px) 100vw, 1024px\" \/><\/figure>\n\n\n\n<p>Bien plus tard, lorsque la S\u00e9rie 7 sera propos\u00e9e avec un moteur V12, les stylistes conservent l&#8217;architecture de la calandre type de BMW sans \u00eatre ostentatoires ou vulgaires. Ci-dessus, la premi\u00e8re S\u00e9rie 7 \u00e0 moteur V12 dispose de larges naseaux, certes, mais ce n&#8217;est rien par rapport \u00e0 ce qui va suivre&#8230; Voici la S\u00e9rie 7 de 2019 (ci-dessous) qui a \u00e9t\u00e9 d\u00e9voil\u00e9e en Chine. O\u00f9 l&#8217;on sursaute en d\u00e9couvrant les naseaux qui ont tripl\u00e9 de volume par rapport \u00e0 la premi\u00e8re &#8220;7&#8221; V12 ci-dessus !<\/p>\n\n\n\n<figure class=\"wp-block-image\"><a href=\"http:\/\/lignesauto.fr\/wp-content\/uploads\/2019\/01\/P90331991_highRes_the-new-bmw-7-series.jpg\"><img loading=\"lazy\" decoding=\"async\" width=\"1024\" height=\"685\" src=\"http:\/\/lignesauto.fr\/wp-content\/uploads\/2019\/01\/P90331991_highRes_the-new-bmw-7-series-1024x685.jpg\" alt=\"\" class=\"wp-image-7100\" srcset=\"https:\/\/lignesauto.fr\/wp-content\/uploads\/2019\/01\/P90331991_highRes_the-new-bmw-7-series-1024x685.jpg 1024w, https:\/\/lignesauto.fr\/wp-content\/uploads\/2019\/01\/P90331991_highRes_the-new-bmw-7-series-300x201.jpg 300w, https:\/\/lignesauto.fr\/wp-content\/uploads\/2019\/01\/P90331991_highRes_the-new-bmw-7-series-768x514.jpg 768w, https:\/\/lignesauto.fr\/wp-content\/uploads\/2019\/01\/P90331991_highRes_the-new-bmw-7-series-370x248.jpg 370w, https:\/\/lignesauto.fr\/wp-content\/uploads\/2019\/01\/P90331991_highRes_the-new-bmw-7-series-1040x696.jpg 1040w, https:\/\/lignesauto.fr\/wp-content\/uploads\/2019\/01\/P90331991_highRes_the-new-bmw-7-series.jpg 1843w\" sizes=\"(max-width: 1024px) 100vw, 1024px\" \/><\/a><\/figure>\n\n\n\n<p>Ce nouveau langage de l&#8217;identit\u00e9 BMW a pris racine bien avant cette nouvelle S\u00e9rie 7. Les ann\u00e9es 2000 vont \u00eatre le th\u00e9\u00e2tre d&#8217;une \u00e9volution du dessin de la calandre des BMW que certains jugent aujourd&#8217;hui dramatique et que d&#8217;autres applaudissent en expliquant qu&#8217;elle est dans l&#8217;air du temps..<\/p>\n\n\n\n<figure class=\"wp-block-image\"><img loading=\"lazy\" decoding=\"async\" width=\"1024\" height=\"724\" src=\"http:\/\/lignesauto.fr\/wp-content\/uploads\/2019\/09\/P90364637_highRes_bmw-concept-4-09-201-1024x724.jpg\" alt=\"\" class=\"wp-image-13259\" srcset=\"https:\/\/lignesauto.fr\/wp-content\/uploads\/2019\/09\/P90364637_highRes_bmw-concept-4-09-201-1024x724.jpg 1024w, https:\/\/lignesauto.fr\/wp-content\/uploads\/2019\/09\/P90364637_highRes_bmw-concept-4-09-201-300x212.jpg 300w, https:\/\/lignesauto.fr\/wp-content\/uploads\/2019\/09\/P90364637_highRes_bmw-concept-4-09-201-768x543.jpg 768w, https:\/\/lignesauto.fr\/wp-content\/uploads\/2019\/09\/P90364637_highRes_bmw-concept-4-09-201-370x262.jpg 370w, https:\/\/lignesauto.fr\/wp-content\/uploads\/2019\/09\/P90364637_highRes_bmw-concept-4-09-201-1040x735.jpg 1040w, https:\/\/lignesauto.fr\/wp-content\/uploads\/2019\/09\/P90364637_highRes_bmw-concept-4-09-201.jpg 1417w\" sizes=\"(max-width: 1024px) 100vw, 1024px\" \/><figcaption>S\u00e9rie 4 Concept : h\u00e9riti\u00e8re d&#8217;une \u00e9volution sans limite !<\/figcaption><\/figure>\n\n\n\n<p>Ces ann\u00e9es 2000 d\u00e9butent avec la pr\u00e9sentation du premier SAV (Sport Active Vehicle) dans l&#8217;univers des constructeurs allemands : la BMW X5&nbsp;ouvre la voie non pas \u00e0 un v\u00e9hicule nouveau, mais \u00e0 une v\u00e9ritable r\u00e9volution qui conduira tous les constructeurs du monde \u00e0 cr\u00e9er une v\u00e9ritable gamme dans leur gamme de ce que l&#8217;on appelle aujourd&#8217;hui les SUV.<\/p>\n\n\n\n<figure class=\"wp-block-image\"><img loading=\"lazy\" decoding=\"async\" width=\"1024\" height=\"683\" src=\"http:\/\/lignesauto.fr\/wp-content\/uploads\/2018\/10\/LIGNESNAZ505-1024x683.jpg\" alt=\"\" class=\"wp-image-4958\" srcset=\"https:\/\/lignesauto.fr\/wp-content\/uploads\/2018\/10\/LIGNESNAZ505-1024x683.jpg 1024w, https:\/\/lignesauto.fr\/wp-content\/uploads\/2018\/10\/LIGNESNAZ505-300x200.jpg 300w, https:\/\/lignesauto.fr\/wp-content\/uploads\/2018\/10\/LIGNESNAZ505-768x512.jpg 768w, https:\/\/lignesauto.fr\/wp-content\/uploads\/2018\/10\/LIGNESNAZ505-370x247.jpg 370w, https:\/\/lignesauto.fr\/wp-content\/uploads\/2018\/10\/LIGNESNAZ505-1040x693.jpg 1040w\" sizes=\"(max-width: 1024px) 100vw, 1024px\" \/><\/figure>\n\n\n\n<p>De g\u00e9n\u00e9rations de X5 <strong>(ci-dessus celle de 2018)<\/strong> en g\u00e9n\u00e9rations de X1, X2, X3, X4, X6, X7, le tr\u00e8s fameux double haricots s&#8217;est mu\u00e9 en haricot magique, prenant au fil des ans des proportions digne des calandres de poids lourds !<br>L&#8217;identit\u00e9 de BMW qui reposait sur la subtile alliance des deux &#8220;haricots&#8221; encadr\u00e9 par deux calandres int\u00e9grant les optiques s&#8217;est consid\u00e9rablement modifi\u00e9e en ne reposant d\u00e9sormais plus que sur les deux naseaux. Ils sont d\u00e9sormais diff\u00e9rents selon qu&#8217;ils habillent un SUV, une berline ou un v\u00e9hicule \u00e9lectrique.<\/p>\n\n\n\n<figure class=\"wp-block-image\"><img loading=\"lazy\" decoding=\"async\" width=\"1024\" height=\"637\" src=\"http:\/\/lignesauto.fr\/wp-content\/uploads\/2018\/09\/LIGNERSNAZ502-1024x637.jpg\" alt=\"\" class=\"wp-image-4877\" srcset=\"https:\/\/lignesauto.fr\/wp-content\/uploads\/2018\/09\/LIGNERSNAZ502-1024x637.jpg 1024w, https:\/\/lignesauto.fr\/wp-content\/uploads\/2018\/09\/LIGNERSNAZ502-300x187.jpg 300w, https:\/\/lignesauto.fr\/wp-content\/uploads\/2018\/09\/LIGNERSNAZ502-768x478.jpg 768w, https:\/\/lignesauto.fr\/wp-content\/uploads\/2018\/09\/LIGNERSNAZ502-370x230.jpg 370w, https:\/\/lignesauto.fr\/wp-content\/uploads\/2018\/09\/LIGNERSNAZ502-1040x647.jpg 1040w\" sizes=\"(max-width: 1024px) 100vw, 1024px\" \/><\/figure>\n\n\n\n<p>Ainsi, les naseaux de la X7 <strong>(ci-dessus)<\/strong> repr\u00e9sentent \u00e0 eux seuls plus de 60 % de la surface frontale alors que les optiques \u00e0 l&#8217;inverse, ont consid\u00e9rablement r\u00e9duits leur voilure !<\/p>\n\n\n\n<figure class=\"wp-block-image\"><img loading=\"lazy\" decoding=\"async\" width=\"1024\" height=\"683\" src=\"http:\/\/lignesauto.fr\/wp-content\/uploads\/2018\/09\/LIGNESNAZ106-1024x683.jpg\" alt=\"\" class=\"wp-image-4895\" srcset=\"https:\/\/lignesauto.fr\/wp-content\/uploads\/2018\/09\/LIGNESNAZ106-1024x683.jpg 1024w, https:\/\/lignesauto.fr\/wp-content\/uploads\/2018\/09\/LIGNESNAZ106-300x200.jpg 300w, https:\/\/lignesauto.fr\/wp-content\/uploads\/2018\/09\/LIGNESNAZ106-768x512.jpg 768w, https:\/\/lignesauto.fr\/wp-content\/uploads\/2018\/09\/LIGNESNAZ106-370x247.jpg 370w, https:\/\/lignesauto.fr\/wp-content\/uploads\/2018\/09\/LIGNESNAZ106-1040x693.jpg 1040w\" sizes=\"(max-width: 1024px) 100vw, 1024px\" \/><\/figure>\n\n\n\n<p>Pour les SUV de la gamme &#8220;BMW i&#8221;, <strong>(ci-dessus et ci-dessous la BMW iNEXT)<\/strong> les deux haricots sont interconnect\u00e9s et non totalement s\u00e9par\u00e9s comme sur le reste de la gamme. Ils s&#8217;\u00e9tirent sur pratiquement l&#8217;int\u00e9gralit\u00e9 de la proue et ne cache plus d&#8217;entr\u00e9e d&#8217;air puisqu&#8217;ils n&#8217;ont plus de moteur thermique \u00e0 refroidir mais rassemblent tous les capteurs ou lasers introduits sur les v\u00e9hicules autonomes. Ils perdent leur fonction premi\u00e8re, en retrouvent une toute nouvelle et poussent l&#8217;identit\u00e9 de la marque n\u00e9e au d\u00e9but des ann\u00e9es 1930 \u00e0 son paroxysme.<\/p>\n\n\n\n<figure class=\"wp-block-image\"><img loading=\"lazy\" decoding=\"async\" width=\"600\" height=\"400\" src=\"http:\/\/lignesauto.fr\/wp-content\/uploads\/2018\/09\/P90322284_lowRes_bmw-vision-inext-des.jpg\" alt=\"\" class=\"wp-image-4386\" srcset=\"https:\/\/lignesauto.fr\/wp-content\/uploads\/2018\/09\/P90322284_lowRes_bmw-vision-inext-des.jpg 600w, https:\/\/lignesauto.fr\/wp-content\/uploads\/2018\/09\/P90322284_lowRes_bmw-vision-inext-des-300x200.jpg 300w, https:\/\/lignesauto.fr\/wp-content\/uploads\/2018\/09\/P90322284_lowRes_bmw-vision-inext-des-370x247.jpg 370w\" sizes=\"(max-width: 600px) 100vw, 600px\" \/><\/figure>\n\n\n\n<p>Les proportions de la &#8220;fausse&#8221; calandre du concept-car iNEXT prennent toutes leurs&#8230; dimensions avec cette vue <strong>(ci-dessus)<\/strong> Cette &#8220;interconnexion&#8221; entre les deux \u00e9l\u00e9ments de la calandre sera \u00e9galement adopt\u00e9e par l&#8217;hypoth\u00e9tique berline 100% \u00e9lectrique de la gamme i4 comme l&#8217;a sugg\u00e9r\u00e9 le concept-car i Vision Dynamics de 2017 <strong>(ci-dessous)<\/strong><\/p>\n\n\n\n<figure class=\"wp-block-image\"><img loading=\"lazy\" decoding=\"async\" width=\"1024\" height=\"682\" src=\"http:\/\/lignesauto.fr\/wp-content\/uploads\/2018\/09\/LIGNESNAZ503-1024x682.jpg\" alt=\"\" class=\"wp-image-4899\" srcset=\"https:\/\/lignesauto.fr\/wp-content\/uploads\/2018\/09\/LIGNESNAZ503-1024x682.jpg 1024w, https:\/\/lignesauto.fr\/wp-content\/uploads\/2018\/09\/LIGNESNAZ503-300x200.jpg 300w, https:\/\/lignesauto.fr\/wp-content\/uploads\/2018\/09\/LIGNESNAZ503-768x512.jpg 768w, https:\/\/lignesauto.fr\/wp-content\/uploads\/2018\/09\/LIGNESNAZ503-370x247.jpg 370w, https:\/\/lignesauto.fr\/wp-content\/uploads\/2018\/09\/LIGNESNAZ503-1040x693.jpg 1040w, https:\/\/lignesauto.fr\/wp-content\/uploads\/2018\/09\/LIGNESNAZ503.jpg 2000w\" sizes=\"(max-width: 1024px) 100vw, 1024px\" \/><\/figure>\n\n\n\n<p>En r\u00e9sum\u00e9, l&#8217;identit\u00e9 de la proue des BMW a constamment \u00e9volu\u00e9 depuis les ann\u00e9es 1930 tout en conservant toujours le fameux &#8220;double-haricot&#8221;. Les deux petites calandres qui compl\u00e9taient cette vue de face ont disparu, remplac\u00e9es par une croissance gargantuesque de ces fameux naseaux.<\/p>\n\n\n\n<figure class=\"wp-block-image\"><img loading=\"lazy\" decoding=\"async\" width=\"1024\" height=\"683\" src=\"http:\/\/lignesauto.fr\/wp-content\/uploads\/2019\/09\/P90364641_highRes_bmw-concept-4-09-201-1024x683.jpg\" alt=\"\" class=\"wp-image-13260\" srcset=\"https:\/\/lignesauto.fr\/wp-content\/uploads\/2019\/09\/P90364641_highRes_bmw-concept-4-09-201-1024x683.jpg 1024w, https:\/\/lignesauto.fr\/wp-content\/uploads\/2019\/09\/P90364641_highRes_bmw-concept-4-09-201-300x200.jpg 300w, https:\/\/lignesauto.fr\/wp-content\/uploads\/2019\/09\/P90364641_highRes_bmw-concept-4-09-201-768x512.jpg 768w, https:\/\/lignesauto.fr\/wp-content\/uploads\/2019\/09\/P90364641_highRes_bmw-concept-4-09-201-370x247.jpg 370w, https:\/\/lignesauto.fr\/wp-content\/uploads\/2019\/09\/P90364641_highRes_bmw-concept-4-09-201-1040x694.jpg 1040w, https:\/\/lignesauto.fr\/wp-content\/uploads\/2019\/09\/P90364641_highRes_bmw-concept-4-09-201.jpg 1417w\" sizes=\"(max-width: 1024px) 100vw, 1024px\" \/><figcaption>Dessin de la calandre du concept S\u00e9rie 4 d\u00e9voil\u00e9 \u00e0 Francfort.<\/figcaption><\/figure>\n\n\n\n<p>Pour conclure, j&#8217;aurais ador\u00e9 que BMW s&#8217;inspire plus largement du concept-car de Pininfarina d\u00e9voil\u00e9 en 2013, le Gran Lusso Coup\u00e9 <strong>(ci-dessous)<\/strong> qui r\u00e9interpr\u00e9tait la calandre mythique de la marque avec talent, \u00e9l\u00e9gance et sans exag\u00e9ration nuisible tout en reposant sur des proportions extraordinairement aff\u00fbt\u00e9es. Une vraie BM, quoi&#8230;<\/p>\n\n\n\n<figure class=\"wp-block-image\"><img loading=\"lazy\" decoding=\"async\" width=\"1024\" height=\"683\" src=\"http:\/\/lignesauto.fr\/wp-content\/uploads\/2018\/09\/LIGNESNAZ12-1024x683.jpg\" alt=\"\" class=\"wp-image-4891\" srcset=\"https:\/\/lignesauto.fr\/wp-content\/uploads\/2018\/09\/LIGNESNAZ12-1024x683.jpg 1024w, https:\/\/lignesauto.fr\/wp-content\/uploads\/2018\/09\/LIGNESNAZ12-300x200.jpg 300w, https:\/\/lignesauto.fr\/wp-content\/uploads\/2018\/09\/LIGNESNAZ12-768x512.jpg 768w, https:\/\/lignesauto.fr\/wp-content\/uploads\/2018\/09\/LIGNESNAZ12-370x247.jpg 370w, https:\/\/lignesauto.fr\/wp-content\/uploads\/2018\/09\/LIGNESNAZ12-1040x694.jpg 1040w, https:\/\/lignesauto.fr\/wp-content\/uploads\/2018\/09\/LIGNESNAZ12.jpg 1304w\" sizes=\"(max-width: 1024px) 100vw, 1024px\" \/><\/figure>\n\n\n\n<figure class=\"wp-block-image is-resized\"><img loading=\"lazy\" decoding=\"async\" src=\"http:\/\/lignesauto.fr\/wp-content\/uploads\/2019\/09\/LOGOActus_BD-1024x367.jpg\" alt=\"\" class=\"wp-image-13139\" width=\"365\" height=\"130\" srcset=\"https:\/\/lignesauto.fr\/wp-content\/uploads\/2019\/09\/LOGOActus_BD-1024x367.jpg 1024w, https:\/\/lignesauto.fr\/wp-content\/uploads\/2019\/09\/LOGOActus_BD-300x108.jpg 300w, https:\/\/lignesauto.fr\/wp-content\/uploads\/2019\/09\/LOGOActus_BD-768x276.jpg 768w, https:\/\/lignesauto.fr\/wp-content\/uploads\/2019\/09\/LOGOActus_BD-370x133.jpg 370w, https:\/\/lignesauto.fr\/wp-content\/uploads\/2019\/09\/LOGOActus_BD-1040x373.jpg 1040w, https:\/\/lignesauto.fr\/wp-content\/uploads\/2019\/09\/LOGOActus_BD.jpg 1240w\" sizes=\"(max-width: 365px) 100vw, 365px\" \/><\/figure>\n","protected":false},"excerpt":{"rendered":"<p>Cela nous avait quelque peu intrigu\u00e9, pour ne pas \u00e9crire autre chose, avec le restylage de la S\u00e9rie 7 ci-dessous. En d\u00e9couvrant ses naseaux &#8211; pour lesquels Kleenex va devoir agrandir ses usines &#8211; nous avons repens\u00e9 \u00e0 la g\u00e9n\u00e9alogie des &#8220;naseaux&#8221; dans l&#8217;histoire de BMW. Nous vous proposons de [&hellip;]<\/p>\n","protected":false},"author":1,"featured_media":13254,"comment_status":"open","ping_status":"open","sticky":false,"template":"","format":"standard","meta":{"footnotes":""},"categories":[1],"tags":[],"_links":{"self":[{"href":"https:\/\/lignesauto.fr\/index.php?rest_route=\/wp\/v2\/posts\/13251"}],"collection":[{"href":"https:\/\/lignesauto.fr\/index.php?rest_route=\/wp\/v2\/posts"}],"about":[{"href":"https:\/\/lignesauto.fr\/index.php?rest_route=\/wp\/v2\/types\/post"}],"author":[{"embeddable":true,"href":"https:\/\/lignesauto.fr\/index.php?rest_route=\/wp\/v2\/users\/1"}],"replies":[{"embeddable":true,"href":"https:\/\/lignesauto.fr\/index.php?rest_route=%2Fwp%2Fv2%2Fcomments&post=13251"}],"version-history":[{"count":16,"href":"https:\/\/lignesauto.fr\/index.php?rest_route=\/wp\/v2\/posts\/13251\/revisions"}],"predecessor-version":[{"id":13296,"href":"https:\/\/lignesauto.fr\/index.php?rest_route=\/wp\/v2\/posts\/13251\/revisions\/13296"}],"wp:featuredmedia":[{"embeddable":true,"href":"https:\/\/lignesauto.fr\/index.php?rest_route=\/wp\/v2\/media\/13254"}],"wp:attachment":[{"href":"https:\/\/lignesauto.fr\/index.php?rest_route=%2Fwp%2Fv2%2Fmedia&parent=13251"}],"wp:term":[{"taxonomy":"category","embeddable":true,"href":"https:\/\/lignesauto.fr\/index.php?rest_route=%2Fwp%2Fv2%2Fcategories&post=13251"},{"taxonomy":"post_tag","embeddable":true,"href":"https:\/\/lignesauto.fr\/index.php?rest_route=%2Fwp%2Fv2%2Ftags&post=13251"}],"curies":[{"name":"wp","href":"https:\/\/api.w.org\/{rel}","templated":true}]}}