{"id":13297,"date":"2019-09-11T18:13:35","date_gmt":"2019-09-11T16:13:35","guid":{"rendered":"http:\/\/lignesauto.fr\/?p=13297"},"modified":"2019-09-11T18:13:35","modified_gmt":"2019-09-11T16:13:35","slug":"limousine-du-futur-renault-remporte-son-duel-face-a-mercedes","status":"publish","type":"post","link":"https:\/\/lignesauto.fr\/?p=13297","title":{"rendered":"Limousine du futur : Renault remporte son duel face \u00e0 Mercedes !"},"content":{"rendered":"\n<figure class=\"wp-block-image is-resized\"><img loading=\"lazy\" decoding=\"async\" src=\"http:\/\/lignesauto.fr\/wp-content\/uploads\/2019\/09\/LOGOActus_BD-1024x367.jpg\" alt=\"\" class=\"wp-image-13139\" width=\"354\" height=\"126\" srcset=\"https:\/\/lignesauto.fr\/wp-content\/uploads\/2019\/09\/LOGOActus_BD-1024x367.jpg 1024w, https:\/\/lignesauto.fr\/wp-content\/uploads\/2019\/09\/LOGOActus_BD-300x108.jpg 300w, https:\/\/lignesauto.fr\/wp-content\/uploads\/2019\/09\/LOGOActus_BD-768x276.jpg 768w, https:\/\/lignesauto.fr\/wp-content\/uploads\/2019\/09\/LOGOActus_BD-370x133.jpg 370w, https:\/\/lignesauto.fr\/wp-content\/uploads\/2019\/09\/LOGOActus_BD-1040x373.jpg 1040w, https:\/\/lignesauto.fr\/wp-content\/uploads\/2019\/09\/LOGOActus_BD.jpg 1240w\" sizes=\"(max-width: 354px) 100vw, 354px\" \/><\/figure>\n\n\n\n<p>LIGNES\/auto vous parle d&#8217;un temps que les moins de 20 ans vont conna\u00eetre : celui de la limousine du futur. Si ce futur veut bien d&#8217;elle. Il semblerait que ce soit le cas puisque les grands constructeurs se penchent sur son avenir ! Mercedes vient d&#8217;en d\u00e9voiler sa vision, avec sa Vision EQS, sorte de Classe S \u00e9lectrique des ann\u00e9es 2030. Renault l&#8217;a fait voici un an avec son concept-car EZ-Ultimo, sorte de&#8230; Talisman ultime du futur, 100 % \u00e9lectrique \u00e9galement.<\/p>\n\n\n\n<figure class=\"wp-block-image\"><img loading=\"lazy\" decoding=\"async\" width=\"860\" height=\"1024\" src=\"http:\/\/lignesauto.fr\/wp-content\/uploads\/2019\/09\/LIGNESDUEL_01-860x1024.png\" alt=\"\" class=\"wp-image-13299\" srcset=\"https:\/\/lignesauto.fr\/wp-content\/uploads\/2019\/09\/LIGNESDUEL_01-860x1024.png 860w, https:\/\/lignesauto.fr\/wp-content\/uploads\/2019\/09\/LIGNESDUEL_01-252x300.png 252w, https:\/\/lignesauto.fr\/wp-content\/uploads\/2019\/09\/LIGNESDUEL_01-768x914.png 768w, https:\/\/lignesauto.fr\/wp-content\/uploads\/2019\/09\/LIGNESDUEL_01-370x441.png 370w, https:\/\/lignesauto.fr\/wp-content\/uploads\/2019\/09\/LIGNESDUEL_01-1040x1238.png 1040w, https:\/\/lignesauto.fr\/wp-content\/uploads\/2019\/09\/LIGNESDUEL_01.png 1417w\" sizes=\"(max-width: 860px) 100vw, 860px\" \/><figcaption>Pas de calandre sur la Renault, une proue dessin\u00e9e de lignes verticales, des roues sorties du volume g\u00e9n\u00e9ral et un vitrage plus restreint&#8230;<\/figcaption><\/figure>\n\n\n\n<p>Les deux protagonistes ambitionnent de proposer aux visiteurs (et clients) de demain leur vision \u00e0 un horizon \u00e0 peu pr\u00e8s identique : les ann\u00e9es 2030-2035.<\/p>\n\n\n\n<figure class=\"wp-block-image\"><img loading=\"lazy\" decoding=\"async\" width=\"1024\" height=\"683\" src=\"http:\/\/lignesauto.fr\/wp-content\/uploads\/2019\/09\/19C0690_131-1024x683.jpg\" alt=\"\" class=\"wp-image-13326\" srcset=\"https:\/\/lignesauto.fr\/wp-content\/uploads\/2019\/09\/19C0690_131-1024x683.jpg 1024w, https:\/\/lignesauto.fr\/wp-content\/uploads\/2019\/09\/19C0690_131-300x200.jpg 300w, https:\/\/lignesauto.fr\/wp-content\/uploads\/2019\/09\/19C0690_131-768x512.jpg 768w, https:\/\/lignesauto.fr\/wp-content\/uploads\/2019\/09\/19C0690_131-370x247.jpg 370w, https:\/\/lignesauto.fr\/wp-content\/uploads\/2019\/09\/19C0690_131-1040x694.jpg 1040w, https:\/\/lignesauto.fr\/wp-content\/uploads\/2019\/09\/19C0690_131.jpg 1417w\" sizes=\"(max-width: 1024px) 100vw, 1024px\" \/><figcaption>Mercedes-Benz VISION EQS<\/figcaption><\/figure>\n\n\n\n<p>Pour autant, les deux concepts sont tr\u00e8s diff\u00e9rents dans leur approche : la Renault fait clairement table rase des fondamentaux automobiles d&#8217;aujourd&#8217;hui alors que Mercedes reste ancr\u00e9e dans l&#8217;univers automobile : sa voiture ressemble \u00e0 une limousine contemporaine et, m\u00eame si elle est \u00e9lectrique, elle met en avant des st\u00e9r\u00e9otypes, avec notamment le bleu \u00e9lectrique (partout, partout) dont il va bien falloir se passer un jour sur nos voitures \u00e9lectriques avant d&#8217;en faire une&#8230; jaunisse !<\/p>\n\n\n\n<figure class=\"wp-block-image\"><img loading=\"lazy\" decoding=\"async\" width=\"905\" height=\"1024\" src=\"http:\/\/lignesauto.fr\/wp-content\/uploads\/2019\/09\/LIGNESDUEL_03-905x1024.png\" alt=\"\" class=\"wp-image-13300\" srcset=\"https:\/\/lignesauto.fr\/wp-content\/uploads\/2019\/09\/LIGNESDUEL_03-905x1024.png 905w, https:\/\/lignesauto.fr\/wp-content\/uploads\/2019\/09\/LIGNESDUEL_03-265x300.png 265w, https:\/\/lignesauto.fr\/wp-content\/uploads\/2019\/09\/LIGNESDUEL_03-768x869.png 768w, https:\/\/lignesauto.fr\/wp-content\/uploads\/2019\/09\/LIGNESDUEL_03-370x419.png 370w, https:\/\/lignesauto.fr\/wp-content\/uploads\/2019\/09\/LIGNESDUEL_03-1040x1177.png 1040w, https:\/\/lignesauto.fr\/wp-content\/uploads\/2019\/09\/LIGNESDUEL_03.png 1417w\" sizes=\"(max-width: 905px) 100vw, 905px\" \/><figcaption>La Mercedes conserve une calandre statutaire bien qu&#8217;elle n&#8217;ait plus beaucoup d&#8217;int\u00e9r\u00eat technique&#8230;<\/figcaption><\/figure>\n\n\n\n<p>A bord de la Mercedes, vous pouvez prendre le volant. C&#8217;est \u00e0 dire que le concept Vision EQS n&#8217;est pas uniquement pilot\u00e9 par le niveau 5 de la r\u00e9glementation des voitures autonomes o\u00f9 la voiture prend les commandes. Renault a fait le choix inverse, et bascule dans cet univers o\u00f9 le pilotage (ou m\u00eame la simple conduite) n&#8217;est pas la principale occupation des passagers. Un choix qui fera hurler les puristes, comme ils hurl\u00e8rent \u00e0 la fin des V12, des V8 et m\u00eame, \u00e0 une autre \u00e9poque, \u00e0 celles des carburateurs. &#8220;<em>Faut vivre avec son temps les amis<\/em>&#8220;.<\/p>\n\n\n\n<figure class=\"wp-block-image\"><img loading=\"lazy\" decoding=\"async\" width=\"1024\" height=\"913\" src=\"http:\/\/lignesauto.fr\/wp-content\/uploads\/2019\/09\/LIGNESDUEL_06-1024x913.png\" alt=\"\" class=\"wp-image-13306\" srcset=\"https:\/\/lignesauto.fr\/wp-content\/uploads\/2019\/09\/LIGNESDUEL_06-1024x913.png 1024w, https:\/\/lignesauto.fr\/wp-content\/uploads\/2019\/09\/LIGNESDUEL_06-300x268.png 300w, https:\/\/lignesauto.fr\/wp-content\/uploads\/2019\/09\/LIGNESDUEL_06-768x685.png 768w, https:\/\/lignesauto.fr\/wp-content\/uploads\/2019\/09\/LIGNESDUEL_06-370x330.png 370w, https:\/\/lignesauto.fr\/wp-content\/uploads\/2019\/09\/LIGNESDUEL_06-1040x928.png 1040w, https:\/\/lignesauto.fr\/wp-content\/uploads\/2019\/09\/LIGNESDUEL_06.png 1417w\" sizes=\"(max-width: 1024px) 100vw, 1024px\" \/><figcaption>Le volume de la Mercedes est construit de lignes et volumes fluides et doux. Mais l&#8217;architecture reste celle d&#8217;une voiture actuelle. La Renault casse tous ces codes qui deviendront d\u00e9suets dans les prochaines ann\u00e9es.<\/figcaption><\/figure>\n\n\n\n<p>Les plus objectifs de ces puristes nous feront remarquer que la Renault n&#8217;a pas d&#8217;ambition d&#8217;une mise en production, alors que la Mercedes devrait donner naissance t\u00f4t ou tard \u00e0 la limousine 100 % \u00e9lectrique qui coiffera la nouvelle gamme EQ d&#8217;ici&#8230; quelques ann\u00e9es. Une gamme synth\u00e9tis\u00e9e ci-dessous, de la berline compacte \u00e0 la grande limousine.<\/p>\n\n\n\n<figure class=\"wp-block-image\"><img loading=\"lazy\" decoding=\"async\" width=\"890\" height=\"1024\" src=\"http:\/\/lignesauto.fr\/wp-content\/uploads\/2019\/09\/LIGNESAUTOERCEDESEQ-890x1024.png\" alt=\"\" class=\"wp-image-13327\" srcset=\"https:\/\/lignesauto.fr\/wp-content\/uploads\/2019\/09\/LIGNESAUTOERCEDESEQ-890x1024.png 890w, https:\/\/lignesauto.fr\/wp-content\/uploads\/2019\/09\/LIGNESAUTOERCEDESEQ-261x300.png 261w, https:\/\/lignesauto.fr\/wp-content\/uploads\/2019\/09\/LIGNESAUTOERCEDESEQ-768x883.png 768w, https:\/\/lignesauto.fr\/wp-content\/uploads\/2019\/09\/LIGNESAUTOERCEDESEQ-370x426.png 370w, https:\/\/lignesauto.fr\/wp-content\/uploads\/2019\/09\/LIGNESAUTOERCEDESEQ-1040x1196.png 1040w, https:\/\/lignesauto.fr\/wp-content\/uploads\/2019\/09\/LIGNESAUTOERCEDESEQ.png 1417w\" sizes=\"(max-width: 890px) 100vw, 890px\" \/><\/figure>\n\n\n\n<p>Cela \u00e9tant, le constructeur allemand annonce officiellement que cette grande berline est pens\u00e9e pour r\u00e9pondre aux ambitions de &#8220;<em>Mercedes-Benz de cr\u00e9er une flotte de voitures neuves neutre en CO<\/em><sub><em>2<\/em><\/sub><em> <\/em><em>d&#8217;ici \u00e0 vingt ans.<\/em>&#8221; En 2040 donc. En imaginant que la EQS d\u00e9barque bien avant (2025 ?), elle ne serait pas \u00e9loign\u00e9e de la p\u00e9riode pour laquelle a \u00e9galement \u00e9t\u00e9 con\u00e7ue la Renault EZ-Ultimo&#8230;<\/p>\n\n\n\n<figure class=\"wp-block-image\"><img loading=\"lazy\" decoding=\"async\" width=\"1024\" height=\"913\" src=\"http:\/\/lignesauto.fr\/wp-content\/uploads\/2019\/09\/LIGNESDUEL_05-1024x913.png\" alt=\"\" class=\"wp-image-13302\" srcset=\"https:\/\/lignesauto.fr\/wp-content\/uploads\/2019\/09\/LIGNESDUEL_05-1024x913.png 1024w, https:\/\/lignesauto.fr\/wp-content\/uploads\/2019\/09\/LIGNESDUEL_05-300x267.png 300w, https:\/\/lignesauto.fr\/wp-content\/uploads\/2019\/09\/LIGNESDUEL_05-768x685.png 768w, https:\/\/lignesauto.fr\/wp-content\/uploads\/2019\/09\/LIGNESDUEL_05-370x330.png 370w, https:\/\/lignesauto.fr\/wp-content\/uploads\/2019\/09\/LIGNESDUEL_05-1040x927.png 1040w, https:\/\/lignesauto.fr\/wp-content\/uploads\/2019\/09\/LIGNESDUEL_05.png 1417w\" sizes=\"(max-width: 1024px) 100vw, 1024px\" \/><figcaption>La EQS conserve des ouvrants relativement classiques car l&#8217;habitacle l&#8217;est tout autant. La Renault fait le spectacle car on entre \u00e0 bord comme dans un v\u00e9ritable salon. Nous ne sommes plus dans une automobile&#8230;<\/figcaption><\/figure>\n\n\n\n<p>Nous n&#8217;allons pas entrer dans une bataille de chiffres. Mais nous ouvrons le d\u00e9bat sur ce que l&#8217;on entend par &#8220;futur&#8221;. Il n&#8217;est visiblement pas le m\u00eame pour tous. Certains constructeurs, comme Mercedes, restent profond\u00e9ment ancr\u00e9s dans les fondamentaux automobiles, tels qu&#8217;on les connait aujourd&#8217;hui : un capot, des si\u00e8ges implant\u00e9s face \u00e0 la route, des portes classiques, etc. et dessine une voiture du futur qui ressemble \u00e0 une&#8230; voiture. Et ce, afin de r\u00e9pondre au client de demain qui n&#8217;est pas encore pr\u00eat \u00e0 basculer dans le monde d&#8217;une EZ-Ultimo. Il veut bien de l&#8217;\u00e9lectrique, \u00e0 condition que le &#8220;conditionnement&#8221;  &#8211; sa carrosserie &#8211; soit identique \u00e0 SA voiture actuelle. <em>Step by step&#8230;<\/em><\/p>\n\n\n\n<figure class=\"wp-block-image\"><img loading=\"lazy\" decoding=\"async\" width=\"1024\" height=\"739\" src=\"http:\/\/lignesauto.fr\/wp-content\/uploads\/2019\/09\/LIGNESDUEL_08-1024x739.png\" alt=\"\" class=\"wp-image-13303\" srcset=\"https:\/\/lignesauto.fr\/wp-content\/uploads\/2019\/09\/LIGNESDUEL_08-1024x739.png 1024w, https:\/\/lignesauto.fr\/wp-content\/uploads\/2019\/09\/LIGNESDUEL_08-300x217.png 300w, https:\/\/lignesauto.fr\/wp-content\/uploads\/2019\/09\/LIGNESDUEL_08-768x554.png 768w, https:\/\/lignesauto.fr\/wp-content\/uploads\/2019\/09\/LIGNESDUEL_08-370x267.png 370w, https:\/\/lignesauto.fr\/wp-content\/uploads\/2019\/09\/LIGNESDUEL_08-1040x751.png 1040w, https:\/\/lignesauto.fr\/wp-content\/uploads\/2019\/09\/LIGNESDUEL_08.png 1417w\" sizes=\"(max-width: 1024px) 100vw, 1024px\" \/><figcaption>Les codes de la berline sont pr\u00e9sents sur la Mercedes (volumes, vitrages, porti\u00e8res, etc.) De l&#8217;automobile, la Renault ne conserve que les roues !<\/figcaption><\/figure>\n\n\n\n<p>Renault n&#8217;h\u00e9site pas au contraire \u00e0 faire table rase du pr\u00e9sent et imagine que le niveau 5 de la voiture autonome (vous l\u00e2chez le guidon !) sera bien pr\u00e9sent en 2035. Les si\u00e8ges sont alors dispos\u00e9s comme dans votre salon et la voiture n&#8217;a plus du tout la configuration de celle que l&#8217;on conna\u00eet actuellement :<br>&#8211; Pourquoi des vitres partout puisque l&#8217;on visionne des films \u00e0 bord ? <br>&#8211; Pourquoi un capot puisque le moteur \u00e9lectrique est compact et implant\u00e9 sur les trains roulants ?<br>&#8211; Pourquoi des portes, puisqu&#8217;on acc\u00e8de par une seule et gigantesque ouverture lat\u00e9rale ?<br>&#8211; Pourquoi m\u00eame avoir conserv\u00e9 des phares puisque la voiture autonome de demain aura ses lidars, radars, capteurs, cam\u00e9ra infrarouge, etc ?<\/p>\n\n\n\n<figure class=\"wp-block-image\"><img loading=\"lazy\" decoding=\"async\" width=\"718\" height=\"1024\" src=\"http:\/\/lignesauto.fr\/wp-content\/uploads\/2019\/09\/LIGNESDUEL_09-718x1024.png\" alt=\"\" class=\"wp-image-13305\" srcset=\"https:\/\/lignesauto.fr\/wp-content\/uploads\/2019\/09\/LIGNESDUEL_09-718x1024.png 718w, https:\/\/lignesauto.fr\/wp-content\/uploads\/2019\/09\/LIGNESDUEL_09-210x300.png 210w, https:\/\/lignesauto.fr\/wp-content\/uploads\/2019\/09\/LIGNESDUEL_09-768x1096.png 768w, https:\/\/lignesauto.fr\/wp-content\/uploads\/2019\/09\/LIGNESDUEL_09-370x528.png 370w, https:\/\/lignesauto.fr\/wp-content\/uploads\/2019\/09\/LIGNESDUEL_09-1040x1484.png 1040w, https:\/\/lignesauto.fr\/wp-content\/uploads\/2019\/09\/LIGNESDUEL_09.png 1417w\" sizes=\"(max-width: 718px) 100vw, 718px\" \/><\/figure>\n\n\n\n<p>M\u00eame si le design de la Mercedes Vision EQS est plut\u00f4t in\u00e9dit pour le constructeur &#8211; nous \u00e9voquons ici le th\u00e8me monovolume &#8220;One Flow&#8221; vant\u00e9 par le constructeur -, il reste dans les codes de l&#8217;automobile de 2020. Et 2020, ce n&#8217;est pas 2040, c&#8217;est demain. Les constructeurs ne cessent de nous informer sur la mutation automobile en pleine acc\u00e9l\u00e9ration, et voici que la Vision EQS, tr\u00e8s fluide et parfaitement \u00e9quilibr\u00e9e, demeure d\u00e9sesp\u00e9r\u00e9ment une berline d&#8217;aujourd&#8217;hui.<\/p>\n\n\n\n<p><strong>La vid\u00e9o de pr\u00e9sentation de la Mercedes EQS<\/strong><\/p>\n\n\n\n<figure class=\"wp-block-embed-youtube wp-block-embed is-type-video is-provider-youtube wp-embed-aspect-16-9 wp-has-aspect-ratio\"><div class=\"wp-block-embed__wrapper\">\n<iframe loading=\"lazy\" title=\"LIGNESauto Mercedes EQS 2019\" width=\"640\" height=\"360\" src=\"https:\/\/www.youtube.com\/embed\/6i19lJoKDBA?feature=oembed\" frameborder=\"0\" allow=\"accelerometer; autoplay; clipboard-write; encrypted-media; gyroscope; picture-in-picture; web-share\" referrerpolicy=\"strict-origin-when-cross-origin\" allowfullscreen><\/iframe>\n<\/div><\/figure>\n\n\n\n<p><strong>La video de pr\u00e9sentation de la Renault Ultimo<\/strong><\/p>\n\n\n\n<figure class=\"wp-block-embed-youtube wp-block-embed is-type-video is-provider-youtube wp-embed-aspect-16-9 wp-has-aspect-ratio\"><div class=\"wp-block-embed__wrapper\">\n<iframe loading=\"lazy\" title=\"Renault EZ-ULTIMO : un robot-v\u00e9hicule pour une exp\u00e9rience de mobilit\u00e9 premium | Groupe Renault\" width=\"640\" height=\"360\" src=\"https:\/\/www.youtube.com\/embed\/MMS8ujYJh8E?feature=oembed\" frameborder=\"0\" allow=\"accelerometer; autoplay; clipboard-write; encrypted-media; gyroscope; picture-in-picture; web-share\" referrerpolicy=\"strict-origin-when-cross-origin\" allowfullscreen><\/iframe>\n<\/div><\/figure>\n\n\n\n<p>C&#8217;est bien s\u00fbr \u00e0 bord que la diff\u00e9rence entre les deux v\u00e9hicules est flagrante. Si la Renault EZ-ULTIMO est tourn\u00e9e vers un avenir que l&#8217;on peine \u00e0 toucher du doigt, la Mercedes est r\u00e9confortante avec ses si\u00e8ges, sa console centrale et m\u00eame sa planche de bord. Mais cet habitacle emprunte des codes trop actuels. A bord de la Renault, vous n&#8217;\u00eates tout simplement plus dans une automobile. Et \u00e7a, c&#8217;est l&#8217;avenir, le r\u00eave. Qu&#8217;il plaise ou non. LIGNES\/auto assume ne pas faire partie des amoureux du concept-car Renault, mais il a \u00e9t\u00e9 pens\u00e9 autour d&#8217;une r\u00e9flexion sur un futur &#8211; certes d\u00e9stabilisant -, mais finalement plus cr\u00e9dible, o\u00f9 les barri\u00e8res sont tomb\u00e9es et o\u00f9 les designers peaufinent notre environnement pour la mobilit\u00e9 de demain.<\/p>\n\n\n\n<figure class=\"wp-block-image\"><img loading=\"lazy\" decoding=\"async\" width=\"905\" height=\"1024\" src=\"http:\/\/lignesauto.fr\/wp-content\/uploads\/2019\/09\/LIGNESDUEL_10-905x1024.png\" alt=\"\" class=\"wp-image-13304\" srcset=\"https:\/\/lignesauto.fr\/wp-content\/uploads\/2019\/09\/LIGNESDUEL_10-905x1024.png 905w, https:\/\/lignesauto.fr\/wp-content\/uploads\/2019\/09\/LIGNESDUEL_10-265x300.png 265w, https:\/\/lignesauto.fr\/wp-content\/uploads\/2019\/09\/LIGNESDUEL_10-768x869.png 768w, https:\/\/lignesauto.fr\/wp-content\/uploads\/2019\/09\/LIGNESDUEL_10-370x419.png 370w, https:\/\/lignesauto.fr\/wp-content\/uploads\/2019\/09\/LIGNESDUEL_10-1040x1177.png 1040w, https:\/\/lignesauto.fr\/wp-content\/uploads\/2019\/09\/LIGNESDUEL_10.png 1417w\" sizes=\"(max-width: 905px) 100vw, 905px\" \/><\/figure>\n\n\n\n<p>Lorsque les grands designers de ce monde, dans les ann\u00e9es 1960 et 1970, enfantaient les &#8220;dream-cars&#8221; qui nous ont fait r\u00eaver, ils n&#8217;agissaient pas autrement. On entrait par le pare-brise dans la Stratos Zero de Gandini, on basculait aux commandes d&#8217;une soucoupe volante dans la Modulo de Paolo Martin&#8230; La seule et \u00e9norme diff\u00e9rence, c&#8217;est la n\u00e9cessit\u00e9 d&#8217;acc\u00e9l\u00e9rer les recherches architecturales et technologiques pour enfanter aujourd&#8217;hui une mobilit\u00e9 durable et en phase avec son temps. Les Gandini et autres Giugiaro ou Martin n&#8217;avaient pas ce genre de pr\u00e9occupations&#8230;<\/p>\n\n\n\n<figure class=\"wp-block-image is-resized\"><img loading=\"lazy\" decoding=\"async\" src=\"http:\/\/lignesauto.fr\/wp-content\/uploads\/2019\/09\/LOGOActus_BD-1024x367.jpg\" alt=\"\" class=\"wp-image-13139\" width=\"363\" height=\"129\" srcset=\"https:\/\/lignesauto.fr\/wp-content\/uploads\/2019\/09\/LOGOActus_BD-1024x367.jpg 1024w, https:\/\/lignesauto.fr\/wp-content\/uploads\/2019\/09\/LOGOActus_BD-300x108.jpg 300w, https:\/\/lignesauto.fr\/wp-content\/uploads\/2019\/09\/LOGOActus_BD-768x276.jpg 768w, https:\/\/lignesauto.fr\/wp-content\/uploads\/2019\/09\/LOGOActus_BD-370x133.jpg 370w, https:\/\/lignesauto.fr\/wp-content\/uploads\/2019\/09\/LOGOActus_BD-1040x373.jpg 1040w, https:\/\/lignesauto.fr\/wp-content\/uploads\/2019\/09\/LOGOActus_BD.jpg 1240w\" sizes=\"(max-width: 363px) 100vw, 363px\" \/><\/figure>\n","protected":false},"excerpt":{"rendered":"<p>LIGNES\/auto vous parle d&#8217;un temps que les moins de 20 ans vont conna\u00eetre : celui de la limousine du futur. Si ce futur veut bien d&#8217;elle. Il semblerait que ce soit le cas puisque les grands constructeurs se penchent sur son avenir ! Mercedes vient d&#8217;en d\u00e9voiler sa vision, avec [&hellip;]<\/p>\n","protected":false},"author":1,"featured_media":13310,"comment_status":"open","ping_status":"open","sticky":false,"template":"","format":"standard","meta":{"footnotes":""},"categories":[1],"tags":[],"_links":{"self":[{"href":"https:\/\/lignesauto.fr\/index.php?rest_route=\/wp\/v2\/posts\/13297"}],"collection":[{"href":"https:\/\/lignesauto.fr\/index.php?rest_route=\/wp\/v2\/posts"}],"about":[{"href":"https:\/\/lignesauto.fr\/index.php?rest_route=\/wp\/v2\/types\/post"}],"author":[{"embeddable":true,"href":"https:\/\/lignesauto.fr\/index.php?rest_route=\/wp\/v2\/users\/1"}],"replies":[{"embeddable":true,"href":"https:\/\/lignesauto.fr\/index.php?rest_route=%2Fwp%2Fv2%2Fcomments&post=13297"}],"version-history":[{"count":41,"href":"https:\/\/lignesauto.fr\/index.php?rest_route=\/wp\/v2\/posts\/13297\/revisions"}],"predecessor-version":[{"id":13350,"href":"https:\/\/lignesauto.fr\/index.php?rest_route=\/wp\/v2\/posts\/13297\/revisions\/13350"}],"wp:featuredmedia":[{"embeddable":true,"href":"https:\/\/lignesauto.fr\/index.php?rest_route=\/wp\/v2\/media\/13310"}],"wp:attachment":[{"href":"https:\/\/lignesauto.fr\/index.php?rest_route=%2Fwp%2Fv2%2Fmedia&parent=13297"}],"wp:term":[{"taxonomy":"category","embeddable":true,"href":"https:\/\/lignesauto.fr\/index.php?rest_route=%2Fwp%2Fv2%2Fcategories&post=13297"},{"taxonomy":"post_tag","embeddable":true,"href":"https:\/\/lignesauto.fr\/index.php?rest_route=%2Fwp%2Fv2%2Ftags&post=13297"}],"curies":[{"name":"wp","href":"https:\/\/api.w.org\/{rel}","templated":true}]}}