{"id":13389,"date":"2019-09-14T14:21:16","date_gmt":"2019-09-14T12:21:16","guid":{"rendered":"http:\/\/lignesauto.fr\/?p=13389"},"modified":"2019-10-09T08:57:15","modified_gmt":"2019-10-09T06:57:15","slug":"french-english-marc-lichte-evoque-le-design-des-derniers-concept-cars-audi","status":"publish","type":"post","link":"https:\/\/lignesauto.fr\/?p=13389","title":{"rendered":"FRENCH-ENGLISH &#8211; Marc Lichte \u00e9voque le design des derniers concept-cars Audi"},"content":{"rendered":"\n<p>Une vid\u00e9o o\u00f9 Marc Lichte explique les orientations du design Audi par le biais des r\u00e9cents concept-cars.<\/p>\n\n\n\n<figure class=\"wp-block-image is-resized\"><img loading=\"lazy\" decoding=\"async\" src=\"http:\/\/lignesauto.fr\/wp-content\/uploads\/2019\/09\/LOGOActus_BD-1024x367.jpg\" alt=\"\" class=\"wp-image-13139\" width=\"323\" height=\"115\" srcset=\"https:\/\/lignesauto.fr\/wp-content\/uploads\/2019\/09\/LOGOActus_BD-1024x367.jpg 1024w, https:\/\/lignesauto.fr\/wp-content\/uploads\/2019\/09\/LOGOActus_BD-300x108.jpg 300w, https:\/\/lignesauto.fr\/wp-content\/uploads\/2019\/09\/LOGOActus_BD-768x276.jpg 768w, https:\/\/lignesauto.fr\/wp-content\/uploads\/2019\/09\/LOGOActus_BD-370x133.jpg 370w, https:\/\/lignesauto.fr\/wp-content\/uploads\/2019\/09\/LOGOActus_BD-1040x373.jpg 1040w, https:\/\/lignesauto.fr\/wp-content\/uploads\/2019\/09\/LOGOActus_BD.jpg 1240w\" sizes=\"(max-width: 323px) 100vw, 323px\" \/><\/figure>\n\n\n\n<figure class=\"wp-block-image\"><img loading=\"lazy\" decoding=\"async\" width=\"1024\" height=\"545\" src=\"http:\/\/lignesauto.fr\/wp-content\/uploads\/2019\/09\/LIGNESAUTOAUDI_03-1024x545.png\" alt=\"\" class=\"wp-image-13395\" srcset=\"https:\/\/lignesauto.fr\/wp-content\/uploads\/2019\/09\/LIGNESAUTOAUDI_03-1024x545.png 1024w, https:\/\/lignesauto.fr\/wp-content\/uploads\/2019\/09\/LIGNESAUTOAUDI_03-300x160.png 300w, https:\/\/lignesauto.fr\/wp-content\/uploads\/2019\/09\/LIGNESAUTOAUDI_03-768x409.png 768w, https:\/\/lignesauto.fr\/wp-content\/uploads\/2019\/09\/LIGNESAUTOAUDI_03-370x197.png 370w, https:\/\/lignesauto.fr\/wp-content\/uploads\/2019\/09\/LIGNESAUTOAUDI_03-1040x553.png 1040w, https:\/\/lignesauto.fr\/wp-content\/uploads\/2019\/09\/LIGNESAUTOAUDI_03.png 1417w\" sizes=\"(max-width: 1024px) 100vw, 1024px\" \/><\/figure>\n\n\n\n<p>Aicon, AI:ME, AI:RACE et d\u00e9sormais AI:TRAIL d\u00e9voil\u00e9 au salon de Francfort. Ces quatre concept-cars incarnent l&#8217;\u00e9co-mobilit\u00e9 de demain vue par Audi. 100% \u00e9lectrique.<\/p>\n\n\n\n<figure class=\"wp-block-image\"><img loading=\"lazy\" decoding=\"async\" width=\"1024\" height=\"580\" src=\"http:\/\/lignesauto.fr\/wp-content\/uploads\/2019\/09\/LIGNESAUTOAUDI_01-1024x580.png\" alt=\"\" class=\"wp-image-13396\" srcset=\"https:\/\/lignesauto.fr\/wp-content\/uploads\/2019\/09\/LIGNESAUTOAUDI_01-1024x580.png 1024w, https:\/\/lignesauto.fr\/wp-content\/uploads\/2019\/09\/LIGNESAUTOAUDI_01-300x170.png 300w, https:\/\/lignesauto.fr\/wp-content\/uploads\/2019\/09\/LIGNESAUTOAUDI_01-768x435.png 768w, https:\/\/lignesauto.fr\/wp-content\/uploads\/2019\/09\/LIGNESAUTOAUDI_01-370x209.png 370w, https:\/\/lignesauto.fr\/wp-content\/uploads\/2019\/09\/LIGNESAUTOAUDI_01-1040x589.png 1040w, https:\/\/lignesauto.fr\/wp-content\/uploads\/2019\/09\/LIGNESAUTOAUDI_01.png 1417w\" sizes=\"(max-width: 1024px) 100vw, 1024px\" \/><\/figure>\n\n\n\n<p><em>Aicon, AI:ME, AI:RACE and now AI:TRAIL unveiled at the Frankfurt Motor Show. These four concept cars embody the eco-mobility of tomorrow. 100% electric.<\/em><\/p>\n\n\n\n<figure class=\"wp-block-image\"><img loading=\"lazy\" decoding=\"async\" width=\"1024\" height=\"577\" src=\"http:\/\/lignesauto.fr\/wp-content\/uploads\/2019\/09\/LIGNESAUTOAUDI_02-1024x577.png\" alt=\"\" class=\"wp-image-13397\" srcset=\"https:\/\/lignesauto.fr\/wp-content\/uploads\/2019\/09\/LIGNESAUTOAUDI_02-1024x577.png 1024w, https:\/\/lignesauto.fr\/wp-content\/uploads\/2019\/09\/LIGNESAUTOAUDI_02-300x169.png 300w, https:\/\/lignesauto.fr\/wp-content\/uploads\/2019\/09\/LIGNESAUTOAUDI_02-768x433.png 768w, https:\/\/lignesauto.fr\/wp-content\/uploads\/2019\/09\/LIGNESAUTOAUDI_02-370x208.png 370w, https:\/\/lignesauto.fr\/wp-content\/uploads\/2019\/09\/LIGNESAUTOAUDI_02-1040x586.png 1040w, https:\/\/lignesauto.fr\/wp-content\/uploads\/2019\/09\/LIGNESAUTOAUDI_02.png 1417w\" sizes=\"(max-width: 1024px) 100vw, 1024px\" \/><\/figure>\n\n\n\n<p>Marc Lichte, responsable du design de la marque allemande, explique le contexte de leur d\u00e9veloppement et la raison d&#8217;\u00eatre de ces prototypes d&#8217;\u00e9tudes&#8230;<\/p>\n\n\n\n<figure class=\"wp-block-image\"><img loading=\"lazy\" decoding=\"async\" width=\"1024\" height=\"568\" src=\"http:\/\/lignesauto.fr\/wp-content\/uploads\/2019\/09\/IGNESAUTOAUDI_04-1024x568.png\" alt=\"\" class=\"wp-image-13398\" srcset=\"https:\/\/lignesauto.fr\/wp-content\/uploads\/2019\/09\/IGNESAUTOAUDI_04-1024x568.png 1024w, https:\/\/lignesauto.fr\/wp-content\/uploads\/2019\/09\/IGNESAUTOAUDI_04-300x166.png 300w, https:\/\/lignesauto.fr\/wp-content\/uploads\/2019\/09\/IGNESAUTOAUDI_04-768x426.png 768w, https:\/\/lignesauto.fr\/wp-content\/uploads\/2019\/09\/IGNESAUTOAUDI_04-370x205.png 370w, https:\/\/lignesauto.fr\/wp-content\/uploads\/2019\/09\/IGNESAUTOAUDI_04-1040x577.png 1040w, https:\/\/lignesauto.fr\/wp-content\/uploads\/2019\/09\/IGNESAUTOAUDI_04.png 1417w\" sizes=\"(max-width: 1024px) 100vw, 1024px\" \/><\/figure>\n\n\n\n<p><em>Marc Lichte, head of design for the German brand, explains the context of their development and the rationale for these prototype studies\u2026.<\/em><\/p>\n\n\n\n<p><strong>LA VIDEO :<\/strong><\/p>\n\n\n\n<figure class=\"wp-block-embed-youtube wp-block-embed is-type-video is-provider-youtube wp-embed-aspect-16-9 wp-has-aspect-ratio\"><div class=\"wp-block-embed__wrapper\">\n<iframe loading=\"lazy\" title=\"LIGNESauto MARC LICHTE DESIGN AUDI FRANCFORT 2019\" width=\"640\" height=\"360\" src=\"https:\/\/www.youtube.com\/embed\/XrPX44JUcR4?feature=oembed\" frameborder=\"0\" allow=\"accelerometer; autoplay; clipboard-write; encrypted-media; gyroscope; picture-in-picture; web-share\" referrerpolicy=\"strict-origin-when-cross-origin\" allowfullscreen><\/iframe>\n<\/div><\/figure>\n\n\n\n<p><strong>D&#8217;autres infos, d&#8217;autres sujets sur la page Facebook de LIGNES\/auto<br><\/strong><em><strong>More information, other topics on the LIGNES\/auto Facebook page<\/strong><\/em><br><a href=\"https:\/\/www.facebook.com\/lignesauto\/?modal=admin_todo_tour\">https:\/\/www.facebook.com\/lignesauto\/?modal=admin_todo_tour<\/a><\/p>\n\n\n\n<figure class=\"wp-block-image is-resized\"><img loading=\"lazy\" decoding=\"async\" src=\"http:\/\/lignesauto.fr\/wp-content\/uploads\/2019\/09\/LOGOActus_BD-1024x367.jpg\" alt=\"\" class=\"wp-image-13139\" width=\"331\" height=\"118\" srcset=\"https:\/\/lignesauto.fr\/wp-content\/uploads\/2019\/09\/LOGOActus_BD-1024x367.jpg 1024w, https:\/\/lignesauto.fr\/wp-content\/uploads\/2019\/09\/LOGOActus_BD-300x108.jpg 300w, https:\/\/lignesauto.fr\/wp-content\/uploads\/2019\/09\/LOGOActus_BD-768x276.jpg 768w, https:\/\/lignesauto.fr\/wp-content\/uploads\/2019\/09\/LOGOActus_BD-370x133.jpg 370w, https:\/\/lignesauto.fr\/wp-content\/uploads\/2019\/09\/LOGOActus_BD-1040x373.jpg 1040w, https:\/\/lignesauto.fr\/wp-content\/uploads\/2019\/09\/LOGOActus_BD.jpg 1240w\" sizes=\"(max-width: 331px) 100vw, 331px\" \/><\/figure>\n","protected":false},"excerpt":{"rendered":"<p>Une vid\u00e9o o\u00f9 Marc Lichte explique les orientations du design Audi par le biais des r\u00e9cents concept-cars. Aicon, AI:ME, AI:RACE et d\u00e9sormais AI:TRAIL d\u00e9voil\u00e9 au salon de Francfort. Ces quatre concept-cars incarnent l&#8217;\u00e9co-mobilit\u00e9 de demain vue par Audi. 100% \u00e9lectrique. Aicon, AI:ME, AI:RACE and now AI:TRAIL unveiled at the Frankfurt [&hellip;]<\/p>\n","protected":false},"author":1,"featured_media":13393,"comment_status":"open","ping_status":"open","sticky":false,"template":"","format":"standard","meta":{"footnotes":""},"categories":[1],"tags":[],"_links":{"self":[{"href":"https:\/\/lignesauto.fr\/index.php?rest_route=\/wp\/v2\/posts\/13389"}],"collection":[{"href":"https:\/\/lignesauto.fr\/index.php?rest_route=\/wp\/v2\/posts"}],"about":[{"href":"https:\/\/lignesauto.fr\/index.php?rest_route=\/wp\/v2\/types\/post"}],"author":[{"embeddable":true,"href":"https:\/\/lignesauto.fr\/index.php?rest_route=\/wp\/v2\/users\/1"}],"replies":[{"embeddable":true,"href":"https:\/\/lignesauto.fr\/index.php?rest_route=%2Fwp%2Fv2%2Fcomments&post=13389"}],"version-history":[{"count":8,"href":"https:\/\/lignesauto.fr\/index.php?rest_route=\/wp\/v2\/posts\/13389\/revisions"}],"predecessor-version":[{"id":14064,"href":"https:\/\/lignesauto.fr\/index.php?rest_route=\/wp\/v2\/posts\/13389\/revisions\/14064"}],"wp:featuredmedia":[{"embeddable":true,"href":"https:\/\/lignesauto.fr\/index.php?rest_route=\/wp\/v2\/media\/13393"}],"wp:attachment":[{"href":"https:\/\/lignesauto.fr\/index.php?rest_route=%2Fwp%2Fv2%2Fmedia&parent=13389"}],"wp:term":[{"taxonomy":"category","embeddable":true,"href":"https:\/\/lignesauto.fr\/index.php?rest_route=%2Fwp%2Fv2%2Fcategories&post=13389"},{"taxonomy":"post_tag","embeddable":true,"href":"https:\/\/lignesauto.fr\/index.php?rest_route=%2Fwp%2Fv2%2Ftags&post=13389"}],"curies":[{"name":"wp","href":"https:\/\/api.w.org\/{rel}","templated":true}]}}