{"id":13727,"date":"2019-09-27T16:29:54","date_gmt":"2019-09-27T14:29:54","guid":{"rendered":"http:\/\/lignesauto.fr\/?p=13727"},"modified":"2019-10-06T16:55:22","modified_gmt":"2019-10-06T14:55:22","slug":"hommage-a-la-renault-avantime-par-christopher-giroux","status":"publish","type":"post","link":"https:\/\/lignesauto.fr\/?p=13727","title":{"rendered":"Hommage \u00e0 la Renault Avantime, par Christopher Giroux"},"content":{"rendered":"\n<figure class=\"wp-block-image is-resized\"><img loading=\"lazy\" decoding=\"async\" src=\"http:\/\/lignesauto.fr\/wp-content\/uploads\/2019\/09\/LOGOActus_BD-1024x367.jpg\" alt=\"\" class=\"wp-image-13139\" width=\"374\" height=\"133\" srcset=\"https:\/\/lignesauto.fr\/wp-content\/uploads\/2019\/09\/LOGOActus_BD-1024x367.jpg 1024w, https:\/\/lignesauto.fr\/wp-content\/uploads\/2019\/09\/LOGOActus_BD-300x108.jpg 300w, https:\/\/lignesauto.fr\/wp-content\/uploads\/2019\/09\/LOGOActus_BD-768x276.jpg 768w, https:\/\/lignesauto.fr\/wp-content\/uploads\/2019\/09\/LOGOActus_BD-370x133.jpg 370w, https:\/\/lignesauto.fr\/wp-content\/uploads\/2019\/09\/LOGOActus_BD-1040x373.jpg 1040w, https:\/\/lignesauto.fr\/wp-content\/uploads\/2019\/09\/LOGOActus_BD.jpg 1240w\" sizes=\"(max-width: 374px) 100vw, 374px\" \/><\/figure>\n\n\n\n<p>La Renault Avantime vous a plu ? Voici sa r\u00e9interpr\u00e9tation vue par un jeune designer fran\u00e7ais travaillant pour une marque&#8230; chinoise !<\/p>\n\n\n\n<p><strong>LIGNES\/auto, c&#8217;est aussi une page Facebook : <\/strong><a href=\"https:\/\/www.facebook.com\/lignesauto\/?modal=admin_todo_tour\">https:\/\/www.facebook.com\/lignesauto\/?modal=admin_todo_tour<\/a><\/p>\n\n\n\n<p>C&#8217;est un jeune  &#8211; et d\u00e9j\u00e0 exp\u00e9riment\u00e9 &#8211; designer fran\u00e7ais, \u0153uvrant \u00e0 Munich pour une marque&#8230; chinoise qui nous parle d&#8217;une Renault qu&#8217;il a ador\u00e9e et qu&#8217;il v\u00e9n\u00e8re toujours. France-Allemagne-Chine-France : la boucle est boucl\u00e9e !  Christopher Giroux a enfant\u00e9 pendant ses cong\u00e9s une Renault Avantime <em>Tribute<\/em>. Il nous explique sa d\u00e9marche. Vous d\u00e9couvrirez en fin de &#8216;post&#8217; son parcours loin d&#8217;\u00eatre classique&#8230;<\/p>\n\n\n\n<figure class=\"wp-block-image\"><img loading=\"lazy\" decoding=\"async\" width=\"1024\" height=\"689\" src=\"http:\/\/lignesauto.fr\/wp-content\/uploads\/2019\/09\/LIGNESAUTOAVANTIME_01-1024x689.jpg\" alt=\"\" class=\"wp-image-13739\" srcset=\"https:\/\/lignesauto.fr\/wp-content\/uploads\/2019\/09\/LIGNESAUTOAVANTIME_01-1024x689.jpg 1024w, https:\/\/lignesauto.fr\/wp-content\/uploads\/2019\/09\/LIGNESAUTOAVANTIME_01-300x202.jpg 300w, https:\/\/lignesauto.fr\/wp-content\/uploads\/2019\/09\/LIGNESAUTOAVANTIME_01-768x517.jpg 768w, https:\/\/lignesauto.fr\/wp-content\/uploads\/2019\/09\/LIGNESAUTOAVANTIME_01-370x249.jpg 370w, https:\/\/lignesauto.fr\/wp-content\/uploads\/2019\/09\/LIGNESAUTOAVANTIME_01-1040x700.jpg 1040w, https:\/\/lignesauto.fr\/wp-content\/uploads\/2019\/09\/LIGNESAUTOAVANTIME_01.jpg 1417w\" sizes=\"(max-width: 1024px) 100vw, 1024px\" \/><figcaption>Dessin de Thierry M\u00e9troz pour le projet Avantime<\/figcaption><\/figure>\n\n\n\n<p><strong>Christopher Giroux <\/strong>: <em>&#8220;Ce projet d&#8217;hommage \u00e0 l&#8217;Avantime est un travail personnel r\u00e9alis\u00e9 cet \u00e9t\u00e9, pendant une dizaine de jours. J&#8217;ai toujours trouv\u00e9 la fin des ann\u00e9es 1990  et le d\u00e9but des ann\u00e9es 2000 incroyablement riches, avec des produits particuli\u00e8rement audacieux et innovants&#8230; L&#8217;Avantime en est un bon exemple.&#8221;<\/em><\/p>\n\n\n\n<figure class=\"wp-block-image\"><img loading=\"lazy\" decoding=\"async\" width=\"1024\" height=\"572\" src=\"http:\/\/lignesauto.fr\/wp-content\/uploads\/2019\/09\/LIGNESAUTOAVANTIME_00-1024x572.jpg\" alt=\"\" class=\"wp-image-13738\" srcset=\"https:\/\/lignesauto.fr\/wp-content\/uploads\/2019\/09\/LIGNESAUTOAVANTIME_00-1024x572.jpg 1024w, https:\/\/lignesauto.fr\/wp-content\/uploads\/2019\/09\/LIGNESAUTOAVANTIME_00-300x167.jpg 300w, https:\/\/lignesauto.fr\/wp-content\/uploads\/2019\/09\/LIGNESAUTOAVANTIME_00-768x429.jpg 768w, https:\/\/lignesauto.fr\/wp-content\/uploads\/2019\/09\/LIGNESAUTOAVANTIME_00-370x207.jpg 370w, https:\/\/lignesauto.fr\/wp-content\/uploads\/2019\/09\/LIGNESAUTOAVANTIME_00-1040x581.jpg 1040w, https:\/\/lignesauto.fr\/wp-content\/uploads\/2019\/09\/LIGNESAUTOAVANTIME_00.jpg 1417w\" sizes=\"(max-width: 1024px) 100vw, 1024px\" \/><\/figure>\n\n\n\n<p><em>&#8220;Depuis sa commercialisation, j&#8217;ai toujours aim\u00e9 son c\u00f4t\u00e9 d\u00e9cal\u00e9. Le temps semble lui donner raison car l&#8217;Avantime b\u00e9n\u00e9ficie aujourd&#8217;hui d&#8217;une belle cote d&#8217;amour, notamment chez les designers.&#8221;<\/em> Christopher rend ainsi hommage \u00e0 la petite \u00e9quipe qui a travaill\u00e9 autour de Thierry M\u00e9troz, alors chez Renault et auteur du dessin de cette Renault extra-ordinaire, au sens noble du terme. <em>&#8220;Son concept me parait aujourd&#8217;hui coh\u00e9rent \u00e0 l&#8217;aube de l&#8217;\u00e8re des v\u00e9hicules \u00e9lectriques et plus ou moins autonome : beaucoup d&#8217;espace int\u00e9rieur, un profil atypique avec un pare brise tr\u00e8s en avant (ce \u00e0 quoi l&#8217;int\u00e9gration d&#8217;\u00e9crans toujours plus grands dans les tableaux de bord actuels nous conduit) tout en gardant un certain c\u00f4t\u00e9 sportif&#8230;&#8221;<\/em><\/p>\n\n\n\n<figure class=\"wp-block-image\"><img loading=\"lazy\" decoding=\"async\" width=\"1024\" height=\"344\" src=\"http:\/\/lignesauto.fr\/wp-content\/uploads\/2019\/09\/LIGNESAUTOAVANTIME_06-1-1024x344.png\" alt=\"\" class=\"wp-image-13747\" srcset=\"https:\/\/lignesauto.fr\/wp-content\/uploads\/2019\/09\/LIGNESAUTOAVANTIME_06-1-1024x344.png 1024w, https:\/\/lignesauto.fr\/wp-content\/uploads\/2019\/09\/LIGNESAUTOAVANTIME_06-1-300x101.png 300w, https:\/\/lignesauto.fr\/wp-content\/uploads\/2019\/09\/LIGNESAUTOAVANTIME_06-1-768x258.png 768w, https:\/\/lignesauto.fr\/wp-content\/uploads\/2019\/09\/LIGNESAUTOAVANTIME_06-1-370x124.png 370w, https:\/\/lignesauto.fr\/wp-content\/uploads\/2019\/09\/LIGNESAUTOAVANTIME_06-1-1040x349.png 1040w, https:\/\/lignesauto.fr\/wp-content\/uploads\/2019\/09\/LIGNESAUTOAVANTIME_06-1.png 1417w\" sizes=\"(max-width: 1024px) 100vw, 1024px\" \/><\/figure>\n\n\n\n<p><em>&#8220;Le but de mon travail est clairement de proposer une interpr\u00e9tation actuelle du concept &#8220;coup\u00e9-space&#8221; qui correspond aux contraintes auxquelles je suis confront\u00e9 chaque jour sur des v\u00e9hicules \u00e9lectriques. Je n&#8217;ai pas conserv\u00e9 sur mon \u00e9tude certains traits de caract\u00e8re de l&#8217;Avantime trop marqu\u00e9s, comme la poupe avec son d\u00e9croch\u00e9. Toutefois, en r\u00e9interpr\u00e9tant certains th\u00e8mes de l&#8217;Avantime, je propose une vision de ce que pourrait \u00eatre un &#8220;coup\u00e9-space&#8221; Renault de la d\u00e9cennie 2020.&#8221;<\/em><\/p>\n\n\n\n<figure class=\"wp-block-image\"><img loading=\"lazy\" decoding=\"async\" width=\"1024\" height=\"465\" src=\"http:\/\/lignesauto.fr\/wp-content\/uploads\/2019\/09\/TRIBUTE01-1024x465.png\" alt=\"\" class=\"wp-image-13755\" srcset=\"https:\/\/lignesauto.fr\/wp-content\/uploads\/2019\/09\/TRIBUTE01-1024x465.png 1024w, https:\/\/lignesauto.fr\/wp-content\/uploads\/2019\/09\/TRIBUTE01-300x136.png 300w, https:\/\/lignesauto.fr\/wp-content\/uploads\/2019\/09\/TRIBUTE01-768x349.png 768w, https:\/\/lignesauto.fr\/wp-content\/uploads\/2019\/09\/TRIBUTE01-370x168.png 370w, https:\/\/lignesauto.fr\/wp-content\/uploads\/2019\/09\/TRIBUTE01-1040x473.png 1040w, https:\/\/lignesauto.fr\/wp-content\/uploads\/2019\/09\/TRIBUTE01.png 1417w\" sizes=\"(max-width: 1024px) 100vw, 1024px\" \/><\/figure>\n\n\n\n<p><em>&#8220;Jai souhait\u00e9 sur la face avant travailler sur l&#8217;identit\u00e9 Renault en imaginant ce que pourrait donner une nouvelle d\u00e9finition du &#8220;masque Renault&#8221;. On ne retrouve pas la calandre b\u00e9ante puisqu&#8217;elle serait inutile, mais les codes actuels tr\u00e8s retravaill\u00e9s : le logo est toujours connect\u00e9 avec le &#8220;regard&#8221; du v\u00e9hicule qui ne sont plus les optiques mais les LiDARS, les capteurs n\u00e9cessaires \u00e0 la conduite autonome.&#8221;<\/em><\/p>\n\n\n\n<figure class=\"wp-block-image\"><img loading=\"lazy\" decoding=\"async\" width=\"1024\" height=\"725\" src=\"http:\/\/lignesauto.fr\/wp-content\/uploads\/2019\/09\/LIGNESAUTOAVANTIME_02-1-1024x725.jpg\" alt=\"\" class=\"wp-image-13779\" srcset=\"https:\/\/lignesauto.fr\/wp-content\/uploads\/2019\/09\/LIGNESAUTOAVANTIME_02-1-1024x725.jpg 1024w, https:\/\/lignesauto.fr\/wp-content\/uploads\/2019\/09\/LIGNESAUTOAVANTIME_02-1-300x212.jpg 300w, https:\/\/lignesauto.fr\/wp-content\/uploads\/2019\/09\/LIGNESAUTOAVANTIME_02-1-768x544.jpg 768w, https:\/\/lignesauto.fr\/wp-content\/uploads\/2019\/09\/LIGNESAUTOAVANTIME_02-1-370x262.jpg 370w, https:\/\/lignesauto.fr\/wp-content\/uploads\/2019\/09\/LIGNESAUTOAVANTIME_02-1-1040x736.jpg 1040w, https:\/\/lignesauto.fr\/wp-content\/uploads\/2019\/09\/LIGNESAUTOAVANTIME_02-1.jpg 1417w\" sizes=\"(max-width: 1024px) 100vw, 1024px\" \/><\/figure>\n\n\n\n<p><em>&#8220;Ces nouveaux \u00e9quipements deviennent les v\u00e9ritables yeux du v\u00e9hicule. Le logo est figur\u00e9 par une simple empreinte dans le capot alors que la calandre, plus fine, traverse horizontalement la face avant. En dessous du regard, on trouve un petit rappel graphique de la face avant de l&#8217;ancien Avantime, avec ces grilles d&#8217;a\u00e9ration si typiques.&#8221;<\/em><\/p>\n\n\n\n<figure class=\"wp-block-image\"><img loading=\"lazy\" decoding=\"async\" width=\"1024\" height=\"377\" src=\"http:\/\/lignesauto.fr\/wp-content\/uploads\/2019\/09\/TRIBUTE02-1024x377.png\" alt=\"\" class=\"wp-image-13756\" srcset=\"https:\/\/lignesauto.fr\/wp-content\/uploads\/2019\/09\/TRIBUTE02-1024x377.png 1024w, https:\/\/lignesauto.fr\/wp-content\/uploads\/2019\/09\/TRIBUTE02-300x110.png 300w, https:\/\/lignesauto.fr\/wp-content\/uploads\/2019\/09\/TRIBUTE02-768x282.png 768w, https:\/\/lignesauto.fr\/wp-content\/uploads\/2019\/09\/TRIBUTE02-370x136.png 370w, https:\/\/lignesauto.fr\/wp-content\/uploads\/2019\/09\/TRIBUTE02-1040x382.png 1040w, https:\/\/lignesauto.fr\/wp-content\/uploads\/2019\/09\/TRIBUTE02.png 1417w\" sizes=\"(max-width: 1024px) 100vw, 1024px\" \/><\/figure>\n\n\n\n<p><em>&#8220;J&#8217;ai \u00e9galement travaill\u00e9 sur la &#8220;d\u00e9mat\u00e9rialisation&#8221;&nbsp; des optiques, sujet que Renault a en partie trait\u00e9 avec les concepts EZ Go, Ultimo et m\u00eame Symbioz. Plut\u00f4t que de les associer \u00e0 la calandre, elles sont ici dispos\u00e9es \u00e0 la jonction entre le pare-brise et le capot pour attirer le regard sur le point essentiel de la voiture : son habitacle, et non son moteur. Une cabine spacieuse qui s&#8217;\u00e9tend jusqu&#8217;\u00e0 un point tr\u00e8s en amont du v\u00e9hicule.&#8221;<\/em><\/p>\n\n\n\n<figure class=\"wp-block-image\"><img loading=\"lazy\" decoding=\"async\" width=\"1024\" height=\"802\" src=\"http:\/\/lignesauto.fr\/wp-content\/uploads\/2019\/09\/LIGNESAUTOAVANTIME_05-1024x802.jpg\" alt=\"\" class=\"wp-image-13743\" srcset=\"https:\/\/lignesauto.fr\/wp-content\/uploads\/2019\/09\/LIGNESAUTOAVANTIME_05-1024x802.jpg 1024w, https:\/\/lignesauto.fr\/wp-content\/uploads\/2019\/09\/LIGNESAUTOAVANTIME_05-300x235.jpg 300w, https:\/\/lignesauto.fr\/wp-content\/uploads\/2019\/09\/LIGNESAUTOAVANTIME_05-768x602.jpg 768w, https:\/\/lignesauto.fr\/wp-content\/uploads\/2019\/09\/LIGNESAUTOAVANTIME_05-370x290.jpg 370w, https:\/\/lignesauto.fr\/wp-content\/uploads\/2019\/09\/LIGNESAUTOAVANTIME_05-1040x815.jpg 1040w, https:\/\/lignesauto.fr\/wp-content\/uploads\/2019\/09\/LIGNESAUTOAVANTIME_05.jpg 1417w\" sizes=\"(max-width: 1024px) 100vw, 1024px\" \/><\/figure>\n\n\n\n<p><em>&#8220;Ce th\u00e8me se retrouve \u00e0 l&#8217;arri\u00e8re, ou les feux sont plac\u00e9s dans des blocs transparents, \u00e0 l\u2019extr\u00e9mit\u00e9 de l&#8217;auto et non pas int\u00e9gr\u00e9s dans le hayon ou \u00e0 la carrosserie. Je n&#8217;ai pas conserv\u00e9 le hayon au d\u00e9croch\u00e9 caract\u00e9ristique de l&#8217;Avantime pour des raisons pragmatiques, notamment pour maximiser l&#8217;espace \u00e0 bord. Ici, la &#8220;coupe franche&#8221; est plus marqu\u00e9e par les blocs des feux arri\u00e8re qui offrent -en vue de profil- une coupe nette \u00e0 la carrosserie. Enfin, j&#8217;ai r\u00e9interpr\u00e9t\u00e9 le th\u00e8me graphique caract\u00e9ristique de l&#8217;Avantime avec le C-pillar en forme de &#8220;S&#8221;, mais ici, d\u00e9cal\u00e9 des fen\u00eatres lat\u00e9rales qu int\u00e8grent une entr\u00e9e d&#8217;air.&#8221;&nbsp;<\/em><\/p>\n\n\n\n<figure class=\"wp-block-image\"><img loading=\"lazy\" decoding=\"async\" width=\"1024\" height=\"465\" src=\"http:\/\/lignesauto.fr\/wp-content\/uploads\/2019\/09\/LIGNESAUTOAVANTIME_03-1024x465.png\" alt=\"\" class=\"wp-image-13741\" srcset=\"https:\/\/lignesauto.fr\/wp-content\/uploads\/2019\/09\/LIGNESAUTOAVANTIME_03-1024x465.png 1024w, https:\/\/lignesauto.fr\/wp-content\/uploads\/2019\/09\/LIGNESAUTOAVANTIME_03-300x136.png 300w, https:\/\/lignesauto.fr\/wp-content\/uploads\/2019\/09\/LIGNESAUTOAVANTIME_03-768x349.png 768w, https:\/\/lignesauto.fr\/wp-content\/uploads\/2019\/09\/LIGNESAUTOAVANTIME_03-370x168.png 370w, https:\/\/lignesauto.fr\/wp-content\/uploads\/2019\/09\/LIGNESAUTOAVANTIME_03-1040x473.png 1040w, https:\/\/lignesauto.fr\/wp-content\/uploads\/2019\/09\/LIGNESAUTOAVANTIME_03.png 1417w\" sizes=\"(max-width: 1024px) 100vw, 1024px\" \/><\/figure>\n\n\n\n<p><strong>CHRISTOPHER GIROUX<\/strong><br>&#8211;<strong>SA PAGE BEHANCE : <\/strong><a href=\"https:\/\/www.behance.net\/christophergiroux?tracking_source=search-all%7CChristopher%20Giroux\">https:\/\/www.behance.net\/christophergiroux?tracking_source=search-all%7CChristopher%20Giroux<\/a><br>&#8211;<strong>SON PARCOURS<\/strong> : \u00e0 lire ci-dessous<\/p>\n\n\n\n<figure class=\"wp-block-image\"><img loading=\"lazy\" decoding=\"async\" width=\"1024\" height=\"773\" src=\"http:\/\/lignesauto.fr\/wp-content\/uploads\/2019\/09\/LIGNESauto-GIROUX-CHRISTOPHER-1024x773.jpg\" alt=\"\" class=\"wp-image-13737\" srcset=\"https:\/\/lignesauto.fr\/wp-content\/uploads\/2019\/09\/LIGNESauto-GIROUX-CHRISTOPHER-1024x773.jpg 1024w, https:\/\/lignesauto.fr\/wp-content\/uploads\/2019\/09\/LIGNESauto-GIROUX-CHRISTOPHER-300x226.jpg 300w, https:\/\/lignesauto.fr\/wp-content\/uploads\/2019\/09\/LIGNESauto-GIROUX-CHRISTOPHER-768x579.jpg 768w, https:\/\/lignesauto.fr\/wp-content\/uploads\/2019\/09\/LIGNESauto-GIROUX-CHRISTOPHER-370x279.jpg 370w, https:\/\/lignesauto.fr\/wp-content\/uploads\/2019\/09\/LIGNESauto-GIROUX-CHRISTOPHER-1040x785.jpg 1040w, https:\/\/lignesauto.fr\/wp-content\/uploads\/2019\/09\/LIGNESauto-GIROUX-CHRISTOPHER.jpg 1417w\" sizes=\"(max-width: 1024px) 100vw, 1024px\" \/><\/figure>\n\n\n\n<p><em>&#8220;Je suis designer depuis 2015, date \u00e0 laquelle jai termin\u00e9 mon master au Strate College. J&#8217;ai donc suivi le parcours classique, avec une fili\u00e8re &#8216;arts appliqu\u00e9s&#8217; d\u00e8s le lyc\u00e9e, puis un BTS &#8216;Design Produit&#8217; avant de rejoindre Strate. Lors de mon parcours \u00e0 Strate, j&#8217;ai effectu\u00e9 plusieurs stages dont un premier chez Heuliez. Mais on sait ce qu&#8217;il est advenu de l&#8217;entreprise&#8230;&#8221;<\/em><\/p>\n\n\n\n<figure class=\"wp-block-image\"><img loading=\"lazy\" decoding=\"async\" width=\"1024\" height=\"726\" src=\"http:\/\/lignesauto.fr\/wp-content\/uploads\/2019\/09\/CHANGAN-CS-35-PLUS-1024x726.jpg\" alt=\"\" class=\"wp-image-13734\" srcset=\"https:\/\/lignesauto.fr\/wp-content\/uploads\/2019\/09\/CHANGAN-CS-35-PLUS-1024x726.jpg 1024w, https:\/\/lignesauto.fr\/wp-content\/uploads\/2019\/09\/CHANGAN-CS-35-PLUS-300x213.jpg 300w, https:\/\/lignesauto.fr\/wp-content\/uploads\/2019\/09\/CHANGAN-CS-35-PLUS-768x544.jpg 768w, https:\/\/lignesauto.fr\/wp-content\/uploads\/2019\/09\/CHANGAN-CS-35-PLUS-370x262.jpg 370w, https:\/\/lignesauto.fr\/wp-content\/uploads\/2019\/09\/CHANGAN-CS-35-PLUS-1040x737.jpg 1040w, https:\/\/lignesauto.fr\/wp-content\/uploads\/2019\/09\/CHANGAN-CS-35-PLUS.jpg 1417w\" sizes=\"(max-width: 1024px) 100vw, 1024px\" \/><figcaption>Changan CS35<\/figcaption><\/figure>\n\n\n\n<p><em>&#8220;Apr\u00e8s un passage \u00e0 Detroit, au CCS, et \u00e0 la suite de mon stage de 5e ann\u00e9e chez Changan (constructeur chinois implant\u00e9 \u00e9galement en Am\u00e9rique du Sud, Russie et Afrique du nord), \u00e0 Turin, jai accept\u00e9 une offre de contrat pour rejoindre leur studio. Pendant un peu plus de 12 mois, j&#8217;ai particip\u00e9 au d\u00e9veloppement d&#8217;un petit SUV, le Changan CS35 (ci-dessus), avec des propositions de style, le d\u00e9veloppement num\u00e9rique, et un peu de travail sur la clay.&#8221;<\/em><\/p>\n\n\n\n<figure class=\"wp-block-image\"><img loading=\"lazy\" decoding=\"async\" width=\"1024\" height=\"966\" src=\"http:\/\/lignesauto.fr\/wp-content\/uploads\/2019\/09\/CHANGAN-DUALITY-1024x966.jpg\" alt=\"\" class=\"wp-image-13736\" srcset=\"https:\/\/lignesauto.fr\/wp-content\/uploads\/2019\/09\/CHANGAN-DUALITY-1024x966.jpg 1024w, https:\/\/lignesauto.fr\/wp-content\/uploads\/2019\/09\/CHANGAN-DUALITY-300x283.jpg 300w, https:\/\/lignesauto.fr\/wp-content\/uploads\/2019\/09\/CHANGAN-DUALITY-768x725.jpg 768w, https:\/\/lignesauto.fr\/wp-content\/uploads\/2019\/09\/CHANGAN-DUALITY-370x349.jpg 370w, https:\/\/lignesauto.fr\/wp-content\/uploads\/2019\/09\/CHANGAN-DUALITY-1040x981.jpg 1040w, https:\/\/lignesauto.fr\/wp-content\/uploads\/2019\/09\/CHANGAN-DUALITY.jpg 1417w\" sizes=\"(max-width: 1024px) 100vw, 1024px\" \/><figcaption>Projet pour Changan<\/figcaption><\/figure>\n\n\n\n<p><em>&#8220;En janvier 2017, j&#8217;ai \u00e9t\u00e9 contact\u00e9 par Byton (\u00e0 l&#8217;\u00e9poque &#8220;Future Mobility Corpration&#8221;)&nbsp; pour rejoindre Benoit Jacob (*) dans le studio en construction \u00e0 Munich.&nbsp;Ici, j&#8217;ai particip\u00e9 au d\u00e9veloppement du concept-car M-Byte, de la version de production de M-Byte et surtout, du concept-car K-Byte, une berline pour laquelle ma proposition a \u00e9t\u00e9 retenue. Nous l&#8217;avons d\u00e9velopp\u00e9e en quelques semaines, entre fin 2017 et le d\u00e9but 2018.&#8221;<\/em><\/p>\n\n\n\n<figure class=\"wp-block-image\"><img loading=\"lazy\" decoding=\"async\" width=\"1024\" height=\"509\" src=\"http:\/\/lignesauto.fr\/wp-content\/uploads\/2019\/09\/BYTON-K_BYTE-1024x509.jpg\" alt=\"\" class=\"wp-image-13732\" srcset=\"https:\/\/lignesauto.fr\/wp-content\/uploads\/2019\/09\/BYTON-K_BYTE-1024x509.jpg 1024w, https:\/\/lignesauto.fr\/wp-content\/uploads\/2019\/09\/BYTON-K_BYTE-300x149.jpg 300w, https:\/\/lignesauto.fr\/wp-content\/uploads\/2019\/09\/BYTON-K_BYTE-768x382.jpg 768w, https:\/\/lignesauto.fr\/wp-content\/uploads\/2019\/09\/BYTON-K_BYTE-370x184.jpg 370w, https:\/\/lignesauto.fr\/wp-content\/uploads\/2019\/09\/BYTON-K_BYTE-1040x517.jpg 1040w, https:\/\/lignesauto.fr\/wp-content\/uploads\/2019\/09\/BYTON-K_BYTE.jpg 1417w\" sizes=\"(max-width: 1024px) 100vw, 1024px\" \/><\/figure>\n\n\n\n<p><em>&#8220;J&#8217;ai travaill\u00e9 avec deux de mes coll\u00e8gues, Cl\u00e9ment Hoffner (qui a dessin\u00e9 les jantes, les r\u00e9tro-cam\u00e9ras et les capteurs sur le toit) et Pierre Barut, en charge de la partie graphique (animations dans la calandre, logos). Apr\u00e8s avoir \u00e9t\u00e9 responsable du design exter du concept-car, j&#8217;ai continu\u00e9 de travailler sur le programme K-Byte pour la version production jusqu&#8217;\u00e0 la fin de cet \u00e9t\u00e9, au gr\u00e9 des hauts et des bas de l&#8217;entreprise&#8230;&#8221;<\/em> <\/p>\n\n\n\n<figure class=\"wp-block-image\"><img loading=\"lazy\" decoding=\"async\" width=\"1024\" height=\"684\" src=\"http:\/\/lignesauto.fr\/wp-content\/uploads\/2019\/09\/bitonconcept-1024x684.jpg\" alt=\"\" class=\"wp-image-13730\" srcset=\"https:\/\/lignesauto.fr\/wp-content\/uploads\/2019\/09\/bitonconcept-1024x684.jpg 1024w, https:\/\/lignesauto.fr\/wp-content\/uploads\/2019\/09\/bitonconcept-300x200.jpg 300w, https:\/\/lignesauto.fr\/wp-content\/uploads\/2019\/09\/bitonconcept-768x513.jpg 768w, https:\/\/lignesauto.fr\/wp-content\/uploads\/2019\/09\/bitonconcept-370x247.jpg 370w, https:\/\/lignesauto.fr\/wp-content\/uploads\/2019\/09\/bitonconcept-1040x695.jpg 1040w, https:\/\/lignesauto.fr\/wp-content\/uploads\/2019\/09\/bitonconcept.jpg 1417w\" sizes=\"(max-width: 1024px) 100vw, 1024px\" \/><\/figure>\n\n\n\n<p><em>&#8220;La recherche permanente de nouveaux investisseurs pour survire est une probl\u00e9matique que toutes les &#8216;start-up&#8217; connaissent bien !&#8221;<\/em><\/p>\n\n\n\n<figure class=\"wp-block-image\"><img loading=\"lazy\" decoding=\"async\" width=\"1024\" height=\"431\" src=\"http:\/\/lignesauto.fr\/wp-content\/uploads\/2019\/09\/changan_sketch_3quarterfront-1024x431.jpg\" alt=\"\" class=\"wp-image-13782\" srcset=\"https:\/\/lignesauto.fr\/wp-content\/uploads\/2019\/09\/changan_sketch_3quarterfront-1024x431.jpg 1024w, https:\/\/lignesauto.fr\/wp-content\/uploads\/2019\/09\/changan_sketch_3quarterfront-300x126.jpg 300w, https:\/\/lignesauto.fr\/wp-content\/uploads\/2019\/09\/changan_sketch_3quarterfront-768x324.jpg 768w, https:\/\/lignesauto.fr\/wp-content\/uploads\/2019\/09\/changan_sketch_3quarterfront-370x156.jpg 370w, https:\/\/lignesauto.fr\/wp-content\/uploads\/2019\/09\/changan_sketch_3quarterfront-1040x438.jpg 1040w, https:\/\/lignesauto.fr\/wp-content\/uploads\/2019\/09\/changan_sketch_3quarterfront.jpg 1417w\" sizes=\"(max-width: 1024px) 100vw, 1024px\" \/><\/figure>\n\n\n\n<p><em>&#8220;Quant au fonctionnement chez Byton, il est assez similaire \u00e0 ce que j&#8217;ai connu dans mon ancienne entreprise, si ce n&#8217;est les ressources ! Sans compter des d\u00e9lais extr\u00eamement courts avec forc\u00e9ment peu de personnel et des plannings tr\u00e8s serr\u00e9s. Sur le long terme, c&#8217;est assez \u00e9prouvant, mais je vis une r\u00e9elle formation en acc\u00e9l\u00e9r\u00e9 ! J&#8217;ai \u00e9norm\u00e9ment appris en seulement deux ans et demi !&#8221;<\/em><\/p>\n\n\n\n<figure class=\"wp-block-image\"><img loading=\"lazy\" decoding=\"async\" width=\"1024\" height=\"492\" src=\"http:\/\/lignesauto.fr\/wp-content\/uploads\/2019\/09\/bytonconcept-1024x492.jpg\" alt=\"\" class=\"wp-image-13733\" srcset=\"https:\/\/lignesauto.fr\/wp-content\/uploads\/2019\/09\/bytonconcept-1024x492.jpg 1024w, https:\/\/lignesauto.fr\/wp-content\/uploads\/2019\/09\/bytonconcept-300x144.jpg 300w, https:\/\/lignesauto.fr\/wp-content\/uploads\/2019\/09\/bytonconcept-768x369.jpg 768w, https:\/\/lignesauto.fr\/wp-content\/uploads\/2019\/09\/bytonconcept-370x178.jpg 370w, https:\/\/lignesauto.fr\/wp-content\/uploads\/2019\/09\/bytonconcept-1040x500.jpg 1040w, https:\/\/lignesauto.fr\/wp-content\/uploads\/2019\/09\/bytonconcept.jpg 1417w\" sizes=\"(max-width: 1024px) 100vw, 1024px\" \/><\/figure>\n\n\n\n<p>(*) Benoit Jacob, designer fran\u00e7ais \u00e0 qui l&#8217;on doit le design de la Renault Laguna 2, puis des BMW M1 Hommage et surtout de la BMW i8, a quitt\u00e9 BMW pour rejoindre <em>&#8220;Future Mobility Corpration&#8221;<\/em>. Il travaille \u00e0 Munich, en collaboration directe avec le studio implant\u00e9 en Chine, \u00e0 Shanghai, ainsi qu&#8217;avec le studio d\u00e9di\u00e9 aux UX\/UI implant\u00e9 en Californie.<\/p>\n\n\n\n<figure class=\"wp-block-image is-resized\"><img loading=\"lazy\" decoding=\"async\" src=\"http:\/\/lignesauto.fr\/wp-content\/uploads\/2019\/09\/LOGOActus_BD-1024x367.jpg\" alt=\"\" class=\"wp-image-13139\" width=\"373\" height=\"133\" srcset=\"https:\/\/lignesauto.fr\/wp-content\/uploads\/2019\/09\/LOGOActus_BD-1024x367.jpg 1024w, https:\/\/lignesauto.fr\/wp-content\/uploads\/2019\/09\/LOGOActus_BD-300x108.jpg 300w, https:\/\/lignesauto.fr\/wp-content\/uploads\/2019\/09\/LOGOActus_BD-768x276.jpg 768w, https:\/\/lignesauto.fr\/wp-content\/uploads\/2019\/09\/LOGOActus_BD-370x133.jpg 370w, https:\/\/lignesauto.fr\/wp-content\/uploads\/2019\/09\/LOGOActus_BD-1040x373.jpg 1040w, https:\/\/lignesauto.fr\/wp-content\/uploads\/2019\/09\/LOGOActus_BD.jpg 1240w\" sizes=\"(max-width: 373px) 100vw, 373px\" \/><\/figure>\n","protected":false},"excerpt":{"rendered":"<p>La Renault Avantime vous a plu ? Voici sa r\u00e9interpr\u00e9tation vue par un jeune designer fran\u00e7ais travaillant pour une marque&#8230; chinoise ! LIGNES\/auto, c&#8217;est aussi une page Facebook : https:\/\/www.facebook.com\/lignesauto\/?modal=admin_todo_tour C&#8217;est un jeune &#8211; et d\u00e9j\u00e0 exp\u00e9riment\u00e9 &#8211; designer fran\u00e7ais, \u0153uvrant \u00e0 Munich pour une marque&#8230; chinoise qui nous parle [&hellip;]<\/p>\n","protected":false},"author":1,"featured_media":13750,"comment_status":"open","ping_status":"open","sticky":false,"template":"","format":"standard","meta":{"footnotes":""},"categories":[1],"tags":[],"_links":{"self":[{"href":"https:\/\/lignesauto.fr\/index.php?rest_route=\/wp\/v2\/posts\/13727"}],"collection":[{"href":"https:\/\/lignesauto.fr\/index.php?rest_route=\/wp\/v2\/posts"}],"about":[{"href":"https:\/\/lignesauto.fr\/index.php?rest_route=\/wp\/v2\/types\/post"}],"author":[{"embeddable":true,"href":"https:\/\/lignesauto.fr\/index.php?rest_route=\/wp\/v2\/users\/1"}],"replies":[{"embeddable":true,"href":"https:\/\/lignesauto.fr\/index.php?rest_route=%2Fwp%2Fv2%2Fcomments&post=13727"}],"version-history":[{"count":24,"href":"https:\/\/lignesauto.fr\/index.php?rest_route=\/wp\/v2\/posts\/13727\/revisions"}],"predecessor-version":[{"id":13986,"href":"https:\/\/lignesauto.fr\/index.php?rest_route=\/wp\/v2\/posts\/13727\/revisions\/13986"}],"wp:featuredmedia":[{"embeddable":true,"href":"https:\/\/lignesauto.fr\/index.php?rest_route=\/wp\/v2\/media\/13750"}],"wp:attachment":[{"href":"https:\/\/lignesauto.fr\/index.php?rest_route=%2Fwp%2Fv2%2Fmedia&parent=13727"}],"wp:term":[{"taxonomy":"category","embeddable":true,"href":"https:\/\/lignesauto.fr\/index.php?rest_route=%2Fwp%2Fv2%2Fcategories&post=13727"},{"taxonomy":"post_tag","embeddable":true,"href":"https:\/\/lignesauto.fr\/index.php?rest_route=%2Fwp%2Fv2%2Ftags&post=13727"}],"curies":[{"name":"wp","href":"https:\/\/api.w.org\/{rel}","templated":true}]}}