{"id":13785,"date":"2019-11-23T07:10:16","date_gmt":"2019-11-23T06:10:16","guid":{"rendered":"http:\/\/lignesauto.fr\/?p=13785"},"modified":"2019-11-25T08:46:35","modified_gmt":"2019-11-25T07:46:35","slug":"du-dieselgate-a-lid-3-vw-sexplique","status":"publish","type":"post","link":"https:\/\/lignesauto.fr\/?p=13785","title":{"rendered":"Du &#8220;dieselgate&#8221; \u00e0 l&#8217;ID.3 : VW s&#8217;explique !"},"content":{"rendered":"\n<figure class=\"wp-block-image is-resized\"><img loading=\"lazy\" decoding=\"async\" src=\"http:\/\/lignesauto.fr\/wp-content\/uploads\/2019\/09\/LOGOActus_BD-1024x367.jpg\" alt=\"\" class=\"wp-image-13139\" width=\"310\" height=\"110\" srcset=\"https:\/\/lignesauto.fr\/wp-content\/uploads\/2019\/09\/LOGOActus_BD-1024x367.jpg 1024w, https:\/\/lignesauto.fr\/wp-content\/uploads\/2019\/09\/LOGOActus_BD-768x276.jpg 768w, https:\/\/lignesauto.fr\/wp-content\/uploads\/2019\/09\/LOGOActus_BD-370x133.jpg 370w, https:\/\/lignesauto.fr\/wp-content\/uploads\/2019\/09\/LOGOActus_BD-1040x373.jpg 1040w, https:\/\/lignesauto.fr\/wp-content\/uploads\/2019\/09\/LOGOActus_BD.jpg 1240w\" sizes=\"(max-width: 310px) 100vw, 310px\" \/><\/figure>\n\n\n\n<p>Pour la communication du groupe Volkswagen, Ralf Brandst\u00e4tter, \u00ab&nbsp;<em>Chief Operating Officer<\/em>&nbsp;\u00bb de \u2018Volkswagen V\u00e9hicules particuliers\u2019, explique l&#8217;id\u00e9e du \u00ab&nbsp;<em>nouveau Volkswagen<\/em>&nbsp;\u00bb qui a \u00e9t\u00e9 pens\u00e9e apr\u00e8s le&nbsp;<em>dieselgate<\/em>. Il revient \u00e9galement sur le lancement de la Golf 8, de ses deux versions hybrides rechargeables, du sacrifice de la Phaeton et ne croit pas au SUV-bashing&#8230;<\/p>\n\n\n\n<figure class=\"wp-block-image\"><img loading=\"lazy\" decoding=\"async\" width=\"1024\" height=\"576\" src=\"http:\/\/lignesauto.fr\/wp-content\/uploads\/2019\/09\/DB2019NR00820_large-1024x576.jpg\" alt=\"\" class=\"wp-image-13789\" srcset=\"https:\/\/lignesauto.fr\/wp-content\/uploads\/2019\/09\/DB2019NR00820_large-1024x576.jpg 1024w, https:\/\/lignesauto.fr\/wp-content\/uploads\/2019\/09\/DB2019NR00820_large-300x169.jpg 300w, https:\/\/lignesauto.fr\/wp-content\/uploads\/2019\/09\/DB2019NR00820_large-768x432.jpg 768w, https:\/\/lignesauto.fr\/wp-content\/uploads\/2019\/09\/DB2019NR00820_large-370x208.jpg 370w, https:\/\/lignesauto.fr\/wp-content\/uploads\/2019\/09\/DB2019NR00820_large-1040x585.jpg 1040w, https:\/\/lignesauto.fr\/wp-content\/uploads\/2019\/09\/DB2019NR00820_large.jpg 1417w\" sizes=\"(max-width: 1024px) 100vw, 1024px\" \/><\/figure>\n\n\n\n<p>&nbsp;&#8220;<em>Pour comprendre comment &#8220;New Volkswagen&#8221; a \u00e9t\u00e9 cr\u00e9\u00e9, il faut prendre du recul, \u00e0 l&#8217;automne 2015.<\/em>&#8221; explique Ralf Brandst\u00e4tter. &#8220;<em>La situation \u00e9conomique de la marque Volkswagen n&#8217;\u00e9tait pas excellente&nbsp;: nos produits manquaient de rentabilit\u00e9. Et les r\u00e9gions centrales \u00e9taient en d\u00e9clin depuis des ann\u00e9es. La marque se devait d\u2019investir d&#8217;urgence dans les technologies du futur, mais elle n&#8217;avait pas les moyens de le faire. Volkswagen a eu rapidement besoin d&#8217;un plan substantiel pour survivre \u00e0 la crise.&nbsp;\u00bb <\/em>Un plan solide pour l\u2019avenir&#8230;<em> \u00ab Avec la strat\u00e9gie de notre plan Transform 2025+ d\u00e9velopp\u00e9e \u00e0 l&#8217;\u00e9poque, nous voulions donner vie au &#8221; nouveau Volkswagen &#8220;.<\/em><\/p>\n\n\n\n<figure class=\"wp-block-image\"><img loading=\"lazy\" decoding=\"async\" width=\"1024\" height=\"699\" src=\"http:\/\/lignesauto.fr\/wp-content\/uploads\/2019\/09\/ID.3.2-1024x699.jpg\" alt=\"\" class=\"wp-image-13806\" srcset=\"https:\/\/lignesauto.fr\/wp-content\/uploads\/2019\/09\/ID.3.2-1024x699.jpg 1024w, https:\/\/lignesauto.fr\/wp-content\/uploads\/2019\/09\/ID.3.2-300x205.jpg 300w, https:\/\/lignesauto.fr\/wp-content\/uploads\/2019\/09\/ID.3.2-768x524.jpg 768w, https:\/\/lignesauto.fr\/wp-content\/uploads\/2019\/09\/ID.3.2-370x252.jpg 370w, https:\/\/lignesauto.fr\/wp-content\/uploads\/2019\/09\/ID.3.2-1040x710.jpg 1040w, https:\/\/lignesauto.fr\/wp-content\/uploads\/2019\/09\/ID.3.2.jpg 1417w\" sizes=\"(max-width: 1024px) 100vw, 1024px\" \/><\/figure>\n\n\n\n<p><strong>Et puis le scandale du diesel a secou\u00e9 l&#8217;entreprise&#8230;<\/strong><br>Ralf Brandst\u00e4tter&nbsp;: &#8220;Oui, c&#8217;est vrai. Nous savions tous que ce n&#8217;\u00e9tait pas seulement un violent tremblement de terre. C&#8217;est une \u00e9ruption qui nous a engloutis. Aujourd&#8217;hui, il y a une menace d&#8217;amendes, de proc\u00e8s qui se chiffrent en milliards, et de dommages durables \u00e0 notre atout le plus important : la confiance de nos clients. Ce qui a commenc\u00e9 comme une crise fondamentale, est finalement devenu un catalyseur pour la transformation de Volkswagen.&#8221;<\/p>\n\n\n\n<figure class=\"wp-block-image\"><img loading=\"lazy\" decoding=\"async\" width=\"1024\" height=\"615\" src=\"http:\/\/lignesauto.fr\/wp-content\/uploads\/2019\/09\/Capture-d\u2019\u00e9cran-2019-09-09-\u00e0-21.34.20-1024x615.png\" alt=\"\" class=\"wp-image-13202\" srcset=\"https:\/\/lignesauto.fr\/wp-content\/uploads\/2019\/09\/Capture-d\u2019\u00e9cran-2019-09-09-\u00e0-21.34.20-1024x615.png 1024w, https:\/\/lignesauto.fr\/wp-content\/uploads\/2019\/09\/Capture-d\u2019\u00e9cran-2019-09-09-\u00e0-21.34.20-300x180.png 300w, https:\/\/lignesauto.fr\/wp-content\/uploads\/2019\/09\/Capture-d\u2019\u00e9cran-2019-09-09-\u00e0-21.34.20-768x461.png 768w, https:\/\/lignesauto.fr\/wp-content\/uploads\/2019\/09\/Capture-d\u2019\u00e9cran-2019-09-09-\u00e0-21.34.20-370x222.png 370w, https:\/\/lignesauto.fr\/wp-content\/uploads\/2019\/09\/Capture-d\u2019\u00e9cran-2019-09-09-\u00e0-21.34.20-1040x625.png 1040w\" sizes=\"(max-width: 1024px) 100vw, 1024px\" \/><\/figure>\n\n\n\n<p><strong>Quelles ont \u00e9t\u00e9 les principales d\u00e9cisions prises lors de la r\u00e9union de crise de l&#8217;automne 2015 ?<\/strong><br>R.B.&nbsp;: &#8221;&nbsp;L&#8217;\u00e9lectrification de nos v\u00e9hicules a \u00e9t\u00e9 le seul moyen raisonnable d&#8217;atteindre les objectifs de CO<sub>2<\/sub> sans motorisation diesel. Nous savions qu&#8217;il ne nous servirait \u00e0 rien de simplement \u00e9lectrifier notre plateforme MQB et les mod\u00e8les qui l\u2019habillent. Nous n\u2019aurions pas \u00e9t\u00e9 concurrentiels, notamment en termes de co\u00fbts. L&#8217;id\u00e9e de la plateforme MEB 100% \u00e9lectrique (ci-dessus) est alors n\u00e9e. L&#8217;\u00e9limination du moteur \u00e0 combustion, de la transmission et autre, nous a donn\u00e9 une toute nouvelle architecture pour les v\u00e9hicules con\u00e7us sur cette nouvelle base technique.&nbsp;D\u00e9sormais, avec la MEB, nous pouvons offrir l\u2019espace int\u00e9rieur d&#8217;une Passat dans les dimensions ext\u00e9rieures d&#8217;une Golf, nous pouvons augmenter la capacit\u00e9 de la batterie et maintenir des co\u00fbts bas. La plateforme MEB offre donc \u00e0 nos clients une r\u00e9elle valeur ajout\u00e9e. Pour que cela soit possible, m\u00eame avec les ressources disponibles, il a fallu proc\u00e9der \u00e0 des coupes s\u00e9v\u00e8res. Par exemple, la Phaeton a \u00e9t\u00e9 abandonn\u00e9e.&#8221;<\/p>\n\n\n\n<figure class=\"wp-block-image\"><img loading=\"lazy\" decoding=\"async\" width=\"1024\" height=\"651\" src=\"http:\/\/lignesauto.fr\/wp-content\/uploads\/2019\/09\/db2018al00440_large-1024x651.jpg\" alt=\"\" class=\"wp-image-13796\" srcset=\"https:\/\/lignesauto.fr\/wp-content\/uploads\/2019\/09\/db2018al00440_large-1024x651.jpg 1024w, https:\/\/lignesauto.fr\/wp-content\/uploads\/2019\/09\/db2018al00440_large-300x191.jpg 300w, https:\/\/lignesauto.fr\/wp-content\/uploads\/2019\/09\/db2018al00440_large-768x488.jpg 768w, https:\/\/lignesauto.fr\/wp-content\/uploads\/2019\/09\/db2018al00440_large-370x235.jpg 370w, https:\/\/lignesauto.fr\/wp-content\/uploads\/2019\/09\/db2018al00440_large-1040x661.jpg 1040w\" sizes=\"(max-width: 1024px) 100vw, 1024px\" \/><\/figure>\n\n\n\n<p><strong>Vous avez parl\u00e9 d&#8217;une situation \u00e9conomique difficile \u00e0 l&#8217;automne 2015. Qu&#8217;avez-vous fait concr\u00e8tement pour financer cette n\u00e9cessaire transformation ?<\/strong><br>R.B.&nbsp;:&nbsp;&#8220;La premi\u00e8re phase de notre strat\u00e9gie \u00ab&nbsp;Transform 2025+&nbsp;\u00bb a concern\u00e9 la restructuration radicale de l&#8217;entreprise. Pour accro\u00eetre la rentabilit\u00e9, nous avons lanc\u00e9 l&#8217;offensive des SUV (ci-dessus). D&#8217;ici 2025, Volkswagen, \u00e0 elle seule, \u00e9largira sa gamme de SUV de onze \u00e0 plus de trente mod\u00e8les dans le monde. A cette \u00e9ch\u00e9ance, un v\u00e9hicule Volkswagen sur deux sera un SUV.&nbsp;&nbsp;Notre strat\u00e9gie pour l&#8217;avenir a \u00e9galement contribu\u00e9 \u00e0 la restructuration en Allemagne. Nous avons am\u00e9lior\u00e9 notre productivit\u00e9 et r\u00e9duit consid\u00e9rablement nos co\u00fbts fixes. Nous avons d\u00e9j\u00e0 presque atteint les trois milliards d&#8217;euros de r\u00e9duction des co\u00fbts pr\u00e9vus d&#8217;ici 2020. Nous avons \u00e9galement amorc\u00e9 le redressement \u00e9conomique dans des r\u00e9gions cl\u00e9s comme l&#8217;Am\u00e9rique du Nord, l&#8217;Am\u00e9rique du Sud et la Russie. D\u2019ici l\u2019ann\u00e9e prochaine au plus tard, nous aurons atteint le seuil de rentabilit\u00e9.&nbsp;&#8220;<\/p>\n\n\n\n<figure class=\"wp-block-image\"><img loading=\"lazy\" decoding=\"async\" width=\"1024\" height=\"577\" src=\"http:\/\/lignesauto.fr\/wp-content\/uploads\/2019\/09\/DB2019AL00071_large-1024x577.jpg\" alt=\"\" class=\"wp-image-13794\" srcset=\"https:\/\/lignesauto.fr\/wp-content\/uploads\/2019\/09\/DB2019AL00071_large-1024x577.jpg 1024w, https:\/\/lignesauto.fr\/wp-content\/uploads\/2019\/09\/DB2019AL00071_large-300x169.jpg 300w, https:\/\/lignesauto.fr\/wp-content\/uploads\/2019\/09\/DB2019AL00071_large-768x433.jpg 768w, https:\/\/lignesauto.fr\/wp-content\/uploads\/2019\/09\/DB2019AL00071_large-370x208.jpg 370w, https:\/\/lignesauto.fr\/wp-content\/uploads\/2019\/09\/DB2019AL00071_large-1040x586.jpg 1040w, https:\/\/lignesauto.fr\/wp-content\/uploads\/2019\/09\/DB2019AL00071_large.jpg 1417w\" sizes=\"(max-width: 1024px) 100vw, 1024px\" \/><figcaption>Sites de production de la plateforme MEB<\/figcaption><\/figure>\n\n\n\n<p><strong>Volkswagen a donc indirectement profit\u00e9 de la p\u00e9riode la plus difficile de son histoire, apr\u00e8s la crise du diesel, pour devenir finalement plus forte, meilleure et \u00e0 l&#8217;\u00e9preuve du temps&nbsp;?<\/strong><br>R.B.&nbsp;:&nbsp;&#8220;C&#8217;est ce que j&#8217;esp\u00e8re. Avec ce &#8220;New Volkswagen&#8221;, nous nous r\u00e9inventons tout en restant fid\u00e8les \u00e0 notre marque. Mais l&#8217;une des le\u00e7ons les plus importantes que nous avons tir\u00e9es de la crise du diesel, est que nous avons besoin d&#8217;une culture d&#8217;entreprise diff\u00e9rente. Nous avons donc initi\u00e9 un changement culturel fondamental. Je suis convaincu que nous ne regagnerons la confiance de nos clients, des concessionnaires et de la soci\u00e9t\u00e9 dans son ensemble que si nous nous traitons avec honn\u00eatet\u00e9 et d\u00e9cence dans l&#8217;entreprise.&#8221;<\/p>\n\n\n\n<figure class=\"wp-block-image\"><img loading=\"lazy\" decoding=\"async\" width=\"1024\" height=\"683\" src=\"http:\/\/lignesauto.fr\/wp-content\/uploads\/2019\/09\/ID.3.1-1024x683.jpg\" alt=\"\" class=\"wp-image-13807\" srcset=\"https:\/\/lignesauto.fr\/wp-content\/uploads\/2019\/09\/ID.3.1-1024x683.jpg 1024w, https:\/\/lignesauto.fr\/wp-content\/uploads\/2019\/09\/ID.3.1-300x200.jpg 300w, https:\/\/lignesauto.fr\/wp-content\/uploads\/2019\/09\/ID.3.1-768x512.jpg 768w, https:\/\/lignesauto.fr\/wp-content\/uploads\/2019\/09\/ID.3.1-370x247.jpg 370w, https:\/\/lignesauto.fr\/wp-content\/uploads\/2019\/09\/ID.3.1-1040x694.jpg 1040w, https:\/\/lignesauto.fr\/wp-content\/uploads\/2019\/09\/ID.3.1.jpg 1417w\" sizes=\"(max-width: 1024px) 100vw, 1024px\" \/><\/figure>\n\n\n\n<p><strong>Deux nouvelles compactes enti\u00e8rement nouvelles (ID.3 et Golf 8) seront lanc\u00e9s sur le march\u00e9 dans les prochains mois. Pourquoi offrez-vous un v\u00e9hicule 100 % \u00e9lectrique et un v\u00e9hicule thermique presque en m\u00eame temps ?<\/strong><br>R.B.&nbsp;:&nbsp;&#8220;Il n&#8217;y a pas de contradiction. Pendant longtemps encore, nous aurons besoin des deux : des moteurs thermiques et des machines \u00e9lectriques. La pr\u00e9sentation de la nouvelle Golf reste un \u00e9v\u00e9nement sp\u00e9cial. C&#8217;est le best-seller et la r\u00e9f\u00e9rence dans le segment des compactes, la voiture pr\u00e9f\u00e9r\u00e9e de beaucoup dans le monde entier. Et nous voulons que cela reste ainsi. La nouvelle Golf poursuivra l&#8217;histoire.&#8221;<\/p>\n\n\n\n<figure class=\"wp-block-image\"><img loading=\"lazy\" decoding=\"async\" width=\"1024\" height=\"683\" src=\"http:\/\/lignesauto.fr\/wp-content\/uploads\/2019\/09\/DB2017AU00660_large-1024x683.jpg\" alt=\"\" class=\"wp-image-13790\" srcset=\"https:\/\/lignesauto.fr\/wp-content\/uploads\/2019\/09\/DB2017AU00660_large-1024x683.jpg 1024w, https:\/\/lignesauto.fr\/wp-content\/uploads\/2019\/09\/DB2017AU00660_large-300x200.jpg 300w, https:\/\/lignesauto.fr\/wp-content\/uploads\/2019\/09\/DB2017AU00660_large-768x512.jpg 768w, https:\/\/lignesauto.fr\/wp-content\/uploads\/2019\/09\/DB2017AU00660_large-370x247.jpg 370w, https:\/\/lignesauto.fr\/wp-content\/uploads\/2019\/09\/DB2017AU00660_large-1040x694.jpg 1040w, https:\/\/lignesauto.fr\/wp-content\/uploads\/2019\/09\/DB2017AU00660_large.jpg 1417w\" sizes=\"(max-width: 1024px) 100vw, 1024px\" \/><\/figure>\n\n\n\n<p><strong>La Golf aura aussi ses versions \u00e9lectrifi\u00e9es&nbsp;<\/strong>?<br>R.B.&nbsp;:&nbsp;\u00ab&nbsp;Oui, la huiti\u00e8me g\u00e9n\u00e9ration disposera d&#8217;une gamme de moteurs \u00e0 la pointe de la technologie et contribuera \u00e0 une mobilit\u00e9 respectueuse de l&#8217;environnement. Il s&#8217;agit notamment d&#8217;un moteur \u00e0 essence \u00e9lectrifi\u00e9 &#8211; un hybride l\u00e9ger &#8211; utilis\u00e9 pour la premi\u00e8re fois dans la Golf. De plus, il y aura deux variantes hybrides rechargeables avec lesquelles la Golf disposera d\u2019une autonomie jusqu&#8217;\u00e0 60 kilom\u00e8tres en 100% \u00e9lectrique. L&#8217;ID.3 quant \u00e0 elle peut couvrir des distances allant jusqu&#8217;\u00e0 550 kilom\u00e8tres en purement \u00e9lectrique. Les deux voitures s&#8217;adressent \u00e0 des clients diff\u00e9rents.&nbsp;\u00bb<\/p>\n\n\n\n<figure class=\"wp-block-image\"><img loading=\"lazy\" decoding=\"async\" width=\"1024\" height=\"582\" src=\"http:\/\/lignesauto.fr\/wp-content\/uploads\/2019\/09\/LIGNESGOLF8DEF-1024x582.png\" alt=\"\" class=\"wp-image-13555\" srcset=\"https:\/\/lignesauto.fr\/wp-content\/uploads\/2019\/09\/LIGNESGOLF8DEF-1024x582.png 1024w, https:\/\/lignesauto.fr\/wp-content\/uploads\/2019\/09\/LIGNESGOLF8DEF-300x170.png 300w, https:\/\/lignesauto.fr\/wp-content\/uploads\/2019\/09\/LIGNESGOLF8DEF-768x436.png 768w, https:\/\/lignesauto.fr\/wp-content\/uploads\/2019\/09\/LIGNESGOLF8DEF-370x210.png 370w, https:\/\/lignesauto.fr\/wp-content\/uploads\/2019\/09\/LIGNESGOLF8DEF-1040x591.png 1040w, https:\/\/lignesauto.fr\/wp-content\/uploads\/2019\/09\/LIGNESGOLF8DEF.png 1417w\" sizes=\"(max-width: 1024px) 100vw, 1024px\" \/><\/figure>\n\n\n\n<p><strong>Le Groupe Volkswagen propose d\u00e9sormais \u00e9galement sa plateforme 100% \u00e9lectrique MEB \u00e0 d&#8217;autres constructeurs (*). Quelle est l&#8217;id\u00e9e derri\u00e8re tout \u00e7a ?<\/strong><br>R.B.&nbsp;: \u00ab&nbsp;La plateforme MEB doit devenir la norme en mati\u00e8re de mobilit\u00e9 \u00e9lectrique. Sur cette base, nous rendons la mobilit\u00e9 individuelle neutre en CO<sub>2<\/sub>, s\u00fbre, confortable et accessible au plus grand nombre. Ces co\u00fbts peuvent \u00eatre consid\u00e9rablement r\u00e9duits gr\u00e2ce \u00e0 une distribution aussi large que possible de cette plateforme, entra\u00eenant de tr\u00e8s sensibles \u00e9conomies. Je suis confiant dans l\u2019id\u00e9e que notre MEB deviendra la norme de l&#8217;industrie automobile \u00e9lectrique.&nbsp;Avec elle, la marque Volkswagen vise \u00e0 devenir le leader mondial de l&#8217;e-mobilit\u00e9 d&#8217;ici 2025. Nous voulons alors produire un million de v\u00e9hicules \u00e9lectriques par an. C&#8217;est la pierre angulaire de notre strat\u00e9gie.&nbsp;\u00bb<br><em>(*) Ford devrait, \u00e0 terme, utiliser 600 000 MEB et composants de cette plateforme.<\/em><\/p>\n\n\n\n<figure class=\"wp-block-image\"><img loading=\"lazy\" decoding=\"async\" width=\"1024\" height=\"576\" src=\"http:\/\/lignesauto.fr\/wp-content\/uploads\/2019\/09\/DB2019AL01547_large-1024x576.jpg\" alt=\"\" class=\"wp-image-13791\" srcset=\"https:\/\/lignesauto.fr\/wp-content\/uploads\/2019\/09\/DB2019AL01547_large-1024x576.jpg 1024w, https:\/\/lignesauto.fr\/wp-content\/uploads\/2019\/09\/DB2019AL01547_large-300x169.jpg 300w, https:\/\/lignesauto.fr\/wp-content\/uploads\/2019\/09\/DB2019AL01547_large-768x432.jpg 768w, https:\/\/lignesauto.fr\/wp-content\/uploads\/2019\/09\/DB2019AL01547_large-370x208.jpg 370w, https:\/\/lignesauto.fr\/wp-content\/uploads\/2019\/09\/DB2019AL01547_large-1040x585.jpg 1040w, https:\/\/lignesauto.fr\/wp-content\/uploads\/2019\/09\/DB2019AL01547_large.jpg 1417w\" sizes=\"(max-width: 1024px) 100vw, 1024px\" \/><\/figure>\n\n\n\n<p><strong>Vous dites que l\u2019ID.3 est la 3<sup>e<\/sup> ic\u00f4ne de la marque apr\u00e8s la Coccinelle et la Golf&#8230;<\/strong><br>R.B.&nbsp;: &#8220;C&#8217;est une fa\u00e7on de parler&nbsp;! Avec la Coccinelle, nous avons cr\u00e9\u00e9 la mobilit\u00e9 individuelle pour tous. Pour la premi\u00e8re fois, les familles pouvaient partir en vacances dans leur propre voiture. C&#8217;\u00e9tait un tout nouveau sentiment de libert\u00e9. Avec la Golf, nous avons d\u00e9mocratis\u00e9 les nouvelles technologies. Quelque chose que les clients ne pouvaient se permettre qu&#8217;auparavant dans la classe luxe, nous l&#8217;avons introduit dans les diff\u00e9rentes g\u00e9n\u00e9rations de&nbsp;&nbsp;Golf &#8211; comme l&#8217;ESP et l&#8217;ABS en production de s\u00e9rie. Les Coccinelle et Golf ont fa\u00e7onn\u00e9 l&#8217;ADN de Volkswagen dans le monde entier. Il en sera de m\u00eame avec ID.3. Volkswagen est sur la voie d&#8217;une mobilit\u00e9 sans \u00e9mission pour tous, c&#8217;est notre boussole qui d\u00e9termine notre activit\u00e9 et nous motive grandement !&#8221;<\/p>\n\n\n\n<figure class=\"wp-block-image\"><img loading=\"lazy\" decoding=\"async\" width=\"1024\" height=\"646\" src=\"http:\/\/lignesauto.fr\/wp-content\/uploads\/2019\/09\/LIGNESZZ10-1024x646.png\" alt=\"\" class=\"wp-image-13181\" srcset=\"https:\/\/lignesauto.fr\/wp-content\/uploads\/2019\/09\/LIGNESZZ10-1024x646.png 1024w, https:\/\/lignesauto.fr\/wp-content\/uploads\/2019\/09\/LIGNESZZ10-300x189.png 300w, https:\/\/lignesauto.fr\/wp-content\/uploads\/2019\/09\/LIGNESZZ10-768x485.png 768w, https:\/\/lignesauto.fr\/wp-content\/uploads\/2019\/09\/LIGNESZZ10-370x233.png 370w, https:\/\/lignesauto.fr\/wp-content\/uploads\/2019\/09\/LIGNESZZ10-1040x656.png 1040w, https:\/\/lignesauto.fr\/wp-content\/uploads\/2019\/09\/LIGNESZZ10.png 1417w\" sizes=\"(max-width: 1024px) 100vw, 1024px\" \/><\/figure>\n\n\n\n<p><strong>BONUS&nbsp;: l\u2019offensive de la famille ID de Volkswagen<\/strong><\/p>\n\n\n\n<figure class=\"wp-block-image\"><img loading=\"lazy\" decoding=\"async\" width=\"1024\" height=\"540\" src=\"http:\/\/lignesauto.fr\/wp-content\/uploads\/2018\/09\/F-1024x540.jpg\" alt=\"\" class=\"wp-image-4083\" srcset=\"https:\/\/lignesauto.fr\/wp-content\/uploads\/2018\/09\/F-1024x540.jpg 1024w, https:\/\/lignesauto.fr\/wp-content\/uploads\/2018\/09\/F-300x158.jpg 300w, https:\/\/lignesauto.fr\/wp-content\/uploads\/2018\/09\/F-768x405.jpg 768w, https:\/\/lignesauto.fr\/wp-content\/uploads\/2018\/09\/F-370x195.jpg 370w, https:\/\/lignesauto.fr\/wp-content\/uploads\/2018\/09\/F-1040x548.jpg 1040w, https:\/\/lignesauto.fr\/wp-content\/uploads\/2018\/09\/F.jpg 2008w\" sizes=\"(max-width: 1024px) 100vw, 1024px\" \/><\/figure>\n\n\n\n<p>Dans l\u2019offensive du 100% \u00e9lectrique men\u00e9e par Volkswagen, la nouvelle Volkswagen ID.3 va jouer le r\u00f4le de pionnier. D&#8217;ici 2025, la marque va lancer sur le march\u00e9 plus de 20 mod\u00e8les purement \u00e9lectriques. L&#8217;ID.3 sortira de l\u2019usine de production \u00e0 Zwickau fin 2019 pour une commercialisation au printemps 2020. Peu de temps apr\u00e8s, le SUV ID. CROZZ2 (l\u2019ID.4 expos\u00e9 camoufl\u00e9 \u00e0 Francfort) suivra. Viendront ensuite le successeur du Combi (ID. BUZZ) et une silhouette de grande berline, ID.VIZZION. D&#8217;ici 2023, la marque Volkswagen investira &#8211; \u00e0 elle seule- environ neuf milliards d&#8217;euros dans la mobilit\u00e9 \u00e9lectrique.<\/p>\n\n\n\n<figure class=\"wp-block-image\"><img loading=\"lazy\" decoding=\"async\" width=\"1024\" height=\"683\" src=\"http:\/\/lignesauto.fr\/wp-content\/uploads\/2019\/09\/ID.3.3-1024x683.jpg\" alt=\"\" class=\"wp-image-13808\" srcset=\"https:\/\/lignesauto.fr\/wp-content\/uploads\/2019\/09\/ID.3.3-1024x683.jpg 1024w, https:\/\/lignesauto.fr\/wp-content\/uploads\/2019\/09\/ID.3.3-300x200.jpg 300w, https:\/\/lignesauto.fr\/wp-content\/uploads\/2019\/09\/ID.3.3-768x512.jpg 768w, https:\/\/lignesauto.fr\/wp-content\/uploads\/2019\/09\/ID.3.3-370x247.jpg 370w, https:\/\/lignesauto.fr\/wp-content\/uploads\/2019\/09\/ID.3.3-1040x694.jpg 1040w, https:\/\/lignesauto.fr\/wp-content\/uploads\/2019\/09\/ID.3.3.jpg 1417w\" sizes=\"(max-width: 1024px) 100vw, 1024px\" \/><figcaption>Ralf Brandst\u00e4tter, Chief Operating Officer de la marque Volkswagen Passenger Cars, lors de la conf\u00e9rence de presse de Volkswagen au salon de Francfort<\/figcaption><\/figure>\n\n\n\n<p><strong>Bonus : la premi\u00e8re g\u00e9n\u00e9ration de Golf :  <\/strong><\/p>\n\n\n\n<figure class=\"wp-block-embed-wordpress wp-block-embed is-type-wp-embed is-provider-lignes-auto\"><div class=\"wp-block-embed__wrapper\">\n<blockquote class=\"wp-embedded-content\" data-secret=\"rfYwTnYJuk\"><a href=\"https:\/\/lignesauto.fr\/?p=11380\">1974 &#8211; 2019 : la Golf a 45 ans et Giugiaro nous raconte !<\/a><\/blockquote><iframe class=\"wp-embedded-content\" sandbox=\"allow-scripts\" security=\"restricted\" style=\"position: absolute; clip: rect(1px, 1px, 1px, 1px);\" title=\"&#8220;1974 &#8211; 2019 : la Golf a 45 ans et Giugiaro nous raconte !&#8221; &#8212; LIGNES\/auto\" src=\"https:\/\/lignesauto.fr\/?p=11380&#038;embed=true#?secret=afHdPcHhxo#?secret=rfYwTnYJuk\" data-secret=\"rfYwTnYJuk\" width=\"600\" height=\"338\" frameborder=\"0\" marginwidth=\"0\" marginheight=\"0\" scrolling=\"no\"><\/iframe>\n<\/div><\/figure>\n\n\n\n<figure class=\"wp-block-image is-resized\"><img loading=\"lazy\" decoding=\"async\" src=\"http:\/\/lignesauto.fr\/wp-content\/uploads\/2019\/09\/LOGOActus_BD-1024x367.jpg\" alt=\"L\u2019attribut alt de cette image est vide, son nom de fichier est LOGOActus_BD-1024x367.jpg.\" width=\"352\" height=\"125\"\/><\/figure>\n","protected":false},"excerpt":{"rendered":"<p>Pour la communication du groupe Volkswagen, Ralf Brandst\u00e4tter, \u00ab&nbsp;Chief Operating Officer&nbsp;\u00bb de \u2018Volkswagen V\u00e9hicules particuliers\u2019, explique l&#8217;id\u00e9e du \u00ab&nbsp;nouveau Volkswagen&nbsp;\u00bb qui a \u00e9t\u00e9 pens\u00e9e apr\u00e8s le&nbsp;dieselgate. Il revient \u00e9galement sur le lancement de la Golf 8, de ses deux versions hybrides rechargeables, du sacrifice de la Phaeton et ne croit [&hellip;]<\/p>\n","protected":false},"author":1,"featured_media":13788,"comment_status":"open","ping_status":"open","sticky":false,"template":"","format":"standard","meta":{"footnotes":""},"categories":[1],"tags":[],"_links":{"self":[{"href":"https:\/\/lignesauto.fr\/index.php?rest_route=\/wp\/v2\/posts\/13785"}],"collection":[{"href":"https:\/\/lignesauto.fr\/index.php?rest_route=\/wp\/v2\/posts"}],"about":[{"href":"https:\/\/lignesauto.fr\/index.php?rest_route=\/wp\/v2\/types\/post"}],"author":[{"embeddable":true,"href":"https:\/\/lignesauto.fr\/index.php?rest_route=\/wp\/v2\/users\/1"}],"replies":[{"embeddable":true,"href":"https:\/\/lignesauto.fr\/index.php?rest_route=%2Fwp%2Fv2%2Fcomments&post=13785"}],"version-history":[{"count":19,"href":"https:\/\/lignesauto.fr\/index.php?rest_route=\/wp\/v2\/posts\/13785\/revisions"}],"predecessor-version":[{"id":13831,"href":"https:\/\/lignesauto.fr\/index.php?rest_route=\/wp\/v2\/posts\/13785\/revisions\/13831"}],"wp:featuredmedia":[{"embeddable":true,"href":"https:\/\/lignesauto.fr\/index.php?rest_route=\/wp\/v2\/media\/13788"}],"wp:attachment":[{"href":"https:\/\/lignesauto.fr\/index.php?rest_route=%2Fwp%2Fv2%2Fmedia&parent=13785"}],"wp:term":[{"taxonomy":"category","embeddable":true,"href":"https:\/\/lignesauto.fr\/index.php?rest_route=%2Fwp%2Fv2%2Fcategories&post=13785"},{"taxonomy":"post_tag","embeddable":true,"href":"https:\/\/lignesauto.fr\/index.php?rest_route=%2Fwp%2Fv2%2Ftags&post=13785"}],"curies":[{"name":"wp","href":"https:\/\/api.w.org\/{rel}","templated":true}]}}