{"id":13850,"date":"2019-10-07T07:35:01","date_gmt":"2019-10-07T05:35:01","guid":{"rendered":"http:\/\/lignesauto.fr\/?p=13850"},"modified":"2019-10-07T08:01:32","modified_gmt":"2019-10-07T06:01:32","slug":"design-peugeot-208-quand-ses-lignes-parlent","status":"publish","type":"post","link":"https:\/\/lignesauto.fr\/?p=13850","title":{"rendered":"Design Peugeot 208 : quand ses lignes parlent"},"content":{"rendered":"\n<p>Vous ne l&#8217;aviez vue qu&#8217;en photos. Alors LIGNES\/auto d\u00e9taille les lignes de la 208 pour vous aider \u00e0 mieux comprendre son style dynamique.<\/p>\n\n\n\n<figure class=\"wp-block-image is-resized\"><img loading=\"lazy\" decoding=\"async\" src=\"http:\/\/lignesauto.fr\/wp-content\/uploads\/2019\/09\/LOGOActus_BD-1024x367.jpg\" alt=\"\" class=\"wp-image-13139\" width=\"369\" height=\"131\" srcset=\"https:\/\/lignesauto.fr\/wp-content\/uploads\/2019\/09\/LOGOActus_BD-1024x367.jpg 1024w, https:\/\/lignesauto.fr\/wp-content\/uploads\/2019\/09\/LOGOActus_BD-300x108.jpg 300w, https:\/\/lignesauto.fr\/wp-content\/uploads\/2019\/09\/LOGOActus_BD-1040x373.jpg 1040w, https:\/\/lignesauto.fr\/wp-content\/uploads\/2019\/09\/LOGOActus_BD.jpg 1240w\" sizes=\"(max-width: 369px) 100vw, 369px\" \/><\/figure>\n\n\n\n<figure class=\"wp-block-image\"><img loading=\"lazy\" decoding=\"async\" width=\"833\" height=\"1024\" src=\"http:\/\/lignesauto.fr\/wp-content\/uploads\/2019\/10\/LIGNES208_07-1-833x1024.png\" alt=\"\" class=\"wp-image-13955\" srcset=\"https:\/\/lignesauto.fr\/wp-content\/uploads\/2019\/10\/LIGNES208_07-1-833x1024.png 833w, https:\/\/lignesauto.fr\/wp-content\/uploads\/2019\/10\/LIGNES208_07-1-244x300.png 244w, https:\/\/lignesauto.fr\/wp-content\/uploads\/2019\/10\/LIGNES208_07-1-768x944.png 768w, https:\/\/lignesauto.fr\/wp-content\/uploads\/2019\/10\/LIGNES208_07-1-370x455.png 370w, https:\/\/lignesauto.fr\/wp-content\/uploads\/2019\/10\/LIGNES208_07-1-1040x1279.png 1040w, https:\/\/lignesauto.fr\/wp-content\/uploads\/2019\/10\/LIGNES208_07-1.png 1417w\" sizes=\"(max-width: 833px) 100vw, 833px\" \/><\/figure>\n\n\n\n<p>Avant de l&#8217;observer dans le d\u00e9tail, on rel\u00e8ve ci-dessus tr\u00e8s nettement le changement des proportions de la nouvelle 208 par rapport \u00e0 la pr\u00e9c\u00e9dente g\u00e9n\u00e9ration. La nouvelle retrouve les th\u00e8mes de la 205 avec son long capot et son habitacle recul\u00e9. <\/p>\n\n\n\n<figure class=\"wp-block-image\"><img loading=\"lazy\" decoding=\"async\" width=\"815\" height=\"1024\" src=\"http:\/\/lignesauto.fr\/wp-content\/uploads\/2019\/10\/LIGNES208_01-815x1024.png\" alt=\"\" class=\"wp-image-13838\" srcset=\"https:\/\/lignesauto.fr\/wp-content\/uploads\/2019\/10\/LIGNES208_01-815x1024.png 815w, https:\/\/lignesauto.fr\/wp-content\/uploads\/2019\/10\/LIGNES208_01-239x300.png 239w, https:\/\/lignesauto.fr\/wp-content\/uploads\/2019\/10\/LIGNES208_01-768x965.png 768w, https:\/\/lignesauto.fr\/wp-content\/uploads\/2019\/10\/LIGNES208_01-370x465.png 370w, https:\/\/lignesauto.fr\/wp-content\/uploads\/2019\/10\/LIGNES208_01-1040x1306.png 1040w, https:\/\/lignesauto.fr\/wp-content\/uploads\/2019\/10\/LIGNES208_01.png 1398w\" sizes=\"(max-width: 815px) 100vw, 815px\" \/><\/figure>\n\n\n\n<p>Ext\u00e9rieurement, les versions essence, diesel ou \u00e9lectrique disposent de la m\u00eame carrosserie cinq portes. Les mod\u00e8les trois portes ont disparu avec cette nouvelle g\u00e9n\u00e9ration de 208, restriction des silhouettes oblige ! Les passages de roues laqu\u00e9s (en noir) sont disponibles sur les versions \u00e9lectrique, GT Line et GT.<\/p>\n\n\n\n<figure class=\"wp-block-image\"><img loading=\"lazy\" decoding=\"async\" width=\"1024\" height=\"924\" src=\"http:\/\/lignesauto.fr\/wp-content\/uploads\/2019\/10\/LIGNES208_10-1024x924.png\" alt=\"\" class=\"wp-image-13845\" srcset=\"https:\/\/lignesauto.fr\/wp-content\/uploads\/2019\/10\/LIGNES208_10-1024x924.png 1024w, https:\/\/lignesauto.fr\/wp-content\/uploads\/2019\/10\/LIGNES208_10-300x271.png 300w, https:\/\/lignesauto.fr\/wp-content\/uploads\/2019\/10\/LIGNES208_10-768x693.png 768w, https:\/\/lignesauto.fr\/wp-content\/uploads\/2019\/10\/LIGNES208_10-370x334.png 370w, https:\/\/lignesauto.fr\/wp-content\/uploads\/2019\/10\/LIGNES208_10-1040x939.png 1040w, https:\/\/lignesauto.fr\/wp-content\/uploads\/2019\/10\/LIGNES208_10.png 1417w\" sizes=\"(max-width: 1024px) 100vw, 1024px\" \/><\/figure>\n\n\n\n<p>Outre le retour de proportions de berline &#8220;classique&#8221;, le style de la 208 est extr\u00eamement travaill\u00e9 sur ses flancs comme on peut le deviner ci-dessus. La ligne de carre dynamique au niveau des poign\u00e9es de portes engage un volume concave&#8230;<\/p>\n\n\n\n<figure class=\"wp-block-image\"><img loading=\"lazy\" decoding=\"async\" width=\"1024\" height=\"576\" src=\"http:\/\/lignesauto.fr\/wp-content\/uploads\/2019\/10\/00-1024x576.jpg\" alt=\"\" class=\"wp-image-13849\" srcset=\"https:\/\/lignesauto.fr\/wp-content\/uploads\/2019\/10\/00-1024x576.jpg 1024w, https:\/\/lignesauto.fr\/wp-content\/uploads\/2019\/10\/00-300x169.jpg 300w, https:\/\/lignesauto.fr\/wp-content\/uploads\/2019\/10\/00-768x432.jpg 768w, https:\/\/lignesauto.fr\/wp-content\/uploads\/2019\/10\/00-370x208.jpg 370w, https:\/\/lignesauto.fr\/wp-content\/uploads\/2019\/10\/00-1040x585.jpg 1040w, https:\/\/lignesauto.fr\/wp-content\/uploads\/2019\/10\/00.jpg 1417w\" sizes=\"(max-width: 1024px) 100vw, 1024px\" \/><\/figure>\n\n\n\n<p>&#8230;Ce dernier emm\u00e8ne un flanc parcouru par deux lignes courbes qui le creusent, pour r\u00e9pondre \u00e0 cette volont\u00e9 du design Peugeot &#8220;<em>d&#8217;enlever de la mati\u00e8re<\/em>&#8221; l\u00e0 o\u00f9 elle n&#8217;est pas n\u00e9cessaire. Comme un costume cintr\u00e9&#8230;<\/p>\n\n\n\n<figure class=\"wp-block-image\"><img loading=\"lazy\" decoding=\"async\" width=\"1024\" height=\"812\" src=\"http:\/\/lignesauto.fr\/wp-content\/uploads\/2019\/10\/LIGNES208_04-1024x812.png\" alt=\"\" class=\"wp-image-13841\" srcset=\"https:\/\/lignesauto.fr\/wp-content\/uploads\/2019\/10\/LIGNES208_04-1024x812.png 1024w, https:\/\/lignesauto.fr\/wp-content\/uploads\/2019\/10\/LIGNES208_04-300x238.png 300w, https:\/\/lignesauto.fr\/wp-content\/uploads\/2019\/10\/LIGNES208_04-768x609.png 768w, https:\/\/lignesauto.fr\/wp-content\/uploads\/2019\/10\/LIGNES208_04-370x294.png 370w, https:\/\/lignesauto.fr\/wp-content\/uploads\/2019\/10\/LIGNES208_04-1040x825.png 1040w\" sizes=\"(max-width: 1024px) 100vw, 1024px\" \/><\/figure>\n\n\n\n<p>Petit clin d&#8217;oeil \u00e0 la 205 GTI sur le panneau de custode avec un embouti sp\u00e9cifique alors que la trappe, d&#8217;une surface g\u00e9n\u00e9reuse, est identique sur les mod\u00e8les thermiques et \u00e9lectriques.<\/p>\n\n\n\n<figure class=\"wp-block-image\"><img loading=\"lazy\" decoding=\"async\" width=\"1024\" height=\"609\" src=\"http:\/\/lignesauto.fr\/wp-content\/uploads\/2019\/10\/LIGNES208_05-1024x609.png\" alt=\"\" class=\"wp-image-13842\" srcset=\"https:\/\/lignesauto.fr\/wp-content\/uploads\/2019\/10\/LIGNES208_05-1024x609.png 1024w, https:\/\/lignesauto.fr\/wp-content\/uploads\/2019\/10\/LIGNES208_05-300x178.png 300w, https:\/\/lignesauto.fr\/wp-content\/uploads\/2019\/10\/LIGNES208_05-768x457.png 768w, https:\/\/lignesauto.fr\/wp-content\/uploads\/2019\/10\/LIGNES208_05-370x220.png 370w, https:\/\/lignesauto.fr\/wp-content\/uploads\/2019\/10\/LIGNES208_05-1040x619.png 1040w\" sizes=\"(max-width: 1024px) 100vw, 1024px\" \/><\/figure>\n\n\n\n<p>La proue inspire le dynamisme avec des optiques fronc\u00e9es, les crocs et surtout un capot sugg\u00e9rant la puissance du bloc thermique ! Ce n&#8217;est pourtant -en essence- qu&#8217;un trois cylindres (jusqu&#8217;\u00e0 130 ch) et, en \u00e9lectrique, un bloc de 136 ch. Le bomb\u00e9 du capot est visuellement mis en valeur par les deux creux subtilement enfant\u00e9s de part et d&#8217;autre. A noter l&#8217;apparition, comme sur 508, du nom de la voiture sur le capot et d&#8217;un logo l\u00e9g\u00e8rement bleut\u00e9 sur la version \u00e9lectrique. <\/p>\n\n\n\n<figure class=\"wp-block-image\"><img loading=\"lazy\" decoding=\"async\" width=\"1024\" height=\"683\" src=\"http:\/\/lignesauto.fr\/wp-content\/uploads\/2019\/10\/LIGNES2-1024x683.jpg\" alt=\"\" class=\"wp-image-13847\" srcset=\"https:\/\/lignesauto.fr\/wp-content\/uploads\/2019\/10\/LIGNES2-1024x683.jpg 1024w, https:\/\/lignesauto.fr\/wp-content\/uploads\/2019\/10\/LIGNES2-300x200.jpg 300w, https:\/\/lignesauto.fr\/wp-content\/uploads\/2019\/10\/LIGNES2-768x512.jpg 768w, https:\/\/lignesauto.fr\/wp-content\/uploads\/2019\/10\/LIGNES2-370x247.jpg 370w, https:\/\/lignesauto.fr\/wp-content\/uploads\/2019\/10\/LIGNES2-1040x694.jpg 1040w, https:\/\/lignesauto.fr\/wp-content\/uploads\/2019\/10\/LIGNES2.jpg 1417w\" sizes=\"(max-width: 1024px) 100vw, 1024px\" \/><\/figure>\n\n\n\n<p>Si le choix du capot autoclave (retombant sur les ailes) et non &#8220;carrossier&#8221; comme sur la 508 a \u00e9t\u00e9 retenu, le &#8220;soft-nose&#8221; est quant \u00e0 lui g\u00e9n\u00e9reux en volume, comme sur toutes les cr\u00e9ations de la marque. Son grand avantage est de pouvoir redessiner, pour la phase-2, l&#8217;int\u00e9gralit\u00e9 de la face avant sans modifier les ailes ou le capot.<\/p>\n\n\n\n<figure class=\"wp-block-image\"><img loading=\"lazy\" decoding=\"async\" width=\"1024\" height=\"683\" src=\"http:\/\/lignesauto.fr\/wp-content\/uploads\/2019\/10\/100-1024x683.jpg\" alt=\"\" class=\"wp-image-13848\" srcset=\"https:\/\/lignesauto.fr\/wp-content\/uploads\/2019\/10\/100-1024x683.jpg 1024w, https:\/\/lignesauto.fr\/wp-content\/uploads\/2019\/10\/100-300x200.jpg 300w, https:\/\/lignesauto.fr\/wp-content\/uploads\/2019\/10\/100-768x512.jpg 768w, https:\/\/lignesauto.fr\/wp-content\/uploads\/2019\/10\/100-370x247.jpg 370w, https:\/\/lignesauto.fr\/wp-content\/uploads\/2019\/10\/100-1040x694.jpg 1040w, https:\/\/lignesauto.fr\/wp-content\/uploads\/2019\/10\/100.jpg 1417w\" sizes=\"(max-width: 1024px) 100vw, 1024px\" \/><\/figure>\n\n\n\n<p>La calandre est identique en taille sur les versions thermiques et \u00e9lectriques, ce qui est \u00e9tonnant pour cette derni\u00e8re puisque le moteur \u00e9lectrique est plus compact. Notons toutefois que le rack de batterie est r\u00e9frig\u00e9r\u00e9 pour garantir une meilleure tenue dans le temps et des recharges possibles sur des bornes &#8220;recharges rapides&#8221; de 100 kW, ceci expliquant peut-\u00eatre cela.<\/p>\n\n\n\n<figure class=\"wp-block-image\"><img loading=\"lazy\" decoding=\"async\" width=\"1024\" height=\"683\" src=\"http:\/\/lignesauto.fr\/wp-content\/uploads\/2019\/10\/a-1024x683.jpg\" alt=\"\" class=\"wp-image-13846\" srcset=\"https:\/\/lignesauto.fr\/wp-content\/uploads\/2019\/10\/a-1024x683.jpg 1024w, https:\/\/lignesauto.fr\/wp-content\/uploads\/2019\/10\/a-300x200.jpg 300w, https:\/\/lignesauto.fr\/wp-content\/uploads\/2019\/10\/a-768x512.jpg 768w, https:\/\/lignesauto.fr\/wp-content\/uploads\/2019\/10\/a-370x247.jpg 370w, https:\/\/lignesauto.fr\/wp-content\/uploads\/2019\/10\/a-1040x694.jpg 1040w, https:\/\/lignesauto.fr\/wp-content\/uploads\/2019\/10\/a.jpg 1417w\" sizes=\"(max-width: 1024px) 100vw, 1024px\" \/><\/figure>\n\n\n\n<p>Sur le panneau arri\u00e8re, une ligne part des feux pour s&#8217;estomper dans le volume de l&#8217;aile. Ce nouveau th\u00e8me a \u00e9t\u00e9 test\u00e9 sur le concept-car e-Legend du salon de Paris 2018. Cette vue montre \u00e0 nouveau le trait\u00e9 des flancs extr\u00eamement travaill\u00e9s et qui ont demand\u00e9 beaucoup de mise au point au niveau des emboutissages, des jeux et des assemblages en ferrage.<\/p>\n\n\n\n<figure class=\"wp-block-image\"><img loading=\"lazy\" decoding=\"async\" width=\"1024\" height=\"683\" src=\"http:\/\/lignesauto.fr\/wp-content\/uploads\/2019\/10\/IGNES208_08-1024x683.jpg\" alt=\"\" class=\"wp-image-13956\" srcset=\"https:\/\/lignesauto.fr\/wp-content\/uploads\/2019\/10\/IGNES208_08-1024x683.jpg 1024w, https:\/\/lignesauto.fr\/wp-content\/uploads\/2019\/10\/IGNES208_08-300x200.jpg 300w, https:\/\/lignesauto.fr\/wp-content\/uploads\/2019\/10\/IGNES208_08-768x512.jpg 768w, https:\/\/lignesauto.fr\/wp-content\/uploads\/2019\/10\/IGNES208_08-370x247.jpg 370w, https:\/\/lignesauto.fr\/wp-content\/uploads\/2019\/10\/IGNES208_08-1040x694.jpg 1040w, https:\/\/lignesauto.fr\/wp-content\/uploads\/2019\/10\/IGNES208_08.jpg 1417w\" sizes=\"(max-width: 1024px) 100vw, 1024px\" \/><\/figure>\n\n\n\n<p>L&#8217;astuce esth\u00e9tique du bandeau noir int\u00e9grant les feux arri\u00e8re est double : il \u00e9largit visuellement la 208 tout en l&#8217;int\u00e9grant \u00e0 la famille des r\u00e9cents mod\u00e8les de la marque mais il n&#8217;embarque aucun feux (anti-brouillard ou de recul) sur le hayon, ne n\u00e9cessitant pas de c\u00e2blage et donc, engendrant une petite \u00e9conomie qui fait toujours plaisir ! Malin&#8230;<\/p>\n\n\n\n<figure class=\"wp-block-image\"><img loading=\"lazy\" decoding=\"async\" width=\"1024\" height=\"416\" src=\"http:\/\/lignesauto.fr\/wp-content\/uploads\/2019\/10\/LIGNES200-1024x416.png\" alt=\"\" class=\"wp-image-13958\" srcset=\"https:\/\/lignesauto.fr\/wp-content\/uploads\/2019\/10\/LIGNES200-1024x416.png 1024w, https:\/\/lignesauto.fr\/wp-content\/uploads\/2019\/10\/LIGNES200-300x122.png 300w, https:\/\/lignesauto.fr\/wp-content\/uploads\/2019\/10\/LIGNES200-768x312.png 768w, https:\/\/lignesauto.fr\/wp-content\/uploads\/2019\/10\/LIGNES200-370x150.png 370w, https:\/\/lignesauto.fr\/wp-content\/uploads\/2019\/10\/LIGNES200-1040x423.png 1040w, https:\/\/lignesauto.fr\/wp-content\/uploads\/2019\/10\/LIGNES200.png 1417w\" sizes=\"(max-width: 1024px) 100vw, 1024px\" \/><\/figure>\n\n\n\n<p>Enfin, dernier clin d&#8217;\u0153il : la 208 a quand m\u00eame h\u00e9rit\u00e9 d&#8217;un \u00e9l\u00e9ment de style d&#8217;une voiture que nous avons tous aim\u00e9e : la Peugeot RCZ dans sa version restyl\u00e9e. Il s&#8217;agit de la prise d&#8217;air inf\u00e9rieure, au dessin quasi identique sur les deux mod\u00e8les.<\/p>\n\n\n\n<figure class=\"wp-block-image\"><img loading=\"lazy\" decoding=\"async\" width=\"1024\" height=\"399\" src=\"http:\/\/lignesauto.fr\/wp-content\/uploads\/2019\/02\/LIGNESP21_02-1024x399.jpg\" alt=\"\" class=\"wp-image-8073\" srcset=\"https:\/\/lignesauto.fr\/wp-content\/uploads\/2019\/02\/LIGNESP21_02-1024x399.jpg 1024w, https:\/\/lignesauto.fr\/wp-content\/uploads\/2019\/02\/LIGNESP21_02-300x117.jpg 300w, https:\/\/lignesauto.fr\/wp-content\/uploads\/2019\/02\/LIGNESP21_02-768x299.jpg 768w, https:\/\/lignesauto.fr\/wp-content\/uploads\/2019\/02\/LIGNESP21_02-370x144.jpg 370w, https:\/\/lignesauto.fr\/wp-content\/uploads\/2019\/02\/LIGNESP21_02-1040x405.jpg 1040w, https:\/\/lignesauto.fr\/wp-content\/uploads\/2019\/02\/LIGNESP21_02.jpg 1417w\" sizes=\"(max-width: 1024px) 100vw, 1024px\" \/><\/figure>\n\n\n\n<p><strong>BONUS : POURQUOI LA VERSION ELECTRIQUE N&#8217;A PAS DE POSSIBILITE D&#8217;EMBARQUER UNE ROUE DE SECOURS, CONTRAIREMENT AUX VERSIONS THERMIQUES ?<\/strong><\/p>\n\n\n\n<p>Si vous avez d\u00e9j\u00e0 \u00e9t\u00e9 confront\u00e9s \u00e0 une crevaison sur le flanc de votre pneumatique, alors, vous n&#8217;avez pas pu r\u00e9parer avec le kit anti-crevaison. Donc, vous opterez sans doute pour l&#8217;option &#8220;roue de secours&#8221; lors de votre prochain achat. Cette roue est disponible pour un peu plus de 100 euros sur toutes les 208, sauf la version \u00e9lectrique. Voici pourquoi, en images.<\/p>\n\n\n\n<figure class=\"wp-block-image\"><img loading=\"lazy\" decoding=\"async\" width=\"903\" height=\"1024\" src=\"http:\/\/lignesauto.fr\/wp-content\/uploads\/2019\/10\/LIGNESCMP1-903x1024.png\" alt=\"\" class=\"wp-image-13961\" srcset=\"https:\/\/lignesauto.fr\/wp-content\/uploads\/2019\/10\/LIGNESCMP1-903x1024.png 903w, https:\/\/lignesauto.fr\/wp-content\/uploads\/2019\/10\/LIGNESCMP1-265x300.png 265w, https:\/\/lignesauto.fr\/wp-content\/uploads\/2019\/10\/LIGNESCMP1-768x870.png 768w, https:\/\/lignesauto.fr\/wp-content\/uploads\/2019\/10\/LIGNESCMP1-370x419.png 370w, https:\/\/lignesauto.fr\/wp-content\/uploads\/2019\/10\/LIGNESCMP1-1040x1179.png 1040w, https:\/\/lignesauto.fr\/wp-content\/uploads\/2019\/10\/LIGNESCMP1.png 1417w\" sizes=\"(max-width: 903px) 100vw, 903px\" \/><\/figure>\n\n\n\n<p>Le groupe PSa nous avait pourtant bien expliqu\u00e9 que les prestations entre la plateforme CMP thermique et CMP \u00e9lectrique \u00e9taient identiques : m\u00eame habitabilit\u00e9, m\u00eame contenance de coffre. Mais par contre, la technologie de l&#8217;\u00e9lectrique et notamment sa recharge et tous les syst\u00e8mes y ayant accol\u00e9s empi\u00e8tent sur la partie arri\u00e8re de la plateforme comme on le devine sur les dessins techniques ci-dessus et ci-dessous. <\/p>\n\n\n\n<figure class=\"wp-block-image\"><img loading=\"lazy\" decoding=\"async\" width=\"703\" height=\"1024\" src=\"http:\/\/lignesauto.fr\/wp-content\/uploads\/2019\/10\/NEW-703x1024.png\" alt=\"\" class=\"wp-image-13982\" srcset=\"https:\/\/lignesauto.fr\/wp-content\/uploads\/2019\/10\/NEW-703x1024.png 703w, https:\/\/lignesauto.fr\/wp-content\/uploads\/2019\/10\/NEW-206x300.png 206w, https:\/\/lignesauto.fr\/wp-content\/uploads\/2019\/10\/NEW-768x1119.png 768w, https:\/\/lignesauto.fr\/wp-content\/uploads\/2019\/10\/NEW-370x539.png 370w, https:\/\/lignesauto.fr\/wp-content\/uploads\/2019\/10\/NEW-1040x1515.png 1040w, https:\/\/lignesauto.fr\/wp-content\/uploads\/2019\/10\/NEW.png 1417w\" sizes=\"(max-width: 703px) 100vw, 703px\" \/><\/figure>\n\n\n\n<p>Il n&#8217;existe donc dans la version \u00e9lectrique qu&#8217;une petite cavit\u00e9, pas assez volumineuse pour y loger une roue de secours. C&#8217;est une petite contrari\u00e9t\u00e9 au vu de la performance d&#8217;avoir con\u00e7u une plateforme multi \u00e9nergie sans entamer l&#8217;habitabilit\u00e9 ni le volume de coffre. Mais une contrari\u00e9t\u00e9 quand m\u00eame\u2026<\/p>\n\n\n\n<figure class=\"wp-block-image is-resized\"><img loading=\"lazy\" decoding=\"async\" src=\"http:\/\/lignesauto.fr\/wp-content\/uploads\/2019\/09\/LOGOActus_BD-1024x367.jpg\" alt=\"\" class=\"wp-image-13139\" width=\"356\" height=\"127\" srcset=\"https:\/\/lignesauto.fr\/wp-content\/uploads\/2019\/09\/LOGOActus_BD-1024x367.jpg 1024w, https:\/\/lignesauto.fr\/wp-content\/uploads\/2019\/09\/LOGOActus_BD-300x108.jpg 300w, https:\/\/lignesauto.fr\/wp-content\/uploads\/2019\/09\/LOGOActus_BD-768x276.jpg 768w, https:\/\/lignesauto.fr\/wp-content\/uploads\/2019\/09\/LOGOActus_BD-370x133.jpg 370w, https:\/\/lignesauto.fr\/wp-content\/uploads\/2019\/09\/LOGOActus_BD-1040x373.jpg 1040w, https:\/\/lignesauto.fr\/wp-content\/uploads\/2019\/09\/LOGOActus_BD.jpg 1240w\" sizes=\"(max-width: 356px) 100vw, 356px\" \/><\/figure>\n","protected":false},"excerpt":{"rendered":"<p>Vous ne l&#8217;aviez vue qu&#8217;en photos. Alors LIGNES\/auto d\u00e9taille les lignes de la 208 pour vous aider \u00e0 mieux comprendre son style dynamique. Avant de l&#8217;observer dans le d\u00e9tail, on rel\u00e8ve ci-dessus tr\u00e8s nettement le changement des proportions de la nouvelle 208 par rapport \u00e0 la pr\u00e9c\u00e9dente g\u00e9n\u00e9ration. La nouvelle [&hellip;]<\/p>\n","protected":false},"author":1,"featured_media":13839,"comment_status":"open","ping_status":"open","sticky":false,"template":"","format":"standard","meta":{"footnotes":""},"categories":[1],"tags":[],"_links":{"self":[{"href":"https:\/\/lignesauto.fr\/index.php?rest_route=\/wp\/v2\/posts\/13850"}],"collection":[{"href":"https:\/\/lignesauto.fr\/index.php?rest_route=\/wp\/v2\/posts"}],"about":[{"href":"https:\/\/lignesauto.fr\/index.php?rest_route=\/wp\/v2\/types\/post"}],"author":[{"embeddable":true,"href":"https:\/\/lignesauto.fr\/index.php?rest_route=\/wp\/v2\/users\/1"}],"replies":[{"embeddable":true,"href":"https:\/\/lignesauto.fr\/index.php?rest_route=%2Fwp%2Fv2%2Fcomments&post=13850"}],"version-history":[{"count":23,"href":"https:\/\/lignesauto.fr\/index.php?rest_route=\/wp\/v2\/posts\/13850\/revisions"}],"predecessor-version":[{"id":13996,"href":"https:\/\/lignesauto.fr\/index.php?rest_route=\/wp\/v2\/posts\/13850\/revisions\/13996"}],"wp:featuredmedia":[{"embeddable":true,"href":"https:\/\/lignesauto.fr\/index.php?rest_route=\/wp\/v2\/media\/13839"}],"wp:attachment":[{"href":"https:\/\/lignesauto.fr\/index.php?rest_route=%2Fwp%2Fv2%2Fmedia&parent=13850"}],"wp:term":[{"taxonomy":"category","embeddable":true,"href":"https:\/\/lignesauto.fr\/index.php?rest_route=%2Fwp%2Fv2%2Fcategories&post=13850"},{"taxonomy":"post_tag","embeddable":true,"href":"https:\/\/lignesauto.fr\/index.php?rest_route=%2Fwp%2Fv2%2Ftags&post=13850"}],"curies":[{"name":"wp","href":"https:\/\/api.w.org\/{rel}","templated":true}]}}