{"id":13862,"date":"2019-10-07T07:23:18","date_gmt":"2019-10-07T05:23:18","guid":{"rendered":"http:\/\/lignesauto.fr\/?p=13862"},"modified":"2020-05-18T08:45:55","modified_gmt":"2020-05-18T06:45:55","slug":"genese-de-la-peugeot-208","status":"publish","type":"post","link":"https:\/\/lignesauto.fr\/?p=13862","title":{"rendered":"Gen\u00e8se de la Peugeot 208"},"content":{"rendered":"\n<p style=\"font-size:18px\">D\u00e9couvrez la gen\u00e8se de la Peugeot 208, de 2013 \u00e0 2019. Ou comment, un an apr\u00e8s avoir lanc\u00e9 la 208 de 2012, Peugeot songeait d\u00e9j\u00e0 \u00e0 son successeur ! Relisez les interviews des designers de cette h\u00e9riti\u00e8re de la 205.<\/p>\n\n\n\n<figure class=\"wp-block-image is-resized\"><img loading=\"lazy\" decoding=\"async\" src=\"http:\/\/lignesauto.fr\/wp-content\/uploads\/2019\/09\/LOGOActus_BD-1024x367.jpg\" alt=\"\" class=\"wp-image-13139\" width=\"348\" height=\"124\" srcset=\"https:\/\/lignesauto.fr\/wp-content\/uploads\/2019\/09\/LOGOActus_BD-1024x367.jpg 1024w, https:\/\/lignesauto.fr\/wp-content\/uploads\/2019\/09\/LOGOActus_BD-300x108.jpg 300w, https:\/\/lignesauto.fr\/wp-content\/uploads\/2019\/09\/LOGOActus_BD-768x276.jpg 768w, https:\/\/lignesauto.fr\/wp-content\/uploads\/2019\/09\/LOGOActus_BD-370x133.jpg 370w, https:\/\/lignesauto.fr\/wp-content\/uploads\/2019\/09\/LOGOActus_BD-1040x373.jpg 1040w, https:\/\/lignesauto.fr\/wp-content\/uploads\/2019\/09\/LOGOActus_BD.jpg 1240w\" sizes=\"(max-width: 348px) 100vw, 348px\" \/><\/figure>\n\n\n\n<p style=\"font-size:18px\">En 2013, le programme P21 est lanc\u00e9. Pour l&#8217;heure, il ne s&#8217;agit que de rassembler une toute petite \u00e9quipe d&#8217;une dizaine de personnes. L&#8217;occasion de tracer les voies possibles pour le renouvellement de la 208 qui n&#8217;a m\u00eame pas un an !<\/p>\n\n\n\n<figure class=\"wp-block-image\"><img loading=\"lazy\" decoding=\"async\" width=\"1024\" height=\"570\" src=\"http:\/\/lignesauto.fr\/wp-content\/uploads\/2019\/01\/LIGNES102-1024x570.jpg\" alt=\"\" class=\"wp-image-7277\" srcset=\"https:\/\/lignesauto.fr\/wp-content\/uploads\/2019\/01\/LIGNES102-1024x570.jpg 1024w, https:\/\/lignesauto.fr\/wp-content\/uploads\/2019\/01\/LIGNES102-300x167.jpg 300w, https:\/\/lignesauto.fr\/wp-content\/uploads\/2019\/01\/LIGNES102-768x428.jpg 768w, https:\/\/lignesauto.fr\/wp-content\/uploads\/2019\/01\/LIGNES102-370x206.jpg 370w, https:\/\/lignesauto.fr\/wp-content\/uploads\/2019\/01\/LIGNES102-1040x579.jpg 1040w, https:\/\/lignesauto.fr\/wp-content\/uploads\/2019\/01\/LIGNES102.jpg 1929w\" sizes=\"(max-width: 1024px) 100vw, 1024px\" \/><\/figure>\n\n\n\n<p style=\"font-size:18px\">Car la 208 de 2012 fait l&#8217;actualit\u00e9. Pour elle, Peugeot a engag\u00e9 un programme de rupture avec la 207. Plus compacte, l\u00e9g\u00e8re et surtout, adepte des proportions presque monocorps, cette 208 a \u00e9t\u00e9 d\u00e9velopp\u00e9e sous le nom de projet A9. C&#8217;est la premi\u00e8re de l&#8217;\u00e8re nouvelle au sein du design depuis que Jean-Pierre Plou\u00e9 a reform\u00e9 les \u00e9quipes d\u00e9di\u00e9es \u00e0 Peugeot et Citro\u00ebn.<\/p>\n\n\n\n<figure class=\"wp-block-image\"><img loading=\"lazy\" decoding=\"async\" width=\"1024\" height=\"643\" src=\"http:\/\/lignesauto.fr\/wp-content\/uploads\/2019\/01\/LIGNES101-1024x643.jpg\" alt=\"\" class=\"wp-image-7276\" srcset=\"https:\/\/lignesauto.fr\/wp-content\/uploads\/2019\/01\/LIGNES101-1024x643.jpg 1024w, https:\/\/lignesauto.fr\/wp-content\/uploads\/2019\/01\/LIGNES101-300x188.jpg 300w, https:\/\/lignesauto.fr\/wp-content\/uploads\/2019\/01\/LIGNES101-768x482.jpg 768w, https:\/\/lignesauto.fr\/wp-content\/uploads\/2019\/01\/LIGNES101-370x232.jpg 370w, https:\/\/lignesauto.fr\/wp-content\/uploads\/2019\/01\/LIGNES101-1040x653.jpg 1040w, https:\/\/lignesauto.fr\/wp-content\/uploads\/2019\/01\/LIGNES101.jpg 1929w\" sizes=\"(max-width: 1024px) 100vw, 1024px\" \/><\/figure>\n\n\n\n<p style=\"font-size:18px\">Le programme A9 est compact, nerveux et le bloc avant tr\u00e8s restreint. On trouve d\u00e9j\u00e0 les passages de roues marqu\u00e9s d&#8217;un creux qui seront repris sur le projet P21 de 2019. Les flancs sont relativement sobres, si ce n&#8217;est un resserrement en bas de caisse : le costume doit \u00eatre cintr\u00e9, il faut enlever de la mati\u00e8re ! Notons \u00e9galement la ligne en pli qui part de la poign\u00e9e avant pour rejoindre le feu arri\u00e8re. Les flancs de la 208 de 2019 seront bien plus complexes !<\/p>\n\n\n\n<figure class=\"wp-block-image\"><img loading=\"lazy\" decoding=\"async\" width=\"1024\" height=\"386\" src=\"http:\/\/lignesauto.fr\/wp-content\/uploads\/2019\/10\/LIGNESA_04-1024x386.jpg\" alt=\"\" class=\"wp-image-13869\" srcset=\"https:\/\/lignesauto.fr\/wp-content\/uploads\/2019\/10\/LIGNESA_04-1024x386.jpg 1024w, https:\/\/lignesauto.fr\/wp-content\/uploads\/2019\/10\/LIGNESA_04-300x113.jpg 300w, https:\/\/lignesauto.fr\/wp-content\/uploads\/2019\/10\/LIGNESA_04-768x289.jpg 768w, https:\/\/lignesauto.fr\/wp-content\/uploads\/2019\/10\/LIGNESA_04-370x139.jpg 370w, https:\/\/lignesauto.fr\/wp-content\/uploads\/2019\/10\/LIGNESA_04-1040x392.jpg 1040w, https:\/\/lignesauto.fr\/wp-content\/uploads\/2019\/10\/LIGNESA_04.jpg 1417w\" sizes=\"(max-width: 1024px) 100vw, 1024px\" \/><\/figure>\n\n\n\n<p style=\"font-size:18px\">De 2013 \u00e0 2015, le projet P21 doit, lui, d&#8217;abord r\u00e9pondre \u00e0 une question : doit-il suivre la voie &#8220;monocorisante&#8221; du projet A9 ou, au contraire, retrouver des proportions plus &#8220;bagnole&#8221;, avec un capot long, muscl\u00e9, un habitacle recul\u00e9 et emprunter les codes de la 205 remis au go\u00fbt du jour ? Des maquettes en polystyr\u00e8ne \u00e0 l&#8217;\u00e9chelle 1 sont donc r\u00e9alis\u00e9es pour se convaincre de la voie \u00e0 suivre. La seconde solution est finalement retenue et de l&#8217;A9, la P21 ne conserve pratiquement rien. Si ce n&#8217;est l&#8217;appellation 208.<\/p>\n\n\n\n<figure class=\"wp-block-image\"><img loading=\"lazy\" decoding=\"async\" width=\"1024\" height=\"512\" src=\"http:\/\/lignesauto.fr\/wp-content\/uploads\/2019\/10\/LIGNESA_06-1024x512.jpg\" alt=\"\" class=\"wp-image-13871\" srcset=\"https:\/\/lignesauto.fr\/wp-content\/uploads\/2019\/10\/LIGNESA_06-1024x512.jpg 1024w, https:\/\/lignesauto.fr\/wp-content\/uploads\/2019\/10\/LIGNESA_06-300x150.jpg 300w, https:\/\/lignesauto.fr\/wp-content\/uploads\/2019\/10\/LIGNESA_06-768x384.jpg 768w, https:\/\/lignesauto.fr\/wp-content\/uploads\/2019\/10\/LIGNESA_06-370x185.jpg 370w, https:\/\/lignesauto.fr\/wp-content\/uploads\/2019\/10\/LIGNESA_06-1040x520.jpg 1040w, https:\/\/lignesauto.fr\/wp-content\/uploads\/2019\/10\/LIGNESA_06.jpg 1417w\" sizes=\"(max-width: 1024px) 100vw, 1024px\" \/><\/figure>\n\n\n\n<p style=\"font-size:18px\">Pour faire passer ce message en interne, sans r\u00e9v\u00e9ler les lignes de la 208 P21 de 2019 (qui sont encore loin d&#8217;\u00eatre fig\u00e9es), Peugeot d\u00e9cide de pr\u00e9senter en 2015, le concept-car Fractal dessin\u00e9 par S\u00e9bastien Criquet. Son message n&#8217;est pas d&#8217;\u00e9voquer la future 208 et pourtant en interne, c&#8217;est bien le programme P21 qui appara\u00eet en filigrane, notamment sa nouvelle architecture plus classique (capot moteur, habitacle recul\u00e9) et son c\u00f4t\u00e9 sportif, mais ici avec des proportions port\u00e9es \u00e0 leur paroxysme.<\/p>\n\n\n\n<figure class=\"wp-block-image\"><img loading=\"lazy\" decoding=\"async\" width=\"1024\" height=\"399\" src=\"http:\/\/lignesauto.fr\/wp-content\/uploads\/2019\/10\/LIGNESA_02-1024x399.jpg\" alt=\"\" class=\"wp-image-13867\" srcset=\"https:\/\/lignesauto.fr\/wp-content\/uploads\/2019\/10\/LIGNESA_02-1024x399.jpg 1024w, https:\/\/lignesauto.fr\/wp-content\/uploads\/2019\/10\/LIGNESA_02-300x117.jpg 300w, https:\/\/lignesauto.fr\/wp-content\/uploads\/2019\/10\/LIGNESA_02-768x299.jpg 768w, https:\/\/lignesauto.fr\/wp-content\/uploads\/2019\/10\/LIGNESA_02-370x144.jpg 370w, https:\/\/lignesauto.fr\/wp-content\/uploads\/2019\/10\/LIGNESA_02-1040x405.jpg 1040w, https:\/\/lignesauto.fr\/wp-content\/uploads\/2019\/10\/LIGNESA_02.jpg 1417w\" sizes=\"(max-width: 1024px) 100vw, 1024px\" \/><\/figure>\n\n\n\n<p style=\"font-size:18px\">Petit \u00e0 petit, le style \u00e9volue et les th\u00e8mes de la Fractal guident (un peu) les esprits, \u00e0 d\u00e9faut des crayons. Les proportions du projet P21 sont clairement mises en place et le travail des flancs demande beaucoup de recherches dans les volumes concaves convexes d\u00e9j\u00e0 sugg\u00e9r\u00e9s. Les emboutisseurs ne le savent pas encore, mais ils vont souffrir !<\/p>\n\n\n\n<figure class=\"wp-block-image\"><img loading=\"lazy\" decoding=\"async\" width=\"1024\" height=\"589\" src=\"http:\/\/lignesauto.fr\/wp-content\/uploads\/2019\/10\/LIGNESA_07-1024x589.png\" alt=\"\" class=\"wp-image-13872\" srcset=\"https:\/\/lignesauto.fr\/wp-content\/uploads\/2019\/10\/LIGNESA_07-1024x589.png 1024w, https:\/\/lignesauto.fr\/wp-content\/uploads\/2019\/10\/LIGNESA_07-300x173.png 300w, https:\/\/lignesauto.fr\/wp-content\/uploads\/2019\/10\/LIGNESA_07-768x442.png 768w, https:\/\/lignesauto.fr\/wp-content\/uploads\/2019\/10\/LIGNESA_07-370x213.png 370w, https:\/\/lignesauto.fr\/wp-content\/uploads\/2019\/10\/LIGNESA_07-1040x598.png 1040w, https:\/\/lignesauto.fr\/wp-content\/uploads\/2019\/10\/LIGNESA_07.png 1417w\" sizes=\"(max-width: 1024px) 100vw, 1024px\" \/><\/figure>\n\n\n\n<p style=\"font-size:18px\">L&#8217;esprit sportif de la Fractal va donc inspirer le programme P21 de s\u00e9rie. Chaque concept-car Peugeot d\u00e9voil\u00e9 depuis le d\u00e9but des ann\u00e9es 2010 a servi de manifeste pour un mod\u00e8le de s\u00e9rie ou pour des th\u00e8mes retenus sur plusieurs produits de la gamme&#8230;<\/p>\n\n\n\n<figure class=\"wp-block-image\"><img loading=\"lazy\" decoding=\"async\" width=\"1024\" height=\"683\" src=\"http:\/\/lignesauto.fr\/wp-content\/uploads\/2019\/09\/LIGNESAUTOPEUGEOT_03-1024x683.jpg\" alt=\"\" class=\"wp-image-13470\" srcset=\"https:\/\/lignesauto.fr\/wp-content\/uploads\/2019\/09\/LIGNESAUTOPEUGEOT_03-1024x683.jpg 1024w, https:\/\/lignesauto.fr\/wp-content\/uploads\/2019\/09\/LIGNESAUTOPEUGEOT_03-300x200.jpg 300w, https:\/\/lignesauto.fr\/wp-content\/uploads\/2019\/09\/LIGNESAUTOPEUGEOT_03-768x512.jpg 768w, https:\/\/lignesauto.fr\/wp-content\/uploads\/2019\/09\/LIGNESAUTOPEUGEOT_03-370x247.jpg 370w, https:\/\/lignesauto.fr\/wp-content\/uploads\/2019\/09\/LIGNESAUTOPEUGEOT_03-1040x694.jpg 1040w, https:\/\/lignesauto.fr\/wp-content\/uploads\/2019\/09\/LIGNESAUTOPEUGEOT_03.jpg 1417w\" sizes=\"(max-width: 1024px) 100vw, 1024px\" \/><\/figure>\n\n\n\n<p style=\"font-size:18px\">Pour la 208 de 2019, les designers poussent ce th\u00e8me de la sportivit\u00e9 assez loin comme on le voit sur cette proposition ci-dessus avec un panneau de custode tr\u00e8s inclin\u00e9, emmenant le montant de porti\u00e8re dans un mouvement lui aussi tr\u00e8s dynamique&#8230; On remarque sur cette maquette la volont\u00e9 de prolonger le bandeau des feux arri\u00e8re sur le panneau de custode avec une forme en fl\u00e8che. Finalement, sur le version de s\u00e9rie, ce prolongement se concr\u00e9tisera par une ar\u00eate qui se fond dans le volume de l&#8217;aile, un th\u00e8me vu sur le concept-car e-Legend !<\/p>\n\n\n\n<figure class=\"wp-block-image\"><img loading=\"lazy\" decoding=\"async\" width=\"1024\" height=\"512\" src=\"http:\/\/lignesauto.fr\/wp-content\/uploads\/2019\/10\/LIGNESA_01-1024x512.jpg\" alt=\"\" class=\"wp-image-13866\" srcset=\"https:\/\/lignesauto.fr\/wp-content\/uploads\/2019\/10\/LIGNESA_01-1024x512.jpg 1024w, https:\/\/lignesauto.fr\/wp-content\/uploads\/2019\/10\/LIGNESA_01-300x150.jpg 300w, https:\/\/lignesauto.fr\/wp-content\/uploads\/2019\/10\/LIGNESA_01-768x384.jpg 768w, https:\/\/lignesauto.fr\/wp-content\/uploads\/2019\/10\/LIGNESA_01-370x185.jpg 370w, https:\/\/lignesauto.fr\/wp-content\/uploads\/2019\/10\/LIGNESA_01-1040x520.jpg 1040w, https:\/\/lignesauto.fr\/wp-content\/uploads\/2019\/10\/LIGNESA_01.jpg 1417w\" sizes=\"(max-width: 1024px) 100vw, 1024px\" \/><\/figure>\n\n\n\n<p style=\"font-size:18px\">La proue trouve \u00e9galement ses inspirations dans diff\u00e9rents concepts. Le th\u00e8me des &#8220;griffes&#8221; bascule \u00e9galement sur l&#8217;avant du v\u00e9hicule. C&#8217;est totalement nouveau sur une petite Peugeot. Le dynamisme de la voiture s&#8217;exprime d&#8217;abord par ses proportions mais aussi par de nombreux volumes tr\u00e8s travaill\u00e9s comme sur le capot ou les flancs. <\/p>\n\n\n\n<figure class=\"wp-block-image\"><img loading=\"lazy\" decoding=\"async\" width=\"691\" height=\"1024\" src=\"http:\/\/lignesauto.fr\/wp-content\/uploads\/2019\/09\/LIGNESAUTOPEUGEOT_02-691x1024.jpg\" alt=\"\" class=\"wp-image-13469\" srcset=\"https:\/\/lignesauto.fr\/wp-content\/uploads\/2019\/09\/LIGNESAUTOPEUGEOT_02-691x1024.jpg 691w, https:\/\/lignesauto.fr\/wp-content\/uploads\/2019\/09\/LIGNESAUTOPEUGEOT_02-202x300.jpg 202w, https:\/\/lignesauto.fr\/wp-content\/uploads\/2019\/09\/LIGNESAUTOPEUGEOT_02-768x1139.jpg 768w, https:\/\/lignesauto.fr\/wp-content\/uploads\/2019\/09\/LIGNESAUTOPEUGEOT_02-370x549.jpg 370w, https:\/\/lignesauto.fr\/wp-content\/uploads\/2019\/09\/LIGNESAUTOPEUGEOT_02-1040x1542.jpg 1040w, https:\/\/lignesauto.fr\/wp-content\/uploads\/2019\/09\/LIGNESAUTOPEUGEOT_02.jpg 1417w\" sizes=\"(max-width: 691px) 100vw, 691px\" \/><\/figure>\n\n\n\n<p style=\"font-size:18px\">Le programme P21 est important pour le groupe et les moyens humains autant que financiers sont solides ! De nombreuses maquettes \u00e9chelle 1 seront r\u00e9alis\u00e9es afin d&#8217;\u00e9valuer toutes les propositions et d&#8217;opter pour la solution la plus coh\u00e9rente mais aussi la plus os\u00e9e.<\/p>\n\n\n\n<figure class=\"wp-block-image\"><img loading=\"lazy\" decoding=\"async\" width=\"1024\" height=\"683\" src=\"http:\/\/lignesauto.fr\/wp-content\/uploads\/2019\/09\/LIGNESCLAY_02-1024x683.jpg\" alt=\"\" class=\"wp-image-13657\" srcset=\"https:\/\/lignesauto.fr\/wp-content\/uploads\/2019\/09\/LIGNESCLAY_02-1024x683.jpg 1024w, https:\/\/lignesauto.fr\/wp-content\/uploads\/2019\/09\/LIGNESCLAY_02-300x200.jpg 300w, https:\/\/lignesauto.fr\/wp-content\/uploads\/2019\/09\/LIGNESCLAY_02-768x512.jpg 768w, https:\/\/lignesauto.fr\/wp-content\/uploads\/2019\/09\/LIGNESCLAY_02-370x247.jpg 370w, https:\/\/lignesauto.fr\/wp-content\/uploads\/2019\/09\/LIGNESCLAY_02-1040x694.jpg 1040w, https:\/\/lignesauto.fr\/wp-content\/uploads\/2019\/09\/LIGNESCLAY_02.jpg 1417w\" sizes=\"(max-width: 1024px) 100vw, 1024px\" \/><\/figure>\n\n\n\n<p style=\"font-size:18px\">En parall\u00e8le au d\u00e9veloppement du programme P21, la technique met au point la nouvelle plateforme CMP qui permet \u00e0 la 208 d&#8217;installer ses nouvelles proportions avec un pare-brise recul\u00e9, un long capot, une traverse arri\u00e8re avanc\u00e9e, etc. Mais ce n&#8217;est qu&#8217;en 2015 que le choix de la plateforme CMP multi-\u00e9nergie est valid\u00e9. Qu&#8217;importe, Peugeot pousse les curseurs en parall\u00e8le : d&#8217;un c\u00f4t\u00e9 le d\u00e9veloppement de style de la P21 et de l&#8217;autre, la transformation de la plateforme capable d\u00e9sormais de recevoir une cha\u00eene de traction 100% \u00e9lectrique ou 100% thermique !<\/p>\n\n\n\n<figure class=\"wp-block-image\"><img loading=\"lazy\" decoding=\"async\" width=\"1024\" height=\"611\" src=\"http:\/\/lignesauto.fr\/wp-content\/uploads\/2019\/09\/LIGNESCLAY_01-1024x611.jpg\" alt=\"\" class=\"wp-image-13679\" srcset=\"https:\/\/lignesauto.fr\/wp-content\/uploads\/2019\/09\/LIGNESCLAY_01-1024x611.jpg 1024w, https:\/\/lignesauto.fr\/wp-content\/uploads\/2019\/09\/LIGNESCLAY_01-300x179.jpg 300w, https:\/\/lignesauto.fr\/wp-content\/uploads\/2019\/09\/LIGNESCLAY_01-768x458.jpg 768w, https:\/\/lignesauto.fr\/wp-content\/uploads\/2019\/09\/LIGNESCLAY_01-370x221.jpg 370w, https:\/\/lignesauto.fr\/wp-content\/uploads\/2019\/09\/LIGNESCLAY_01-1040x620.jpg 1040w, https:\/\/lignesauto.fr\/wp-content\/uploads\/2019\/09\/LIGNESCLAY_01.jpg 1417w\" sizes=\"(max-width: 1024px) 100vw, 1024px\" \/><\/figure>\n\n\n\n<p style=\"font-size:18px\">Le style est gel\u00e9 en 2017 et de la clay, Peugeot passe aux maquettes en composite. Avec un rendu qui repr\u00e9sente, deux ans en amont, ce qu&#8217;est devenue la 208 en cette ann\u00e9e 2019. Ci-dessous, c&#8217;est cette maquette qui fut pr\u00e9sent\u00e9e sur le toit du bureau de design PSA&#8230;<\/p>\n\n\n\n<figure class=\"wp-block-image\"><img loading=\"lazy\" decoding=\"async\" width=\"1024\" height=\"683\" src=\"http:\/\/lignesauto.fr\/wp-content\/uploads\/2019\/10\/LIGNESA_05-1024x683.jpg\" alt=\"\" class=\"wp-image-13870\" srcset=\"https:\/\/lignesauto.fr\/wp-content\/uploads\/2019\/10\/LIGNESA_05-1024x683.jpg 1024w, https:\/\/lignesauto.fr\/wp-content\/uploads\/2019\/10\/LIGNESA_05-300x200.jpg 300w, https:\/\/lignesauto.fr\/wp-content\/uploads\/2019\/10\/LIGNESA_05-768x512.jpg 768w, https:\/\/lignesauto.fr\/wp-content\/uploads\/2019\/10\/LIGNESA_05-370x247.jpg 370w, https:\/\/lignesauto.fr\/wp-content\/uploads\/2019\/10\/LIGNESA_05-1040x694.jpg 1040w, https:\/\/lignesauto.fr\/wp-content\/uploads\/2019\/10\/LIGNESA_05.jpg 1417w\" sizes=\"(max-width: 1024px) 100vw, 1024px\" \/><\/figure>\n\n\n\n<p style=\"font-size:18px\">Nous vous laissons ci-dessous en compagnie du designer ext\u00e9rieur de la 208 (Kevin Goncalves \u00e0 gauche) et du responsable design projet de cette nouvelle Peugeot (Yann Beurel \u00e0 droite)<\/p>\n\n\n\n<figure class=\"wp-block-image\"><img loading=\"lazy\" decoding=\"async\" width=\"1024\" height=\"683\" src=\"http:\/\/lignesauto.fr\/wp-content\/uploads\/2019\/10\/LIGNESA_03-1024x683.jpg\" alt=\"\" class=\"wp-image-13868\" srcset=\"https:\/\/lignesauto.fr\/wp-content\/uploads\/2019\/10\/LIGNESA_03-1024x683.jpg 1024w, https:\/\/lignesauto.fr\/wp-content\/uploads\/2019\/10\/LIGNESA_03-300x200.jpg 300w, https:\/\/lignesauto.fr\/wp-content\/uploads\/2019\/10\/LIGNESA_03-768x512.jpg 768w, https:\/\/lignesauto.fr\/wp-content\/uploads\/2019\/10\/LIGNESA_03-370x247.jpg 370w, https:\/\/lignesauto.fr\/wp-content\/uploads\/2019\/10\/LIGNESA_03-1040x694.jpg 1040w, https:\/\/lignesauto.fr\/wp-content\/uploads\/2019\/10\/LIGNESA_03.jpg 1417w\" sizes=\"(max-width: 1024px) 100vw, 1024px\" \/><\/figure>\n\n\n\n<h2 class=\"wp-block-heading\">LES INTERVIEWS :<\/h2>\n\n\n\n<figure class=\"wp-block-embed-wordpress wp-block-embed is-type-wp-embed is-provider-design-actualite-archives\"><div class=\"wp-block-embed__wrapper\">\n<blockquote class=\"wp-embedded-content\" data-secret=\"7A5PSTCSEy\"><a href=\"https:\/\/lignesauto.fr\/?p=8069\">Les designers Peugeot racontent la nouvelle 208 &#8211; FRENCH AND ENGLISH VERSION<\/a><\/blockquote><iframe class=\"wp-embedded-content\" sandbox=\"allow-scripts\" security=\"restricted\" style=\"position: absolute; clip: rect(1px, 1px, 1px, 1px);\" title=\"&#8220;Les designers Peugeot racontent la nouvelle 208 &#8211; FRENCH AND ENGLISH VERSION&#8221; &#8212; LIGNES\/auto\" src=\"https:\/\/lignesauto.fr\/?p=8069&#038;embed=true#?secret=gHYm5F2Pty#?secret=7A5PSTCSEy\" data-secret=\"7A5PSTCSEy\" width=\"600\" height=\"338\" frameborder=\"0\" marginwidth=\"0\" marginheight=\"0\" scrolling=\"no\"><\/iframe>\n<\/div><\/figure>\n\n\n\n<figure class=\"wp-block-embed-wordpress wp-block-embed is-type-wp-embed is-provider-design-actualite-archives\"><div class=\"wp-block-embed__wrapper\">\n<blockquote class=\"wp-embedded-content\" data-secret=\"3OtNnuvRhj\"><a href=\"https:\/\/lignesauto.fr\/?p=8092\">LIGNES\/auto \u00e0 bord de la nouvelle Peugeot 208 &#8211; FRENCH AND ENGLISH VERSION<\/a><\/blockquote><iframe class=\"wp-embedded-content\" sandbox=\"allow-scripts\" security=\"restricted\" style=\"position: absolute; clip: rect(1px, 1px, 1px, 1px);\" title=\"&#8220;LIGNES\/auto \u00e0 bord de la nouvelle Peugeot 208 &#8211; FRENCH AND ENGLISH VERSION&#8221; &#8212; LIGNES\/auto\" src=\"https:\/\/lignesauto.fr\/?p=8092&#038;embed=true#?secret=5H3ZcIoxfz#?secret=3OtNnuvRhj\" data-secret=\"3OtNnuvRhj\" width=\"600\" height=\"338\" frameborder=\"0\" marginwidth=\"0\" marginheight=\"0\" scrolling=\"no\"><\/iframe>\n<\/div><\/figure>\n\n\n\n<figure class=\"wp-block-image is-resized\"><img loading=\"lazy\" decoding=\"async\" src=\"http:\/\/lignesauto.fr\/wp-content\/uploads\/2019\/09\/LOGOActus_BD-1024x367.jpg\" alt=\"\" class=\"wp-image-13139\" width=\"339\" height=\"121\" srcset=\"https:\/\/lignesauto.fr\/wp-content\/uploads\/2019\/09\/LOGOActus_BD-1024x367.jpg 1024w, https:\/\/lignesauto.fr\/wp-content\/uploads\/2019\/09\/LOGOActus_BD-300x108.jpg 300w, https:\/\/lignesauto.fr\/wp-content\/uploads\/2019\/09\/LOGOActus_BD-768x276.jpg 768w, https:\/\/lignesauto.fr\/wp-content\/uploads\/2019\/09\/LOGOActus_BD-370x133.jpg 370w, https:\/\/lignesauto.fr\/wp-content\/uploads\/2019\/09\/LOGOActus_BD-1040x373.jpg 1040w, https:\/\/lignesauto.fr\/wp-content\/uploads\/2019\/09\/LOGOActus_BD.jpg 1240w\" sizes=\"(max-width: 339px) 100vw, 339px\" \/><\/figure>\n","protected":false},"excerpt":{"rendered":"<p>D\u00e9couvrez la gen\u00e8se de la Peugeot 208, de 2013 \u00e0 2019. Ou comment, un an apr\u00e8s avoir lanc\u00e9 la 208 de 2012, Peugeot songeait d\u00e9j\u00e0 \u00e0 son successeur ! Relisez les interviews des designers de cette h\u00e9riti\u00e8re de la 205. En 2013, le programme P21 est lanc\u00e9. Pour l&#8217;heure, il [&hellip;]<\/p>\n","protected":false},"author":1,"featured_media":13866,"comment_status":"open","ping_status":"open","sticky":false,"template":"","format":"standard","meta":{"footnotes":""},"categories":[1],"tags":[],"_links":{"self":[{"href":"https:\/\/lignesauto.fr\/index.php?rest_route=\/wp\/v2\/posts\/13862"}],"collection":[{"href":"https:\/\/lignesauto.fr\/index.php?rest_route=\/wp\/v2\/posts"}],"about":[{"href":"https:\/\/lignesauto.fr\/index.php?rest_route=\/wp\/v2\/types\/post"}],"author":[{"embeddable":true,"href":"https:\/\/lignesauto.fr\/index.php?rest_route=\/wp\/v2\/users\/1"}],"replies":[{"embeddable":true,"href":"https:\/\/lignesauto.fr\/index.php?rest_route=%2Fwp%2Fv2%2Fcomments&post=13862"}],"version-history":[{"count":35,"href":"https:\/\/lignesauto.fr\/index.php?rest_route=\/wp\/v2\/posts\/13862\/revisions"}],"predecessor-version":[{"id":17926,"href":"https:\/\/lignesauto.fr\/index.php?rest_route=\/wp\/v2\/posts\/13862\/revisions\/17926"}],"wp:featuredmedia":[{"embeddable":true,"href":"https:\/\/lignesauto.fr\/index.php?rest_route=\/wp\/v2\/media\/13866"}],"wp:attachment":[{"href":"https:\/\/lignesauto.fr\/index.php?rest_route=%2Fwp%2Fv2%2Fmedia&parent=13862"}],"wp:term":[{"taxonomy":"category","embeddable":true,"href":"https:\/\/lignesauto.fr\/index.php?rest_route=%2Fwp%2Fv2%2Fcategories&post=13862"},{"taxonomy":"post_tag","embeddable":true,"href":"https:\/\/lignesauto.fr\/index.php?rest_route=%2Fwp%2Fv2%2Ftags&post=13862"}],"curies":[{"name":"wp","href":"https:\/\/api.w.org\/{rel}","templated":true}]}}