{"id":14117,"date":"2019-10-23T12:10:21","date_gmt":"2019-10-23T10:10:21","guid":{"rendered":"http:\/\/lignesauto.fr\/?p=14117"},"modified":"2019-10-25T16:26:57","modified_gmt":"2019-10-25T14:26:57","slug":"tokyo-2019-les-premieres-videos-officielles","status":"publish","type":"post","link":"https:\/\/lignesauto.fr\/?p=14117","title":{"rendered":"Tokyo 2019 : les vid\u00e9os officielles"},"content":{"rendered":"\n<figure class=\"wp-block-image is-resized\"><img loading=\"lazy\" decoding=\"async\" src=\"http:\/\/lignesauto.fr\/wp-content\/uploads\/2019\/09\/LOGOActus_BD-1024x367.jpg\" alt=\"\" class=\"wp-image-13139\" width=\"308\" height=\"109\" srcset=\"https:\/\/lignesauto.fr\/wp-content\/uploads\/2019\/09\/LOGOActus_BD-1024x367.jpg 1024w, https:\/\/lignesauto.fr\/wp-content\/uploads\/2019\/09\/LOGOActus_BD-1040x373.jpg 1040w\" sizes=\"(max-width: 308px) 100vw, 308px\" \/><\/figure>\n\n\n\n<p>Le salon de Tokyo, souvent riche en r\u00e9v\u00e9lations de concept-cars, a ouvert ses portes \u00e0 la presse avant d&#8217;accueillir les visiteurs : LIGNES\/auto reviendra en d\u00e9tail sur le concept-car Lexus LF-30 mais voici d\u00e8s \u00e0 pr\u00e9sent les vid\u00e9os des concept-cars d\u00e9voil\u00e9s au Japon.<\/p>\n\n\n\n<p><strong>TOYOTA e-RACER<\/strong><\/p>\n\n\n\n<figure class=\"wp-block-embed-youtube wp-block-embed is-type-video is-provider-youtube wp-embed-aspect-16-9 wp-has-aspect-ratio\"><div class=\"wp-block-embed__wrapper\">\n<iframe loading=\"lazy\" title=\"TOYOTA e-RACER\" width=\"640\" height=\"360\" src=\"https:\/\/www.youtube.com\/embed\/HNDZkHOCHes?feature=oembed\" frameborder=\"0\" allow=\"accelerometer; autoplay; clipboard-write; encrypted-media; gyroscope; picture-in-picture; web-share\" referrerpolicy=\"strict-origin-when-cross-origin\" allowfullscreen><\/iframe>\n<\/div><\/figure>\n\n\n\n<p><strong>MITSUBISHI MI-TECH<\/strong><\/p>\n\n\n\n<figure class=\"wp-block-embed-youtube wp-block-embed is-type-video is-provider-youtube wp-embed-aspect-16-9 wp-has-aspect-ratio\"><div class=\"wp-block-embed__wrapper\">\nhttps:\/\/www.youtube.com\/watch?time_continue=21&#038;v=v-Tmb1unhIU\n<\/div><\/figure>\n\n\n\n<p><strong>LEXUS LF-30<\/strong><\/p>\n\n\n\n<figure class=\"wp-block-embed-youtube wp-block-embed is-type-video is-provider-youtube wp-embed-aspect-16-9 wp-has-aspect-ratio\"><div class=\"wp-block-embed__wrapper\">\n<iframe loading=\"lazy\" title=\"LIGNESauto LEXUS LF 30 TOKYO 2019\" width=\"640\" height=\"360\" src=\"https:\/\/www.youtube.com\/embed\/IQ5Miubg50k?feature=oembed\" frameborder=\"0\" allow=\"accelerometer; autoplay; clipboard-write; encrypted-media; gyroscope; picture-in-picture; web-share\" referrerpolicy=\"strict-origin-when-cross-origin\" allowfullscreen><\/iframe>\n<\/div><\/figure>\n\n\n\n<figure class=\"wp-block-image\"><img loading=\"lazy\" decoding=\"async\" width=\"1024\" height=\"576\" src=\"http:\/\/lignesauto.fr\/wp-content\/uploads\/2019\/10\/LIGNESauto-LEXUS_01-1024x576.jpg\" alt=\"\" class=\"wp-image-14119\" srcset=\"https:\/\/lignesauto.fr\/wp-content\/uploads\/2019\/10\/LIGNESauto-LEXUS_01-1024x576.jpg 1024w, https:\/\/lignesauto.fr\/wp-content\/uploads\/2019\/10\/LIGNESauto-LEXUS_01-300x169.jpg 300w, https:\/\/lignesauto.fr\/wp-content\/uploads\/2019\/10\/LIGNESauto-LEXUS_01-768x432.jpg 768w, https:\/\/lignesauto.fr\/wp-content\/uploads\/2019\/10\/LIGNESauto-LEXUS_01-370x208.jpg 370w, https:\/\/lignesauto.fr\/wp-content\/uploads\/2019\/10\/LIGNESauto-LEXUS_01-1040x585.jpg 1040w, https:\/\/lignesauto.fr\/wp-content\/uploads\/2019\/10\/LIGNESauto-LEXUS_01.jpg 1417w\" sizes=\"(max-width: 1024px) 100vw, 1024px\" \/><\/figure>\n\n\n\n<figure class=\"wp-block-embed-youtube wp-block-embed is-type-video is-provider-youtube wp-embed-aspect-16-9 wp-has-aspect-ratio\"><div class=\"wp-block-embed__wrapper\">\n<iframe loading=\"lazy\" title=\"LIGNESAUTOLF 30\" width=\"640\" height=\"360\" src=\"https:\/\/www.youtube.com\/embed\/vMzjpJ-pM3I?feature=oembed\" frameborder=\"0\" allow=\"accelerometer; autoplay; clipboard-write; encrypted-media; gyroscope; picture-in-picture; web-share\" referrerpolicy=\"strict-origin-when-cross-origin\" allowfullscreen><\/iframe>\n<\/div><\/figure>\n\n\n\n<p><strong>NISSAN AIYA Concept<\/strong><\/p>\n\n\n\n<figure class=\"wp-block-embed-youtube wp-block-embed is-type-video is-provider-youtube wp-embed-aspect-16-9 wp-has-aspect-ratio\"><div class=\"wp-block-embed__wrapper\">\nhttps:\/\/youtu.be\/4352tmA09nA\n<\/div><\/figure>\n\n\n\n<figure class=\"wp-block-embed-youtube wp-block-embed is-type-video is-provider-youtube wp-embed-aspect-16-9 wp-has-aspect-ratio\"><div class=\"wp-block-embed__wrapper\">\nhttps:\/\/youtu.be\/uFHUim9TCAI\n<\/div><\/figure>\n\n\n\n<p><strong>TOYOTA e-4me<\/strong><\/p>\n\n\n\n<figure class=\"wp-block-embed-youtube wp-block-embed is-type-video is-provider-youtube wp-embed-aspect-16-9 wp-has-aspect-ratio\"><div class=\"wp-block-embed__wrapper\">\nhttps:\/\/youtu.be\/Xfxo4z7a2Y4\n<\/div><\/figure>\n\n\n\n<p><strong>TOYOTA e-CARE<\/strong><\/p>\n\n\n\n<figure class=\"wp-block-embed-youtube wp-block-embed is-type-video is-provider-youtube wp-embed-aspect-16-9 wp-has-aspect-ratio\"><div class=\"wp-block-embed__wrapper\">\nhttps:\/\/youtu.be\/27V1VWvsJyo\n<\/div><\/figure>\n\n\n\n<p><strong>ET LA CONFERENCE DE PRESSE M.TOYODA (en japonais, mais avec TOUS les engins \u00e9tonnants d\u00e9voil\u00e9s \u00e0 Tokyo, y compris le balai de Harry Potter revu et corrig\u00e9 !<\/strong>)<\/p>\n\n\n\n<figure class=\"wp-block-embed-youtube wp-block-embed is-type-video is-provider-youtube wp-embed-aspect-16-9 wp-has-aspect-ratio\"><div class=\"wp-block-embed__wrapper\">\n<iframe loading=\"lazy\" title=\"\u6771\u4eac\u30e2\u30fc\u30bf\u30fc\u30b7\u30e7\u30fc2019\u3000\u8c4a\u7530\u7ae0\u7537\u304b\u3089\u306e\u30e1\u30c3\u30bb\u30fc\u30b8\" width=\"640\" height=\"360\" src=\"https:\/\/www.youtube.com\/embed\/UrlMbhnw3pg?feature=oembed\" frameborder=\"0\" allow=\"accelerometer; autoplay; clipboard-write; encrypted-media; gyroscope; picture-in-picture; web-share\" referrerpolicy=\"strict-origin-when-cross-origin\" allowfullscreen><\/iframe>\n<\/div><\/figure>\n\n\n\n<figure class=\"wp-block-image is-resized\"><img loading=\"lazy\" decoding=\"async\" src=\"http:\/\/lignesauto.fr\/wp-content\/uploads\/2019\/09\/LOGOActus_BD-1024x367.jpg\" alt=\"L\u2019attribut alt de cette image est vide, son nom de fichier est LOGOActus_BD-1024x367.jpg.\" width=\"336\" height=\"119\"\/><\/figure>\n","protected":false},"excerpt":{"rendered":"<p>Le salon de Tokyo, souvent riche en r\u00e9v\u00e9lations de concept-cars, a ouvert ses portes \u00e0 la presse avant d&#8217;accueillir les visiteurs : LIGNES\/auto reviendra en d\u00e9tail sur le concept-car Lexus LF-30 mais voici d\u00e8s \u00e0 pr\u00e9sent les vid\u00e9os des concept-cars d\u00e9voil\u00e9s au Japon. TOYOTA e-RACER MITSUBISHI MI-TECH LEXUS LF-30 NISSAN [&hellip;]<\/p>\n","protected":false},"author":1,"featured_media":14125,"comment_status":"open","ping_status":"open","sticky":false,"template":"","format":"standard","meta":{"footnotes":""},"categories":[1],"tags":[],"_links":{"self":[{"href":"https:\/\/lignesauto.fr\/index.php?rest_route=\/wp\/v2\/posts\/14117"}],"collection":[{"href":"https:\/\/lignesauto.fr\/index.php?rest_route=\/wp\/v2\/posts"}],"about":[{"href":"https:\/\/lignesauto.fr\/index.php?rest_route=\/wp\/v2\/types\/post"}],"author":[{"embeddable":true,"href":"https:\/\/lignesauto.fr\/index.php?rest_route=\/wp\/v2\/users\/1"}],"replies":[{"embeddable":true,"href":"https:\/\/lignesauto.fr\/index.php?rest_route=%2Fwp%2Fv2%2Fcomments&post=14117"}],"version-history":[{"count":13,"href":"https:\/\/lignesauto.fr\/index.php?rest_route=\/wp\/v2\/posts\/14117\/revisions"}],"predecessor-version":[{"id":14288,"href":"https:\/\/lignesauto.fr\/index.php?rest_route=\/wp\/v2\/posts\/14117\/revisions\/14288"}],"wp:featuredmedia":[{"embeddable":true,"href":"https:\/\/lignesauto.fr\/index.php?rest_route=\/wp\/v2\/media\/14125"}],"wp:attachment":[{"href":"https:\/\/lignesauto.fr\/index.php?rest_route=%2Fwp%2Fv2%2Fmedia&parent=14117"}],"wp:term":[{"taxonomy":"category","embeddable":true,"href":"https:\/\/lignesauto.fr\/index.php?rest_route=%2Fwp%2Fv2%2Fcategories&post=14117"},{"taxonomy":"post_tag","embeddable":true,"href":"https:\/\/lignesauto.fr\/index.php?rest_route=%2Fwp%2Fv2%2Ftags&post=14117"}],"curies":[{"name":"wp","href":"https:\/\/api.w.org\/{rel}","templated":true}]}}