{"id":14131,"date":"2019-11-16T10:30:39","date_gmt":"2019-11-16T09:30:39","guid":{"rendered":"http:\/\/lignesauto.fr\/?p=14131"},"modified":"2019-11-16T17:32:49","modified_gmt":"2019-11-16T16:32:49","slug":"lexus-lf-30-cap-sur-2030","status":"publish","type":"post","link":"https:\/\/lignesauto.fr\/?p=14131","title":{"rendered":"Lexus LF-30, cap sur 2030 ! (Vid\u00e9os)"},"content":{"rendered":"\n<figure class=\"wp-block-image is-resized\"><img loading=\"lazy\" decoding=\"async\" src=\"http:\/\/lignesauto.fr\/wp-content\/uploads\/2019\/09\/LOGOActus_BD-1024x367.jpg\" alt=\"\" class=\"wp-image-13139\" width=\"321\" height=\"114\" srcset=\"https:\/\/lignesauto.fr\/wp-content\/uploads\/2019\/09\/LOGOActus_BD-1024x367.jpg 1024w, https:\/\/lignesauto.fr\/wp-content\/uploads\/2019\/09\/LOGOActus_BD-300x108.jpg 300w, https:\/\/lignesauto.fr\/wp-content\/uploads\/2019\/09\/LOGOActus_BD-768x276.jpg 768w, https:\/\/lignesauto.fr\/wp-content\/uploads\/2019\/09\/LOGOActus_BD-370x133.jpg 370w, https:\/\/lignesauto.fr\/wp-content\/uploads\/2019\/09\/LOGOActus_BD-1040x373.jpg 1040w, https:\/\/lignesauto.fr\/wp-content\/uploads\/2019\/09\/LOGOActus_BD.jpg 1240w\" sizes=\"(max-width: 321px) 100vw, 321px\" \/><\/figure>\n\n\n\n<p>Electrique, bien s\u00fbr, mais aussi avant-gardiste sur le choix des mat\u00e9riaux et de son design. La Lexus LF-30 rompt avec l&#8217;architecture des derniers concept-cars dits futuristes et rejoint le cercle ferm\u00e9 o\u00f9 tr\u00f4nent d\u00e9j\u00e0 la Renault Ultimo et la Citro\u00ebn 19_19. Cap sur 2030 !<\/p>\n\n\n\n<figure class=\"wp-block-image\"><img loading=\"lazy\" decoding=\"async\" width=\"1024\" height=\"623\" src=\"http:\/\/lignesauto.fr\/wp-content\/uploads\/2019\/10\/LIGNESLF30_02-1024x623.jpg\" alt=\"\" class=\"wp-image-14135\" srcset=\"https:\/\/lignesauto.fr\/wp-content\/uploads\/2019\/10\/LIGNESLF30_02-1024x623.jpg 1024w, https:\/\/lignesauto.fr\/wp-content\/uploads\/2019\/10\/LIGNESLF30_02-300x182.jpg 300w, https:\/\/lignesauto.fr\/wp-content\/uploads\/2019\/10\/LIGNESLF30_02-768x467.jpg 768w, https:\/\/lignesauto.fr\/wp-content\/uploads\/2019\/10\/LIGNESLF30_02-370x225.jpg 370w, https:\/\/lignesauto.fr\/wp-content\/uploads\/2019\/10\/LIGNESLF30_02-1040x633.jpg 1040w, https:\/\/lignesauto.fr\/wp-content\/uploads\/2019\/10\/LIGNESLF30_02.jpg 1417w\" sizes=\"(max-width: 1024px) 100vw, 1024px\" \/><\/figure>\n\n\n\n<p>Lexus commercialisera son premier v\u00e9hicule \u00e9lectrique avant cette fin d&#8217;ann\u00e9e et d\u00e8s l&#8217;an prochain, pourra b\u00e9n\u00e9ficier d&#8217;une nouvelle plateforme plus compacte pour alimenter sa gamme 100% \u00e9lectrique afin d&#8217;atteindre une vitesse de croisi\u00e8re en 2025. Comme tant d&#8217;autres. Mais \u00e0 Tokyo, Lexus a donn\u00e9 sa vision du v\u00e9hicule \u00e9lectrique et autonome avec le concept LF-30.<\/p>\n\n\n\n<figure class=\"wp-block-image\"><img loading=\"lazy\" decoding=\"async\" width=\"1024\" height=\"576\" src=\"http:\/\/lignesauto.fr\/wp-content\/uploads\/2019\/10\/LIGNESLF30_10-1024x576.jpg\" alt=\"\" class=\"wp-image-14143\" srcset=\"https:\/\/lignesauto.fr\/wp-content\/uploads\/2019\/10\/LIGNESLF30_10-1024x576.jpg 1024w, https:\/\/lignesauto.fr\/wp-content\/uploads\/2019\/10\/LIGNESLF30_10-300x169.jpg 300w, https:\/\/lignesauto.fr\/wp-content\/uploads\/2019\/10\/LIGNESLF30_10-768x432.jpg 768w, https:\/\/lignesauto.fr\/wp-content\/uploads\/2019\/10\/LIGNESLF30_10-370x208.jpg 370w, https:\/\/lignesauto.fr\/wp-content\/uploads\/2019\/10\/LIGNESLF30_10-1040x585.jpg 1040w, https:\/\/lignesauto.fr\/wp-content\/uploads\/2019\/10\/LIGNESLF30_10.jpg 1417w\" sizes=\"(max-width: 1024px) 100vw, 1024px\" \/><\/figure>\n\n\n\n<p>Ce nouveau concept est g\u00e9n\u00e9reux en taille avec 5 m\u00e8tres de longueur et un design qui semble enfin rompre avec les architectures classiques des v\u00e9hicules thermiques. Nous le classerons ainsi avec les Citro\u00ebn 19_19 et Renault EZ-Ultimo qui, toutes trois, nous propulsent en 2030. C&#8217;est juste dans une petite d\u00e9cennie&#8230;<\/p>\n\n\n\n<figure class=\"wp-block-image\"><img loading=\"lazy\" decoding=\"async\" width=\"1024\" height=\"577\" src=\"http:\/\/lignesauto.fr\/wp-content\/uploads\/2019\/10\/LIGNESLF30_11-copie-1024x577.jpg\" alt=\"\" class=\"wp-image-14133\" srcset=\"https:\/\/lignesauto.fr\/wp-content\/uploads\/2019\/10\/LIGNESLF30_11-copie-1024x577.jpg 1024w, https:\/\/lignesauto.fr\/wp-content\/uploads\/2019\/10\/LIGNESLF30_11-copie-300x169.jpg 300w, https:\/\/lignesauto.fr\/wp-content\/uploads\/2019\/10\/LIGNESLF30_11-copie-768x433.jpg 768w, https:\/\/lignesauto.fr\/wp-content\/uploads\/2019\/10\/LIGNESLF30_11-copie-370x208.jpg 370w, https:\/\/lignesauto.fr\/wp-content\/uploads\/2019\/10\/LIGNESLF30_11-copie-1040x586.jpg 1040w, https:\/\/lignesauto.fr\/wp-content\/uploads\/2019\/10\/LIGNESLF30_11-copie.jpg 1417w\" sizes=\"(max-width: 1024px) 100vw, 1024px\" \/><\/figure>\n\n\n\n<p>Notons par exemple la volont\u00e9 de faire dispara\u00eetre le sempiternel capot moteur. Le constructeur en a profit\u00e9 pour int\u00e9grer \u00e0 cette face avant des motifs lumineux permettant d&#8217;identifier de l&#8217;ext\u00e9rieur si le v\u00e9hicule est utilis\u00e9 dans son mode normal ou dans son mode de conduite autonome.<\/p>\n\n\n\n<figure class=\"wp-block-image\"><img loading=\"lazy\" decoding=\"async\" width=\"1024\" height=\"576\" src=\"http:\/\/lignesauto.fr\/wp-content\/uploads\/2019\/10\/LIGNESLF30_09-1024x576.jpg\" alt=\"\" class=\"wp-image-14142\" srcset=\"https:\/\/lignesauto.fr\/wp-content\/uploads\/2019\/10\/LIGNESLF30_09-1024x576.jpg 1024w, https:\/\/lignesauto.fr\/wp-content\/uploads\/2019\/10\/LIGNESLF30_09-300x169.jpg 300w, https:\/\/lignesauto.fr\/wp-content\/uploads\/2019\/10\/LIGNESLF30_09-768x432.jpg 768w, https:\/\/lignesauto.fr\/wp-content\/uploads\/2019\/10\/LIGNESLF30_09-370x208.jpg 370w, https:\/\/lignesauto.fr\/wp-content\/uploads\/2019\/10\/LIGNESLF30_09-1040x585.jpg 1040w, https:\/\/lignesauto.fr\/wp-content\/uploads\/2019\/10\/LIGNESLF30_09.jpg 1417w\" sizes=\"(max-width: 1024px) 100vw, 1024px\" \/><\/figure>\n\n\n\n<p>La Lexus LF-30 Concept dispose de quatre moteurs \u00e9lectriques, log\u00e9s dans chacune des quatre roues. Cette chaine de traction d\u00e9j\u00e0 vue n&#8217;est pour l&#8217;heure pas pr\u00e9sente en s\u00e9rie. Elle offre l&#8217;avantage de pouvoir g\u00e9rer \u00e0 la fois la transmission (traction, propulsion ou transmission int\u00e9grale selon le moment) mais aussi la vitesse de rotation de chacune des roues lors d&#8217;un changement de cap, d&#8217;un virage ou d&#8217;une grande courbe. La stabilit\u00e9 s&#8217;en trouve renforc\u00e9e.<\/p>\n\n\n\n<figure class=\"wp-block-image\"><img loading=\"lazy\" decoding=\"async\" width=\"1024\" height=\"576\" src=\"http:\/\/lignesauto.fr\/wp-content\/uploads\/2019\/10\/LIGNESLF30_06-1024x576.jpg\" alt=\"\" class=\"wp-image-14139\" srcset=\"https:\/\/lignesauto.fr\/wp-content\/uploads\/2019\/10\/LIGNESLF30_06-1024x576.jpg 1024w, https:\/\/lignesauto.fr\/wp-content\/uploads\/2019\/10\/LIGNESLF30_06-300x169.jpg 300w, https:\/\/lignesauto.fr\/wp-content\/uploads\/2019\/10\/LIGNESLF30_06-768x432.jpg 768w, https:\/\/lignesauto.fr\/wp-content\/uploads\/2019\/10\/LIGNESLF30_06-370x208.jpg 370w, https:\/\/lignesauto.fr\/wp-content\/uploads\/2019\/10\/LIGNESLF30_06-1040x585.jpg 1040w, https:\/\/lignesauto.fr\/wp-content\/uploads\/2019\/10\/LIGNESLF30_06.jpg 1417w\" sizes=\"(max-width: 1024px) 100vw, 1024px\" \/><\/figure>\n\n\n\n<p>Le concept japonais bouscule donc la cha\u00eene de traction, le style mais aussi le choix d&#8217;un habitacle totalement programm\u00e9 pour d\u00e9l\u00e9guer la conduite. Mais l\u00e0 encore, Lexus pousse un peu plus loin les curseurs avec un cockpit con\u00e7u sur la base du concept Lexus de &#8220;Tazuna&#8221;. Il est inspir\u00e9 de l&#8217;\u00e9quitation et de la fa\u00e7on de guider son cheval par le biais d&#8217;une seule r\u00eane. Cela se traduit par un tableau de bord d\u00e9pouill\u00e9 et surtout, par des interfaces \u00e0 commandes gestuelles et une pr\u00e9sentation am\u00e9lior\u00e9e des informations par le biais de la r\u00e9alit\u00e9 augment\u00e9e. <\/p>\n\n\n\n<figure class=\"wp-block-image\"><img loading=\"lazy\" decoding=\"async\" width=\"1024\" height=\"576\" src=\"http:\/\/lignesauto.fr\/wp-content\/uploads\/2019\/10\/LIGNESLF30_08-1024x576.jpg\" alt=\"\" class=\"wp-image-14141\" srcset=\"https:\/\/lignesauto.fr\/wp-content\/uploads\/2019\/10\/LIGNESLF30_08-1024x576.jpg 1024w, https:\/\/lignesauto.fr\/wp-content\/uploads\/2019\/10\/LIGNESLF30_08-300x169.jpg 300w, https:\/\/lignesauto.fr\/wp-content\/uploads\/2019\/10\/LIGNESLF30_08-768x432.jpg 768w, https:\/\/lignesauto.fr\/wp-content\/uploads\/2019\/10\/LIGNESLF30_08-370x208.jpg 370w, https:\/\/lignesauto.fr\/wp-content\/uploads\/2019\/10\/LIGNESLF30_08-1040x585.jpg 1040w, https:\/\/lignesauto.fr\/wp-content\/uploads\/2019\/10\/LIGNESLF30_08.jpg 1417w\" sizes=\"(max-width: 1024px) 100vw, 1024px\" \/><\/figure>\n\n\n\n<p>L&#8217;am\u00e9nagement du si\u00e8ge du passager avant fait \u00e9cho \u00e0 celui d&#8217;un si\u00e8ge de premi\u00e8re classe d&#8217;un avion de ligne. Toutes les commandes sont \u00e0 port\u00e9e de main et un&nbsp;grand \u00e9cran de commande gestuelle pour le si\u00e8ge passager contribue au confort et \u00e0 la commodit\u00e9 de l&#8217;habitacle.<\/p>\n\n\n\n<figure class=\"wp-block-image\"><img loading=\"lazy\" decoding=\"async\" width=\"1024\" height=\"576\" src=\"http:\/\/lignesauto.fr\/wp-content\/uploads\/2019\/10\/LIGNESLF30_04-1024x576.jpg\" alt=\"\" class=\"wp-image-14137\" srcset=\"https:\/\/lignesauto.fr\/wp-content\/uploads\/2019\/10\/LIGNESLF30_04-1024x576.jpg 1024w, https:\/\/lignesauto.fr\/wp-content\/uploads\/2019\/10\/LIGNESLF30_04-300x169.jpg 300w, https:\/\/lignesauto.fr\/wp-content\/uploads\/2019\/10\/LIGNESLF30_04-768x432.jpg 768w, https:\/\/lignesauto.fr\/wp-content\/uploads\/2019\/10\/LIGNESLF30_04-370x208.jpg 370w, https:\/\/lignesauto.fr\/wp-content\/uploads\/2019\/10\/LIGNESLF30_04-1040x585.jpg 1040w, https:\/\/lignesauto.fr\/wp-content\/uploads\/2019\/10\/LIGNESLF30_04.jpg 1417w\" sizes=\"(max-width: 1024px) 100vw, 1024px\" \/><\/figure>\n\n\n\n<p>Un toit vitr\u00e9 au-dessus des si\u00e8ges arri\u00e8re est dot\u00e9 d&#8217;une commande vocale et d&#8217;une fen\u00eatre d&#8217;affichage &#8220;SkyGate&#8221; \u00e0 commande gestuelle qui utilise la r\u00e9alit\u00e9 augment\u00e9e pour afficher divers types d&#8217;informations, comme un ciel \u00e9toil\u00e9 r\u00e9aliste, les vid\u00e9os pr\u00e9f\u00e9r\u00e9es des passagers, et m\u00eame la navigation.<\/p>\n\n\n\n<figure class=\"wp-block-image\"><img loading=\"lazy\" decoding=\"async\" width=\"1024\" height=\"576\" src=\"http:\/\/lignesauto.fr\/wp-content\/uploads\/2019\/10\/LIGNESLF30_07-1024x576.jpg\" alt=\"\" class=\"wp-image-14140\" srcset=\"https:\/\/lignesauto.fr\/wp-content\/uploads\/2019\/10\/LIGNESLF30_07-1024x576.jpg 1024w, https:\/\/lignesauto.fr\/wp-content\/uploads\/2019\/10\/LIGNESLF30_07-300x169.jpg 300w, https:\/\/lignesauto.fr\/wp-content\/uploads\/2019\/10\/LIGNESLF30_07-768x432.jpg 768w, https:\/\/lignesauto.fr\/wp-content\/uploads\/2019\/10\/LIGNESLF30_07-370x208.jpg 370w, https:\/\/lignesauto.fr\/wp-content\/uploads\/2019\/10\/LIGNESLF30_07-1040x585.jpg 1040w, https:\/\/lignesauto.fr\/wp-content\/uploads\/2019\/10\/LIGNESLF30_07.jpg 1417w\" sizes=\"(max-width: 1024px) 100vw, 1024px\" \/><\/figure>\n\n\n\n<p>En plus de son design unique, l&#8217;int\u00e9rieur indique \u00e9galement la direction du luxe de la prochaine g\u00e9n\u00e9ration des mod\u00e8les de la marque en utilisant des mat\u00e9riaux durables pour r\u00e9duire la charge environnementale.&nbsp;Le &#8220;yakisugi&#8221; (c\u00e8dre), un mat\u00e9riau japonais traditionnel, est utilis\u00e9 pour le plancher et le volant, tandis que le m\u00e9tal recycl\u00e9 a \u00e9t\u00e9 transform\u00e9 en fibres pour la cr\u00e9ation de la garniture de porte avec un effet pliss\u00e9.<\/p>\n\n\n\n<figure class=\"wp-block-image\"><img loading=\"lazy\" decoding=\"async\" width=\"1024\" height=\"684\" src=\"http:\/\/lignesauto.fr\/wp-content\/uploads\/2019\/10\/LIGNESLF30_14-1024x684.jpg\" alt=\"\" class=\"wp-image-14146\" srcset=\"https:\/\/lignesauto.fr\/wp-content\/uploads\/2019\/10\/LIGNESLF30_14-1024x684.jpg 1024w, https:\/\/lignesauto.fr\/wp-content\/uploads\/2019\/10\/LIGNESLF30_14-300x200.jpg 300w, https:\/\/lignesauto.fr\/wp-content\/uploads\/2019\/10\/LIGNESLF30_14-768x513.jpg 768w, https:\/\/lignesauto.fr\/wp-content\/uploads\/2019\/10\/LIGNESLF30_14-370x247.jpg 370w, https:\/\/lignesauto.fr\/wp-content\/uploads\/2019\/10\/LIGNESLF30_14-1040x694.jpg 1040w, https:\/\/lignesauto.fr\/wp-content\/uploads\/2019\/10\/LIGNESLF30_14.jpg 1417w\" sizes=\"(max-width: 1024px) 100vw, 1024px\" \/><\/figure>\n\n\n\n<p>L&#8217;intelligence artificielle embarqu\u00e9e distingue les voix des occupants et utilise les informations personnalis\u00e9es stock\u00e9es sur la cl\u00e9 de contr\u00f4le du conducteur pour adapter  la temp\u00e9rature de l&#8217;air ou la hi-fi, pour chacun des occupants.<\/p>\n\n\n\n<figure class=\"wp-block-image\"><img loading=\"lazy\" decoding=\"async\" width=\"1024\" height=\"465\" src=\"http:\/\/lignesauto.fr\/wp-content\/uploads\/2019\/10\/LIGNESLF30_01-1024x465.jpg\" alt=\"\" class=\"wp-image-14134\" srcset=\"https:\/\/lignesauto.fr\/wp-content\/uploads\/2019\/10\/LIGNESLF30_01-1024x465.jpg 1024w, https:\/\/lignesauto.fr\/wp-content\/uploads\/2019\/10\/LIGNESLF30_01-300x136.jpg 300w, https:\/\/lignesauto.fr\/wp-content\/uploads\/2019\/10\/LIGNESLF30_01-768x349.jpg 768w, https:\/\/lignesauto.fr\/wp-content\/uploads\/2019\/10\/LIGNESLF30_01-370x168.jpg 370w, https:\/\/lignesauto.fr\/wp-content\/uploads\/2019\/10\/LIGNESLF30_01-1040x473.jpg 1040w, https:\/\/lignesauto.fr\/wp-content\/uploads\/2019\/10\/LIGNESLF30_01.jpg 1417w\" sizes=\"(max-width: 1024px) 100vw, 1024px\" \/><\/figure>\n\n\n\n<p>La question qu&#8217;il nous reste \u00e0 vous poser est : laquelle de ces trois berlines de 2030 (Lexus, Citro\u00ebn, Renault) choisiriez vous ?<\/p>\n\n\n\n<figure class=\"wp-block-image\"><img loading=\"lazy\" decoding=\"async\" width=\"592\" height=\"1024\" src=\"http:\/\/lignesauto.fr\/wp-content\/uploads\/2019\/10\/LIGNES-2030-592x1024.png\" alt=\"\" class=\"wp-image-14148\" srcset=\"https:\/\/lignesauto.fr\/wp-content\/uploads\/2019\/10\/LIGNES-2030-592x1024.png 592w, https:\/\/lignesauto.fr\/wp-content\/uploads\/2019\/10\/LIGNES-2030-173x300.png 173w, https:\/\/lignesauto.fr\/wp-content\/uploads\/2019\/10\/LIGNES-2030-768x1330.png 768w, https:\/\/lignesauto.fr\/wp-content\/uploads\/2019\/10\/LIGNES-2030-370x641.png 370w, https:\/\/lignesauto.fr\/wp-content\/uploads\/2019\/10\/LIGNES-2030-1040x1800.png 1040w, https:\/\/lignesauto.fr\/wp-content\/uploads\/2019\/10\/LIGNES-2030.png 1417w\" sizes=\"(max-width: 592px) 100vw, 592px\" \/><\/figure>\n\n\n\n<h2 class=\"wp-block-heading\">VIDEOS<\/h2>\n\n\n\n<figure class=\"wp-block-embed-youtube wp-block-embed is-type-video is-provider-youtube wp-embed-aspect-16-9 wp-has-aspect-ratio\"><div class=\"wp-block-embed__wrapper\">\n<iframe loading=\"lazy\" title=\"LIGNESAUTOLF 30\" width=\"640\" height=\"360\" src=\"https:\/\/www.youtube.com\/embed\/vMzjpJ-pM3I?feature=oembed\" frameborder=\"0\" allow=\"accelerometer; autoplay; clipboard-write; encrypted-media; gyroscope; picture-in-picture; web-share\" referrerpolicy=\"strict-origin-when-cross-origin\" allowfullscreen><\/iframe>\n<\/div><\/figure>\n\n\n\n<figure class=\"wp-block-embed-youtube wp-block-embed is-type-video is-provider-youtube wp-embed-aspect-16-9 wp-has-aspect-ratio\"><div class=\"wp-block-embed__wrapper\">\n<iframe loading=\"lazy\" title=\"LIGNESauto LEXUS LF 30 TOKYO 2019\" width=\"640\" height=\"360\" src=\"https:\/\/www.youtube.com\/embed\/IQ5Miubg50k?feature=oembed\" frameborder=\"0\" allow=\"accelerometer; autoplay; clipboard-write; encrypted-media; gyroscope; picture-in-picture; web-share\" referrerpolicy=\"strict-origin-when-cross-origin\" allowfullscreen><\/iframe>\n<\/div><\/figure>\n\n\n\n<figure class=\"wp-block-image is-resized\"><img loading=\"lazy\" decoding=\"async\" src=\"http:\/\/lignesauto.fr\/wp-content\/uploads\/2019\/09\/LOGOActus_BD-1024x367.jpg\" alt=\"L\u2019attribut alt de cette image est vide, son nom de fichier est LOGOActus_BD-1024x367.jpg.\" width=\"388\" height=\"138\"\/><\/figure>\n","protected":false},"excerpt":{"rendered":"<p>Electrique, bien s\u00fbr, mais aussi avant-gardiste sur le choix des mat\u00e9riaux et de son design. La Lexus LF-30 rompt avec l&#8217;architecture des derniers concept-cars dits futuristes et rejoint le cercle ferm\u00e9 o\u00f9 tr\u00f4nent d\u00e9j\u00e0 la Renault Ultimo et la Citro\u00ebn 19_19. Cap sur 2030 ! Lexus commercialisera son premier v\u00e9hicule [&hellip;]<\/p>\n","protected":false},"author":1,"featured_media":14133,"comment_status":"open","ping_status":"open","sticky":false,"template":"","format":"standard","meta":{"footnotes":""},"categories":[1],"tags":[],"_links":{"self":[{"href":"https:\/\/lignesauto.fr\/index.php?rest_route=\/wp\/v2\/posts\/14131"}],"collection":[{"href":"https:\/\/lignesauto.fr\/index.php?rest_route=\/wp\/v2\/posts"}],"about":[{"href":"https:\/\/lignesauto.fr\/index.php?rest_route=\/wp\/v2\/types\/post"}],"author":[{"embeddable":true,"href":"https:\/\/lignesauto.fr\/index.php?rest_route=\/wp\/v2\/users\/1"}],"replies":[{"embeddable":true,"href":"https:\/\/lignesauto.fr\/index.php?rest_route=%2Fwp%2Fv2%2Fcomments&post=14131"}],"version-history":[{"count":10,"href":"https:\/\/lignesauto.fr\/index.php?rest_route=\/wp\/v2\/posts\/14131\/revisions"}],"predecessor-version":[{"id":14167,"href":"https:\/\/lignesauto.fr\/index.php?rest_route=\/wp\/v2\/posts\/14131\/revisions\/14167"}],"wp:featuredmedia":[{"embeddable":true,"href":"https:\/\/lignesauto.fr\/index.php?rest_route=\/wp\/v2\/media\/14133"}],"wp:attachment":[{"href":"https:\/\/lignesauto.fr\/index.php?rest_route=%2Fwp%2Fv2%2Fmedia&parent=14131"}],"wp:term":[{"taxonomy":"category","embeddable":true,"href":"https:\/\/lignesauto.fr\/index.php?rest_route=%2Fwp%2Fv2%2Fcategories&post=14131"},{"taxonomy":"post_tag","embeddable":true,"href":"https:\/\/lignesauto.fr\/index.php?rest_route=%2Fwp%2Fv2%2Ftags&post=14131"}],"curies":[{"name":"wp","href":"https:\/\/api.w.org\/{rel}","templated":true}]}}