{"id":14171,"date":"2019-10-25T13:40:31","date_gmt":"2019-10-25T11:40:31","guid":{"rendered":"http:\/\/lignesauto.fr\/?p=14171"},"modified":"2019-10-25T16:38:53","modified_gmt":"2019-10-25T14:38:53","slug":"design-vw-golf-8-vw-id-3-les-memes-en-tres-different","status":"publish","type":"post","link":"https:\/\/lignesauto.fr\/?p=14171","title":{"rendered":"Design : VW Golf 8 &#8211; VW ID.3, les m\u00eames, en tr\u00e8s diff\u00e9rent ! NOTRE ANALYSE"},"content":{"rendered":"\n<p>Les m\u00eames, car Volkswagen les embarque toutes deux sur le segment des berlines compactes et propose donc deux v\u00e9hicules concurrents ! Tr\u00e8s diff\u00e9rentes, car elles reposent sur deux plateformes qui ont impos\u00e9 une interpr\u00e9tation dissemblable pour les designers des deux v\u00e9hicules.<\/p>\n\n\n\n<figure class=\"wp-block-image is-resized\"><img loading=\"lazy\" decoding=\"async\" src=\"http:\/\/lignesauto.fr\/wp-content\/uploads\/2019\/09\/LOGOActus_BD-1024x367.jpg\" alt=\"\" class=\"wp-image-13139\" width=\"364\" height=\"130\" srcset=\"https:\/\/lignesauto.fr\/wp-content\/uploads\/2019\/09\/LOGOActus_BD-1024x367.jpg 1024w, https:\/\/lignesauto.fr\/wp-content\/uploads\/2019\/09\/LOGOActus_BD-300x108.jpg 300w, https:\/\/lignesauto.fr\/wp-content\/uploads\/2019\/09\/LOGOActus_BD-768x276.jpg 768w, https:\/\/lignesauto.fr\/wp-content\/uploads\/2019\/09\/LOGOActus_BD-370x133.jpg 370w, https:\/\/lignesauto.fr\/wp-content\/uploads\/2019\/09\/LOGOActus_BD-1040x373.jpg 1040w, https:\/\/lignesauto.fr\/wp-content\/uploads\/2019\/09\/LOGOActus_BD.jpg 1240w\" sizes=\"(max-width: 364px) 100vw, 364px\" \/><\/figure>\n\n\n\n<figure class=\"wp-block-image\"><img loading=\"lazy\" decoding=\"async\" width=\"1024\" height=\"535\" src=\"http:\/\/lignesauto.fr\/wp-content\/uploads\/2019\/10\/IGNESGOLF_105-1024x535.jpg\" alt=\"\" class=\"wp-image-14179\" srcset=\"https:\/\/lignesauto.fr\/wp-content\/uploads\/2019\/10\/IGNESGOLF_105-1024x535.jpg 1024w, https:\/\/lignesauto.fr\/wp-content\/uploads\/2019\/10\/IGNESGOLF_105-300x157.jpg 300w, https:\/\/lignesauto.fr\/wp-content\/uploads\/2019\/10\/IGNESGOLF_105-768x402.jpg 768w, https:\/\/lignesauto.fr\/wp-content\/uploads\/2019\/10\/IGNESGOLF_105-370x193.jpg 370w, https:\/\/lignesauto.fr\/wp-content\/uploads\/2019\/10\/IGNESGOLF_105-1040x544.jpg 1040w, https:\/\/lignesauto.fr\/wp-content\/uploads\/2019\/10\/IGNESGOLF_105.jpg 1417w\" sizes=\"(max-width: 1024px) 100vw, 1024px\" \/><\/figure>\n\n\n\n<p>Si l&#8217;une renouvelle une ic\u00f4ne (la Golf), l&#8217;autre (lID.3) ouvre un nouveau chapitre de l&#8217;histoire de la marque.<\/p>\n\n\n\n<figure class=\"wp-block-image\"><img loading=\"lazy\" decoding=\"async\" width=\"1024\" height=\"567\" src=\"http:\/\/lignesauto.fr\/wp-content\/uploads\/2019\/09\/LIGNESID3_01-1024x567.png\" alt=\"\" class=\"wp-image-13379\" srcset=\"https:\/\/lignesauto.fr\/wp-content\/uploads\/2019\/09\/LIGNESID3_01-1024x567.png 1024w, https:\/\/lignesauto.fr\/wp-content\/uploads\/2019\/09\/LIGNESID3_01-300x166.png 300w, https:\/\/lignesauto.fr\/wp-content\/uploads\/2019\/09\/LIGNESID3_01-768x425.png 768w, https:\/\/lignesauto.fr\/wp-content\/uploads\/2019\/09\/LIGNESID3_01-370x205.png 370w, https:\/\/lignesauto.fr\/wp-content\/uploads\/2019\/09\/LIGNESID3_01-1040x576.png 1040w, https:\/\/lignesauto.fr\/wp-content\/uploads\/2019\/09\/LIGNESID3_01.png 1417w\" sizes=\"(max-width: 1024px) 100vw, 1024px\" \/><\/figure>\n\n\n\n<p>L&#8217;ID.3 est con\u00e7ue sur la toute nouvelle plateforme MEB (ci-dessous) d\u00e9di\u00e9e aux mod\u00e8les du groupe 100% \u00e9lectriques, des segments B et C, c&#8217;est \u00e0 dire les petites et moyennes berlines ou SUV du groupe Allemand.<\/p>\n\n\n\n<figure class=\"wp-block-image\"><img loading=\"lazy\" decoding=\"async\" width=\"1024\" height=\"662\" src=\"http:\/\/lignesauto.fr\/wp-content\/uploads\/2019\/09\/LIGNESZZ01-1024x662.png\" alt=\"\" class=\"wp-image-13188\" srcset=\"https:\/\/lignesauto.fr\/wp-content\/uploads\/2019\/09\/LIGNESZZ01-1024x662.png 1024w, https:\/\/lignesauto.fr\/wp-content\/uploads\/2019\/09\/LIGNESZZ01-300x194.png 300w, https:\/\/lignesauto.fr\/wp-content\/uploads\/2019\/09\/LIGNESZZ01-768x496.png 768w, https:\/\/lignesauto.fr\/wp-content\/uploads\/2019\/09\/LIGNESZZ01-370x239.png 370w, https:\/\/lignesauto.fr\/wp-content\/uploads\/2019\/09\/LIGNESZZ01-1040x672.png 1040w, https:\/\/lignesauto.fr\/wp-content\/uploads\/2019\/09\/LIGNESZZ01.png 1417w\" sizes=\"(max-width: 1024px) 100vw, 1024px\" \/><\/figure>\n\n\n\n<p>La Golf 8 repose quant \u00e0 elle sur la plateforme MQB (ci-dessous) \u00e9volu\u00e9e, celle qui supporte notamment les Audi A3, Seat Leon, Skoda Octavia, VW Tiguan, Seat Ateca ou encore Skoda Karoq. <\/p>\n\n\n\n<figure class=\"wp-block-image\"><img loading=\"lazy\" decoding=\"async\" width=\"1024\" height=\"576\" src=\"http:\/\/lignesauto.fr\/wp-content\/uploads\/2019\/10\/LIGNESMQB-1024x576.jpg\" alt=\"\" class=\"wp-image-14189\" srcset=\"https:\/\/lignesauto.fr\/wp-content\/uploads\/2019\/10\/LIGNESMQB-1024x576.jpg 1024w, https:\/\/lignesauto.fr\/wp-content\/uploads\/2019\/10\/LIGNESMQB-300x169.jpg 300w, https:\/\/lignesauto.fr\/wp-content\/uploads\/2019\/10\/LIGNESMQB-768x432.jpg 768w, https:\/\/lignesauto.fr\/wp-content\/uploads\/2019\/10\/LIGNESMQB-370x208.jpg 370w, https:\/\/lignesauto.fr\/wp-content\/uploads\/2019\/10\/LIGNESMQB-1040x585.jpg 1040w, https:\/\/lignesauto.fr\/wp-content\/uploads\/2019\/10\/LIGNESMQB.jpg 1417w\" sizes=\"(max-width: 1024px) 100vw, 1024px\" \/><\/figure>\n\n\n\n<p>La nouvelle Golf et l&#8217;ID.3 &#8211; pr\u00e9sent\u00e9e voici \u00e0 peine un mois &#8211; deviennent donc irr\u00e9m\u00e9diablement deux concurrentes puisqu&#8217;elles visent le m\u00eame march\u00e9, celui de la berline compacte. Certes, la Golf 8 abandonne sa version 100 % \u00e9lectrique, mais elle est propos\u00e9e majoritairement avec des moteurs \u00e0 hybridation l\u00e9g\u00e8re (ci-dessous) ou des hybrides rechargeables.<\/p>\n\n\n\n<figure class=\"wp-block-image\"><img loading=\"lazy\" decoding=\"async\" width=\"1024\" height=\"576\" src=\"http:\/\/lignesauto.fr\/wp-content\/uploads\/2019\/10\/hy2-1024x576.jpg\" alt=\"\" class=\"wp-image-14283\" srcset=\"https:\/\/lignesauto.fr\/wp-content\/uploads\/2019\/10\/hy2-1024x576.jpg 1024w, https:\/\/lignesauto.fr\/wp-content\/uploads\/2019\/10\/hy2-300x169.jpg 300w, https:\/\/lignesauto.fr\/wp-content\/uploads\/2019\/10\/hy2-768x432.jpg 768w, https:\/\/lignesauto.fr\/wp-content\/uploads\/2019\/10\/hy2-370x208.jpg 370w, https:\/\/lignesauto.fr\/wp-content\/uploads\/2019\/10\/hy2-1040x585.jpg 1040w, https:\/\/lignesauto.fr\/wp-content\/uploads\/2019\/10\/hy2.jpg 2000w\" sizes=\"(max-width: 1024px) 100vw, 1024px\" \/><\/figure>\n\n\n\n<p>Alors, avec une Golf 8 thermique de 4,29 m de longueur, cinq places et une ID.3 100 % \u00e9lectrique, cinq places \u00e9galement mais plus habitable pour seulement 4,10 m de longueur, Volkswagen nous am\u00e8ne \u00e0 nous questionner.<\/p>\n\n\n\n<figure class=\"wp-block-image\"><img loading=\"lazy\" decoding=\"async\" width=\"1024\" height=\"541\" src=\"http:\/\/lignesauto.fr\/wp-content\/uploads\/2019\/10\/LIGNESGOLF_106-1024x541.jpg\" alt=\"\" class=\"wp-image-14180\" srcset=\"https:\/\/lignesauto.fr\/wp-content\/uploads\/2019\/10\/LIGNESGOLF_106-1024x541.jpg 1024w, https:\/\/lignesauto.fr\/wp-content\/uploads\/2019\/10\/LIGNESGOLF_106-300x158.jpg 300w, https:\/\/lignesauto.fr\/wp-content\/uploads\/2019\/10\/LIGNESGOLF_106-768x405.jpg 768w, https:\/\/lignesauto.fr\/wp-content\/uploads\/2019\/10\/LIGNESGOLF_106-370x195.jpg 370w, https:\/\/lignesauto.fr\/wp-content\/uploads\/2019\/10\/LIGNESGOLF_106-1040x549.jpg 1040w, https:\/\/lignesauto.fr\/wp-content\/uploads\/2019\/10\/LIGNESGOLF_106.jpg 1417w\" sizes=\"(max-width: 1024px) 100vw, 1024px\" \/><\/figure>\n\n\n\n<p><strong>Nous nous contenterons ici d&#8217;analyser le design de ces deux nouvelles VW compactes et nous commen\u00e7ons par leur \u00e9l\u00e9vation, ou profil&#8230;<\/strong><\/p>\n\n\n\n<figure class=\"wp-block-image\"><img loading=\"lazy\" decoding=\"async\" width=\"1024\" height=\"683\" src=\"http:\/\/lignesauto.fr\/wp-content\/uploads\/2019\/10\/LIGNESGOLF_101-1024x683.jpg\" alt=\"\" class=\"wp-image-14181\" srcset=\"https:\/\/lignesauto.fr\/wp-content\/uploads\/2019\/10\/LIGNESGOLF_101-1024x683.jpg 1024w, https:\/\/lignesauto.fr\/wp-content\/uploads\/2019\/10\/LIGNESGOLF_101-300x200.jpg 300w, https:\/\/lignesauto.fr\/wp-content\/uploads\/2019\/10\/LIGNESGOLF_101-768x512.jpg 768w, https:\/\/lignesauto.fr\/wp-content\/uploads\/2019\/10\/LIGNESGOLF_101-370x247.jpg 370w, https:\/\/lignesauto.fr\/wp-content\/uploads\/2019\/10\/LIGNESGOLF_101-1040x694.jpg 1040w, https:\/\/lignesauto.fr\/wp-content\/uploads\/2019\/10\/LIGNESGOLF_101.jpg 1417w\" sizes=\"(max-width: 1024px) 100vw, 1024px\" \/><\/figure>\n\n\n\n<figure class=\"wp-block-image\"><img loading=\"lazy\" decoding=\"async\" width=\"1024\" height=\"911\" src=\"http:\/\/lignesauto.fr\/wp-content\/uploads\/2019\/10\/LIGNESGOLFID_03-1024x911.png\" alt=\"\" class=\"wp-image-14175\" srcset=\"https:\/\/lignesauto.fr\/wp-content\/uploads\/2019\/10\/LIGNESGOLFID_03-1024x911.png 1024w, https:\/\/lignesauto.fr\/wp-content\/uploads\/2019\/10\/LIGNESGOLFID_03-300x267.png 300w, https:\/\/lignesauto.fr\/wp-content\/uploads\/2019\/10\/LIGNESGOLFID_03-768x683.png 768w, https:\/\/lignesauto.fr\/wp-content\/uploads\/2019\/10\/LIGNESGOLFID_03-370x329.png 370w, https:\/\/lignesauto.fr\/wp-content\/uploads\/2019\/10\/LIGNESGOLFID_03-1040x925.png 1040w, https:\/\/lignesauto.fr\/wp-content\/uploads\/2019\/10\/LIGNESGOLFID_03.png 1950w\" sizes=\"(max-width: 1024px) 100vw, 1024px\" \/><\/figure>\n\n\n\n<p>19 centim\u00e8tres de diff\u00e9rence en longueur pour une habitabilit\u00e9 g\u00e9n\u00e9reuse sur la plus petite des deux, \u00e9tonnant ? Non, car la plateforme MEB est d\u00e9di\u00e9e aux v\u00e9hicules du groupe 100 % \u00e9lectriques et offre l&#8217;espace habitable d&#8217;une Passat dans un format plus compact qu&#8217;une Golf !<br>&#8211; 1 : La MEB est con\u00e7ue avec un bloc avant court et une baie d&#8217;auvent tr\u00e8s avanc\u00e9e, d&#8217;o\u00f9 la formule (quasi) monocorps pour le design de l&#8217;ID.3. L&#8217;espace entre l&#8217;axe des roues avant et la baie de pare-brise est du coup tr\u00e8s court, contrairement \u00e0 celui de la Golf 8.<br>&#8211; 2 : Sans motorisation dans le bloc avant, l&#8217;ID.3 adopte ainsi un porte-\u00e0-faux extr\u00eamement r\u00e9duit, \u00e0 l&#8217;inverse l\u00e0 encore de celui de la Golf 8. Les proportions des deux voitures n&#8217;ont rien en commun.<br>&#8211; 3 : Rien en commun ? Si, les r\u00e9troviseurs et les poign\u00e9es de portes !<br>&#8211; 4 : Etonnement, les designers ont repris le tr\u00e8s fameux panneau de custode dynamique de la Golf sur l&#8217;ID.3&#8230;<\/p>\n\n\n\n<p><strong>De pleine face, \u00e7a donne quoi c\u00f4t\u00e9 identit\u00e9 ?<\/strong><\/p>\n\n\n\n<figure class=\"wp-block-image\"><img loading=\"lazy\" decoding=\"async\" width=\"1024\" height=\"683\" src=\"http:\/\/lignesauto.fr\/wp-content\/uploads\/2019\/10\/LIGNESGOLF_102-1024x683.jpg\" alt=\"\" class=\"wp-image-14182\" srcset=\"https:\/\/lignesauto.fr\/wp-content\/uploads\/2019\/10\/LIGNESGOLF_102-1024x683.jpg 1024w, https:\/\/lignesauto.fr\/wp-content\/uploads\/2019\/10\/LIGNESGOLF_102-300x200.jpg 300w, https:\/\/lignesauto.fr\/wp-content\/uploads\/2019\/10\/LIGNESGOLF_102-768x512.jpg 768w, https:\/\/lignesauto.fr\/wp-content\/uploads\/2019\/10\/LIGNESGOLF_102-370x247.jpg 370w, https:\/\/lignesauto.fr\/wp-content\/uploads\/2019\/10\/LIGNESGOLF_102-1040x694.jpg 1040w, https:\/\/lignesauto.fr\/wp-content\/uploads\/2019\/10\/LIGNESGOLF_102.jpg 1417w\" sizes=\"(max-width: 1024px) 100vw, 1024px\" \/><\/figure>\n\n\n\n<figure class=\"wp-block-image\"><img loading=\"lazy\" decoding=\"async\" width=\"657\" height=\"1024\" src=\"http:\/\/lignesauto.fr\/wp-content\/uploads\/2019\/10\/LIGNESGOLFID_01-657x1024.png\" alt=\"\" class=\"wp-image-14176\" srcset=\"https:\/\/lignesauto.fr\/wp-content\/uploads\/2019\/10\/LIGNESGOLFID_01-657x1024.png 657w, https:\/\/lignesauto.fr\/wp-content\/uploads\/2019\/10\/LIGNESGOLFID_01-193x300.png 193w, https:\/\/lignesauto.fr\/wp-content\/uploads\/2019\/10\/LIGNESGOLFID_01-768x1196.png 768w, https:\/\/lignesauto.fr\/wp-content\/uploads\/2019\/10\/LIGNESGOLFID_01-370x576.png 370w, https:\/\/lignesauto.fr\/wp-content\/uploads\/2019\/10\/LIGNESGOLFID_01-1040x1620.png 1040w, https:\/\/lignesauto.fr\/wp-content\/uploads\/2019\/10\/LIGNESGOLFID_01.png 1122w\" sizes=\"(max-width: 657px) 100vw, 657px\" \/><\/figure>\n\n\n\n<p>1 : De pleine face, le seul point commun c\u00f4t\u00e9 esth\u00e9tique demeure le&#8230; logo, \u00e9videmment ! Mais on rel\u00e8ve \u00e9galement un dessin de la prise d&#8217;air inf\u00e9rieure quasi identique.<br>2 : L&#8217;architecture et le design du bloc avant n&#8217;est absolument pas comparable. Si la Golf 8 conserve un capot moteur plongeant sur la (petite) calandre, l&#8217;ID.3 adopte un capot de type carrossier et un soft-nose tr\u00e8s volumineux !<br>3 : Si le capot de la Golf 8 est d&#8217;une seule pi\u00e8ce, celui de l&#8217;ID.3 fait appel \u00e0 un artifice de couleur noire qui amplifie l&#8217;avanc\u00e9e du pare-brise et l&#8217;aspect monovolume de la voiture.<\/p>\n\n\n\n<p><strong>Et de 3\/4 AV ?<\/strong><\/p>\n\n\n\n<figure class=\"wp-block-image\"><img loading=\"lazy\" decoding=\"async\" width=\"1024\" height=\"683\" src=\"http:\/\/lignesauto.fr\/wp-content\/uploads\/2019\/10\/LIGNESGOLF_103-1024x683.jpg\" alt=\"\" class=\"wp-image-14183\" srcset=\"https:\/\/lignesauto.fr\/wp-content\/uploads\/2019\/10\/LIGNESGOLF_103-1024x683.jpg 1024w, https:\/\/lignesauto.fr\/wp-content\/uploads\/2019\/10\/LIGNESGOLF_103-300x200.jpg 300w, https:\/\/lignesauto.fr\/wp-content\/uploads\/2019\/10\/LIGNESGOLF_103-768x512.jpg 768w, https:\/\/lignesauto.fr\/wp-content\/uploads\/2019\/10\/LIGNESGOLF_103-370x247.jpg 370w, https:\/\/lignesauto.fr\/wp-content\/uploads\/2019\/10\/LIGNESGOLF_103-1040x694.jpg 1040w, https:\/\/lignesauto.fr\/wp-content\/uploads\/2019\/10\/LIGNESGOLF_103.jpg 1417w\" sizes=\"(max-width: 1024px) 100vw, 1024px\" \/><\/figure>\n\n\n\n<figure class=\"wp-block-image\"><img loading=\"lazy\" decoding=\"async\" width=\"1002\" height=\"1024\" src=\"http:\/\/lignesauto.fr\/wp-content\/uploads\/2019\/10\/LIGNESGOILFID_02-1002x1024.png\" alt=\"\" class=\"wp-image-14177\" srcset=\"https:\/\/lignesauto.fr\/wp-content\/uploads\/2019\/10\/LIGNESGOILFID_02-1002x1024.png 1002w, https:\/\/lignesauto.fr\/wp-content\/uploads\/2019\/10\/LIGNESGOILFID_02-293x300.png 293w, https:\/\/lignesauto.fr\/wp-content\/uploads\/2019\/10\/LIGNESGOILFID_02-768x785.png 768w, https:\/\/lignesauto.fr\/wp-content\/uploads\/2019\/10\/LIGNESGOILFID_02-370x378.png 370w, https:\/\/lignesauto.fr\/wp-content\/uploads\/2019\/10\/LIGNESGOILFID_02-1040x1063.png 1040w, https:\/\/lignesauto.fr\/wp-content\/uploads\/2019\/10\/LIGNESGOILFID_02.png 1714w\" sizes=\"(max-width: 1002px) 100vw, 1002px\" \/><\/figure>\n\n\n\n<p>L&#8217;effet monovolume de l&#8217;ID.3 est davantage perceptible sur cette vue. <br>1 : La longueur du capot &#8220;moteur&#8221; (il n&#8217;y en a pas sur l&#8217;ID.3) est classique sur la Golf 8 alors qu&#8217;elle est minuscule sur l&#8217;ID.3. Le capot est d&#8217;autant plus court, que la pi\u00e8ce noire prolongeant l&#8217;auvent de pare-brise le grignote sur une bonne partie de l&#8217;avant du v\u00e9hicule.<br>2 : La partie frontale de l&#8217;ID.3 est plus verticale avec des optiques log\u00e9es plus haut que sur la Golf 8. Un effet &#8220;s\u00e9curit\u00e9&#8221; et massif qui contre-balance l&#8217;effet d&#8217;ins\u00e9curit\u00e9 d&#8217;une cabine avanc\u00e9e sur le train avant.<br>3 : On remarque la g\u00e9n\u00e9rosit\u00e9 du soft-nose de l&#8217;ID.3 sur cette vue. Une op\u00e9ration de restylage sera plus ais\u00e9e sur l&#8217;ID.3 que sur la Golf 8.<br>4 : La diff\u00e9rence due aux deux plateformes appara\u00eet ici avec un fenestron de monocorps sur l&#8217;ID.3 et une toute petite vitre en amont de la porti\u00e8re sur la Golf 8. La baie de pare-brise plus avanc\u00e9e sur l&#8217;\u00e9lectrique impose cette architecture qui b\u00e9n\u00e9ficie \u00e0 l&#8217;habitabilit\u00e9.<br>5 : Le travail des flancs op\u00e9r\u00e9 par les designers est totalement diff\u00e9rent. Un peu sculpt\u00e9 sur la Golf 8, totalement &#8220;plat&#8221; sur l&#8217;ID.3&#8230;<br>6 : Du coup, les designers ont cass\u00e9 ce c\u00f4t\u00e9 monolithique par un bas de caisse  plus travaill\u00e9, de couleur noire qui permet d&#8217;abaisser visuellement la hauteur des panneaux de portes.<\/p>\n\n\n\n<p><strong>De 3\/4 AR, les deux VW choisissent les m\u00eames th\u00e8mes<\/strong><\/p>\n\n\n\n<figure class=\"wp-block-image\"><img loading=\"lazy\" decoding=\"async\" width=\"1024\" height=\"683\" src=\"http:\/\/lignesauto.fr\/wp-content\/uploads\/2019\/10\/LIGNESGOLF_104-1024x683.jpg\" alt=\"\" class=\"wp-image-14184\" srcset=\"https:\/\/lignesauto.fr\/wp-content\/uploads\/2019\/10\/LIGNESGOLF_104-1024x683.jpg 1024w, https:\/\/lignesauto.fr\/wp-content\/uploads\/2019\/10\/LIGNESGOLF_104-300x200.jpg 300w, https:\/\/lignesauto.fr\/wp-content\/uploads\/2019\/10\/LIGNESGOLF_104-768x512.jpg 768w, https:\/\/lignesauto.fr\/wp-content\/uploads\/2019\/10\/LIGNESGOLF_104-370x247.jpg 370w, https:\/\/lignesauto.fr\/wp-content\/uploads\/2019\/10\/LIGNESGOLF_104-1040x694.jpg 1040w, https:\/\/lignesauto.fr\/wp-content\/uploads\/2019\/10\/LIGNESGOLF_104.jpg 1417w\" sizes=\"(max-width: 1024px) 100vw, 1024px\" \/><\/figure>\n\n\n\n<figure class=\"wp-block-image\"><img loading=\"lazy\" decoding=\"async\" width=\"1017\" height=\"1024\" src=\"http:\/\/lignesauto.fr\/wp-content\/uploads\/2019\/10\/LIGNESGOLFID_04-1017x1024.png\" alt=\"\" class=\"wp-image-14178\" srcset=\"https:\/\/lignesauto.fr\/wp-content\/uploads\/2019\/10\/LIGNESGOLFID_04-1017x1024.png 1017w, https:\/\/lignesauto.fr\/wp-content\/uploads\/2019\/10\/LIGNESGOLFID_04-150x150.png 150w, https:\/\/lignesauto.fr\/wp-content\/uploads\/2019\/10\/LIGNESGOLFID_04-298x300.png 298w, https:\/\/lignesauto.fr\/wp-content\/uploads\/2019\/10\/LIGNESGOLFID_04-768x774.png 768w, https:\/\/lignesauto.fr\/wp-content\/uploads\/2019\/10\/LIGNESGOLFID_04-370x373.png 370w, https:\/\/lignesauto.fr\/wp-content\/uploads\/2019\/10\/LIGNESGOLFID_04-1040x1048.png 1040w, https:\/\/lignesauto.fr\/wp-content\/uploads\/2019\/10\/LIGNESGOLFID_04.png 1632w\" sizes=\"(max-width: 1017px) 100vw, 1017px\" \/><\/figure>\n\n\n\n<p>1 : Comme il faut chasser le CO2 sur l&#8217;ID.3, un \u00e9norme becquet arri\u00e8re permet de guider au mieux les filets d&#8217;air. La Golf 8 est moins g\u00e9n\u00e9reuse sur ce plan.<br>2 : Notez le positionnement du nouveau logo au centre (classique) avec d\u00e9sormais le nom du mod\u00e8le placard\u00e9 au centre du hayon. Pomp\u00e9 sur Renault ?<br>3 : Si la Golf 8 embarque des feux sur le hayon, l&#8217;ID.3 se contente de les int\u00e9grer sur la caisse. C&#8217;est une solution moins co\u00fbteuse&#8230;<br>Terminons avec un dessin de jante ici tr\u00e8s semblable.<\/p>\n\n\n\n<h2 class=\"wp-block-heading\"><strong>BONUS : Klaus Bischoff parle du design des futures ID.<\/strong><\/h2>\n\n\n\n<figure class=\"wp-block-embed-wordpress wp-block-embed is-type-wp-embed is-provider-lignes-auto\"><div class=\"wp-block-embed__wrapper\">\n<blockquote class=\"wp-embedded-content\" data-secret=\"oDF2ef9poR\"><a href=\"http:\/\/lignesauto.fr\/?p=9652\">Quand Klaus Bischoff parle de ses ID.<\/a><\/blockquote><iframe class=\"wp-embedded-content\" sandbox=\"allow-scripts\" security=\"restricted\" style=\"position: absolute; clip: rect(1px, 1px, 1px, 1px);\" title=\"&#8220;Quand Klaus Bischoff parle de ses ID.&#8221; &#8212; LIGNES\/auto\" src=\"http:\/\/lignesauto.fr\/?p=9652&#038;embed=true#?secret=ny3mqE1dUI#?secret=oDF2ef9poR\" data-secret=\"oDF2ef9poR\" width=\"600\" height=\"338\" frameborder=\"0\" marginwidth=\"0\" marginheight=\"0\" scrolling=\"no\"><\/iframe>\n<\/div><\/figure>\n\n\n\n<h2 class=\"wp-block-heading\"><strong>BONUS : Relisez l&#8217;interview de Giugiaro qui \u00e9voque les 45 ans de la Golf <\/strong><\/h2>\n\n\n\n<figure class=\"wp-block-embed-wordpress wp-block-embed is-type-wp-embed is-provider-lignes-auto\"><div class=\"wp-block-embed__wrapper\">\n<blockquote class=\"wp-embedded-content\" data-secret=\"kxSOglJWCN\"><a href=\"http:\/\/lignesauto.fr\/?p=11380\">1974 &#8211; 2019 : la Golf a 45 ans et Giugiaro nous raconte !<\/a><\/blockquote><iframe class=\"wp-embedded-content\" sandbox=\"allow-scripts\" security=\"restricted\" style=\"position: absolute; clip: rect(1px, 1px, 1px, 1px);\" title=\"&#8220;1974 &#8211; 2019 : la Golf a 45 ans et Giugiaro nous raconte !&#8221; &#8212; LIGNES\/auto\" src=\"http:\/\/lignesauto.fr\/?p=11380&#038;embed=true#?secret=to3VMVobpc#?secret=kxSOglJWCN\" data-secret=\"kxSOglJWCN\" width=\"600\" height=\"338\" frameborder=\"0\" marginwidth=\"0\" marginheight=\"0\" scrolling=\"no\"><\/iframe>\n<\/div><\/figure>\n\n\n\n<p>LIGNES\/auto, c&#8217;est aussi une page Facebook : <a href=\"https:\/\/www.facebook.com\/lignesauto\/?modal=admin_todo_tour\">https:\/\/www.facebook.com\/lignesauto\/?modal=admin_todo_tour<\/a><\/p>\n\n\n\n<figure class=\"wp-block-image is-resized\"><img loading=\"lazy\" decoding=\"async\" src=\"http:\/\/lignesauto.fr\/wp-content\/uploads\/2019\/09\/LOGOActus_BD-1024x367.jpg\" alt=\"L\u2019attribut alt de cette image est vide, son nom de fichier est LOGOActus_BD-1024x367.jpg.\" width=\"360\" height=\"128\"\/><\/figure>\n","protected":false},"excerpt":{"rendered":"<p>Les m\u00eames, car Volkswagen les embarque toutes deux sur le segment des berlines compactes et propose donc deux v\u00e9hicules concurrents ! Tr\u00e8s diff\u00e9rentes, car elles reposent sur deux plateformes qui ont impos\u00e9 une interpr\u00e9tation dissemblable pour les designers des deux v\u00e9hicules. Si l&#8217;une renouvelle une ic\u00f4ne (la Golf), l&#8217;autre (lID.3) [&hellip;]<\/p>\n","protected":false},"author":1,"featured_media":14187,"comment_status":"open","ping_status":"open","sticky":false,"template":"","format":"standard","meta":{"footnotes":""},"categories":[1],"tags":[],"_links":{"self":[{"href":"https:\/\/lignesauto.fr\/index.php?rest_route=\/wp\/v2\/posts\/14171"}],"collection":[{"href":"https:\/\/lignesauto.fr\/index.php?rest_route=\/wp\/v2\/posts"}],"about":[{"href":"https:\/\/lignesauto.fr\/index.php?rest_route=\/wp\/v2\/types\/post"}],"author":[{"embeddable":true,"href":"https:\/\/lignesauto.fr\/index.php?rest_route=\/wp\/v2\/users\/1"}],"replies":[{"embeddable":true,"href":"https:\/\/lignesauto.fr\/index.php?rest_route=%2Fwp%2Fv2%2Fcomments&post=14171"}],"version-history":[{"count":42,"href":"https:\/\/lignesauto.fr\/index.php?rest_route=\/wp\/v2\/posts\/14171\/revisions"}],"predecessor-version":[{"id":14297,"href":"https:\/\/lignesauto.fr\/index.php?rest_route=\/wp\/v2\/posts\/14171\/revisions\/14297"}],"wp:featuredmedia":[{"embeddable":true,"href":"https:\/\/lignesauto.fr\/index.php?rest_route=\/wp\/v2\/media\/14187"}],"wp:attachment":[{"href":"https:\/\/lignesauto.fr\/index.php?rest_route=%2Fwp%2Fv2%2Fmedia&parent=14171"}],"wp:term":[{"taxonomy":"category","embeddable":true,"href":"https:\/\/lignesauto.fr\/index.php?rest_route=%2Fwp%2Fv2%2Fcategories&post=14171"},{"taxonomy":"post_tag","embeddable":true,"href":"https:\/\/lignesauto.fr\/index.php?rest_route=%2Fwp%2Fv2%2Ftags&post=14171"}],"curies":[{"name":"wp","href":"https:\/\/api.w.org\/{rel}","templated":true}]}}