{"id":14293,"date":"2019-10-26T12:08:55","date_gmt":"2019-10-26T10:08:55","guid":{"rendered":"http:\/\/lignesauto.fr\/?p=14293"},"modified":"2019-10-26T12:08:59","modified_gmt":"2019-10-26T10:08:59","slug":"interview-karlheinz-hell-la-golf-r-des-2020","status":"publish","type":"post","link":"https:\/\/lignesauto.fr\/?p=14293","title":{"rendered":"Interview Karlheinz Hell : &#8220;la Golf &#8216;R&#8217; d\u00e8s 2020&#8221;"},"content":{"rendered":"\n<figure class=\"wp-block-image is-resized\"><img loading=\"lazy\" decoding=\"async\" src=\"http:\/\/lignesauto.fr\/wp-content\/uploads\/2019\/09\/LOGOActus_BD-1024x367.jpg\" alt=\"\" class=\"wp-image-13139\" width=\"297\" height=\"106\" srcset=\"https:\/\/lignesauto.fr\/wp-content\/uploads\/2019\/09\/LOGOActus_BD-1024x367.jpg 1024w, https:\/\/lignesauto.fr\/wp-content\/uploads\/2019\/09\/LOGOActus_BD-300x108.jpg 300w, https:\/\/lignesauto.fr\/wp-content\/uploads\/2019\/09\/LOGOActus_BD-768x276.jpg 768w, https:\/\/lignesauto.fr\/wp-content\/uploads\/2019\/09\/LOGOActus_BD-370x133.jpg 370w, https:\/\/lignesauto.fr\/wp-content\/uploads\/2019\/09\/LOGOActus_BD-1040x373.jpg 1040w, https:\/\/lignesauto.fr\/wp-content\/uploads\/2019\/09\/LOGOActus_BD.jpg 1240w\" sizes=\"(max-width: 297px) 100vw, 297px\" \/><\/figure>\n\n\n\n<p>Karlheinz Hell, responsable du d\u00e9veloppement des VW compactes (Golf ou Tiguan entre autre) r\u00e9pond  pour la communication du groupe \u00e0 5 questions cl\u00e9s sur l&#8217;arriv\u00e9e de la nouvelle Golf, huiti\u00e8me \u00e9pisode d&#8217;une saga d\u00e9but\u00e9e en 1974&#8230;<\/p>\n\n\n\n<figure class=\"wp-block-image\"><img loading=\"lazy\" decoding=\"async\" width=\"1024\" height=\"576\" src=\"http:\/\/lignesauto.fr\/wp-content\/uploads\/2019\/10\/DB2019NR01048_large-1024x576.jpg\" alt=\"\" class=\"wp-image-14299\" srcset=\"https:\/\/lignesauto.fr\/wp-content\/uploads\/2019\/10\/DB2019NR01048_large-1024x576.jpg 1024w, https:\/\/lignesauto.fr\/wp-content\/uploads\/2019\/10\/DB2019NR01048_large-300x169.jpg 300w, https:\/\/lignesauto.fr\/wp-content\/uploads\/2019\/10\/DB2019NR01048_large-768x432.jpg 768w, https:\/\/lignesauto.fr\/wp-content\/uploads\/2019\/10\/DB2019NR01048_large-370x208.jpg 370w, https:\/\/lignesauto.fr\/wp-content\/uploads\/2019\/10\/DB2019NR01048_large-1040x585.jpg 1040w, https:\/\/lignesauto.fr\/wp-content\/uploads\/2019\/10\/DB2019NR01048_large.jpg 1417w\" sizes=\"(max-width: 1024px) 100vw, 1024px\" \/><figcaption>Karlheinz Hell<\/figcaption><\/figure>\n\n\n\n<p><strong>La Golf 8 f\u00eate sa premi\u00e8re mondiale. Qu&#8217;est-ce qui la rend si sp\u00e9ciale ?<\/strong><br>Karlheinz Hell : &#8220;La Golf est une ic\u00f4ne : comme aucune autre voiture, elle incarne une mobilit\u00e9 de qualit\u00e9 pour tous. Je peux vous promettre que la huiti\u00e8me g\u00e9n\u00e9ration \u00e9tablit de nouvelles normes dans ce domaine. Elle est moderne et \u00e9l\u00e9gante. Elle repr\u00e9sente la technologie, la diversit\u00e9 et l&#8217;individualit\u00e9. Les mod\u00e8les sportifs GT et R  vont s\u00e9duire \u00e9galement un large public.&#8221;<\/p>\n\n\n\n<figure class=\"wp-block-image\"><img loading=\"lazy\" decoding=\"async\" width=\"1024\" height=\"683\" src=\"http:\/\/lignesauto.fr\/wp-content\/uploads\/2019\/10\/DB2019AL02377_large-1024x683.jpg\" alt=\"\" class=\"wp-image-14300\" srcset=\"https:\/\/lignesauto.fr\/wp-content\/uploads\/2019\/10\/DB2019AL02377_large-1024x683.jpg 1024w, https:\/\/lignesauto.fr\/wp-content\/uploads\/2019\/10\/DB2019AL02377_large-300x200.jpg 300w, https:\/\/lignesauto.fr\/wp-content\/uploads\/2019\/10\/DB2019AL02377_large-768x512.jpg 768w, https:\/\/lignesauto.fr\/wp-content\/uploads\/2019\/10\/DB2019AL02377_large-370x247.jpg 370w, https:\/\/lignesauto.fr\/wp-content\/uploads\/2019\/10\/DB2019AL02377_large-1040x694.jpg 1040w, https:\/\/lignesauto.fr\/wp-content\/uploads\/2019\/10\/DB2019AL02377_large.jpg 1417w\" sizes=\"(max-width: 1024px) 100vw, 1024px\" \/><\/figure>\n\n\n\n<p><strong>Qu&#8217;est-ce qui la distingue finalement de son pr\u00e9d\u00e9cesseur ?<\/strong><br>K.H. &#8220;Klaus Bischoff et son \u00e9quipe de designers ont d\u00e9velopp\u00e9 un produit qui porte les g\u00e8nes typiques de la Golf. Elle est \u00e9volutive \u00e0 l&#8217;ext\u00e9rieur &#8211; pour \u00eatre imm\u00e9diatement identifiable &#8211; et r\u00e9volutionnaire \u00e0 l&#8217;int\u00e9rieur. La Golf 8 nous fait entrer dans l&#8217;\u00e8re num\u00e9rique, avec par exemple son nouveau cockpit &#8220;Innovision Cockpit&#8221;. Gr\u00e2ce \u00e0 son concept de commandes innovantes, il red\u00e9finit de nouvelles normes et d\u00e9mocratise de nombreuses technologies d&#8217;aide \u00e0 la conduite, comme l&#8217;assistance au conducteur. Un tel confort et une telle s\u00e9curit\u00e9 ne sont g\u00e9n\u00e9ralement connus que dans les cat\u00e9gories sup\u00e9rieures.&nbsp;<\/p>\n\n\n\n<figure class=\"wp-block-image\"><img loading=\"lazy\" decoding=\"async\" width=\"1024\" height=\"751\" src=\"http:\/\/lignesauto.fr\/wp-content\/uploads\/2019\/10\/LIGNESGOLFID_00-1024x751.png\" alt=\"\" class=\"wp-image-14187\" srcset=\"https:\/\/lignesauto.fr\/wp-content\/uploads\/2019\/10\/LIGNESGOLFID_00-1024x751.png 1024w, https:\/\/lignesauto.fr\/wp-content\/uploads\/2019\/10\/LIGNESGOLFID_00-300x220.png 300w, https:\/\/lignesauto.fr\/wp-content\/uploads\/2019\/10\/LIGNESGOLFID_00-768x563.png 768w, https:\/\/lignesauto.fr\/wp-content\/uploads\/2019\/10\/LIGNESGOLFID_00-370x271.png 370w, https:\/\/lignesauto.fr\/wp-content\/uploads\/2019\/10\/LIGNESGOLFID_00-1040x763.png 1040w, https:\/\/lignesauto.fr\/wp-content\/uploads\/2019\/10\/LIGNESGOLFID_00.png 1417w\" sizes=\"(max-width: 1024px) 100vw, 1024px\" \/><\/figure>\n\n\n\n<p><strong>La berline ID.3 du m\u00eame segment vient d&#8217;\u00eatre introduit. La Golf est-elle toujours n\u00e9cessaire dans ce nouveau contexte  ?<\/strong><br>K.H. &#8220;Je suis s\u00fbr que nous continuerons son histoire \u00e0 succ\u00e8s. Gr\u00e2ce \u00e0 ses moteurs \u00e9conomiques et propres, elle demeurera le premier choix de nombreux clients. La Golf 8 continue \u00e9galement \u00e0 se d\u00e9velopper en termes d&#8217;\u00e9lectrification. Nous proposerons des mod\u00e8les dot\u00e9s de moteurs TSI comme des nouveaux eTSI (hybridation 48 Volts ci-dessous) et \u00e9largirons la gamme E-Hybrid (hybride rechargeable). Nous apportons ainsi une contribution importante sur la voie d&#8217;une mobilit\u00e9 neutre en CO2.<\/p>\n\n\n\n<figure class=\"wp-block-image\"><img loading=\"lazy\" decoding=\"async\" width=\"1024\" height=\"768\" src=\"http:\/\/lignesauto.fr\/wp-content\/uploads\/2019\/10\/hybrdie-48V-1024x768.jpg\" alt=\"\" class=\"wp-image-14280\" srcset=\"https:\/\/lignesauto.fr\/wp-content\/uploads\/2019\/10\/hybrdie-48V-1024x768.jpg 1024w, https:\/\/lignesauto.fr\/wp-content\/uploads\/2019\/10\/hybrdie-48V-300x225.jpg 300w, https:\/\/lignesauto.fr\/wp-content\/uploads\/2019\/10\/hybrdie-48V-768x576.jpg 768w, https:\/\/lignesauto.fr\/wp-content\/uploads\/2019\/10\/hybrdie-48V-370x278.jpg 370w, https:\/\/lignesauto.fr\/wp-content\/uploads\/2019\/10\/hybrdie-48V-1040x780.jpg 1040w\" sizes=\"(max-width: 1024px) 100vw, 1024px\" \/><\/figure>\n\n\n\n<p><strong>Vous \u00eates confiant pour cette nouvelle venue ?<\/strong><br>K.H. &#8220;Oui. Nous avons analys\u00e9 les besoins des clients et \u00e9limin\u00e9 les variantes moins populaires, comme la version 3 portes. Cela nous a permis de r\u00e9duire le nombre de variantes de 35 % par rapport \u00e0 la Golf 7. En m\u00eame temps, nous avons ajout\u00e9 de nouvelles fonctions. Nous avons \u00e9galement augment\u00e9 la productivit\u00e9 : les capacit\u00e9s de Zwickau (Allemagne) et de Puebla (Mexique) seront ajout\u00e9es \u00e0 l&#8217;usine m\u00e8re de Wolfsburg. Cela am\u00e9liorera l&#8217;utilisation de la capacit\u00e9 de production et r\u00e9duira \u00e9galement les co\u00fbts.&#8221;<br><em>NDA : il faut d\u00e9sormais une heure de moins pour produire la nouvelle Golf par rapport \u00e0 la g\u00e9n\u00e9ration 7.<\/em><\/p>\n\n\n\n<figure class=\"wp-block-image\"><img loading=\"lazy\" decoding=\"async\" width=\"1024\" height=\"676\" src=\"http:\/\/lignesauto.fr\/wp-content\/uploads\/2019\/10\/DB2019AL02316_large-1024x676.jpg\" alt=\"\" class=\"wp-image-14301\" srcset=\"https:\/\/lignesauto.fr\/wp-content\/uploads\/2019\/10\/DB2019AL02316_large-1024x676.jpg 1024w, https:\/\/lignesauto.fr\/wp-content\/uploads\/2019\/10\/DB2019AL02316_large-300x198.jpg 300w, https:\/\/lignesauto.fr\/wp-content\/uploads\/2019\/10\/DB2019AL02316_large-768x507.jpg 768w, https:\/\/lignesauto.fr\/wp-content\/uploads\/2019\/10\/DB2019AL02316_large-370x244.jpg 370w, https:\/\/lignesauto.fr\/wp-content\/uploads\/2019\/10\/DB2019AL02316_large-1040x687.jpg 1040w, https:\/\/lignesauto.fr\/wp-content\/uploads\/2019\/10\/DB2019AL02316_large.jpg 1417w\" sizes=\"(max-width: 1024px) 100vw, 1024px\" \/><\/figure>\n\n\n\n<p><strong>Comment se d\u00e9roulent les pr\u00e9paratifs du lancement sur le march\u00e9 ?<br><\/strong>K.H. &#8220;On est dans les temps. La Golf 8 sera lanc\u00e9e sur le march\u00e9 allemand \u00e0 la fin de l&#8217;ann\u00e9e. Les clients peuvent d\u00e9j\u00e0 configurer leur v\u00e9hicule. Les mod\u00e8les sportifs GT et R suivront l&#8217;ann\u00e9e prochaine.<\/p>\n\n\n\n<figure class=\"wp-block-image\"><img loading=\"lazy\" decoding=\"async\" width=\"1024\" height=\"683\" src=\"http:\/\/lignesauto.fr\/wp-content\/uploads\/2019\/10\/DB2019AL02315_large-1024x683.jpg\" alt=\"\" class=\"wp-image-14302\" srcset=\"https:\/\/lignesauto.fr\/wp-content\/uploads\/2019\/10\/DB2019AL02315_large-1024x683.jpg 1024w, https:\/\/lignesauto.fr\/wp-content\/uploads\/2019\/10\/DB2019AL02315_large-300x200.jpg 300w, https:\/\/lignesauto.fr\/wp-content\/uploads\/2019\/10\/DB2019AL02315_large-768x512.jpg 768w, https:\/\/lignesauto.fr\/wp-content\/uploads\/2019\/10\/DB2019AL02315_large-370x247.jpg 370w, https:\/\/lignesauto.fr\/wp-content\/uploads\/2019\/10\/DB2019AL02315_large-1040x694.jpg 1040w, https:\/\/lignesauto.fr\/wp-content\/uploads\/2019\/10\/DB2019AL02315_large.jpg 1417w\" sizes=\"(max-width: 1024px) 100vw, 1024px\" \/><\/figure>\n\n\n\n<h2 class=\"wp-block-heading\">LA GOLF 8 FACE A LA NOUVELLE ID.3 : CONFRONTATION DES STYLES<\/h2>\n\n\n\n<figure class=\"wp-block-embed-wordpress wp-block-embed is-type-wp-embed is-provider-lignes-auto\"><div class=\"wp-block-embed__wrapper\">\n<blockquote class=\"wp-embedded-content\" data-secret=\"1STBF4i8aR\"><a href=\"https:\/\/lignesauto.fr\/?p=14171\">Design : VW Golf 8 &#8211; VW ID.3, les m\u00eames, en tr\u00e8s diff\u00e9rent ! NOTRE ANALYSE<\/a><\/blockquote><iframe class=\"wp-embedded-content\" sandbox=\"allow-scripts\" security=\"restricted\" style=\"position: absolute; clip: rect(1px, 1px, 1px, 1px);\" title=\"&#8220;Design : VW Golf 8 &#8211; VW ID.3, les m\u00eames, en tr\u00e8s diff\u00e9rent ! NOTRE ANALYSE&#8221; &#8212; LIGNES\/auto\" src=\"https:\/\/lignesauto.fr\/?p=14171&#038;embed=true#?secret=Y1UE0vPdDa#?secret=1STBF4i8aR\" data-secret=\"1STBF4i8aR\" width=\"600\" height=\"338\" frameborder=\"0\" marginwidth=\"0\" marginheight=\"0\" scrolling=\"no\"><\/iframe>\n<\/div><\/figure>\n\n\n\n<figure class=\"wp-block-image is-resized\"><img loading=\"lazy\" decoding=\"async\" src=\"http:\/\/lignesauto.fr\/wp-content\/uploads\/2019\/09\/LOGOActus_BD-1024x367.jpg\" alt=\"L\u2019attribut alt de cette image est vide, son nom de fichier est LOGOActus_BD-1024x367.jpg.\" width=\"363\" height=\"129\"\/><\/figure>\n","protected":false},"excerpt":{"rendered":"<p>Karlheinz Hell, responsable du d\u00e9veloppement des VW compactes (Golf ou Tiguan entre autre) r\u00e9pond pour la communication du groupe \u00e0 5 questions cl\u00e9s sur l&#8217;arriv\u00e9e de la nouvelle Golf, huiti\u00e8me \u00e9pisode d&#8217;une saga d\u00e9but\u00e9e en 1974&#8230; La Golf 8 f\u00eate sa premi\u00e8re mondiale. Qu&#8217;est-ce qui la rend si sp\u00e9ciale ?Karlheinz [&hellip;]<\/p>\n","protected":false},"author":1,"featured_media":14304,"comment_status":"open","ping_status":"open","sticky":false,"template":"","format":"standard","meta":{"footnotes":""},"categories":[1],"tags":[],"_links":{"self":[{"href":"https:\/\/lignesauto.fr\/index.php?rest_route=\/wp\/v2\/posts\/14293"}],"collection":[{"href":"https:\/\/lignesauto.fr\/index.php?rest_route=\/wp\/v2\/posts"}],"about":[{"href":"https:\/\/lignesauto.fr\/index.php?rest_route=\/wp\/v2\/types\/post"}],"author":[{"embeddable":true,"href":"https:\/\/lignesauto.fr\/index.php?rest_route=\/wp\/v2\/users\/1"}],"replies":[{"embeddable":true,"href":"https:\/\/lignesauto.fr\/index.php?rest_route=%2Fwp%2Fv2%2Fcomments&post=14293"}],"version-history":[{"count":18,"href":"https:\/\/lignesauto.fr\/index.php?rest_route=\/wp\/v2\/posts\/14293\/revisions"}],"predecessor-version":[{"id":14325,"href":"https:\/\/lignesauto.fr\/index.php?rest_route=\/wp\/v2\/posts\/14293\/revisions\/14325"}],"wp:featuredmedia":[{"embeddable":true,"href":"https:\/\/lignesauto.fr\/index.php?rest_route=\/wp\/v2\/media\/14304"}],"wp:attachment":[{"href":"https:\/\/lignesauto.fr\/index.php?rest_route=%2Fwp%2Fv2%2Fmedia&parent=14293"}],"wp:term":[{"taxonomy":"category","embeddable":true,"href":"https:\/\/lignesauto.fr\/index.php?rest_route=%2Fwp%2Fv2%2Fcategories&post=14293"},{"taxonomy":"post_tag","embeddable":true,"href":"https:\/\/lignesauto.fr\/index.php?rest_route=%2Fwp%2Fv2%2Ftags&post=14293"}],"curies":[{"name":"wp","href":"https:\/\/api.w.org\/{rel}","templated":true}]}}