{"id":14329,"date":"2019-10-30T08:21:55","date_gmt":"2019-10-30T07:21:55","guid":{"rendered":"http:\/\/lignesauto.fr\/?p=14329"},"modified":"2019-10-30T08:41:28","modified_gmt":"2019-10-30T07:41:28","slug":"fusion-fiat-psa-maserati-de-retour-aux-cotes-de-citroen","status":"publish","type":"post","link":"https:\/\/lignesauto.fr\/?p=14329","title":{"rendered":"Fusion Fiat-PSA : Maserati de retour aux c\u00f4t\u00e9s de Citro\u00ebn ?"},"content":{"rendered":"\n<p><em>&#8220;Suite aux r\u00e9centes informations presse sur le possible rapprochement de Groupe PSA et FCA Group, Groupe PSA confirme que des discussions sont en cours en vue de cr\u00e9er l&#8217;un des principaux groupes automobiles mondiaux.&#8221;<\/em> Ainsi, FCA (Fiat Chrysler Automobiles) entrerait en discussion avec le groupe fran\u00e7ais PSA (Peugeot Citro\u00ebn DS Opel et Vauxhall). Si d&#8217;aventure l&#8217;op\u00e9ration aboutissait, ce serait le retour de la marque Maserati qui, en 1968, rejoignait (d\u00e9j\u00e0) Citro\u00ebn&#8230;<\/p>\n\n\n\n<figure class=\"wp-block-image is-resized\"><img loading=\"lazy\" decoding=\"async\" src=\"http:\/\/lignesauto.fr\/wp-content\/uploads\/2019\/09\/LOGOActus_BD-1024x367.jpg\" alt=\"\" class=\"wp-image-13139\" width=\"324\" height=\"115\" srcset=\"https:\/\/lignesauto.fr\/wp-content\/uploads\/2019\/09\/LOGOActus_BD-1024x367.jpg 1024w, https:\/\/lignesauto.fr\/wp-content\/uploads\/2019\/09\/LOGOActus_BD-768x276.jpg 768w, https:\/\/lignesauto.fr\/wp-content\/uploads\/2019\/09\/LOGOActus_BD-370x133.jpg 370w, https:\/\/lignesauto.fr\/wp-content\/uploads\/2019\/09\/LOGOActus_BD-1040x373.jpg 1040w, https:\/\/lignesauto.fr\/wp-content\/uploads\/2019\/09\/LOGOActus_BD.jpg 1240w\" sizes=\"(max-width: 324px) 100vw, 324px\" \/><\/figure>\n\n\n\n<figure class=\"wp-block-image\"><img loading=\"lazy\" decoding=\"async\" width=\"948\" height=\"1024\" src=\"http:\/\/lignesauto.fr\/wp-content\/uploads\/2019\/10\/LIGNESA-948x1024.png\" alt=\"\" class=\"wp-image-14342\" srcset=\"https:\/\/lignesauto.fr\/wp-content\/uploads\/2019\/10\/LIGNESA-948x1024.png 948w, https:\/\/lignesauto.fr\/wp-content\/uploads\/2019\/10\/LIGNESA-278x300.png 278w, https:\/\/lignesauto.fr\/wp-content\/uploads\/2019\/10\/LIGNESA-768x830.png 768w, https:\/\/lignesauto.fr\/wp-content\/uploads\/2019\/10\/LIGNESA-370x400.png 370w, https:\/\/lignesauto.fr\/wp-content\/uploads\/2019\/10\/LIGNESA-1040x1124.png 1040w, https:\/\/lignesauto.fr\/wp-content\/uploads\/2019\/10\/LIGNESA.png 1417w\" sizes=\"(max-width: 948px) 100vw, 948px\" \/><\/figure>\n\n\n\n<p>Fiat et PSA mari\u00e9s ? Ce n&#8217;est pas la premi\u00e8re fois que le g\u00e9ant italien s&#8217;int\u00e9resse aux constructeurs automobiles fran\u00e7ais. Voici cinq mois, c&#8217;\u00e9tait \u00e0 l&#8217;Alliance Renault-Nissan qu&#8217;il visait. Aujourd&#8217;hui, c&#8217;est au tour du Groupe PSA qui g\u00e8re les marques Peugeot, DS, Opel, Vauxhall et&#8230; Citro\u00ebn. Ce serait l&#8217;occasion de voir revenir dans le giron fran\u00e7ais la prestigieuse marque Maserati !<\/p>\n\n\n\n<figure class=\"wp-block-image\"><img loading=\"lazy\" decoding=\"async\" width=\"1024\" height=\"849\" src=\"http:\/\/lignesauto.fr\/wp-content\/uploads\/2019\/10\/LIGNESPSAFIAT_02-1024x849.jpg\" alt=\"\" class=\"wp-image-14334\" srcset=\"https:\/\/lignesauto.fr\/wp-content\/uploads\/2019\/10\/LIGNESPSAFIAT_02-1024x849.jpg 1024w, https:\/\/lignesauto.fr\/wp-content\/uploads\/2019\/10\/LIGNESPSAFIAT_02-300x249.jpg 300w, https:\/\/lignesauto.fr\/wp-content\/uploads\/2019\/10\/LIGNESPSAFIAT_02-768x637.jpg 768w, https:\/\/lignesauto.fr\/wp-content\/uploads\/2019\/10\/LIGNESPSAFIAT_02-370x307.jpg 370w, https:\/\/lignesauto.fr\/wp-content\/uploads\/2019\/10\/LIGNESPSAFIAT_02-1040x862.jpg 1040w, https:\/\/lignesauto.fr\/wp-content\/uploads\/2019\/10\/LIGNESPSAFIAT_02.jpg 1417w\" sizes=\"(max-width: 1024px) 100vw, 1024px\" \/><figcaption>Une Citro\u00ebn SM con\u00e7ue, aussi, pour les Etats-Unis : et si demain Maserati aidait au retour de PSA sur le continent nord am\u00e9ricain ?<\/figcaption><\/figure>\n\n\n\n<p>Pas question de jouer ici les Cassandres vis-\u00e0-vis de ce qui est en train de se nouer (peut-\u00eatre) entre PSA et Fiat, il s&#8217;agit simplement de rappeler un pan de l&#8217;histoire automobile fran\u00e7aise. En 1968, Fiat entrouvre la porte de Citro\u00ebn, avant de vouloir en prendre les r\u00eanes en 1973&#8230;<\/p>\n\n\n\n<figure class=\"wp-block-image\"><img loading=\"lazy\" decoding=\"async\" width=\"1024\" height=\"707\" src=\"http:\/\/lignesauto.fr\/wp-content\/uploads\/2019\/04\/LIGNESBERCOT01-1024x707.png\" alt=\"\" class=\"wp-image-9298\" srcset=\"https:\/\/lignesauto.fr\/wp-content\/uploads\/2019\/04\/LIGNESBERCOT01-1024x707.png 1024w, https:\/\/lignesauto.fr\/wp-content\/uploads\/2019\/04\/LIGNESBERCOT01-300x207.png 300w, https:\/\/lignesauto.fr\/wp-content\/uploads\/2019\/04\/LIGNESBERCOT01-768x531.png 768w, https:\/\/lignesauto.fr\/wp-content\/uploads\/2019\/04\/LIGNESBERCOT01-370x256.png 370w, https:\/\/lignesauto.fr\/wp-content\/uploads\/2019\/04\/LIGNESBERCOT01-1040x719.png 1040w, https:\/\/lignesauto.fr\/wp-content\/uploads\/2019\/04\/LIGNESBERCOT01.png 1417w\" sizes=\"(max-width: 1024px) 100vw, 1024px\" \/><figcaption><em>Pierre Bercot, alors pr\u00e9sident de Citro\u00ebn<\/em><\/figcaption><\/figure>\n\n\n\n<p>Pour Citro\u00ebn, l\u2019ann\u00e9e 1968 est celle de la restructuration de la soci\u00e9t\u00e9. Celle que l\u2019on connait jusqu\u2019alors sous le nom de Soci\u00e9t\u00e9 Anonyme Andr\u00e9 Citro\u00ebn devient Citro\u00ebn S.A. et englobe les automobiles Citro\u00ebn, ainsi que Berliet et Panhard.&nbsp;Pierre Bercot, patron de l\u2019\u00e9poque, veut rapprocher la structuration de son entreprise de celle de Peugeot.<\/p>\n\n\n\n<p><em>\u00ab&nbsp;D\u00e8s les premiers jours de 1968&nbsp;\u00bb&nbsp;<\/em>\u00e9crit Lucien Robin dans ses m\u00e9moires (Lucien Robin est un ing\u00e9nieur qui a pass\u00e9 pr\u00e8s de quarante ans de sa vie chez Citro\u00ebn, de 1937 \u00e0 1974)&nbsp;<em>\u00ab&nbsp;Pierre Bercot convoqua Jalady et lui demanda s\u2019il se sentait capable de r\u00e9aliser une restructuration des Soci\u00e9t\u00e9s Citro\u00ebn sur le mod\u00e8le de Peugeot avant le 1<sup>e&nbsp;<\/sup>juin. La chose \u00e9tait possible, mais il ne fallait pas perdre de temps. Pierre Bercot donna le feu vert et associa \u00e0 l\u2019op\u00e9ration monsieur Geoffroy, un sp\u00e9cialiste de finance et de fiscalit\u00e9.&nbsp;\u00bb<\/em><\/p>\n\n\n\n<figure class=\"wp-block-image\"><img loading=\"lazy\" decoding=\"async\" width=\"627\" height=\"743\" src=\"http:\/\/lignesauto.fr\/wp-content\/uploads\/2019\/04\/SARRE-LIGNESAUTO01.jpg\" alt=\"\" class=\"wp-image-9295\" srcset=\"https:\/\/lignesauto.fr\/wp-content\/uploads\/2019\/04\/SARRE-LIGNESAUTO01.jpg 627w, https:\/\/lignesauto.fr\/wp-content\/uploads\/2019\/04\/SARRE-LIGNESAUTO01-253x300.jpg 253w, https:\/\/lignesauto.fr\/wp-content\/uploads\/2019\/04\/SARRE-LIGNESAUTO01-370x438.jpg 370w\" sizes=\"(max-width: 627px) 100vw, 627px\" \/><figcaption><em>Claude-Alain Sarre<\/em><\/figcaption><\/figure>\n\n\n\n<p>Pour ne pas cr\u00e9er des soci\u00e9t\u00e9s nouvelles, on d\u00e9pouilla donc la soci\u00e9t\u00e9 anonyme Andr\u00e9 Citro\u00ebn.&nbsp;<em>\u00ab&nbsp;D\u2019une part, on lui enleva ses usines et son fonds industriel au profit d\u2019une soci\u00e9t\u00e9 du groupe, la SPA. D\u2019autre part, on lui soutira ses filiales commercialises et succursales de vente directe, au profit d\u2019une autre soci\u00e9t\u00e9 du groupe&nbsp;: l\u2019Etoile du Nord.&nbsp;\u00bb<\/em><\/p>\n\n\n\n<figure class=\"wp-block-image\"><img loading=\"lazy\" decoding=\"async\" width=\"800\" height=\"441\" src=\"http:\/\/lignesauto.fr\/wp-content\/uploads\/2019\/04\/LATTAY-SM-LIGNESAUTO01.jpg\" alt=\"\" class=\"wp-image-9293\" srcset=\"https:\/\/lignesauto.fr\/wp-content\/uploads\/2019\/04\/LATTAY-SM-LIGNESAUTO01.jpg 800w, https:\/\/lignesauto.fr\/wp-content\/uploads\/2019\/04\/LATTAY-SM-LIGNESAUTO01-300x165.jpg 300w, https:\/\/lignesauto.fr\/wp-content\/uploads\/2019\/04\/LATTAY-SM-LIGNESAUTO01-768x423.jpg 768w, https:\/\/lignesauto.fr\/wp-content\/uploads\/2019\/04\/LATTAY-SM-LIGNESAUTO01-370x204.jpg 370w\" sizes=\"(max-width: 800px) 100vw, 800px\" \/><figcaption><em>Dessin de Lattay concernant le d\u00e9veloppement d&#8217;un coup\u00e9 sportif chez Citro\u00ebn qui donnera naissance \u00e0 la SM<\/em><\/figcaption><\/figure>\n\n\n\n<p>Ainsi, la Soci\u00e9t\u00e9 Anonyme Andr\u00e9 Citro\u00ebn devint Citro\u00ebn S.A., les usines bascul\u00e8rent dans la soci\u00e9t\u00e9 Anonyme des Automobiles Citro\u00ebn et l\u2019Etoile du Nord devint la Soci\u00e9t\u00e9 Commerciale Citro\u00ebn. <em>\u00ab&nbsp;Pour Citro\u00ebn, ce fut l\u2019occasion de mettre en place un \u00e9tat-major d\u2019hommes jeunes, ce qui constitua une \u00e9norme r\u00e9volution.&nbsp;\u00bb&nbsp;<\/em>De nouveaux administrateurs furent alors mis aux postes de la direction de ces diff\u00e9rentes soci\u00e9t\u00e9 Citro\u00ebn. Pierre Bercot restait \u00e9videmment \u00e0 la t\u00eate de Citro\u00ebn S.A. alors que Citro\u00ebn Automobiles ainsi que la Soci\u00e9t\u00e9 Commerciale Citro\u00ebn \u00e9taient manag\u00e9es par George Depre, Pierre Ingueneau, Fran\u00e7ois Michelin et Claude Alain Sarre. C\u2019est ce dernier qui fut nomm\u00e9 pr\u00e9sident des deux soci\u00e9t\u00e9s avec \u00e0 ses c\u00f4t\u00e9s Messiers, Ravenel et Fleury.<\/p>\n\n\n\n<p>Tout \u00e9tait en place pour redynamiser l\u2019entreprise dans une p\u00e9riode de crise. Une crise qui n\u2019emp\u00eache pas Pierre Bercot de voir toujours plus loin. <strong>C\u2019est d\u2019abord la signature d\u2019un accord avec Maserati.<\/strong>&nbsp;<\/p>\n\n\n\n<figure class=\"wp-block-image\"><img loading=\"lazy\" decoding=\"async\" width=\"1024\" height=\"809\" src=\"http:\/\/lignesauto.fr\/wp-content\/uploads\/2019\/10\/LIGNESPSAFIAT_01-1024x809.png\" alt=\"\" class=\"wp-image-14336\" srcset=\"https:\/\/lignesauto.fr\/wp-content\/uploads\/2019\/10\/LIGNESPSAFIAT_01-1024x809.png 1024w, https:\/\/lignesauto.fr\/wp-content\/uploads\/2019\/10\/LIGNESPSAFIAT_01-300x237.png 300w, https:\/\/lignesauto.fr\/wp-content\/uploads\/2019\/10\/LIGNESPSAFIAT_01-768x606.png 768w, https:\/\/lignesauto.fr\/wp-content\/uploads\/2019\/10\/LIGNESPSAFIAT_01-370x292.png 370w, https:\/\/lignesauto.fr\/wp-content\/uploads\/2019\/10\/LIGNESPSAFIAT_01-1040x821.png 1040w, https:\/\/lignesauto.fr\/wp-content\/uploads\/2019\/10\/LIGNESPSAFIAT_01.png 1417w\" sizes=\"(max-width: 1024px) 100vw, 1024px\" \/><figcaption>Coupe du moteur V6 Maserati de la Citro\u00ebn SM (1970)<\/figcaption><\/figure>\n\n\n\n<p><em>\u00ab&nbsp;Depuis 1968&nbsp;\u00bb <\/em>se souvient Lucien Robin,&nbsp;<em>\u00ab&nbsp;Citro\u00ebn rendait public un accord avec Maserati, le constructeur italien de Mod\u00e8ne, et cette fois annon\u00e7ait en m\u00eame temps la probabilit\u00e9 d\u2019une prise prochaine de participation. Cela confirmait officiellement l\u2019intention de lancer un mod\u00e8le de haut de gamme Citro\u00ebn \u00e9quip\u00e9 d\u2019un moteur fabriqu\u00e9 par Maserati.&nbsp;\u00bb&nbsp;<\/em>Apr\u00e8s Panhard et Berliet, Maserati venait se joindre \u00e0 Citro\u00ebn.<\/p>\n\n\n\n<figure class=\"wp-block-image\"><img loading=\"lazy\" decoding=\"async\" width=\"1024\" height=\"793\" src=\"http:\/\/lignesauto.fr\/wp-content\/uploads\/2019\/10\/LIGNESPSAFIAT_03-1024x793.jpg\" alt=\"\" class=\"wp-image-14335\" srcset=\"https:\/\/lignesauto.fr\/wp-content\/uploads\/2019\/10\/LIGNESPSAFIAT_03-1024x793.jpg 1024w, https:\/\/lignesauto.fr\/wp-content\/uploads\/2019\/10\/LIGNESPSAFIAT_03-300x232.jpg 300w, https:\/\/lignesauto.fr\/wp-content\/uploads\/2019\/10\/LIGNESPSAFIAT_03-768x595.jpg 768w, https:\/\/lignesauto.fr\/wp-content\/uploads\/2019\/10\/LIGNESPSAFIAT_03-370x287.jpg 370w, https:\/\/lignesauto.fr\/wp-content\/uploads\/2019\/10\/LIGNESPSAFIAT_03-1040x806.jpg 1040w, https:\/\/lignesauto.fr\/wp-content\/uploads\/2019\/10\/LIGNESPSAFIAT_03.jpg 1417w\" sizes=\"(max-width: 1024px) 100vw, 1024px\" \/><figcaption><em>L&#8217;accord avec Maserati donna naissance au V6 du coup\u00e9 GT Citro\u00ebn SM en 1970. Rappelons que Maserati fait partie du groupe FCA qui serait en discussion avec PSA !<\/em><\/figcaption><\/figure>\n\n\n\n<p>Mais ce n\u2019est pas tout, peu. Apr\u00e8s <strong>ce fut l\u2019annonce de l\u2019alliance avec Fiat<\/strong>, alors que Pierre Bercot avait d\u00e9montr\u00e9 que ce n\u2019\u00e9tait pas jouable&nbsp;!&nbsp;<em>\u00ab&nbsp;C\u2019\u00e9tait assez dans la mani\u00e8re de Bercot d\u2019exposer brillamment toutes les impossibilit\u00e9s de faire quelque chose et finalement&#8230; de le faire&nbsp;!&nbsp;\u00bb&nbsp;<\/em>\u00e9crit Robin.&nbsp;<em>\u00ab&nbsp;Toutes les autres alliances, y compris celle avec Peugeot qui prit fin en 1966 avaient \u00e9t\u00e9 accueillies par le personnel avec s\u00e9r\u00e9nit\u00e9 et m\u00eame une certaine fiert\u00e9. Le sentiment dominant cette fois-ci \u00e9tait l\u2019inqui\u00e9tude, car le partenaire \u00e9tait beaucoup plus puissant que nous. Les Agnelli, qui parlaient beaucoup n\u2019avaient jamais tenu Citro\u00ebn en grand estime. On avait m\u00eame \u00e9t\u00e9 mis par l\u2019un d\u2019eux sur la liste des constructeurs qui devaient disparaitre et cela \u00e0 une \u00e9poque o\u00f9 notre r\u00e9ussite \u00e9tait incontestable.&nbsp;\u00bb<\/em><\/p>\n\n\n\n<figure class=\"wp-block-image\"><img loading=\"lazy\" decoding=\"async\" width=\"718\" height=\"479\" src=\"http:\/\/lignesauto.fr\/wp-content\/uploads\/2019\/04\/LIGNE.AGNELLI.01.jpg\" alt=\"\" class=\"wp-image-9297\" srcset=\"https:\/\/lignesauto.fr\/wp-content\/uploads\/2019\/04\/LIGNE.AGNELLI.01.jpg 718w, https:\/\/lignesauto.fr\/wp-content\/uploads\/2019\/04\/LIGNE.AGNELLI.01-300x200.jpg 300w, https:\/\/lignesauto.fr\/wp-content\/uploads\/2019\/04\/LIGNE.AGNELLI.01-370x247.jpg 370w\" sizes=\"(max-width: 718px) 100vw, 718px\" \/><figcaption><em>Agnelli abandonna finalement l&#8217;id\u00e9e de reprendre Citro\u00ebn en 1973.<\/em><\/figcaption><\/figure>\n\n\n\n<p>Pour autant, c\u2019est bien avec Fiat que d\u00e9bute le projet d\u2019une petite voiture urbaine et les pr\u00e9mices des v\u00e9hicules utilitaires communs. L\u2019affaire durera jusqu\u2019en 1973, lorsque les Agnelli voulurent prendre la main sur Citro\u00ebn et que le gouvernement stoppa les discussions. Ce qui n\u2019emp\u00eacha pas Citro\u00ebn de faire faillite et, de voir m\u00eame gouvernement pousser Peugeot \u00e0 racheter la soci\u00e9t\u00e9 n\u00e9e en 1919. Ce fut le d\u00e9but d\u2019une tout autre histoire avec la formation du groupe PSA en 1976.<\/p>\n\n\n\n<figure class=\"wp-block-image\"><img loading=\"lazy\" decoding=\"async\" width=\"1024\" height=\"538\" src=\"http:\/\/lignesauto.fr\/wp-content\/uploads\/2019\/10\/Capture-d\u2019\u00e9cran-2019-10-30-\u00e0-07.58.03-1024x538.png\" alt=\"\" class=\"wp-image-14338\" srcset=\"https:\/\/lignesauto.fr\/wp-content\/uploads\/2019\/10\/Capture-d\u2019\u00e9cran-2019-10-30-\u00e0-07.58.03-1024x538.png 1024w, https:\/\/lignesauto.fr\/wp-content\/uploads\/2019\/10\/Capture-d\u2019\u00e9cran-2019-10-30-\u00e0-07.58.03-300x158.png 300w, https:\/\/lignesauto.fr\/wp-content\/uploads\/2019\/10\/Capture-d\u2019\u00e9cran-2019-10-30-\u00e0-07.58.03-768x404.png 768w, https:\/\/lignesauto.fr\/wp-content\/uploads\/2019\/10\/Capture-d\u2019\u00e9cran-2019-10-30-\u00e0-07.58.03-370x195.png 370w, https:\/\/lignesauto.fr\/wp-content\/uploads\/2019\/10\/Capture-d\u2019\u00e9cran-2019-10-30-\u00e0-07.58.03-1040x547.png 1040w, https:\/\/lignesauto.fr\/wp-content\/uploads\/2019\/10\/Capture-d\u2019\u00e9cran-2019-10-30-\u00e0-07.58.03.png 1417w\" sizes=\"(max-width: 1024px) 100vw, 1024px\" \/><figcaption> A l&#8217;heure o\u00f9 le groupe PSA s&#8217;interroge sur l&#8217;avenir de la &#8220;petite&#8221; voiture, la fusion avec Fiat apporterait dans le trousseau des mari\u00e9s le projet Centoventi d\u00e9j\u00e0 configurable sur le site Fiat!<\/figcaption><\/figure>\n\n\n\n<p>Evidemment, le contexte actuel n&#8217;est plus du tout le m\u00eame : Fiat cherche une belle mari\u00e9e et PSA (groupe \u00e0 l&#8217;origine exclusivement familial comme&#8230; Fiat &#8211; familles Agnelli et Peugeot-) en est une. PSA gagnerait \u00e0 d\u00e9velopper les technologies de demain accompagn\u00e9 du g\u00e9ant FCA et surtout, ce dernier est tr\u00e8s pr\u00e9sent aux Etats-Unis, l\u00e0 o\u00f9 PSA ambitionne de revenir. La fusion envisag\u00e9e (et non une Alliance comme Renault-Nissan-Mitsubishi) deviendrait le 4e groupe, automobile mondial.<\/p>\n\n\n\n<h2 class=\"wp-block-heading\"><strong>BONUS : la petite Fiat Centoventi<\/strong><\/h2>\n\n\n\n<figure class=\"wp-block-embed-youtube wp-block-embed is-type-video is-provider-youtube wp-embed-aspect-16-9 wp-has-aspect-ratio\"><div class=\"wp-block-embed__wrapper\">\nhttps:\/\/youtu.be\/2q-N3wCBGbA\n<\/div><\/figure>\n\n\n\n<h2 class=\"wp-block-heading\"><strong>BONUS : la nouvelle 208, l&#8217;h\u00e9riti\u00e8re<\/strong><\/h2>\n\n\n\n<figure class=\"wp-block-embed-youtube wp-block-embed is-type-video is-provider-youtube wp-embed-aspect-16-9 wp-has-aspect-ratio\"><div class=\"wp-block-embed__wrapper\">\nhttps:\/\/www.youtube.com\/watch?v=esZROWUg50c\n<\/div><\/figure>\n\n\n\n<figure class=\"wp-block-image is-resized\"><img loading=\"lazy\" decoding=\"async\" src=\"http:\/\/lignesauto.fr\/wp-content\/uploads\/2019\/09\/LOGOActus_BD-1024x367.jpg\" alt=\"L\u2019attribut alt de cette image est vide, son nom de fichier est LOGOActus_BD-1024x367.jpg.\" width=\"370\" height=\"132\"\/><\/figure>\n","protected":false},"excerpt":{"rendered":"<p>&#8220;Suite aux r\u00e9centes informations presse sur le possible rapprochement de Groupe PSA et FCA Group, Groupe PSA confirme que des discussions sont en cours en vue de cr\u00e9er l&#8217;un des principaux groupes automobiles mondiaux.&#8221; Ainsi, FCA (Fiat Chrysler Automobiles) entrerait en discussion avec le groupe fran\u00e7ais PSA (Peugeot Citro\u00ebn DS [&hellip;]<\/p>\n","protected":false},"author":1,"featured_media":14334,"comment_status":"open","ping_status":"open","sticky":false,"template":"","format":"standard","meta":{"footnotes":""},"categories":[1],"tags":[],"_links":{"self":[{"href":"https:\/\/lignesauto.fr\/index.php?rest_route=\/wp\/v2\/posts\/14329"}],"collection":[{"href":"https:\/\/lignesauto.fr\/index.php?rest_route=\/wp\/v2\/posts"}],"about":[{"href":"https:\/\/lignesauto.fr\/index.php?rest_route=\/wp\/v2\/types\/post"}],"author":[{"embeddable":true,"href":"https:\/\/lignesauto.fr\/index.php?rest_route=\/wp\/v2\/users\/1"}],"replies":[{"embeddable":true,"href":"https:\/\/lignesauto.fr\/index.php?rest_route=%2Fwp%2Fv2%2Fcomments&post=14329"}],"version-history":[{"count":16,"href":"https:\/\/lignesauto.fr\/index.php?rest_route=\/wp\/v2\/posts\/14329\/revisions"}],"predecessor-version":[{"id":14471,"href":"https:\/\/lignesauto.fr\/index.php?rest_route=\/wp\/v2\/posts\/14329\/revisions\/14471"}],"wp:featuredmedia":[{"embeddable":true,"href":"https:\/\/lignesauto.fr\/index.php?rest_route=\/wp\/v2\/media\/14334"}],"wp:attachment":[{"href":"https:\/\/lignesauto.fr\/index.php?rest_route=%2Fwp%2Fv2%2Fmedia&parent=14329"}],"wp:term":[{"taxonomy":"category","embeddable":true,"href":"https:\/\/lignesauto.fr\/index.php?rest_route=%2Fwp%2Fv2%2Fcategories&post=14329"},{"taxonomy":"post_tag","embeddable":true,"href":"https:\/\/lignesauto.fr\/index.php?rest_route=%2Fwp%2Fv2%2Ftags&post=14329"}],"curies":[{"name":"wp","href":"https:\/\/api.w.org\/{rel}","templated":true}]}}