{"id":14425,"date":"2019-11-10T09:52:54","date_gmt":"2019-11-10T08:52:54","guid":{"rendered":"http:\/\/lignesauto.fr\/?p=14425"},"modified":"2019-11-10T09:53:26","modified_gmt":"2019-11-10T08:53:26","slug":"2020-la-sm-a-50-ans-quand-jean-giret-evoquait-son-oeuvre","status":"publish","type":"post","link":"https:\/\/lignesauto.fr\/?p=14425","title":{"rendered":"2020 : la SM a 50 ans &#8211; Quand Jean Giret \u00e9voquait son \u0153uvre"},"content":{"rendered":"\n<p>Pour les 30 ans de la SM, en 2000, j&#8217;avais eu l&#8217;immense bonheur d&#8217;\u00e9voquer la SM avec son sculpteur, Jean Giret (ci-dessous). Bras droit de Robert Opron, il se souvenait alors de ce travail qui l&#8217;a marqu\u00e9 \u00e0 tout jamais.<\/p>\n\n\n\n<figure class=\"wp-block-image\"><img decoding=\"async\" src=\"http:\/\/lignesauto.fr\/wp-content\/uploads\/2018\/10\/LOGOArchives_BD-300x108.jpg\" alt=\"L\u2019attribut alt de cette image est vide, son nom de fichier est LOGOArchives_BD-300x108.jpg.\"\/><\/figure>\n\n\n\n<figure class=\"wp-block-image\"><img loading=\"lazy\" decoding=\"async\" width=\"1024\" height=\"793\" src=\"http:\/\/lignesauto.fr\/wp-content\/uploads\/2019\/11\/LIGNESSM_01-1024x793.jpg\" alt=\"\" class=\"wp-image-14428\" srcset=\"https:\/\/lignesauto.fr\/wp-content\/uploads\/2019\/11\/LIGNESSM_01-1024x793.jpg 1024w, https:\/\/lignesauto.fr\/wp-content\/uploads\/2019\/11\/LIGNESSM_01-300x232.jpg 300w, https:\/\/lignesauto.fr\/wp-content\/uploads\/2019\/11\/LIGNESSM_01-768x595.jpg 768w, https:\/\/lignesauto.fr\/wp-content\/uploads\/2019\/11\/LIGNESSM_01-370x287.jpg 370w, https:\/\/lignesauto.fr\/wp-content\/uploads\/2019\/11\/LIGNESSM_01-1040x806.jpg 1040w, https:\/\/lignesauto.fr\/wp-content\/uploads\/2019\/11\/LIGNESSM_01.jpg 1417w\" sizes=\"(max-width: 1024px) 100vw, 1024px\" \/><\/figure>\n\n\n\n<p>Il y a (presque) 50 ans, Citro\u00ebn \u00e9voquait son nouveau coup\u00e9 SM avec ces mots&nbsp;: \u00ab&nbsp;<em>on peut dire que le mod\u00e8le SM marque, \u00e0 la fois par rapport \u00e0 la DS, et par rapport aux autres mod\u00e8les de voitures de grand tourisme, une diff\u00e9rence \u00e0 peu pr\u00e8s semblable \u00e0 celle qui existe en a\u00e9ronautique entre la Caravelle et le Concorde.<\/em>&nbsp;\u00bb Le constructeur ne s\u2019est malheureusement pas tromp\u00e9, la SM et le Concorde, deux bastions de l\u2019intelligence fran\u00e7aise, ne connurent pas la gloire \u00e0 laquelle ils pouvaient l\u00e9gitimement aspirer. 12&nbsp;920 exemplaires seulement de SM furent produits de 1970 \u00e0 1975.<\/p>\n\n\n\n<figure class=\"wp-block-image\"><img loading=\"lazy\" decoding=\"async\" width=\"1024\" height=\"791\" src=\"http:\/\/lignesauto.fr\/wp-content\/uploads\/2019\/11\/LIGNES101-1024x791.png\" alt=\"\" class=\"wp-image-14450\" srcset=\"https:\/\/lignesauto.fr\/wp-content\/uploads\/2019\/11\/LIGNES101-1024x791.png 1024w, https:\/\/lignesauto.fr\/wp-content\/uploads\/2019\/11\/LIGNES101-300x232.png 300w, https:\/\/lignesauto.fr\/wp-content\/uploads\/2019\/11\/LIGNES101-768x593.png 768w, https:\/\/lignesauto.fr\/wp-content\/uploads\/2019\/11\/LIGNES101-370x286.png 370w, https:\/\/lignesauto.fr\/wp-content\/uploads\/2019\/11\/LIGNES101-1040x804.png 1040w, https:\/\/lignesauto.fr\/wp-content\/uploads\/2019\/11\/LIGNES101.png 1417w\" sizes=\"(max-width: 1024px) 100vw, 1024px\" \/><\/figure>\n\n\n\n<p>Mais qu\u2019importe, cette Citro\u00ebn embl\u00e9matique demeure un jalon fort de l\u2019histoire de la marque. Une SM qui est tomb\u00e9e dans l\u2019escarcelle de la jeune marque DS. Pour son cinquantenaire, Citro\u00ebn et DS ont pourtant affirmer haut et fort qu\u2019il n\u2019y aura pas de concept-car anniversaire, seulement des manifestations avec les clubs (celle du SM Club de France par exemple qui va organiser \u00e0 Chantilly un rassemblement de quatre jours en mai prochain&nbsp;: <a href=\"https:\/\/www.smclubdefrance.org\/calendrier-2019.html\">https:\/\/www.smclubdefrance.org\/calendrier-2019.html<\/a>)<\/p>\n\n\n\n<figure class=\"wp-block-image\"><img loading=\"lazy\" decoding=\"async\" width=\"1024\" height=\"781\" src=\"http:\/\/lignesauto.fr\/wp-content\/uploads\/2019\/11\/LIGNESSM_1000-1024x781.jpg\" alt=\"\" class=\"wp-image-14460\" srcset=\"https:\/\/lignesauto.fr\/wp-content\/uploads\/2019\/11\/LIGNESSM_1000-1024x781.jpg 1024w, https:\/\/lignesauto.fr\/wp-content\/uploads\/2019\/11\/LIGNESSM_1000-300x229.jpg 300w, https:\/\/lignesauto.fr\/wp-content\/uploads\/2019\/11\/LIGNESSM_1000-768x586.jpg 768w, https:\/\/lignesauto.fr\/wp-content\/uploads\/2019\/11\/LIGNESSM_1000-370x282.jpg 370w, https:\/\/lignesauto.fr\/wp-content\/uploads\/2019\/11\/LIGNESSM_1000-1040x793.jpg 1040w, https:\/\/lignesauto.fr\/wp-content\/uploads\/2019\/11\/LIGNESSM_1000.jpg 1417w\" sizes=\"(max-width: 1024px) 100vw, 1024px\" \/><\/figure>\n\n\n\n<p>Rembobinons le film. D\u00e8s le d\u00e9but des ann\u00e9es 1960, le projet d\u2019une DS sportive d\u00e9barque dans les bureaux d\u2019\u00e9tudes de la rue du Th\u00e9\u00e2tre \u00e0 Paris. Robert Opron, patron du style de 1964 \u00e0 1975, se rappelle alors&nbsp;<em>\u00ab&nbsp;que c\u2019\u00e9tait au d\u00e9part un projet qui pr\u00e9voyait la naissance d\u2019une voiture tr\u00e8s muscl\u00e9e, tr\u00e8s sportive. Le programme de recherche s\u2019est vite \u00e9labor\u00e9 et s\u2019est modifi\u00e9 par la suite. Nous avions eu carte blanche, comme savait la donner Pierre Bercot, le patron de l\u2019\u00e9poque.&nbsp;\u00bb<\/em><\/p>\n\n\n\n<figure class=\"wp-block-image\"><img loading=\"lazy\" decoding=\"async\" width=\"1024\" height=\"337\" src=\"http:\/\/lignesauto.fr\/wp-content\/uploads\/2019\/11\/LIGNESSM_1976_02-1024x337.jpg\" alt=\"\" class=\"wp-image-14440\" srcset=\"https:\/\/lignesauto.fr\/wp-content\/uploads\/2019\/11\/LIGNESSM_1976_02-1024x337.jpg 1024w, https:\/\/lignesauto.fr\/wp-content\/uploads\/2019\/11\/LIGNESSM_1976_02-300x99.jpg 300w, https:\/\/lignesauto.fr\/wp-content\/uploads\/2019\/11\/LIGNESSM_1976_02-768x253.jpg 768w, https:\/\/lignesauto.fr\/wp-content\/uploads\/2019\/11\/LIGNESSM_1976_02-370x122.jpg 370w, https:\/\/lignesauto.fr\/wp-content\/uploads\/2019\/11\/LIGNESSM_1976_02-1040x343.jpg 1040w, https:\/\/lignesauto.fr\/wp-content\/uploads\/2019\/11\/LIGNESSM_1976_02.jpg 1417w\" sizes=\"(max-width: 1024px) 100vw, 1024px\" \/><\/figure>\n\n\n\n<p>C\u2019est principalement la prise de participation majoritaire de Maserati en mars 1968 qui fit \u00e9voluer le projet vers le th\u00e8me du grand tourisme plut\u00f4t que vers celui de la Porsche \u00e0 la fran\u00e7aise. Outre son moteur V6 italien, c\u2019est bien s\u00fbr son style qui reste grav\u00e9 dans toutes les m\u00e9moires.<\/p>\n\n\n\n<figure class=\"wp-block-image\"><img loading=\"lazy\" decoding=\"async\" width=\"1024\" height=\"340\" src=\"http:\/\/lignesauto.fr\/wp-content\/uploads\/2019\/11\/LIGNESSM_1967-1024x340.jpg\" alt=\"\" class=\"wp-image-14439\" srcset=\"https:\/\/lignesauto.fr\/wp-content\/uploads\/2019\/11\/LIGNESSM_1967-1024x340.jpg 1024w, https:\/\/lignesauto.fr\/wp-content\/uploads\/2019\/11\/LIGNESSM_1967-300x100.jpg 300w, https:\/\/lignesauto.fr\/wp-content\/uploads\/2019\/11\/LIGNESSM_1967-768x255.jpg 768w, https:\/\/lignesauto.fr\/wp-content\/uploads\/2019\/11\/LIGNESSM_1967-370x123.jpg 370w, https:\/\/lignesauto.fr\/wp-content\/uploads\/2019\/11\/LIGNESSM_1967-1040x345.jpg 1040w, https:\/\/lignesauto.fr\/wp-content\/uploads\/2019\/11\/LIGNESSM_1967.jpg 1417w\" sizes=\"(max-width: 1024px) 100vw, 1024px\" \/><\/figure>\n\n\n\n<p>En 2000, j\u2019ai rencontr\u00e9 Jean Giret (1928-2003) qui fut le bras arm\u00e9 des id\u00e9es de Robert Opron et qui parvenait \u00e0 leur donner un volume extraordinairement travaill\u00e9.<em>\u00ab&nbsp;La SM reste effectivement tr\u00e8s pr\u00e9sente dans mon esprit&nbsp;\u00bb&nbsp;<\/em>me confiait-il cette ann\u00e9e-l\u00e0.&nbsp;<em>\u00ab&nbsp;Et je dirais presque&#8230; physiquement, car j\u2019en ai \u00e9pous\u00e9 chaque centim\u00e8tre carr\u00e9&nbsp;! Il existe encore en moi cette sorte d\u2019empreinte, de marque physique&nbsp;!&#8221; <\/em><\/p>\n\n\n\n<figure class=\"wp-block-image\"><img loading=\"lazy\" decoding=\"async\" width=\"1024\" height=\"617\" src=\"http:\/\/lignesauto.fr\/wp-content\/uploads\/2019\/11\/SMDESIGN-1024x617.jpg\" alt=\"\" class=\"wp-image-14457\" srcset=\"https:\/\/lignesauto.fr\/wp-content\/uploads\/2019\/11\/SMDESIGN-1024x617.jpg 1024w, https:\/\/lignesauto.fr\/wp-content\/uploads\/2019\/11\/SMDESIGN-300x181.jpg 300w, https:\/\/lignesauto.fr\/wp-content\/uploads\/2019\/11\/SMDESIGN-768x463.jpg 768w, https:\/\/lignesauto.fr\/wp-content\/uploads\/2019\/11\/SMDESIGN-370x223.jpg 370w, https:\/\/lignesauto.fr\/wp-content\/uploads\/2019\/11\/SMDESIGN-1040x627.jpg 1040w, https:\/\/lignesauto.fr\/wp-content\/uploads\/2019\/11\/SMDESIGN.jpg 1417w\" sizes=\"(max-width: 1024px) 100vw, 1024px\" \/><\/figure>\n\n\n\n<p>&#8220;<em>Si le projet reste encore intact dans ma m\u00e9moire, c\u2019est \u00e9galement parce qu\u2019il est li\u00e9 \u00e0 des \u00e9v\u00e9nements importants comme mai 1968 en France. Je me souviens tr\u00e8s bien qu\u2019on est venu me chercher pour aller voter au Palais des Sport de la porte de Versailles \u00e0 Paris alors que je terminais juste la maquette, j\u2019en \u00e9tais au pare-chocs arri\u00e8re&nbsp;!&nbsp;\u00bb<\/em><\/p>\n\n\n\n<figure class=\"wp-block-image\"><img loading=\"lazy\" decoding=\"async\" width=\"1024\" height=\"669\" src=\"http:\/\/lignesauto.fr\/wp-content\/uploads\/2019\/11\/SMDESIGN_02-1024x669.jpg\" alt=\"\" class=\"wp-image-14458\" srcset=\"https:\/\/lignesauto.fr\/wp-content\/uploads\/2019\/11\/SMDESIGN_02-1024x669.jpg 1024w, https:\/\/lignesauto.fr\/wp-content\/uploads\/2019\/11\/SMDESIGN_02-300x196.jpg 300w, https:\/\/lignesauto.fr\/wp-content\/uploads\/2019\/11\/SMDESIGN_02-768x502.jpg 768w, https:\/\/lignesauto.fr\/wp-content\/uploads\/2019\/11\/SMDESIGN_02-370x242.jpg 370w, https:\/\/lignesauto.fr\/wp-content\/uploads\/2019\/11\/SMDESIGN_02-1040x680.jpg 1040w, https:\/\/lignesauto.fr\/wp-content\/uploads\/2019\/11\/SMDESIGN_02.jpg 1417w\" sizes=\"(max-width: 1024px) 100vw, 1024px\" \/><\/figure>\n\n\n\n<p><em>\u00ab&nbsp;Je levais l\u2019esth\u00e9tique et je fabriquais la maquette sous les injonctions de Robert Opron, avec lequel j\u2019\u00e9tais en osmose. Il n\u2019y a pratiquement pas eu de dessins de la SM d\u00e9finitive avant son&nbsp;maquettage. Cette philosophie d\u2019entreprise a disparu (en 2000 NDA) et on a du mal \u00e0 la comprendre aujourd\u2019hui. A cette \u00e9poque nous \u00e9tions comme des architectes qui travaillaient sur le tas. Nous ne cherchions pas \u00e0 faire du style, vous visualisez la nuance&nbsp;?&nbsp; Lorsque j\u2019ai le bonheur de croiser une SM sur la route, je revois pour l\u2019essentiel cet \u00e9quilibre g\u00e9n\u00e9ral parfait, avec ce long capot. La SM \u00e9tait la premi\u00e8re \u00e0 oser des formes \u00e0 la fois sinueuses et tendues d\u2019une grande harmonie.&nbsp;\u00bb<\/em><\/p>\n\n\n\n<figure class=\"wp-block-image\"><img loading=\"lazy\" decoding=\"async\" width=\"1024\" height=\"781\" src=\"http:\/\/lignesauto.fr\/wp-content\/uploads\/2019\/11\/LIGNESSM_1002-1024x781.jpg\" alt=\"\" class=\"wp-image-14461\" srcset=\"https:\/\/lignesauto.fr\/wp-content\/uploads\/2019\/11\/LIGNESSM_1002-1024x781.jpg 1024w, https:\/\/lignesauto.fr\/wp-content\/uploads\/2019\/11\/LIGNESSM_1002-300x229.jpg 300w, https:\/\/lignesauto.fr\/wp-content\/uploads\/2019\/11\/LIGNESSM_1002-768x586.jpg 768w, https:\/\/lignesauto.fr\/wp-content\/uploads\/2019\/11\/LIGNESSM_1002-370x282.jpg 370w, https:\/\/lignesauto.fr\/wp-content\/uploads\/2019\/11\/LIGNESSM_1002-1040x793.jpg 1040w, https:\/\/lignesauto.fr\/wp-content\/uploads\/2019\/11\/LIGNESSM_1002.jpg 1417w\" sizes=\"(max-width: 1024px) 100vw, 1024px\" \/><\/figure>\n\n\n\n<p>Il me revient alors ces mots transcrits lors de l\u2019interview de Jean Giret, voici 20 ans&nbsp;: <em>\u00ab&nbsp;je me dis aujourd\u2019hui que c\u2019est plut\u00f4t bien qu\u2019il n\u2019y ait jamais eu d\u2019\u00e9volution ult\u00e9rieure du projet car nous l\u2019aurions sans doute appauvri. Un d\u00e9veloppement n\u2019est possible que dans la mesure o\u00f9 l\u2019on s\u2019est lourdement tromp\u00e9s, ce qui n\u2019\u00e9tait pas le cas avec la SM&nbsp;\u00bb.&nbsp;<\/em>Tout est dit&nbsp;.<\/p>\n\n\n\n<figure class=\"wp-block-image\"><img loading=\"lazy\" decoding=\"async\" width=\"1024\" height=\"781\" src=\"http:\/\/lignesauto.fr\/wp-content\/uploads\/2019\/11\/LIGNESSM1001-1024x781.jpg\" alt=\"\" class=\"wp-image-14459\" srcset=\"https:\/\/lignesauto.fr\/wp-content\/uploads\/2019\/11\/LIGNESSM1001-1024x781.jpg 1024w, https:\/\/lignesauto.fr\/wp-content\/uploads\/2019\/11\/LIGNESSM1001-300x229.jpg 300w, https:\/\/lignesauto.fr\/wp-content\/uploads\/2019\/11\/LIGNESSM1001-768x586.jpg 768w, https:\/\/lignesauto.fr\/wp-content\/uploads\/2019\/11\/LIGNESSM1001-370x282.jpg 370w, https:\/\/lignesauto.fr\/wp-content\/uploads\/2019\/11\/LIGNESSM1001-1040x793.jpg 1040w, https:\/\/lignesauto.fr\/wp-content\/uploads\/2019\/11\/LIGNESSM1001.jpg 1417w\" sizes=\"(max-width: 1024px) 100vw, 1024px\" \/><\/figure>\n\n\n\n<h2 class=\"wp-block-heading\">LIRE AUSSI :<\/h2>\n\n\n\n<figure class=\"wp-block-embed-wordpress wp-block-embed is-type-wp-embed is-provider-lignes-auto\"><div class=\"wp-block-embed__wrapper\">\n<blockquote class=\"wp-embedded-content\" data-secret=\"OC7nqt5NkI\"><a href=\"https:\/\/lignesauto.fr\/?p=14329\">Fusion Fiat-PSA : Maserati de retour aux c\u00f4t\u00e9s de Citro\u00ebn ?<\/a><\/blockquote><iframe class=\"wp-embedded-content\" sandbox=\"allow-scripts\" security=\"restricted\" style=\"position: absolute; clip: rect(1px, 1px, 1px, 1px);\" title=\"&#8220;Fusion Fiat-PSA : Maserati de retour aux c\u00f4t\u00e9s de Citro\u00ebn ?&#8221; &#8212; LIGNES\/auto\" src=\"https:\/\/lignesauto.fr\/?p=14329&#038;embed=true#?secret=ib7moWIptQ#?secret=OC7nqt5NkI\" data-secret=\"OC7nqt5NkI\" width=\"600\" height=\"338\" frameborder=\"0\" marginwidth=\"0\" marginheight=\"0\" scrolling=\"no\"><\/iframe>\n<\/div><\/figure>\n\n\n\n<figure class=\"wp-block-image\"><img decoding=\"async\" src=\"http:\/\/lignesauto.fr\/wp-content\/uploads\/2018\/10\/LOGOArchives_BD-300x108.jpg\" alt=\"L\u2019attribut alt de cette image est vide, son nom de fichier est LOGOArchives_BD-300x108.jpg.\"\/><\/figure>\n","protected":false},"excerpt":{"rendered":"<p>Pour les 30 ans de la SM, en 2000, j&#8217;avais eu l&#8217;immense bonheur d&#8217;\u00e9voquer la SM avec son sculpteur, Jean Giret (ci-dessous). Bras droit de Robert Opron, il se souvenait alors de ce travail qui l&#8217;a marqu\u00e9 \u00e0 tout jamais. Il y a (presque) 50 ans, Citro\u00ebn \u00e9voquait son nouveau [&hellip;]<\/p>\n","protected":false},"author":1,"featured_media":14448,"comment_status":"open","ping_status":"open","sticky":false,"template":"","format":"standard","meta":{"footnotes":""},"categories":[1],"tags":[],"_links":{"self":[{"href":"https:\/\/lignesauto.fr\/index.php?rest_route=\/wp\/v2\/posts\/14425"}],"collection":[{"href":"https:\/\/lignesauto.fr\/index.php?rest_route=\/wp\/v2\/posts"}],"about":[{"href":"https:\/\/lignesauto.fr\/index.php?rest_route=\/wp\/v2\/types\/post"}],"author":[{"embeddable":true,"href":"https:\/\/lignesauto.fr\/index.php?rest_route=\/wp\/v2\/users\/1"}],"replies":[{"embeddable":true,"href":"https:\/\/lignesauto.fr\/index.php?rest_route=%2Fwp%2Fv2%2Fcomments&post=14425"}],"version-history":[{"count":19,"href":"https:\/\/lignesauto.fr\/index.php?rest_route=\/wp\/v2\/posts\/14425\/revisions"}],"predecessor-version":[{"id":14491,"href":"https:\/\/lignesauto.fr\/index.php?rest_route=\/wp\/v2\/posts\/14425\/revisions\/14491"}],"wp:featuredmedia":[{"embeddable":true,"href":"https:\/\/lignesauto.fr\/index.php?rest_route=\/wp\/v2\/media\/14448"}],"wp:attachment":[{"href":"https:\/\/lignesauto.fr\/index.php?rest_route=%2Fwp%2Fv2%2Fmedia&parent=14425"}],"wp:term":[{"taxonomy":"category","embeddable":true,"href":"https:\/\/lignesauto.fr\/index.php?rest_route=%2Fwp%2Fv2%2Fcategories&post=14425"},{"taxonomy":"post_tag","embeddable":true,"href":"https:\/\/lignesauto.fr\/index.php?rest_route=%2Fwp%2Fv2%2Ftags&post=14425"}],"curies":[{"name":"wp","href":"https:\/\/api.w.org\/{rel}","templated":true}]}}