{"id":14721,"date":"2020-01-09T23:14:40","date_gmt":"2020-01-09T22:14:40","guid":{"rendered":"http:\/\/lignesauto.fr\/?p=14721"},"modified":"2020-01-10T17:46:58","modified_gmt":"2020-01-10T16:46:58","slug":"mercedes-gla-decouvrez-la-video-de-sa-presentation-digitale","status":"publish","type":"post","link":"https:\/\/lignesauto.fr\/?p=14721","title":{"rendered":"Mercedes GLA : d\u00e9couvrez la vid\u00e9o de sa pr\u00e9sentation &#8220;digitale&#8221;"},"content":{"rendered":"\n<figure class=\"wp-block-image is-resized\"><img loading=\"lazy\" decoding=\"async\" src=\"http:\/\/lignesauto.fr\/wp-content\/uploads\/2019\/06\/LOGOActus-1024x367.jpg\" alt=\"L\u2019attribut alt de cette image est vide, son nom de fichier est LOGOActus-1024x367.jpg.\" width=\"439\" height=\"156\"\/><\/figure>\n\n\n\n<figure class=\"wp-block-image\"><img loading=\"lazy\" decoding=\"async\" width=\"1024\" height=\"591\" src=\"http:\/\/lignesauto.fr\/wp-content\/uploads\/2019\/12\/2019-12-05_Image_19C0993-002-1024x591.jpg\" alt=\"\" class=\"wp-image-14729\" srcset=\"https:\/\/lignesauto.fr\/wp-content\/uploads\/2019\/12\/2019-12-05_Image_19C0993-002-1024x591.jpg 1024w, https:\/\/lignesauto.fr\/wp-content\/uploads\/2019\/12\/2019-12-05_Image_19C0993-002-300x173.jpg 300w, https:\/\/lignesauto.fr\/wp-content\/uploads\/2019\/12\/2019-12-05_Image_19C0993-002-768x443.jpg 768w, https:\/\/lignesauto.fr\/wp-content\/uploads\/2019\/12\/2019-12-05_Image_19C0993-002-370x214.jpg 370w, https:\/\/lignesauto.fr\/wp-content\/uploads\/2019\/12\/2019-12-05_Image_19C0993-002-1040x600.jpg 1040w, https:\/\/lignesauto.fr\/wp-content\/uploads\/2019\/12\/2019-12-05_Image_19C0993-002.jpg 1417w\" sizes=\"(max-width: 1024px) 100vw, 1024px\" \/><\/figure>\n\n\n\n<p>Nouvelle Mercedes GLA : d\u00e9couvrez la vid\u00e9o de sa pr\u00e9sentation &#8220;digitale&#8221;, une premi\u00e8re pour ce v\u00e9hicule d&#8217;acc\u00e8s \u00e0 la gamme des SUV Mercedes.<\/p>\n\n\n\n<figure class=\"wp-block-image\"><img loading=\"lazy\" decoding=\"async\" width=\"1024\" height=\"683\" src=\"http:\/\/lignesauto.fr\/wp-content\/uploads\/2019\/12\/2019-11-24_Image_19C0991-004-1024x683.jpg\" alt=\"\" class=\"wp-image-14726\" srcset=\"https:\/\/lignesauto.fr\/wp-content\/uploads\/2019\/12\/2019-11-24_Image_19C0991-004-1024x683.jpg 1024w, https:\/\/lignesauto.fr\/wp-content\/uploads\/2019\/12\/2019-11-24_Image_19C0991-004-300x200.jpg 300w, https:\/\/lignesauto.fr\/wp-content\/uploads\/2019\/12\/2019-11-24_Image_19C0991-004-768x512.jpg 768w, https:\/\/lignesauto.fr\/wp-content\/uploads\/2019\/12\/2019-11-24_Image_19C0991-004-370x247.jpg 370w, https:\/\/lignesauto.fr\/wp-content\/uploads\/2019\/12\/2019-11-24_Image_19C0991-004-1040x694.jpg 1040w, https:\/\/lignesauto.fr\/wp-content\/uploads\/2019\/12\/2019-11-24_Image_19C0991-004.jpg 1417w\" sizes=\"(max-width: 1024px) 100vw, 1024px\" \/><\/figure>\n\n\n\n<h2 class=\"wp-block-heading\">CLIQUEZ SUR LA PHOTO CI-DESSOUS POUR LIRE LA VIDEO DE 15 MINUTES<\/h2>\n\n\n\n<figure class=\"wp-block-image\"><a href=\"https:\/\/vod.media.mercedes-benz.com\/video\/smil:gla-2019-weltpremiere-h8zd.smil\/playlist.m3u8\"><img loading=\"lazy\" decoding=\"async\" width=\"1024\" height=\"561\" src=\"http:\/\/lignesauto.fr\/wp-content\/uploads\/2019\/12\/LIGNESGLA_01-1024x561.png\" alt=\"\" class=\"wp-image-14723\" srcset=\"https:\/\/lignesauto.fr\/wp-content\/uploads\/2019\/12\/LIGNESGLA_01-1024x561.png 1024w, https:\/\/lignesauto.fr\/wp-content\/uploads\/2019\/12\/LIGNESGLA_01-300x164.png 300w, https:\/\/lignesauto.fr\/wp-content\/uploads\/2019\/12\/LIGNESGLA_01-768x421.png 768w, https:\/\/lignesauto.fr\/wp-content\/uploads\/2019\/12\/LIGNESGLA_01-370x203.png 370w, https:\/\/lignesauto.fr\/wp-content\/uploads\/2019\/12\/LIGNESGLA_01-1040x570.png 1040w, https:\/\/lignesauto.fr\/wp-content\/uploads\/2019\/12\/LIGNESGLA_01.png 1417w\" sizes=\"(max-width: 1024px) 100vw, 1024px\" \/><\/a><\/figure>\n\n\n\n<p><a href=\"https:\/\/vod.media.mercedes-benz.com\/video\/smil:gla-2019-weltpremiere-h8zd.smil\/playlist.m3u8\">https:\/\/vod.media.mercedes-benz.com\/video\/smil:gla-2019-weltpremiere-h8zd.smil\/playlist.m3u8<\/a><\/p>\n\n\n\n<figure class=\"wp-block-image\"><img loading=\"lazy\" decoding=\"async\" width=\"1024\" height=\"683\" src=\"http:\/\/lignesauto.fr\/wp-content\/uploads\/2019\/12\/2019-11-24_Image_19C0991-005-1024x683.jpg\" alt=\"\" class=\"wp-image-14727\" srcset=\"https:\/\/lignesauto.fr\/wp-content\/uploads\/2019\/12\/2019-11-24_Image_19C0991-005-1024x683.jpg 1024w, https:\/\/lignesauto.fr\/wp-content\/uploads\/2019\/12\/2019-11-24_Image_19C0991-005-300x200.jpg 300w, https:\/\/lignesauto.fr\/wp-content\/uploads\/2019\/12\/2019-11-24_Image_19C0991-005-768x512.jpg 768w, https:\/\/lignesauto.fr\/wp-content\/uploads\/2019\/12\/2019-11-24_Image_19C0991-005-370x247.jpg 370w, https:\/\/lignesauto.fr\/wp-content\/uploads\/2019\/12\/2019-11-24_Image_19C0991-005-1040x694.jpg 1040w, https:\/\/lignesauto.fr\/wp-content\/uploads\/2019\/12\/2019-11-24_Image_19C0991-005.jpg 1417w\" sizes=\"(max-width: 1024px) 100vw, 1024px\" \/><\/figure>\n\n\n\n<figure class=\"wp-block-image\"><img loading=\"lazy\" decoding=\"async\" width=\"1024\" height=\"683\" src=\"http:\/\/lignesauto.fr\/wp-content\/uploads\/2019\/12\/2019-11-24_Image_19C0991-008-1024x683.jpg\" alt=\"\" class=\"wp-image-14728\" srcset=\"https:\/\/lignesauto.fr\/wp-content\/uploads\/2019\/12\/2019-11-24_Image_19C0991-008-1024x683.jpg 1024w, https:\/\/lignesauto.fr\/wp-content\/uploads\/2019\/12\/2019-11-24_Image_19C0991-008-300x200.jpg 300w, https:\/\/lignesauto.fr\/wp-content\/uploads\/2019\/12\/2019-11-24_Image_19C0991-008-768x512.jpg 768w, https:\/\/lignesauto.fr\/wp-content\/uploads\/2019\/12\/2019-11-24_Image_19C0991-008-370x247.jpg 370w, https:\/\/lignesauto.fr\/wp-content\/uploads\/2019\/12\/2019-11-24_Image_19C0991-008-1040x694.jpg 1040w, https:\/\/lignesauto.fr\/wp-content\/uploads\/2019\/12\/2019-11-24_Image_19C0991-008.jpg 1417w\" sizes=\"(max-width: 1024px) 100vw, 1024px\" \/><\/figure>\n\n\n\n<figure class=\"wp-block-image is-resized\"><img loading=\"lazy\" decoding=\"async\" src=\"http:\/\/lignesauto.fr\/wp-content\/uploads\/2019\/06\/LOGOActus-1024x367.jpg\" alt=\"L\u2019attribut alt de cette image est vide, son nom de fichier est LOGOActus-1024x367.jpg.\" width=\"431\" height=\"153\"\/><\/figure>\n","protected":false},"excerpt":{"rendered":"<p>Nouvelle Mercedes GLA : d\u00e9couvrez la vid\u00e9o de sa pr\u00e9sentation &#8220;digitale&#8221;, une premi\u00e8re pour ce v\u00e9hicule d&#8217;acc\u00e8s \u00e0 la gamme des SUV Mercedes. CLIQUEZ SUR LA PHOTO CI-DESSOUS POUR LIRE LA VIDEO DE 15 MINUTES https:\/\/vod.media.mercedes-benz.com\/video\/smil:gla-2019-weltpremiere-h8zd.smil\/playlist.m3u8<\/p>\n","protected":false},"author":1,"featured_media":14732,"comment_status":"open","ping_status":"open","sticky":false,"template":"","format":"standard","meta":{"footnotes":""},"categories":[1],"tags":[],"_links":{"self":[{"href":"https:\/\/lignesauto.fr\/index.php?rest_route=\/wp\/v2\/posts\/14721"}],"collection":[{"href":"https:\/\/lignesauto.fr\/index.php?rest_route=\/wp\/v2\/posts"}],"about":[{"href":"https:\/\/lignesauto.fr\/index.php?rest_route=\/wp\/v2\/types\/post"}],"author":[{"embeddable":true,"href":"https:\/\/lignesauto.fr\/index.php?rest_route=\/wp\/v2\/users\/1"}],"replies":[{"embeddable":true,"href":"https:\/\/lignesauto.fr\/index.php?rest_route=%2Fwp%2Fv2%2Fcomments&post=14721"}],"version-history":[{"count":6,"href":"https:\/\/lignesauto.fr\/index.php?rest_route=\/wp\/v2\/posts\/14721\/revisions"}],"predecessor-version":[{"id":14733,"href":"https:\/\/lignesauto.fr\/index.php?rest_route=\/wp\/v2\/posts\/14721\/revisions\/14733"}],"wp:featuredmedia":[{"embeddable":true,"href":"https:\/\/lignesauto.fr\/index.php?rest_route=\/wp\/v2\/media\/14732"}],"wp:attachment":[{"href":"https:\/\/lignesauto.fr\/index.php?rest_route=%2Fwp%2Fv2%2Fmedia&parent=14721"}],"wp:term":[{"taxonomy":"category","embeddable":true,"href":"https:\/\/lignesauto.fr\/index.php?rest_route=%2Fwp%2Fv2%2Fcategories&post=14721"},{"taxonomy":"post_tag","embeddable":true,"href":"https:\/\/lignesauto.fr\/index.php?rest_route=%2Fwp%2Fv2%2Ftags&post=14721"}],"curies":[{"name":"wp","href":"https:\/\/api.w.org\/{rel}","templated":true}]}}