{"id":14734,"date":"2019-12-12T15:05:13","date_gmt":"2019-12-12T14:05:13","guid":{"rendered":"http:\/\/lignesauto.fr\/?p=14734"},"modified":"2019-12-12T15:05:13","modified_gmt":"2019-12-12T14:05:13","slug":"nouveau-logo-pininfarina-celebrera-ses-90-ans-en-2020","status":"publish","type":"post","link":"https:\/\/lignesauto.fr\/?p=14734","title":{"rendered":"Nouveau logo : Pininfarina c\u00e9l\u00e8brera ses 90 ans en 2020"},"content":{"rendered":"\n<figure class=\"wp-block-image is-resized\"><img loading=\"lazy\" decoding=\"async\" src=\"http:\/\/lignesauto.fr\/wp-content\/uploads\/2019\/06\/LOGOActus-1024x367.jpg\" alt=\"L\u2019attribut alt de cette image est vide, son nom de fichier est LOGOActus-1024x367.jpg.\" width=\"439\" height=\"156\"\/><\/figure>\n\n\n\n<p>Un nouveau logo pour une ann\u00e9e comm\u00e9morative : Pininfarina pr\u00e9pare activement son 90e anniversaire et explique l&#8217;\u00e9volution douce de son embl\u00e8me. S\u00e9lection suggestive que quelques mod\u00e8les que LIGNES\/auto v\u00e9n\u00e8re !<\/p>\n\n\n\n<figure class=\"wp-block-image\"><img loading=\"lazy\" decoding=\"async\" width=\"835\" height=\"1024\" src=\"http:\/\/lignesauto.fr\/wp-content\/uploads\/2019\/12\/LIGNESPF_09-835x1024.png\" alt=\"\" class=\"wp-image-14739\" srcset=\"https:\/\/lignesauto.fr\/wp-content\/uploads\/2019\/12\/LIGNESPF_09-835x1024.png 835w, https:\/\/lignesauto.fr\/wp-content\/uploads\/2019\/12\/LIGNESPF_09-245x300.png 245w, https:\/\/lignesauto.fr\/wp-content\/uploads\/2019\/12\/LIGNESPF_09-768x941.png 768w, https:\/\/lignesauto.fr\/wp-content\/uploads\/2019\/12\/LIGNESPF_09-370x454.png 370w, https:\/\/lignesauto.fr\/wp-content\/uploads\/2019\/12\/LIGNESPF_09-1040x1275.png 1040w, https:\/\/lignesauto.fr\/wp-content\/uploads\/2019\/12\/LIGNESPF_09.png 1417w\" sizes=\"(max-width: 835px) 100vw, 835px\" \/><figcaption>Le logo Farina \u00e0 la fin des ann\u00e9es 1940.<\/figcaption><\/figure>\n\n\n\n<p>L&#8217;ann\u00e9e 2020 sera sp\u00e9ciale pour Pininfarina. N\u00e9e comme une &#8220;carrozzeria&#8221; artisanale et devenue aujourd&#8217;hui un groupe mondial, \u00ab&nbsp;<em>sorte d\u2019expression ultime du design et de l&#8217;ing\u00e9nierie automobile et r\u00e9alit\u00e9 \u00e9tablie en architecture<\/em>&nbsp;\u00bb comme le pr\u00e9cise la v\u00e9n\u00e9rable maison italienne, Pininfarina f\u00eatera l\u2019an prochain son 90<sup>e<\/sup>anniversaire et pour l\u2019occasion, son logo \u00e9volue pour accompagner les c\u00e9l\u00e9brations qui auront lieu tout au long de l&#8217;ann\u00e9e.<\/p>\n\n\n\n<figure class=\"wp-block-image\"><img loading=\"lazy\" decoding=\"async\" width=\"1024\" height=\"683\" src=\"http:\/\/lignesauto.fr\/wp-content\/uploads\/2019\/12\/LIGNESPF_13-1024x683.jpg\" alt=\"\" class=\"wp-image-14736\" srcset=\"https:\/\/lignesauto.fr\/wp-content\/uploads\/2019\/12\/LIGNESPF_13-1024x683.jpg 1024w, https:\/\/lignesauto.fr\/wp-content\/uploads\/2019\/12\/LIGNESPF_13-300x200.jpg 300w, https:\/\/lignesauto.fr\/wp-content\/uploads\/2019\/12\/LIGNESPF_13-768x512.jpg 768w, https:\/\/lignesauto.fr\/wp-content\/uploads\/2019\/12\/LIGNESPF_13-370x247.jpg 370w, https:\/\/lignesauto.fr\/wp-content\/uploads\/2019\/12\/LIGNESPF_13-1040x694.jpg 1040w, https:\/\/lignesauto.fr\/wp-content\/uploads\/2019\/12\/LIGNESPF_13.jpg 1417w\" sizes=\"(max-width: 1024px) 100vw, 1024px\" \/><\/figure>\n\n\n\n<p>Les signes distinctifs de la marque restent intacts sur ce nouveau logo (ci-dessus) : d&#8217;une part, les armoiries traditionnelles avec le &#8221; f &#8221; surmont\u00e9 de la couronne demeurent. D&#8217;autre part, l&#8217;inscription &#8220;pininfarina&#8221;, n\u00e9e en 1961 lorsque par d\u00e9cret pr\u00e9sidentiel, le surnom du fondateur &#8220;Pinin&#8221; a fusionn\u00e9 avec le nom de famille &#8220;Farina&#8221;, reste harmonieusement inclin\u00e9e. Enfin, un subtil chiffre 90 vient compl\u00e9ter l\u2019ensemble.<\/p>\n\n\n\n<figure class=\"wp-block-image\"><img loading=\"lazy\" decoding=\"async\" width=\"1024\" height=\"688\" src=\"http:\/\/lignesauto.fr\/wp-content\/uploads\/2019\/12\/LIGNESPF_00-1024x688.jpg\" alt=\"\" class=\"wp-image-14737\" srcset=\"https:\/\/lignesauto.fr\/wp-content\/uploads\/2019\/12\/LIGNESPF_00-1024x688.jpg 1024w, https:\/\/lignesauto.fr\/wp-content\/uploads\/2019\/12\/LIGNESPF_00-300x202.jpg 300w, https:\/\/lignesauto.fr\/wp-content\/uploads\/2019\/12\/LIGNESPF_00-768x516.jpg 768w, https:\/\/lignesauto.fr\/wp-content\/uploads\/2019\/12\/LIGNESPF_00-370x249.jpg 370w, https:\/\/lignesauto.fr\/wp-content\/uploads\/2019\/12\/LIGNESPF_00-1040x699.jpg 1040w, https:\/\/lignesauto.fr\/wp-content\/uploads\/2019\/12\/LIGNESPF_00.jpg 1417w\" sizes=\"(max-width: 1024px) 100vw, 1024px\" \/><figcaption>Battista Farina, dit &#8220;Pinin&#8221; Farina, fondateur de Pininfarina.<\/figcaption><\/figure>\n\n\n\n<p>\u00ab&nbsp;<em>Notre logo raconte au monde l&#8217;histoire d&#8217;une famille et d&#8217;une entreprise<\/em>&#8220;, explique Paolo (ci-dessous, au centre), l&#8217;un des membres de la troisi\u00e8me g\u00e9n\u00e9ration des Pininfarina. Ce nouveau logo, con\u00e7u sp\u00e9cialement pour l&#8217;anniversaire, indique aussi la volont\u00e9 affirm\u00e9e de l\u2019entreprise&nbsp;: la ligne sur laquelle repose le chiffre 90, s&#8217;\u00e9l\u00e8ve de bas en haut, comme si elle \u00e9tait orient\u00e9e vers l&#8217;avenir. &#8220;<em>Parce que notre pass\u00e9, si important soit-il, doit nous conduire vers de nouveaux objectifs, de nouveaux projets et de nouveaux d\u00e9fis<\/em>&#8220;.<\/p>\n\n\n\n<figure class=\"wp-block-image\"><img loading=\"lazy\" decoding=\"async\" width=\"1024\" height=\"683\" src=\"http:\/\/lignesauto.fr\/wp-content\/uploads\/2019\/12\/LIGNESPF_10-1024x683.jpg\" alt=\"\" class=\"wp-image-14745\" srcset=\"https:\/\/lignesauto.fr\/wp-content\/uploads\/2019\/12\/LIGNESPF_10-1024x683.jpg 1024w, https:\/\/lignesauto.fr\/wp-content\/uploads\/2019\/12\/LIGNESPF_10-300x200.jpg 300w, https:\/\/lignesauto.fr\/wp-content\/uploads\/2019\/12\/LIGNESPF_10-768x512.jpg 768w, https:\/\/lignesauto.fr\/wp-content\/uploads\/2019\/12\/LIGNESPF_10-370x247.jpg 370w, https:\/\/lignesauto.fr\/wp-content\/uploads\/2019\/12\/LIGNESPF_10-1040x694.jpg 1040w, https:\/\/lignesauto.fr\/wp-content\/uploads\/2019\/12\/LIGNESPF_10.jpg 1417w\" sizes=\"(max-width: 1024px) 100vw, 1024px\" \/><figcaption>Au centre, Paolo Pininfarina, petit-fils de Battista Pininfarina et aujourd&#8217;hui \u00e0 la t\u00eate de l&#8217;entreprise apr\u00e8s le d\u00e9c\u00e8s de son fr\u00e8re Andrea en 2008.<br>A droite Fabio Filippini, alors responsable du design.<\/figcaption><\/figure>\n\n\n\n<p>Les c\u00e9l\u00e9brations du 90<sup>e<\/sup>anniversaire se d\u00e9rouleront tout au long de l&#8217;ann\u00e9e 2020 et concerneront principalement l&#8217;Italie, avec des manifestations \u00e0 Milan et Turin, mais aussi le salon de Gen\u00e8ve, la Chine, march\u00e9 sur lequel la soci\u00e9t\u00e9 op\u00e8re depuis 1996 avec une pr\u00e9sence physique, sous la forme de&nbsp;<em>Pininfarina Shanghai<\/em>, et les \u00c9tats-Unis avec deux moments diff\u00e9rents : en ao\u00fbt \u00e0 l\u2019occasion du Concours d&#8217;\u00c9l\u00e9gance \u00e0 Pebble Beach, et en d\u00e9cembre \u00e0 Miami, o\u00f9 se trouve le si\u00e8ge de&nbsp;<em>Pininfarina of America<\/em>, avec un \u00e9v\u00e9nement organis\u00e9 pendant la semaine du design. Tous ces moments forts seront relay\u00e9s par les r\u00e9seaux sociaux de Pininfarina, notamment gr\u00e2ce au hashtag #pininfarina90.<\/p>\n\n\n\n<figure class=\"wp-block-image\"><img loading=\"lazy\" decoding=\"async\" width=\"1024\" height=\"668\" src=\"http:\/\/lignesauto.fr\/wp-content\/uploads\/2019\/12\/LIGNESPF_05-1024x668.jpg\" alt=\"\" class=\"wp-image-14747\" srcset=\"https:\/\/lignesauto.fr\/wp-content\/uploads\/2019\/12\/LIGNESPF_05-1024x668.jpg 1024w, https:\/\/lignesauto.fr\/wp-content\/uploads\/2019\/12\/LIGNESPF_05-300x196.jpg 300w, https:\/\/lignesauto.fr\/wp-content\/uploads\/2019\/12\/LIGNESPF_05-768x501.jpg 768w, https:\/\/lignesauto.fr\/wp-content\/uploads\/2019\/12\/LIGNESPF_05-370x242.jpg 370w, https:\/\/lignesauto.fr\/wp-content\/uploads\/2019\/12\/LIGNESPF_05-1040x679.jpg 1040w, https:\/\/lignesauto.fr\/wp-content\/uploads\/2019\/12\/LIGNESPF_05.jpg 1417w\" sizes=\"(max-width: 1024px) 100vw, 1024px\" \/><figcaption>Sergio Pininfarina (1926-2012) , fils de Battista, p\u00e8re de Paolo, Andrea (d\u00e9c\u00e9d\u00e9) et Lorenza.<\/figcaption><\/figure>\n\n\n\n<figure class=\"wp-block-image\"><img loading=\"lazy\" decoding=\"async\" width=\"1024\" height=\"719\" src=\"http:\/\/lignesauto.fr\/wp-content\/uploads\/2019\/12\/LIGNESPF_11-1024x719.jpg\" alt=\"\" class=\"wp-image-14738\" srcset=\"https:\/\/lignesauto.fr\/wp-content\/uploads\/2019\/12\/LIGNESPF_11-1024x719.jpg 1024w, https:\/\/lignesauto.fr\/wp-content\/uploads\/2019\/12\/LIGNESPF_11-300x211.jpg 300w, https:\/\/lignesauto.fr\/wp-content\/uploads\/2019\/12\/LIGNESPF_11-768x539.jpg 768w, https:\/\/lignesauto.fr\/wp-content\/uploads\/2019\/12\/LIGNESPF_11-370x260.jpg 370w, https:\/\/lignesauto.fr\/wp-content\/uploads\/2019\/12\/LIGNESPF_11-1040x730.jpg 1040w, https:\/\/lignesauto.fr\/wp-content\/uploads\/2019\/12\/LIGNESPF_11.jpg 1417w\" sizes=\"(max-width: 1024px) 100vw, 1024px\" \/><figcaption>La Cisitalia de 1947, l&#8217;ic\u00f4ne italienne avec ses flancs sans pontons. Magnifique !<\/figcaption><\/figure>\n\n\n\n<figure class=\"wp-block-image\"><img loading=\"lazy\" decoding=\"async\" width=\"1024\" height=\"323\" src=\"http:\/\/lignesauto.fr\/wp-content\/uploads\/2019\/12\/LIGNESPF_03-1024x323.jpg\" alt=\"\" class=\"wp-image-14741\" srcset=\"https:\/\/lignesauto.fr\/wp-content\/uploads\/2019\/12\/LIGNESPF_03-1024x323.jpg 1024w, https:\/\/lignesauto.fr\/wp-content\/uploads\/2019\/12\/LIGNESPF_03-300x95.jpg 300w, https:\/\/lignesauto.fr\/wp-content\/uploads\/2019\/12\/LIGNESPF_03-768x242.jpg 768w, https:\/\/lignesauto.fr\/wp-content\/uploads\/2019\/12\/LIGNESPF_03-370x117.jpg 370w, https:\/\/lignesauto.fr\/wp-content\/uploads\/2019\/12\/LIGNESPF_03-1040x328.jpg 1040w, https:\/\/lignesauto.fr\/wp-content\/uploads\/2019\/12\/LIGNESPF_03.jpg 1417w\" sizes=\"(max-width: 1024px) 100vw, 1024px\" \/><figcaption>Le concept BLMC 1800 (1967)  de Paolo Martin a souvent \u00e9t\u00e9 copi\u00e9.<\/figcaption><\/figure>\n\n\n\n<figure class=\"wp-block-image\"><img loading=\"lazy\" decoding=\"async\" width=\"1024\" height=\"787\" src=\"http:\/\/lignesauto.fr\/wp-content\/uploads\/2019\/12\/LIGNESPF_07-1024x787.jpg\" alt=\"\" class=\"wp-image-14743\" srcset=\"https:\/\/lignesauto.fr\/wp-content\/uploads\/2019\/12\/LIGNESPF_07-1024x787.jpg 1024w, https:\/\/lignesauto.fr\/wp-content\/uploads\/2019\/12\/LIGNESPF_07-300x231.jpg 300w, https:\/\/lignesauto.fr\/wp-content\/uploads\/2019\/12\/LIGNESPF_07-768x590.jpg 768w, https:\/\/lignesauto.fr\/wp-content\/uploads\/2019\/12\/LIGNESPF_07-370x284.jpg 370w, https:\/\/lignesauto.fr\/wp-content\/uploads\/2019\/12\/LIGNESPF_07-1040x799.jpg 1040w, https:\/\/lignesauto.fr\/wp-content\/uploads\/2019\/12\/LIGNESPF_07.jpg 1417w\" sizes=\"(max-width: 1024px) 100vw, 1024px\" \/><figcaption>Paolo Martin invente autre chose qu&#8217;une automobile avec sa Modulo de 1970<\/figcaption><\/figure>\n\n\n\n<figure class=\"wp-block-image\"><img loading=\"lazy\" decoding=\"async\" width=\"1024\" height=\"569\" src=\"http:\/\/lignesauto.fr\/wp-content\/uploads\/2019\/12\/LIGNESPF_06-1024x569.jpg\" alt=\"\" class=\"wp-image-14744\" srcset=\"https:\/\/lignesauto.fr\/wp-content\/uploads\/2019\/12\/LIGNESPF_06-1024x569.jpg 1024w, https:\/\/lignesauto.fr\/wp-content\/uploads\/2019\/12\/LIGNESPF_06-300x167.jpg 300w, https:\/\/lignesauto.fr\/wp-content\/uploads\/2019\/12\/LIGNESPF_06-768x427.jpg 768w, https:\/\/lignesauto.fr\/wp-content\/uploads\/2019\/12\/LIGNESPF_06-370x206.jpg 370w, https:\/\/lignesauto.fr\/wp-content\/uploads\/2019\/12\/LIGNESPF_06-1040x578.jpg 1040w, https:\/\/lignesauto.fr\/wp-content\/uploads\/2019\/12\/LIGNESPF_06.jpg 1417w\" sizes=\"(max-width: 1024px) 100vw, 1024px\" \/><figcaption>Peugeot et Pininfarina, li\u00e9s pour l&#8217;Histoire. Ici le Riviera, break de chasse 504 en 1971.<\/figcaption><\/figure>\n\n\n\n<figure class=\"wp-block-image\"><img loading=\"lazy\" decoding=\"async\" width=\"1024\" height=\"623\" src=\"http:\/\/lignesauto.fr\/wp-content\/uploads\/2019\/12\/LIGNESPF_12-1024x623.jpg\" alt=\"\" class=\"wp-image-14742\" srcset=\"https:\/\/lignesauto.fr\/wp-content\/uploads\/2019\/12\/LIGNESPF_12-1024x623.jpg 1024w, https:\/\/lignesauto.fr\/wp-content\/uploads\/2019\/12\/LIGNESPF_12-300x182.jpg 300w, https:\/\/lignesauto.fr\/wp-content\/uploads\/2019\/12\/LIGNESPF_12-768x467.jpg 768w, https:\/\/lignesauto.fr\/wp-content\/uploads\/2019\/12\/LIGNESPF_12-370x225.jpg 370w, https:\/\/lignesauto.fr\/wp-content\/uploads\/2019\/12\/LIGNESPF_12-1040x633.jpg 1040w, https:\/\/lignesauto.fr\/wp-content\/uploads\/2019\/12\/LIGNESPF_12.jpg 1417w\" sizes=\"(max-width: 1024px) 100vw, 1024px\" \/><figcaption>La Pinin (1980), Ferrari quatre portes, ne r\u00e9ussira<br>pas \u00e0 convaincre le Commendatore de la produire.<\/figcaption><\/figure>\n\n\n\n<figure class=\"wp-block-image\"><img loading=\"lazy\" decoding=\"async\" width=\"1024\" height=\"481\" src=\"http:\/\/lignesauto.fr\/wp-content\/uploads\/2019\/12\/LIGNESPF_01-1024x481.jpg\" alt=\"\" class=\"wp-image-14748\" srcset=\"https:\/\/lignesauto.fr\/wp-content\/uploads\/2019\/12\/LIGNESPF_01-1024x481.jpg 1024w, https:\/\/lignesauto.fr\/wp-content\/uploads\/2019\/12\/LIGNESPF_01-300x141.jpg 300w, https:\/\/lignesauto.fr\/wp-content\/uploads\/2019\/12\/LIGNESPF_01-768x360.jpg 768w, https:\/\/lignesauto.fr\/wp-content\/uploads\/2019\/12\/LIGNESPF_01-370x174.jpg 370w, https:\/\/lignesauto.fr\/wp-content\/uploads\/2019\/12\/LIGNESPF_01-1040x488.jpg 1040w, https:\/\/lignesauto.fr\/wp-content\/uploads\/2019\/12\/LIGNESPF_01.jpg 1417w\" sizes=\"(max-width: 1024px) 100vw, 1024px\" \/><figcaption>La seule Citro\u00ebn (officielle) sign\u00e9e Pininfarina : l&#8217;Os\u00e9e,<br>dessin\u00e9e par un fran\u00e7ais : Nicolas Jardin.<\/figcaption><\/figure>\n\n\n\n<figure class=\"wp-block-image\"><img loading=\"lazy\" decoding=\"async\" width=\"1024\" height=\"681\" src=\"http:\/\/lignesauto.fr\/wp-content\/uploads\/2019\/12\/LIGNESPF_08-1024x681.jpg\" alt=\"\" class=\"wp-image-14746\" srcset=\"https:\/\/lignesauto.fr\/wp-content\/uploads\/2019\/12\/LIGNESPF_08-1024x681.jpg 1024w, https:\/\/lignesauto.fr\/wp-content\/uploads\/2019\/12\/LIGNESPF_08-300x200.jpg 300w, https:\/\/lignesauto.fr\/wp-content\/uploads\/2019\/12\/LIGNESPF_08-768x511.jpg 768w, https:\/\/lignesauto.fr\/wp-content\/uploads\/2019\/12\/LIGNESPF_08-370x246.jpg 370w, https:\/\/lignesauto.fr\/wp-content\/uploads\/2019\/12\/LIGNESPF_08-1040x692.jpg 1040w, https:\/\/lignesauto.fr\/wp-content\/uploads\/2019\/12\/LIGNESPF_08.jpg 1417w\" sizes=\"(max-width: 1024px) 100vw, 1024px\" \/><figcaption>La Sergio, produite en toute petite s\u00e9rie et dessin\u00e9e par Fabio Filippini.<\/figcaption><\/figure>\n\n\n\n<figure class=\"wp-block-image\"><img loading=\"lazy\" decoding=\"async\" width=\"1024\" height=\"683\" src=\"http:\/\/lignesauto.fr\/wp-content\/uploads\/2019\/12\/LIGNESPF_02-1024x683.jpg\" alt=\"\" class=\"wp-image-14749\" srcset=\"https:\/\/lignesauto.fr\/wp-content\/uploads\/2019\/12\/LIGNESPF_02-1024x683.jpg 1024w, https:\/\/lignesauto.fr\/wp-content\/uploads\/2019\/12\/LIGNESPF_02-300x200.jpg 300w, https:\/\/lignesauto.fr\/wp-content\/uploads\/2019\/12\/LIGNESPF_02-768x512.jpg 768w, https:\/\/lignesauto.fr\/wp-content\/uploads\/2019\/12\/LIGNESPF_02-370x247.jpg 370w, https:\/\/lignesauto.fr\/wp-content\/uploads\/2019\/12\/LIGNESPF_02-1040x694.jpg 1040w, https:\/\/lignesauto.fr\/wp-content\/uploads\/2019\/12\/LIGNESPF_02.jpg 1417w\" sizes=\"(max-width: 1024px) 100vw, 1024px\" \/><figcaption>Derni\u00e8re n\u00e9e, la &#8220;Battista&#8221; \u00e9lectrique et produite par Pininfarina Automobili.<\/figcaption><\/figure>\n\n\n\n<figure class=\"wp-block-image is-resized\"><img loading=\"lazy\" decoding=\"async\" src=\"http:\/\/lignesauto.fr\/wp-content\/uploads\/2019\/06\/LOGOActus-1024x367.jpg\" alt=\"L\u2019attribut alt de cette image est vide, son nom de fichier est LOGOActus-1024x367.jpg.\" width=\"455\" height=\"162\"\/><\/figure>\n","protected":false},"excerpt":{"rendered":"<p>Un nouveau logo pour une ann\u00e9e comm\u00e9morative : Pininfarina pr\u00e9pare activement son 90e anniversaire et explique l&#8217;\u00e9volution douce de son embl\u00e8me. S\u00e9lection suggestive que quelques mod\u00e8les que LIGNES\/auto v\u00e9n\u00e8re ! L&#8217;ann\u00e9e 2020 sera sp\u00e9ciale pour Pininfarina. N\u00e9e comme une &#8220;carrozzeria&#8221; artisanale et devenue aujourd&#8217;hui un groupe mondial, \u00ab&nbsp;sorte d\u2019expression ultime [&hellip;]<\/p>\n","protected":false},"author":1,"featured_media":14736,"comment_status":"open","ping_status":"open","sticky":false,"template":"","format":"standard","meta":{"footnotes":""},"categories":[1],"tags":[],"_links":{"self":[{"href":"https:\/\/lignesauto.fr\/index.php?rest_route=\/wp\/v2\/posts\/14734"}],"collection":[{"href":"https:\/\/lignesauto.fr\/index.php?rest_route=\/wp\/v2\/posts"}],"about":[{"href":"https:\/\/lignesauto.fr\/index.php?rest_route=\/wp\/v2\/types\/post"}],"author":[{"embeddable":true,"href":"https:\/\/lignesauto.fr\/index.php?rest_route=\/wp\/v2\/users\/1"}],"replies":[{"embeddable":true,"href":"https:\/\/lignesauto.fr\/index.php?rest_route=%2Fwp%2Fv2%2Fcomments&post=14734"}],"version-history":[{"count":17,"href":"https:\/\/lignesauto.fr\/index.php?rest_route=\/wp\/v2\/posts\/14734\/revisions"}],"predecessor-version":[{"id":14773,"href":"https:\/\/lignesauto.fr\/index.php?rest_route=\/wp\/v2\/posts\/14734\/revisions\/14773"}],"wp:featuredmedia":[{"embeddable":true,"href":"https:\/\/lignesauto.fr\/index.php?rest_route=\/wp\/v2\/media\/14736"}],"wp:attachment":[{"href":"https:\/\/lignesauto.fr\/index.php?rest_route=%2Fwp%2Fv2%2Fmedia&parent=14734"}],"wp:term":[{"taxonomy":"category","embeddable":true,"href":"https:\/\/lignesauto.fr\/index.php?rest_route=%2Fwp%2Fv2%2Fcategories&post=14734"},{"taxonomy":"post_tag","embeddable":true,"href":"https:\/\/lignesauto.fr\/index.php?rest_route=%2Fwp%2Fv2%2Ftags&post=14734"}],"curies":[{"name":"wp","href":"https:\/\/api.w.org\/{rel}","templated":true}]}}