{"id":14774,"date":"2019-12-27T08:04:10","date_gmt":"2019-12-27T07:04:10","guid":{"rendered":"http:\/\/lignesauto.fr\/?p=14774"},"modified":"2019-12-27T23:20:18","modified_gmt":"2019-12-27T22:20:18","slug":"noel-a-la-page-notre-selection-de-livres","status":"publish","type":"post","link":"https:\/\/lignesauto.fr\/?p=14774","title":{"rendered":"Notre s\u00e9lection de livres"},"content":{"rendered":"\n<p>Voici des livres qui \u00e9voquent l&#8217;automobile comme on aime : par le design, l&#8217;histoire et la passion ! Bonne lecture.<\/p>\n\n\n\n<figure class=\"wp-block-image is-resized\"><img loading=\"lazy\" decoding=\"async\" src=\"http:\/\/lignesauto.fr\/wp-content\/uploads\/2019\/09\/LOGOActus_BD-1024x367.jpg\" alt=\"L\u2019attribut alt de cette image est vide, son nom de fichier est LOGOActus_BD-1024x367.jpg.\" width=\"336\" height=\"119\"\/><\/figure>\n\n\n\n<p>Commen\u00e7ons par deux opus de la tr\u00e8s connue collection &#8220;la voiture de mon p\u00e8re&#8221; aux Editions ETAI. Deux voitures fran\u00e7aises sont \u00e0 l&#8217;affiche de cette fin d&#8217;ann\u00e9e avec la Citro\u00ebn XM et la Renault 21.<\/p>\n\n\n\n<figure class=\"wp-block-image\"><img loading=\"lazy\" decoding=\"async\" width=\"1024\" height=\"677\" src=\"http:\/\/lignesauto.fr\/wp-content\/uploads\/2019\/12\/LIGNESBQ_02-1024x677.jpg\" alt=\"\" class=\"wp-image-14777\" srcset=\"https:\/\/lignesauto.fr\/wp-content\/uploads\/2019\/12\/LIGNESBQ_02-1024x677.jpg 1024w, https:\/\/lignesauto.fr\/wp-content\/uploads\/2019\/12\/LIGNESBQ_02-300x198.jpg 300w, https:\/\/lignesauto.fr\/wp-content\/uploads\/2019\/12\/LIGNESBQ_02-768x508.jpg 768w, https:\/\/lignesauto.fr\/wp-content\/uploads\/2019\/12\/LIGNESBQ_02-370x245.jpg 370w, https:\/\/lignesauto.fr\/wp-content\/uploads\/2019\/12\/LIGNESBQ_02-1040x688.jpg 1040w, https:\/\/lignesauto.fr\/wp-content\/uploads\/2019\/12\/LIGNESBQ_02.jpg 1417w\" sizes=\"(max-width: 1024px) 100vw, 1024px\" \/><\/figure>\n\n\n\n<h2 class=\"wp-block-heading\"><strong>&#8220;La Renault 21 de mon p\u00e8re&#8221;<\/strong><\/h2>\n\n\n\n<p>&#8220;La Renault 21 de mon p\u00e8re&#8221;, r\u00e9dig\u00e9 par Yann Le Lay aid\u00e9 de son confr\u00e8re Fr\u00e9d\u00e9ric Hermann, d\u00e9cortique toute la vie de ce mod\u00e8le dessin\u00e9 par Giorgetto Giugiaro, au grand d\u00e9sespoir des \u00e9quipes du style interne. C&#8217;est justement l&#8217;un des points forts de cet ouvrage, tr\u00e8s accessible : le d\u00e9cryptage de la gen\u00e8se de ce projet X48 sur une quinzaine de pages.<\/p>\n\n\n\n<figure class=\"wp-block-image\"><img loading=\"lazy\" decoding=\"async\" width=\"1024\" height=\"842\" src=\"http:\/\/lignesauto.fr\/wp-content\/uploads\/2019\/12\/LIGNESBQ_17-1024x842.jpg\" alt=\"\" class=\"wp-image-14792\" srcset=\"https:\/\/lignesauto.fr\/wp-content\/uploads\/2019\/12\/LIGNESBQ_17-1024x842.jpg 1024w, https:\/\/lignesauto.fr\/wp-content\/uploads\/2019\/12\/LIGNESBQ_17-300x247.jpg 300w, https:\/\/lignesauto.fr\/wp-content\/uploads\/2019\/12\/LIGNESBQ_17-768x631.jpg 768w, https:\/\/lignesauto.fr\/wp-content\/uploads\/2019\/12\/LIGNESBQ_17-370x304.jpg 370w, https:\/\/lignesauto.fr\/wp-content\/uploads\/2019\/12\/LIGNESBQ_17-1040x855.jpg 1040w, https:\/\/lignesauto.fr\/wp-content\/uploads\/2019\/12\/LIGNESBQ_17.jpg 1417w\" sizes=\"(max-width: 1024px) 100vw, 1024px\" \/><\/figure>\n\n\n\n<p>Le texte g\u00e9n\u00e9reux, long et d\u00e9taill\u00e9, s&#8217;appuie sur une iconographie souvent in\u00e9dite. La collection \u00e9tant assez stricte dans son architecture, vous d\u00e9couvrirez au cours des chapitres toute la vie, les batailles, les records et la carri\u00e8re de la R21 en plus de 120 pages. L&#8217;exercice s&#8217;av\u00e9rait d\u00e9licat, mais mille anecdotes nous plongent dans la lecture de cette histoire avec d\u00e9lectation. R\u00e9habiliter ainsi une berline aussi sage avec un texte captivant est, comme diraient les anglais, un <em>good job<\/em> ! A commander ici : <a href=\"https:\/\/www.editions-etai.fr\/de-mon-pere\/5707-la-renault-21-9791028303945.html\">https:\/\/www.editions-etai.fr\/de-mon-pere\/5707-la-renault-21-9791028303945.html<\/a><\/p>\n\n\n\n<h2 class=\"wp-block-heading\"><strong>&#8220;La Citro\u00ebn XM de mon p\u00e8re&#8221;<\/strong><\/h2>\n\n\n\n<p>M\u00eame collection, toujours chez ETAI, mais cette fois ce volume s&#8217;int\u00e9resse \u00e0 la Citro\u00ebn XM qui f\u00eate cette ann\u00e9e ses 30 ans. C&#8217;est le m\u00e9ticuleux (!) Aur\u00e9lien Chubilleau qui s&#8217;est charg\u00e9 de ce travail de fourmi ! Autant l&#8217;\u00e9crire de suite : l&#8217;auteur a r\u00e9ussi \u00e0 casser le moule de cette collection &#8220;la voiture de mon p\u00e8re&#8221;, parfois un peu rigide dans son sommaire, pour octroyer plus de 30 pages \u00e0 la gen\u00e8se de la grande Citro\u00ebn.<\/p>\n\n\n\n<figure class=\"wp-block-image\"><img loading=\"lazy\" decoding=\"async\" width=\"1024\" height=\"1024\" src=\"http:\/\/lignesauto.fr\/wp-content\/uploads\/2019\/12\/LIGNESBQ_16-1024x1024.jpg\" alt=\"\" class=\"wp-image-14791\" srcset=\"https:\/\/lignesauto.fr\/wp-content\/uploads\/2019\/12\/LIGNESBQ_16-1024x1024.jpg 1024w, https:\/\/lignesauto.fr\/wp-content\/uploads\/2019\/12\/LIGNESBQ_16-150x150.jpg 150w, https:\/\/lignesauto.fr\/wp-content\/uploads\/2019\/12\/LIGNESBQ_16-300x300.jpg 300w, https:\/\/lignesauto.fr\/wp-content\/uploads\/2019\/12\/LIGNESBQ_16-768x768.jpg 768w, https:\/\/lignesauto.fr\/wp-content\/uploads\/2019\/12\/LIGNESBQ_16-370x370.jpg 370w, https:\/\/lignesauto.fr\/wp-content\/uploads\/2019\/12\/LIGNESBQ_16-1040x1040.jpg 1040w, https:\/\/lignesauto.fr\/wp-content\/uploads\/2019\/12\/LIGNESBQ_16.jpg 1417w\" sizes=\"(max-width: 1024px) 100vw, 1024px\" \/><\/figure>\n\n\n\n<p>Il est aid\u00e9 par l&#8217;apport d&#8217;anecdotes et de documentations des hommes qui ont particip\u00e9 au projet, comme Carl Olsen ou Marc Deschamps. Un travail l\u00e0 aussi appuy\u00e9 par un texte long qui permet de se glisser dans le contexte d&#8217;une lutte intestine entre le bureau de style Bertone et les bureaux de design du groupe PSA. Passionnant ! <\/p>\n\n\n\n<figure class=\"wp-block-image\"><img loading=\"lazy\" decoding=\"async\" width=\"1024\" height=\"723\" src=\"http:\/\/lignesauto.fr\/wp-content\/uploads\/2019\/12\/LIGNESBQ_10-1024x723.png\" alt=\"\" class=\"wp-image-14785\" srcset=\"https:\/\/lignesauto.fr\/wp-content\/uploads\/2019\/12\/LIGNESBQ_10-1024x723.png 1024w, https:\/\/lignesauto.fr\/wp-content\/uploads\/2019\/12\/LIGNESBQ_10-300x212.png 300w, https:\/\/lignesauto.fr\/wp-content\/uploads\/2019\/12\/LIGNESBQ_10-768x542.png 768w, https:\/\/lignesauto.fr\/wp-content\/uploads\/2019\/12\/LIGNESBQ_10-370x261.png 370w, https:\/\/lignesauto.fr\/wp-content\/uploads\/2019\/12\/LIGNESBQ_10-1040x734.png 1040w, https:\/\/lignesauto.fr\/wp-content\/uploads\/2019\/12\/LIGNESBQ_10.png 1417w\" sizes=\"(max-width: 1024px) 100vw, 1024px\" \/><\/figure>\n\n\n\n<p>Petite anecdote rafra\u00eechissante, Aur\u00e9lien Chubilleau a m\u00eame d\u00e9taill\u00e9 un article que j&#8217;avais r\u00e9dig\u00e9 pour AUTOhebdo en 1985, o\u00f9 j&#8217;\u00e9voquais d\u00e9j\u00e0 cette future XM. Voil\u00e0 qui ne me rajeunit pas, mais qui est tr\u00e8s sympathique ! L&#8217;occasion aussi de saluer ici l&#8217;illustrateur qui signait alors AUTO-styl et qui se reconna\u00eetra&#8230; Livre \u00e0 commander ici : <a href=\"https:\/\/www.editions-etai.fr\/de-mon-pere\/5669-la-citroen-xm-de-mon-pere-9791028303433.html\">https:\/\/www.editions-etai.fr\/de-mon-pere\/5669-la-citroen-xm-de-mon-pere-9791028303433.html<\/a><\/p>\n\n\n\n<figure class=\"wp-block-image\"><img loading=\"lazy\" decoding=\"async\" width=\"1024\" height=\"732\" src=\"http:\/\/lignesauto.fr\/wp-content\/uploads\/2019\/12\/LIGNESBQ_05-1024x732.jpg\" alt=\"\" class=\"wp-image-14780\" srcset=\"https:\/\/lignesauto.fr\/wp-content\/uploads\/2019\/12\/LIGNESBQ_05-1024x732.jpg 1024w, https:\/\/lignesauto.fr\/wp-content\/uploads\/2019\/12\/LIGNESBQ_05-300x214.jpg 300w, https:\/\/lignesauto.fr\/wp-content\/uploads\/2019\/12\/LIGNESBQ_05-768x549.jpg 768w, https:\/\/lignesauto.fr\/wp-content\/uploads\/2019\/12\/LIGNESBQ_05-370x265.jpg 370w, https:\/\/lignesauto.fr\/wp-content\/uploads\/2019\/12\/LIGNESBQ_05-1040x743.jpg 1040w, https:\/\/lignesauto.fr\/wp-content\/uploads\/2019\/12\/LIGNESBQ_05.jpg 1417w\" sizes=\"(max-width: 1024px) 100vw, 1024px\" \/><\/figure>\n\n\n\n<h2 class=\"wp-block-heading\"><strong>&#8220;Citro\u00ebn XM&#8221; de Citrovisie<\/strong><\/h2>\n\n\n\n<p>Le trenti\u00e8me anniversaire de la naissance de la XM a \u00e9galement \u00e9t\u00e9 c\u00e9l\u00e9br\u00e9 sur le papier cette ann\u00e9e par le sp\u00e9cialiste Citro\u00ebn d&#8217;Autovisie : Thijs van der Zanden. Un ouvrage qui pr\u00e9sente deux grandes qualit\u00e9s : la premi\u00e8re \u00e9tant la quasi-exhaustivit\u00e9 de l&#8217;iconographie existante sur la gen\u00e8se de cette grande Citro\u00ebn, la seconde \u00e9tant son prix de 40 \u20ac seulement pour 384 pages. Mais son d\u00e9faut, pour nous fran\u00e7ais, est qu&#8217;il n&#8217;est pour l&#8217;heure disponible qu&#8217;en n\u00e9erlandais&#8230; A commander ici : <a href=\"https:\/\/www.citrovisie.nl\/citroen-xm-fr.html\">https:\/\/www.citrovisie.nl\/citroen-xm-fr.html<\/a> et \u00e0 d\u00e9couvrir ci-dessous avec une vid\u00e9o : <\/p>\n\n\n\n<figure class=\"wp-block-embed-youtube wp-block-embed is-type-video is-provider-youtube wp-embed-aspect-16-9 wp-has-aspect-ratio\"><div class=\"wp-block-embed__wrapper\">\nhttps:\/\/youtu.be\/au11GApTRLU\n<\/div><\/figure>\n\n\n\n<h2 class=\"wp-block-heading\"><strong>&#8220;Design Between the lines&#8221; Patrick Le Qu\u00e9ment<\/strong><\/h2>\n\n\n\n<p>Disponible depuis quelques semaines, le livre de Patrick Le Qu\u00e9ment est totalement d\u00e9cal\u00e9 et instructif. Vous n&#8217;y verrez pas de photos, mais de nombreuses illustrations de Gernot Bracht, et le d\u00e9coupage de cet ouvrage permet de lire chaque sujet de quatre pages dans l&#8217;ordre que vous voulez.<\/p>\n\n\n\n<figure class=\"wp-block-image\"><img loading=\"lazy\" decoding=\"async\" width=\"952\" height=\"1024\" src=\"http:\/\/lignesauto.fr\/wp-content\/uploads\/2019\/12\/LIGNESBQ_11-952x1024.png\" alt=\"\" class=\"wp-image-14786\" srcset=\"https:\/\/lignesauto.fr\/wp-content\/uploads\/2019\/12\/LIGNESBQ_11-952x1024.png 952w, https:\/\/lignesauto.fr\/wp-content\/uploads\/2019\/12\/LIGNESBQ_11-279x300.png 279w, https:\/\/lignesauto.fr\/wp-content\/uploads\/2019\/12\/LIGNESBQ_11-768x826.png 768w, https:\/\/lignesauto.fr\/wp-content\/uploads\/2019\/12\/LIGNESBQ_11-370x398.png 370w, https:\/\/lignesauto.fr\/wp-content\/uploads\/2019\/12\/LIGNESBQ_11-1040x1119.png 1040w, https:\/\/lignesauto.fr\/wp-content\/uploads\/2019\/12\/LIGNESBQ_11.png 1417w\" sizes=\"(max-width: 952px) 100vw, 952px\" \/><\/figure>\n\n\n\n<p> Patrick Le Qu\u00e9ment \u00e9voque l&#8217;univers du design, mais aussi sa propre exp\u00e9rience avec ses d\u00e9sagr\u00e9ments autant que ses p\u00e9riodes de bonheur, les hommes et le m\u00e9tier, sans oublier des anecdotes croustillantes de son passage de 22 ans chez Renault. Ce livre est pour l&#8217;heure en anglais mais un anglais facile \u00e0 traduire pour les non-bilingues comme moi \ud83d\ude42 <\/p>\n\n\n\n<p><strong>Pour en savoir plus sur cet ouvrage, et le commander, relisez ce post publi\u00e9 voici quelques temps sur votre site : <\/strong><\/p>\n\n\n\n<figure class=\"wp-block-embed-wordpress wp-block-embed is-type-wp-embed is-provider-lignes-auto-design-actualites-archives\"><div class=\"wp-block-embed__wrapper\">\n<blockquote class=\"wp-embedded-content\" data-secret=\"CuP8f0o6xE\"><a href=\"https:\/\/lignesauto.fr\/?p=10829\">A lire d&#8217;urgence : &#8220;Design. Between the lines&#8221; de Patrick Le Qu\u00e9ment<\/a><\/blockquote><iframe class=\"wp-embedded-content\" sandbox=\"allow-scripts\" security=\"restricted\" style=\"position: absolute; clip: rect(1px, 1px, 1px, 1px);\" title=\"&#8220;A lire d&#8217;urgence : &#8220;Design. Between the lines&#8221; de Patrick Le Qu\u00e9ment&#8221; &#8212; LIGNES\/auto\" src=\"https:\/\/lignesauto.fr\/?p=10829&#038;embed=true#?secret=wktudNaAl5#?secret=CuP8f0o6xE\" data-secret=\"CuP8f0o6xE\" width=\"600\" height=\"338\" frameborder=\"0\" marginwidth=\"0\" marginheight=\"0\" scrolling=\"no\"><\/iframe>\n<\/div><\/figure>\n\n\n\n<h2 class=\"wp-block-heading\"><strong>&#8221; Berlinetta 60&#8242; &#8220;<\/strong><\/h2>\n\n\n\n<figure class=\"wp-block-image\"><img loading=\"lazy\" decoding=\"async\" width=\"1024\" height=\"718\" src=\"http:\/\/lignesauto.fr\/wp-content\/uploads\/2019\/12\/LIGNESBQ_07-1024x718.jpg\" alt=\"\" class=\"wp-image-14782\" srcset=\"https:\/\/lignesauto.fr\/wp-content\/uploads\/2019\/12\/LIGNESBQ_07-1024x718.jpg 1024w, https:\/\/lignesauto.fr\/wp-content\/uploads\/2019\/12\/LIGNESBQ_07-300x210.jpg 300w, https:\/\/lignesauto.fr\/wp-content\/uploads\/2019\/12\/LIGNESBQ_07-768x538.jpg 768w, https:\/\/lignesauto.fr\/wp-content\/uploads\/2019\/12\/LIGNESBQ_07-370x259.jpg 370w, https:\/\/lignesauto.fr\/wp-content\/uploads\/2019\/12\/LIGNESBQ_07-1040x729.jpg 1040w, https:\/\/lignesauto.fr\/wp-content\/uploads\/2019\/12\/LIGNESBQ_07.jpg 1417w\" sizes=\"(max-width: 1024px) 100vw, 1024px\" \/><\/figure>\n\n\n\n<p>Apr\u00e8s Berlinetta 50&#8242;, il \u00e9tait \u00e9vident que nos deux comp\u00e8res Xavier De Nombel aux boitiers et Christian Descombes \u00e0 la plume plongeraient au c\u0153ur des ann\u00e9es 1960, riches de merveilles italiennes. Elles sont toutes l\u00e0, photographi\u00e9es dans des ambiances in\u00e9dites, o\u00f9 l&#8217;on retrouve la Carabo de Gandini c\u00f4toyant la petite Osca ! <\/p>\n\n\n\n<figure class=\"wp-block-image\"><img loading=\"lazy\" decoding=\"async\" width=\"768\" height=\"1024\" src=\"http:\/\/lignesauto.fr\/wp-content\/uploads\/2019\/12\/LIGNESBQ_13-768x1024.jpg\" alt=\"\" class=\"wp-image-14788\" srcset=\"https:\/\/lignesauto.fr\/wp-content\/uploads\/2019\/12\/LIGNESBQ_13-768x1024.jpg 768w, https:\/\/lignesauto.fr\/wp-content\/uploads\/2019\/12\/LIGNESBQ_13-225x300.jpg 225w, https:\/\/lignesauto.fr\/wp-content\/uploads\/2019\/12\/LIGNESBQ_13-370x494.jpg 370w, https:\/\/lignesauto.fr\/wp-content\/uploads\/2019\/12\/LIGNESBQ_13-1040x1387.jpg 1040w, https:\/\/lignesauto.fr\/wp-content\/uploads\/2019\/12\/LIGNESBQ_13.jpg 1417w\" sizes=\"(max-width: 768px) 100vw, 768px\" \/><figcaption>Xavier de Nombel, photographe et initiateur de cet ouvrage,<br>recevant les premiers tirages de l&#8217;imprimerie !<\/figcaption><\/figure>\n\n\n\n<p>La carrosserie italienne passe de l&#8217;artisanat \u00e0 l&#8217;industrie au fil des pages. Mais on est clou\u00e9 sur place d\u00e8s la (longue) pr\u00e9face r\u00e9dig\u00e9e par Giorgetto Giugiaro lui m\u00eame, avec un texte informatif autant qu&#8217;\u00e9mouvant. Un beau livre, au sens noble du terme. A commander ici : <a href=\"https:\/\/caminoverde.com\/livres\/berlinetta-60s\/\">https:\/\/caminoverde.com\/livres\/berlinetta-60s\/<\/a><\/p>\n\n\n\n<h2 class=\"wp-block-heading\"><strong>L&#8217;ann\u00e9e automobile 2019-2020<\/strong><\/h2>\n\n\n\n<figure class=\"wp-block-image\"><img loading=\"lazy\" decoding=\"async\" width=\"776\" height=\"1024\" src=\"http:\/\/lignesauto.fr\/wp-content\/uploads\/2019\/12\/LIGNESBQ_09-776x1024.png\" alt=\"\" class=\"wp-image-14784\" srcset=\"https:\/\/lignesauto.fr\/wp-content\/uploads\/2019\/12\/LIGNESBQ_09-776x1024.png 776w, https:\/\/lignesauto.fr\/wp-content\/uploads\/2019\/12\/LIGNESBQ_09-227x300.png 227w, https:\/\/lignesauto.fr\/wp-content\/uploads\/2019\/12\/LIGNESBQ_09-768x1014.png 768w, https:\/\/lignesauto.fr\/wp-content\/uploads\/2019\/12\/LIGNESBQ_09-370x489.png 370w, https:\/\/lignesauto.fr\/wp-content\/uploads\/2019\/12\/LIGNESBQ_09-1040x1373.png 1040w, https:\/\/lignesauto.fr\/wp-content\/uploads\/2019\/12\/LIGNESBQ_09.png 1417w\" sizes=\"(max-width: 776px) 100vw, 776px\" \/><\/figure>\n\n\n\n<p>Pilot\u00e9 par notre excellent confr\u00e8re Serge Bellu, grand ma\u00eetre de l&#8217;histoire automobile, l&#8217;ann\u00e9e automobile vous propose sa 67e \u00e9dition et repose sur le m\u00eame principe en balayant l&#8217;ann\u00e9e auto sur les trois th\u00e8me majeurs : l&#8217;industrie, le sport et la culture. A commander ici : <a href=\"https:\/\/www.editions-etai.fr\/annee-automobile\/5712-l-annee-automobile-n-67-2019-2020-9791028303877.html\">https:\/\/www.editions-etai.fr\/annee-automobile\/5712-l-annee-automobile-n-67-2019-2020-9791028303877.html<\/a><\/p>\n\n\n\n<h2 class=\"wp-block-heading\"><strong>&#8220;Automobiles de r\u00eave et r\u00eaves d&#8217;automobiles&#8221;<\/strong><\/h2>\n\n\n\n<p>Puisque l&#8217;on \u00e9voque l&#8217;auteur Serge Bellu, rappelons que son ouvrage de 416 pages (!) qui pr\u00e9sente l\u2019histoire de l\u2019automobile \u2013 ou plus pr\u00e9cis\u00e9ment les m\u00e9tamorphoses du design \u2013 sous un angle in\u00e9dit, est toujours disponible aux Editions BJB. Ou comment, apr\u00e8s la lecture de ce monument de papier, devenir un expert de l&#8217;histoire du design mondial. Enrichissant ! Plus de 1000 illustrations, 145 \u20ac, disponible \u00e0 la commande sur le site BJB, ici : <a href=\"https:\/\/www.bjbeditions.com\/products\/automobiles-de-reve-reves-d-automobiles-precommande\">https:\/\/www.bjbeditions.com\/products\/automobiles-de-reve-reves-d-automobiles-precommande<\/a><\/p>\n\n\n\n<p><\/p>\n\n\n\n<figure class=\"wp-block-image\"><img loading=\"lazy\" decoding=\"async\" width=\"701\" height=\"1024\" src=\"http:\/\/lignesauto.fr\/wp-content\/uploads\/2019\/12\/LIGNESBQ_03-701x1024.png\" alt=\"\" class=\"wp-image-14778\" srcset=\"https:\/\/lignesauto.fr\/wp-content\/uploads\/2019\/12\/LIGNESBQ_03-701x1024.png 701w, https:\/\/lignesauto.fr\/wp-content\/uploads\/2019\/12\/LIGNESBQ_03-205x300.png 205w, https:\/\/lignesauto.fr\/wp-content\/uploads\/2019\/12\/LIGNESBQ_03-768x1121.png 768w, https:\/\/lignesauto.fr\/wp-content\/uploads\/2019\/12\/LIGNESBQ_03-370x540.png 370w, https:\/\/lignesauto.fr\/wp-content\/uploads\/2019\/12\/LIGNESBQ_03-1040x1519.png 1040w, https:\/\/lignesauto.fr\/wp-content\/uploads\/2019\/12\/LIGNESBQ_03.png 1417w\" sizes=\"(max-width: 701px) 100vw, 701px\" \/><\/figure>\n\n\n\n<h2 class=\"wp-block-heading\"><strong>&#8220;Concept-cars et prototypes d&#8217;\u00e9tudes Citro\u00ebn&#8221;<\/strong><\/h2>\n\n\n\n<p>Sans aucun complexe, j&#8217;assume d&#8217;\u00e9voquer dans cette liste un ouvrage r\u00e9dig\u00e9&#8230; par mes soins ! Pour deux raisons : le livre est encore disponible mais la moiti\u00e9 du tirage a \u00e9t\u00e9 vendu et surtout, il entame une collection qui accueillera le deuxi\u00e8me volume en avril prochain d\u00e9di\u00e9 cette fois \u00e0 la marque Renault. Voir le petit teaser de ce prochain ouvrage ci-dessous :<\/p>\n\n\n\n<figure class=\"wp-block-embed-youtube wp-block-embed is-type-video is-provider-youtube wp-embed-aspect-16-9 wp-has-aspect-ratio\"><div class=\"wp-block-embed__wrapper\">\nhttps:\/\/www.youtube.com\/watch?v=B2xOWY6E2GY\n<\/div><\/figure>\n\n\n\n<p>Quant au premier volume Citro\u00ebn, vous pouvez d\u00e9couvrir tous ses secrets ci-dessous et le commander sur le site des Editions BJB, ici : <a href=\"https:\/\/www.bjbeditions.com\/products\/concept-cars-et-prototypes-detudes-citroen\">https:\/\/www.bjbeditions.com\/products\/concept-cars-et-prototypes-detudes-citroen<\/a><\/p>\n\n\n\n<figure class=\"wp-block-embed-wordpress wp-block-embed is-type-wp-embed is-provider-lignes-auto-design-actualites-archives\"><div class=\"wp-block-embed__wrapper\">\nhttp:\/\/lignesauto.fr\/?p=11645\n<\/div><\/figure>\n\n\n\n<h2 class=\"wp-block-heading\"><strong>&#8220;1959-1999, les plus beaux mod\u00e8les BMW&#8221;<\/strong><\/h2>\n\n\n\n<figure class=\"wp-block-image\"><img loading=\"lazy\" decoding=\"async\" width=\"1024\" height=\"1024\" src=\"http:\/\/lignesauto.fr\/wp-content\/uploads\/2019\/12\/LIGNESBQ_06-1024x1024.jpg\" alt=\"\" class=\"wp-image-14781\" srcset=\"https:\/\/lignesauto.fr\/wp-content\/uploads\/2019\/12\/LIGNESBQ_06-1024x1024.jpg 1024w, https:\/\/lignesauto.fr\/wp-content\/uploads\/2019\/12\/LIGNESBQ_06-150x150.jpg 150w, https:\/\/lignesauto.fr\/wp-content\/uploads\/2019\/12\/LIGNESBQ_06-300x300.jpg 300w, https:\/\/lignesauto.fr\/wp-content\/uploads\/2019\/12\/LIGNESBQ_06-768x768.jpg 768w, https:\/\/lignesauto.fr\/wp-content\/uploads\/2019\/12\/LIGNESBQ_06-370x370.jpg 370w, https:\/\/lignesauto.fr\/wp-content\/uploads\/2019\/12\/LIGNESBQ_06-1040x1040.jpg 1040w, https:\/\/lignesauto.fr\/wp-content\/uploads\/2019\/12\/LIGNESBQ_06.jpg 1496w\" sizes=\"(max-width: 1024px) 100vw, 1024px\" \/><\/figure>\n\n\n\n<p>Il faut absolument poss\u00e9der cet ouvrage dans sa biblioth\u00e8que, que l&#8217;on soit ou non passionn\u00e9 par la marque de Munich. Pourquoi ? Parce que l&#8217;auteur, Patrice Verg\u00e8s, est d&#8217;abord un conteur et que ces histoires ont le go\u00fbt d&#8217;un sucre d&#8217;orge. On se d\u00e9lecte \u00e0 la simple lecture des mots qu&#8217;il ordonne -avec la pr\u00e9cision d&#8217;un chirurgien- sur sa page blanche. Ajoutons les photos in\u00e9dites de Nicolas Delpierre pour rendre ce livre, par ailleurs accessible \u00e0 seulement 39\u20ac, indispensable. A commander ici : <a href=\"https:\/\/www.editions-etai.fr\/autofocus\/5705-bmw-les-plus-beaux-modeles-9791028303761.html?search_query=BMW&amp;results=32\">https:\/\/www.editions-etai.fr\/autofocus\/5705-bmw-les-plus-beaux-modeles-9791028303761.html?search_query=BMW&amp;results=32<\/a><\/p>\n\n\n\n<figure class=\"wp-block-image is-resized\"><img loading=\"lazy\" decoding=\"async\" src=\"http:\/\/lignesauto.fr\/wp-content\/uploads\/2019\/09\/LOGOActus_BD-1024x367.jpg\" alt=\"L\u2019attribut alt de cette image est vide, son nom de fichier est LOGOActus_BD-1024x367.jpg.\" width=\"389\" height=\"139\"\/><\/figure>\n","protected":false},"excerpt":{"rendered":"<p>Voici des livres qui \u00e9voquent l&#8217;automobile comme on aime : par le design, l&#8217;histoire et la passion ! Bonne lecture. Commen\u00e7ons par deux opus de la tr\u00e8s connue collection &#8220;la voiture de mon p\u00e8re&#8221; aux Editions ETAI. Deux voitures fran\u00e7aises sont \u00e0 l&#8217;affiche de cette fin d&#8217;ann\u00e9e avec la Citro\u00ebn [&hellip;]<\/p>\n","protected":false},"author":1,"featured_media":14779,"comment_status":"open","ping_status":"open","sticky":false,"template":"","format":"standard","meta":{"footnotes":""},"categories":[1],"tags":[],"_links":{"self":[{"href":"https:\/\/lignesauto.fr\/index.php?rest_route=\/wp\/v2\/posts\/14774"}],"collection":[{"href":"https:\/\/lignesauto.fr\/index.php?rest_route=\/wp\/v2\/posts"}],"about":[{"href":"https:\/\/lignesauto.fr\/index.php?rest_route=\/wp\/v2\/types\/post"}],"author":[{"embeddable":true,"href":"https:\/\/lignesauto.fr\/index.php?rest_route=\/wp\/v2\/users\/1"}],"replies":[{"embeddable":true,"href":"https:\/\/lignesauto.fr\/index.php?rest_route=%2Fwp%2Fv2%2Fcomments&post=14774"}],"version-history":[{"count":31,"href":"https:\/\/lignesauto.fr\/index.php?rest_route=\/wp\/v2\/posts\/14774\/revisions"}],"predecessor-version":[{"id":15069,"href":"https:\/\/lignesauto.fr\/index.php?rest_route=\/wp\/v2\/posts\/14774\/revisions\/15069"}],"wp:featuredmedia":[{"embeddable":true,"href":"https:\/\/lignesauto.fr\/index.php?rest_route=\/wp\/v2\/media\/14779"}],"wp:attachment":[{"href":"https:\/\/lignesauto.fr\/index.php?rest_route=%2Fwp%2Fv2%2Fmedia&parent=14774"}],"wp:term":[{"taxonomy":"category","embeddable":true,"href":"https:\/\/lignesauto.fr\/index.php?rest_route=%2Fwp%2Fv2%2Fcategories&post=14774"},{"taxonomy":"post_tag","embeddable":true,"href":"https:\/\/lignesauto.fr\/index.php?rest_route=%2Fwp%2Fv2%2Ftags&post=14774"}],"curies":[{"name":"wp","href":"https:\/\/api.w.org\/{rel}","templated":true}]}}