{"id":14859,"date":"2019-12-21T18:02:24","date_gmt":"2019-12-21T17:02:24","guid":{"rendered":"http:\/\/lignesauto.fr\/?p=14859"},"modified":"2020-05-18T08:42:39","modified_gmt":"2020-05-18T06:42:39","slug":"2019-retour-sur-les-moments-forts-de-lignes-auto","status":"publish","type":"post","link":"https:\/\/lignesauto.fr\/?p=14859","title":{"rendered":"2019 : retour sur les moments forts de LIGNES\/auto"},"content":{"rendered":"\n<p>Retour sur quelques moments forts de 2019, avant de tourner la page vers 2020, ann\u00e9e riche en nouveaut\u00e9s fran\u00e7aises et, pourquoi pas, en &#8220;transferts&#8221; de designers ?! (chuuuuut&#8230;)<\/p>\n\n\n\n<figure class=\"wp-block-image is-resized\"><img loading=\"lazy\" decoding=\"async\" src=\"http:\/\/lignesauto.fr\/wp-content\/uploads\/2018\/10\/LOGOActus_BD-1024x367.jpg\" alt=\"\" class=\"wp-image-4921\" width=\"344\" height=\"122\" srcset=\"https:\/\/lignesauto.fr\/wp-content\/uploads\/2018\/10\/LOGOActus_BD-1024x367.jpg 1024w, https:\/\/lignesauto.fr\/wp-content\/uploads\/2018\/10\/LOGOActus_BD-1040x373.jpg 1040w, https:\/\/lignesauto.fr\/wp-content\/uploads\/2018\/10\/LOGOActus_BD.jpg 1240w\" sizes=\"(max-width: 344px) 100vw, 344px\" \/><\/figure>\n\n\n\n<h2 class=\"wp-block-heading\"><strong>Quand LIGNES\/auto est sur le front<\/strong><\/h2>\n\n\n\n<p>Le transfert de l&#8217;ann\u00e9e, outre celui de Karim Habib (voir en fin de post) c&#8217;est bien s\u00fbr l&#8217;arriv\u00e9e de Pierre Leclercq \u00e0 la t\u00eate du design Citro\u00ebn. Il a pos\u00e9 ses valises fin 2018 et d\u00e8s 2019, quelques semaines apr\u00e8s son arriv\u00e9e, le designer nous re\u00e7oit dans un bureau que LIGNES\/auto conna\u00eet bien, ex-bureau de J.P.Plou\u00e9 et d&#8217;Alexandre Malval. Votre site va plus loin en d\u00e9taillant les coulisses du transfert, et remonte aux d\u00e9buts de la carri\u00e8re de ce nouveau patron du style Citro\u00ebn, officiellement le 9e depuis l&#8217;\u00e8re Bertoni des ann\u00e9es 1930.<\/p>\n\n\n\n<figure class=\"wp-block-image\"><img loading=\"lazy\" decoding=\"async\" width=\"576\" height=\"1024\" src=\"http:\/\/lignesauto.fr\/wp-content\/uploads\/2019\/12\/20190614_105131-576x1024.jpg\" alt=\"\" class=\"wp-image-14861\" srcset=\"https:\/\/lignesauto.fr\/wp-content\/uploads\/2019\/12\/20190614_105131-576x1024.jpg 576w, https:\/\/lignesauto.fr\/wp-content\/uploads\/2019\/12\/20190614_105131-169x300.jpg 169w, https:\/\/lignesauto.fr\/wp-content\/uploads\/2019\/12\/20190614_105131-768x1366.jpg 768w, https:\/\/lignesauto.fr\/wp-content\/uploads\/2019\/12\/20190614_105131-370x658.jpg 370w, https:\/\/lignesauto.fr\/wp-content\/uploads\/2019\/12\/20190614_105131-1040x1850.jpg 1040w, https:\/\/lignesauto.fr\/wp-content\/uploads\/2019\/12\/20190614_105131.jpg 1417w\" sizes=\"(max-width: 576px) 100vw, 576px\" \/><figcaption>Tr\u00e8s bonne lecture Monsieur Leclercq !<\/figcaption><\/figure>\n\n\n\n<p><strong>Retrouvez les deux sujets ici :<\/strong><\/p>\n\n\n\n<figure class=\"wp-block-embed-wordpress wp-block-embed is-type-wp-embed is-provider-design-actualite-archives\"><div class=\"wp-block-embed__wrapper\">\n<blockquote class=\"wp-embedded-content\" data-secret=\"t8dtvsrA3E\"><a href=\"http:\/\/lignesauto.fr\/?p=9344\">Interview de Pierre Leclercq : l&#8217;avant-Citro\u00ebn. FRENCH\/ENGLISH<\/a><\/blockquote><iframe class=\"wp-embedded-content\" sandbox=\"allow-scripts\" security=\"restricted\" style=\"position: absolute; clip: rect(1px, 1px, 1px, 1px);\" title=\"&#8220;Interview de Pierre Leclercq : l&#8217;avant-Citro\u00ebn. FRENCH\/ENGLISH&#8221; &#8212; LIGNES\/auto\" src=\"http:\/\/lignesauto.fr\/?p=9344&#038;embed=true#?secret=wlBkv5wmwl#?secret=t8dtvsrA3E\" data-secret=\"t8dtvsrA3E\" width=\"600\" height=\"338\" frameborder=\"0\" marginwidth=\"0\" marginheight=\"0\" scrolling=\"no\"><\/iframe>\n<\/div><\/figure>\n\n\n\n<figure class=\"wp-block-embed-wordpress wp-block-embed is-type-wp-embed is-provider-design-actualite-archives\"><div class=\"wp-block-embed__wrapper\">\n<blockquote class=\"wp-embedded-content\" data-secret=\"EkumNGgQRF\"><a href=\"http:\/\/lignesauto.fr\/?p=9330\">Interview de Pierre Leclercq, directeur du design Citro\u00ebn. FRENCH\/ENGLISH<\/a><\/blockquote><iframe class=\"wp-embedded-content\" sandbox=\"allow-scripts\" security=\"restricted\" style=\"position: absolute; clip: rect(1px, 1px, 1px, 1px);\" title=\"&#8220;Interview de Pierre Leclercq, directeur du design Citro\u00ebn. FRENCH\/ENGLISH&#8221; &#8212; LIGNES\/auto\" src=\"http:\/\/lignesauto.fr\/?p=9330&#038;embed=true#?secret=iTD0L6GC5r#?secret=EkumNGgQRF\" data-secret=\"EkumNGgQRF\" width=\"600\" height=\"338\" frameborder=\"0\" marginwidth=\"0\" marginheight=\"0\" scrolling=\"no\"><\/iframe>\n<\/div><\/figure>\n\n\n\n<figure class=\"wp-block-image is-resized\"><img loading=\"lazy\" decoding=\"async\" src=\"http:\/\/lignesauto.fr\/wp-content\/uploads\/2019\/12\/LIGNESAUTO-1024x605.png\" alt=\"\" class=\"wp-image-14834\" width=\"228\" height=\"134\" srcset=\"https:\/\/lignesauto.fr\/wp-content\/uploads\/2019\/12\/LIGNESAUTO-1024x605.png 1024w, https:\/\/lignesauto.fr\/wp-content\/uploads\/2019\/12\/LIGNESAUTO-300x177.png 300w, https:\/\/lignesauto.fr\/wp-content\/uploads\/2019\/12\/LIGNESAUTO-768x454.png 768w, https:\/\/lignesauto.fr\/wp-content\/uploads\/2019\/12\/LIGNESAUTO-370x219.png 370w, https:\/\/lignesauto.fr\/wp-content\/uploads\/2019\/12\/LIGNESAUTO-1040x614.png 1040w, https:\/\/lignesauto.fr\/wp-content\/uploads\/2019\/12\/LIGNESAUTO.png 1417w\" sizes=\"(max-width: 228px) 100vw, 228px\" \/><\/figure>\n\n\n\n<h2 class=\"wp-block-heading\"><strong>Les p\u00e9pites de LIGNES\/auto<\/strong><\/h2>\n\n\n\n<p>La r\u00e9daction d&#8217;ouvrages sur le design automobile am\u00e8ne \u00e0 remonter \u00e0 la surface des documents parfois in\u00e9dits. On sait beaucoup de choses sur Marcello Gandini, mais on ne connaissait pas encore sa proposition pour le projet X29 qui allait donner naissance \u00e0 la Renault 25. Cette maquette a un petit c\u00f4t\u00e9 Citro\u00ebn BX&#8230; <strong>Sujet \u00e0 (re)lire ci-dessous :<\/strong><\/p>\n\n\n\n<figure class=\"wp-block-embed-wordpress wp-block-embed is-type-wp-embed is-provider-design-actualite-archives\"><div class=\"wp-block-embed__wrapper\">\nhttp:\/\/lignesauto.fr\/?p=14506\n<\/div><\/figure>\n\n\n\n<figure class=\"wp-block-image is-resized\"><img loading=\"lazy\" decoding=\"async\" src=\"http:\/\/lignesauto.fr\/wp-content\/uploads\/2019\/12\/LIGNESAUTO-1024x605.png\" alt=\"L\u2019attribut alt de cette image est vide, son nom de fichier est LIGNESAUTO-1024x605.png.\" width=\"224\" height=\"131\"\/><\/figure>\n\n\n\n<h2 class=\"wp-block-heading\"><strong>Quand LIGNES\/auto se d\u00e9double&#8230;<\/strong><\/h2>\n\n\n\n<p>Chaque post (publi\u00e9 en fran\u00e7ais et en anglais) sur le site est relay\u00e9 par Twitter et Linkedin avec, dans ce dernier cas, une diffusion aupr\u00e8s d&#8217;un public majoritairement professionnel, proche de l&#8217;univers du design. Mais LIGNES\/auto, c&#8217;est depuis cette ann\u00e9e \u00e9galement une page Facebook (ici : <a href=\"https:\/\/www.facebook.com\/lignesauto\/?modal=admin_todo_tour\">https:\/\/www.facebook.com\/lignesauto\/?modal=admin_todo_tour<\/a>) qui propose des sujets plus courts et souvent diff\u00e9rents de ceux du site. Cette photo de la premi\u00e8re maquette en pl\u00e2tre de la XM, prise chez Bertone en 1984, a s\u00e9duit plus de 10.000 personnes&#8230; Un joli score pour cette page qui d\u00e9bute.<\/p>\n\n\n\n<figure class=\"wp-block-image\"><img loading=\"lazy\" decoding=\"async\" width=\"844\" height=\"1024\" src=\"http:\/\/lignesauto.fr\/wp-content\/uploads\/2019\/12\/AA-844x1024.png\" alt=\"\" class=\"wp-image-14919\" srcset=\"https:\/\/lignesauto.fr\/wp-content\/uploads\/2019\/12\/AA-844x1024.png 844w, https:\/\/lignesauto.fr\/wp-content\/uploads\/2019\/12\/AA-247x300.png 247w, https:\/\/lignesauto.fr\/wp-content\/uploads\/2019\/12\/AA-768x932.png 768w, https:\/\/lignesauto.fr\/wp-content\/uploads\/2019\/12\/AA-370x449.png 370w, https:\/\/lignesauto.fr\/wp-content\/uploads\/2019\/12\/AA-1040x1262.png 1040w, https:\/\/lignesauto.fr\/wp-content\/uploads\/2019\/12\/AA.png 1417w\" sizes=\"(max-width: 844px) 100vw, 844px\" \/><\/figure>\n\n\n\n<figure class=\"wp-block-image is-resized\"><img loading=\"lazy\" decoding=\"async\" src=\"http:\/\/lignesauto.fr\/wp-content\/uploads\/2019\/12\/LIGNESAUTO-1024x605.png\" alt=\"L\u2019attribut alt de cette image est vide, son nom de fichier est LIGNESAUTO-1024x605.png.\" width=\"219\" height=\"129\"\/><\/figure>\n\n\n\n<h2 class=\"wp-block-heading\"><strong>Les p\u00e9pites de LIGNES\/auto (bis)<\/strong><\/h2>\n\n\n\n<p>Au fil des mois, depuis sa cr\u00e9ation, le site LIGNES\/auto publie quelques in\u00e9dits et les accompagne de la petite histoire qui a fait la grande Histoire automobile. Ici, le plan d&#8217;une Citro\u00ebn SM quatre portes, un tirage r\u00e9alis\u00e9 en 1970 chez Chapron, et ce n&#8217;est pas celui de l&#8217;Opera ! <\/p>\n\n\n\n<figure class=\"wp-block-image\"><img loading=\"lazy\" decoding=\"async\" width=\"1024\" height=\"647\" src=\"http:\/\/lignesauto.fr\/wp-content\/uploads\/2019\/12\/LIGNESSLM_CHAPRON_EXCLU-1-1024x647-1024x647.png\" alt=\"\" class=\"wp-image-14869\" srcset=\"https:\/\/lignesauto.fr\/wp-content\/uploads\/2019\/12\/LIGNESSLM_CHAPRON_EXCLU-1-1024x647-1024x647.png 1024w, https:\/\/lignesauto.fr\/wp-content\/uploads\/2019\/12\/LIGNESSLM_CHAPRON_EXCLU-1-1024x647-300x190.png 300w, https:\/\/lignesauto.fr\/wp-content\/uploads\/2019\/12\/LIGNESSLM_CHAPRON_EXCLU-1-1024x647-768x486.png 768w, https:\/\/lignesauto.fr\/wp-content\/uploads\/2019\/12\/LIGNESSLM_CHAPRON_EXCLU-1-1024x647-370x234.png 370w, https:\/\/lignesauto.fr\/wp-content\/uploads\/2019\/12\/LIGNESSLM_CHAPRON_EXCLU-1-1024x647-1040x658.png 1040w, https:\/\/lignesauto.fr\/wp-content\/uploads\/2019\/12\/LIGNESSLM_CHAPRON_EXCLU-1-1024x647.png 1417w\" sizes=\"(max-width: 1024px) 100vw, 1024px\" \/><\/figure>\n\n\n\n<p><strong>Sujet \u00e0 (re)lire ci-dessous : <\/strong><\/p>\n\n\n\n<figure class=\"wp-block-embed-wordpress wp-block-embed is-type-wp-embed is-provider-design-actualite-archives\"><div class=\"wp-block-embed__wrapper\">\n<blockquote class=\"wp-embedded-content\" data-secret=\"LaKSOF4LDd\"><a href=\"http:\/\/lignesauto.fr\/?p=14464\">2020 : la SM a 50 ans &#8211; La berline Chapron inconnue<\/a><\/blockquote><iframe class=\"wp-embedded-content\" sandbox=\"allow-scripts\" security=\"restricted\" style=\"position: absolute; clip: rect(1px, 1px, 1px, 1px);\" title=\"&#8220;2020 : la SM a 50 ans &#8211; La berline Chapron inconnue&#8221; &#8212; LIGNES\/auto\" src=\"http:\/\/lignesauto.fr\/?p=14464&#038;embed=true#?secret=tgLF17s1jk#?secret=LaKSOF4LDd\" data-secret=\"LaKSOF4LDd\" width=\"600\" height=\"338\" frameborder=\"0\" marginwidth=\"0\" marginheight=\"0\" scrolling=\"no\"><\/iframe>\n<\/div><\/figure>\n\n\n\n<p><strong>Autre p\u00e9pite, le projet A7 de Peugeot<\/strong>, connu, m\u00eame si l&#8217;angle de ce sujet pose question : cet anc\u00eatre de la 204 a-t-il \u00e9t\u00e9 tu\u00e9 par la 404 ? Replongez dans cette courte histoire surprenante !<\/p>\n\n\n\n<figure class=\"wp-block-image\"><img loading=\"lazy\" decoding=\"async\" width=\"1024\" height=\"977\" src=\"http:\/\/lignesauto.fr\/wp-content\/uploads\/2019\/09\/LIGNESA7_02-1024x977.png\" alt=\"\" class=\"wp-image-13407\" srcset=\"https:\/\/lignesauto.fr\/wp-content\/uploads\/2019\/09\/LIGNESA7_02-1024x977.png 1024w, https:\/\/lignesauto.fr\/wp-content\/uploads\/2019\/09\/LIGNESA7_02-300x286.png 300w, https:\/\/lignesauto.fr\/wp-content\/uploads\/2019\/09\/LIGNESA7_02-768x733.png 768w, https:\/\/lignesauto.fr\/wp-content\/uploads\/2019\/09\/LIGNESA7_02-370x353.png 370w, https:\/\/lignesauto.fr\/wp-content\/uploads\/2019\/09\/LIGNESA7_02-1040x992.png 1040w, https:\/\/lignesauto.fr\/wp-content\/uploads\/2019\/09\/LIGNESA7_02.png 1417w\" sizes=\"(max-width: 1024px) 100vw, 1024px\" \/><\/figure>\n\n\n\n<figure class=\"wp-block-embed-wordpress wp-block-embed is-type-wp-embed is-provider-design-actualite-archives\"><div class=\"wp-block-embed__wrapper\">\nhttp:\/\/lignesauto.fr\/?p=13402\n<\/div><\/figure>\n\n\n\n<p><strong>Et puis il y a les p\u00e9pites qui viennent des constructeurs<\/strong>, comme le fascicule sur les premiers 50 ans de General Motors, de 1908 \u00e0 1958. <\/p>\n\n\n\n<figure class=\"wp-block-image\"><img loading=\"lazy\" decoding=\"async\" width=\"659\" height=\"1024\" src=\"http:\/\/lignesauto.fr\/wp-content\/uploads\/2019\/12\/lignesa1-659x1024.png\" alt=\"\" class=\"wp-image-14876\" srcset=\"https:\/\/lignesauto.fr\/wp-content\/uploads\/2019\/12\/lignesa1-659x1024.png 659w, https:\/\/lignesauto.fr\/wp-content\/uploads\/2019\/12\/lignesa1-193x300.png 193w, https:\/\/lignesauto.fr\/wp-content\/uploads\/2019\/12\/lignesa1-768x1193.png 768w, https:\/\/lignesauto.fr\/wp-content\/uploads\/2019\/12\/lignesa1-370x575.png 370w, https:\/\/lignesauto.fr\/wp-content\/uploads\/2019\/12\/lignesa1-1040x1616.png 1040w, https:\/\/lignesauto.fr\/wp-content\/uploads\/2019\/12\/lignesa1.png 1417w\" sizes=\"(max-width: 659px) 100vw, 659px\" \/><\/figure>\n\n\n\n<p><strong>Une brochure que vous pouvez toujours t\u00e9l\u00e9charger ci-dessous :<\/strong><\/p>\n\n\n\n<figure class=\"wp-block-embed-wordpress wp-block-embed is-type-wp-embed is-provider-design-actualite-archives\"><div class=\"wp-block-embed__wrapper\">\n<blockquote class=\"wp-embedded-content\" data-secret=\"3hz21btxxC\"><a href=\"http:\/\/lignesauto.fr\/?p=11886\">Cadeau : une brochure exceptionnelle sur l&#8217;histoire de GM !<\/a><\/blockquote><iframe class=\"wp-embedded-content\" sandbox=\"allow-scripts\" security=\"restricted\" style=\"position: absolute; clip: rect(1px, 1px, 1px, 1px);\" title=\"&#8220;Cadeau : une brochure exceptionnelle sur l&#8217;histoire de GM !&#8221; &#8212; LIGNES\/auto\" src=\"http:\/\/lignesauto.fr\/?p=11886&#038;embed=true#?secret=MuTh3ykLDa#?secret=3hz21btxxC\" data-secret=\"3hz21btxxC\" width=\"600\" height=\"338\" frameborder=\"0\" marginwidth=\"0\" marginheight=\"0\" scrolling=\"no\"><\/iframe>\n<\/div><\/figure>\n\n\n\n<figure class=\"wp-block-image is-resized\"><img loading=\"lazy\" decoding=\"async\" src=\"http:\/\/lignesauto.fr\/wp-content\/uploads\/2019\/12\/LIGNESAUTO-1024x605.png\" alt=\"L\u2019attribut alt de cette image est vide, son nom de fichier est LIGNESAUTO-1024x605.png.\" width=\"219\" height=\"129\"\/><\/figure>\n\n\n\n<h2 class=\"wp-block-heading\"><strong>Quand LIGNES\/auto s&#8217;\u00e9tonne !<\/strong><\/h2>\n\n\n\n<p>La marque DS est en conqu\u00eate. Jeune, il lui faut du temps pour s&#8217;installer durablement sur le march\u00e9 du premium. Pour acc\u00e9l\u00e9rer cette implantation, sinon dans les ventes, au moins dans la perception dynamique de cette marque, on aurait esp\u00e9r\u00e9 qu&#8217;elle s&#8217;inspire de la communication de BMW. En 2021, le constructeur allemand produira son premier v\u00e9hicule 100% \u00e9lectrique d&#8217;une nouvelle g\u00e9n\u00e9ration, le iNEXT, un SUV situ\u00e9 en gabarit entre la X5 et la X7.<\/p>\n\n\n\n<figure class=\"wp-block-image\"><img loading=\"lazy\" decoding=\"async\" width=\"1024\" height=\"683\" src=\"http:\/\/lignesauto.fr\/wp-content\/uploads\/2018\/09\/LIGNESNAZ106-1024x683.jpg\" alt=\"\" class=\"wp-image-4895\" srcset=\"https:\/\/lignesauto.fr\/wp-content\/uploads\/2018\/09\/LIGNESNAZ106-1024x683.jpg 1024w, https:\/\/lignesauto.fr\/wp-content\/uploads\/2018\/09\/LIGNESNAZ106-300x200.jpg 300w, https:\/\/lignesauto.fr\/wp-content\/uploads\/2018\/09\/LIGNESNAZ106-768x512.jpg 768w, https:\/\/lignesauto.fr\/wp-content\/uploads\/2018\/09\/LIGNESNAZ106-370x247.jpg 370w, https:\/\/lignesauto.fr\/wp-content\/uploads\/2018\/09\/LIGNESNAZ106-1040x693.jpg 1040w\" sizes=\"(max-width: 1024px) 100vw, 1024px\" \/><\/figure>\n\n\n\n<p>BMW communique sur cet \u00e9tonnant v\u00e9hicule et publie m\u00eame des photos et vid\u00e9os des premiers exemplaires sur les lignes prototypes, avec une mise en sc\u00e8ne sympathique ! (ci-dessous). Pourquoi DS n&#8217;irait-il pas sur ce terrain pour montrer \u00e0 tous ses ambitions, en pr\u00e9sentant (de quelques fa\u00e7ons que ce soit) le futur SUV compact (ou la berline DS4), ce qui rassurerait les potentiels acheteurs de ces mod\u00e8les attendus, car g\u00e9n\u00e9rateurs de volumes ?<\/p>\n\n\n\n<figure class=\"wp-block-image\"><img loading=\"lazy\" decoding=\"async\" width=\"1024\" height=\"793\" src=\"http:\/\/lignesauto.fr\/wp-content\/uploads\/2019\/12\/LIGNESNEXT_03-1024x793-1024x793.png\" alt=\"\" class=\"wp-image-14873\" srcset=\"https:\/\/lignesauto.fr\/wp-content\/uploads\/2019\/12\/LIGNESNEXT_03-1024x793-1024x793.png 1024w, https:\/\/lignesauto.fr\/wp-content\/uploads\/2019\/12\/LIGNESNEXT_03-1024x793-300x232.png 300w, https:\/\/lignesauto.fr\/wp-content\/uploads\/2019\/12\/LIGNESNEXT_03-1024x793-768x595.png 768w, https:\/\/lignesauto.fr\/wp-content\/uploads\/2019\/12\/LIGNESNEXT_03-1024x793-370x287.png 370w, https:\/\/lignesauto.fr\/wp-content\/uploads\/2019\/12\/LIGNESNEXT_03-1024x793-1040x806.png 1040w, https:\/\/lignesauto.fr\/wp-content\/uploads\/2019\/12\/LIGNESNEXT_03-1024x793.png 1417w\" sizes=\"(max-width: 1024px) 100vw, 1024px\" \/><\/figure>\n\n\n\n<p><strong>Ci-dessous, regardez la vid\u00e9o du montage des premiers prototypes de la future BMW iNEXT de 2021.<\/strong><\/p>\n\n\n\n<figure class=\"wp-block-embed-wordpress wp-block-embed is-type-wp-embed is-provider-design-actualite-archives\"><div class=\"wp-block-embed__wrapper\">\n<blockquote class=\"wp-embedded-content\" data-secret=\"zLOYqjeKQn\"><a href=\"http:\/\/lignesauto.fr\/?p=12415\">BMW iNEXT : 100 prototypes en cours de production dans l&#8217;usine pilote ! (VIDEO)<\/a><\/blockquote><iframe class=\"wp-embedded-content\" sandbox=\"allow-scripts\" security=\"restricted\" style=\"position: absolute; clip: rect(1px, 1px, 1px, 1px);\" title=\"&#8220;BMW iNEXT : 100 prototypes en cours de production dans l&#8217;usine pilote ! (VIDEO)&#8221; &#8212; LIGNES\/auto\" src=\"http:\/\/lignesauto.fr\/?p=12415&#038;embed=true#?secret=sQkJWmd8tF#?secret=zLOYqjeKQn\" data-secret=\"zLOYqjeKQn\" width=\"600\" height=\"338\" frameborder=\"0\" marginwidth=\"0\" marginheight=\"0\" scrolling=\"no\"><\/iframe>\n<\/div><\/figure>\n\n\n\n<figure class=\"wp-block-image is-resized\"><img loading=\"lazy\" decoding=\"async\" src=\"http:\/\/lignesauto.fr\/wp-content\/uploads\/2019\/12\/LIGNESAUTO-1024x605.png\" alt=\"L\u2019attribut alt de cette image est vide, son nom de fichier est LIGNESAUTO-1024x605.png.\" width=\"220\" height=\"129\"\/><\/figure>\n\n\n\n<h2 class=\"wp-block-heading\"><strong>Quand LIGNES\/auto roule sur la Lune<\/strong><\/h2>\n\n\n\n<p>LIGNES\/auto, c&#8217;est un site l\u00e9g\u00e8rement d\u00e9cal\u00e9 (comme son r\u00e9dac&#8217;chef, donc&#8230;) Alors que tout le monde c\u00e9l\u00e8bre cette ann\u00e9e les 50 ans du premier pas de l&#8217;Homme sur notre satellite, votre site vous raconte plut\u00f4t l&#8217;histoire de la voiture lunaire qui n&#8217;aura finalement effectu\u00e9 que trois missions.<\/p>\n\n\n\n<figure class=\"wp-block-image\"><img loading=\"lazy\" decoding=\"async\" width=\"1024\" height=\"1024\" src=\"http:\/\/lignesauto.fr\/wp-content\/uploads\/2019\/12\/SURLALUNE00-1024x1024-1024x1024.jpg\" alt=\"\" class=\"wp-image-14866\" srcset=\"https:\/\/lignesauto.fr\/wp-content\/uploads\/2019\/12\/SURLALUNE00-1024x1024-1024x1024.jpg 1024w, https:\/\/lignesauto.fr\/wp-content\/uploads\/2019\/12\/SURLALUNE00-1024x1024-150x150.jpg 150w, https:\/\/lignesauto.fr\/wp-content\/uploads\/2019\/12\/SURLALUNE00-1024x1024-300x300.jpg 300w, https:\/\/lignesauto.fr\/wp-content\/uploads\/2019\/12\/SURLALUNE00-1024x1024-768x768.jpg 768w, https:\/\/lignesauto.fr\/wp-content\/uploads\/2019\/12\/SURLALUNE00-1024x1024-370x370.jpg 370w, https:\/\/lignesauto.fr\/wp-content\/uploads\/2019\/12\/SURLALUNE00-1024x1024-1040x1040.jpg 1040w, https:\/\/lignesauto.fr\/wp-content\/uploads\/2019\/12\/SURLALUNE00-1024x1024.jpg 1417w\" sizes=\"(max-width: 1024px) 100vw, 1024px\" \/><\/figure>\n\n\n\n<p><strong>Le d\u00e9veloppement de ce dr\u00f4le d&#8217;engin racont\u00e9 ci-dessous<\/strong> est illustr\u00e9 par les photos originales de la NASA.<\/p>\n\n\n\n<figure class=\"wp-block-embed-wordpress wp-block-embed is-type-wp-embed is-provider-design-actualite-archives\"><div class=\"wp-block-embed__wrapper\">\n<blockquote class=\"wp-embedded-content\" data-secret=\"2b2hcLBZum\"><a href=\"http:\/\/lignesauto.fr\/?p=11694\">1971-2021 : Il y a cinquante ans, l\u2019homme roulait sur la Lune!<\/a><\/blockquote><iframe class=\"wp-embedded-content\" sandbox=\"allow-scripts\" security=\"restricted\" style=\"position: absolute; clip: rect(1px, 1px, 1px, 1px);\" title=\"&#8220;1971-2021 : Il y a cinquante ans, l\u2019homme roulait sur la Lune!&#8221; &#8212; LIGNES\/auto\" src=\"http:\/\/lignesauto.fr\/?p=11694&#038;embed=true#?secret=eDVXqR2XFY#?secret=2b2hcLBZum\" data-secret=\"2b2hcLBZum\" width=\"600\" height=\"338\" frameborder=\"0\" marginwidth=\"0\" marginheight=\"0\" scrolling=\"no\"><\/iframe>\n<\/div><\/figure>\n\n\n\n<figure class=\"wp-block-image is-resized\"><img loading=\"lazy\" decoding=\"async\" src=\"http:\/\/lignesauto.fr\/wp-content\/uploads\/2019\/12\/LIGNESAUTO-1024x605.png\" alt=\"L\u2019attribut alt de cette image est vide, son nom de fichier est LIGNESAUTO-1024x605.png.\" width=\"222\" height=\"130\"\/><\/figure>\n\n\n\n<h2 class=\"wp-block-heading\"><strong>Quand LIGNES\/auto explique&#8230;<\/strong><\/h2>\n\n\n\n<p>Sans trahir trop de secrets qui n&#8217;en sont pas, le r\u00e9dacteur en chef de LIGNES\/auto est pass\u00e9 durant trois ans de l&#8217;autre c\u00f4t\u00e9 de la barri\u00e8re dans un grand groupe automobiles, au poste de responsable de la cellule veille concurrence prospective. A ce titre (entre autre) il est tomb\u00e9 sous le charme des&#8230; plateformes : leur importance, leur gestation, leur dur\u00e9e de vie, leur impact sur la strat\u00e9gie des groupes automobiles. Elles sont prioritaires dans la r\u00e9ussite de ces groupes.<\/p>\n\n\n\n<figure class=\"wp-block-image\"><img loading=\"lazy\" decoding=\"async\" width=\"1024\" height=\"683\" src=\"http:\/\/lignesauto.fr\/wp-content\/uploads\/2019\/12\/LIGNESPF_01-1024x683-1024x683.jpg\" alt=\"\" class=\"wp-image-14870\" srcset=\"https:\/\/lignesauto.fr\/wp-content\/uploads\/2019\/12\/LIGNESPF_01-1024x683-1024x683.jpg 1024w, https:\/\/lignesauto.fr\/wp-content\/uploads\/2019\/12\/LIGNESPF_01-1024x683-300x200.jpg 300w, https:\/\/lignesauto.fr\/wp-content\/uploads\/2019\/12\/LIGNESPF_01-1024x683-768x512.jpg 768w, https:\/\/lignesauto.fr\/wp-content\/uploads\/2019\/12\/LIGNESPF_01-1024x683-370x247.jpg 370w, https:\/\/lignesauto.fr\/wp-content\/uploads\/2019\/12\/LIGNESPF_01-1024x683-1040x694.jpg 1040w, https:\/\/lignesauto.fr\/wp-content\/uploads\/2019\/12\/LIGNESPF_01-1024x683.jpg 1417w\" sizes=\"(max-width: 1024px) 100vw, 1024px\" \/><\/figure>\n\n\n\n<p>LIGNES\/auto a donc \u00e9t\u00e9 surpris du peu de retomb\u00e9es m\u00e9diatiques de l&#8217;annonce faite par Audi de la cr\u00e9ation d&#8217;une toute nouvelle plateforme pour des v\u00e9hicules 100% \u00e9lectriques, la PPE.<\/p>\n\n\n\n<figure class=\"wp-block-image\"><img loading=\"lazy\" decoding=\"async\" width=\"1024\" height=\"550\" src=\"http:\/\/lignesauto.fr\/wp-content\/uploads\/2019\/12\/LIGNESPF_00-1024x550-1024x550.png\" alt=\"\" class=\"wp-image-14871\" srcset=\"https:\/\/lignesauto.fr\/wp-content\/uploads\/2019\/12\/LIGNESPF_00-1024x550-1024x550.png 1024w, https:\/\/lignesauto.fr\/wp-content\/uploads\/2019\/12\/LIGNESPF_00-1024x550-300x161.png 300w, https:\/\/lignesauto.fr\/wp-content\/uploads\/2019\/12\/LIGNESPF_00-1024x550-768x412.png 768w, https:\/\/lignesauto.fr\/wp-content\/uploads\/2019\/12\/LIGNESPF_00-1024x550-370x199.png 370w, https:\/\/lignesauto.fr\/wp-content\/uploads\/2019\/12\/LIGNESPF_00-1024x550-1040x559.png 1040w, https:\/\/lignesauto.fr\/wp-content\/uploads\/2019\/12\/LIGNESPF_00-1024x550.png 1417w\" sizes=\"(max-width: 1024px) 100vw, 1024px\" \/><\/figure>\n\n\n\n<p>LIGNES\/auto en profite donc pour expliquer la strat\u00e9gie VW et pourquoi autant de plateformes dans l&#8217;offre \u00e9lectriques du groupe VW ! <strong>A lire ci-dessous :<\/strong><\/p>\n\n\n\n<figure class=\"wp-block-embed-wordpress wp-block-embed is-type-wp-embed is-provider-design-actualite-archives\"><div class=\"wp-block-embed__wrapper\">\nhttp:\/\/lignesauto.fr\/?p=14011\n<\/div><\/figure>\n\n\n\n<figure class=\"wp-block-image is-resized\"><img loading=\"lazy\" decoding=\"async\" src=\"http:\/\/lignesauto.fr\/wp-content\/uploads\/2019\/12\/LIGNESAUTO-1024x605.png\" alt=\"L\u2019attribut alt de cette image est vide, son nom de fichier est LIGNESAUTO-1024x605.png.\" width=\"221\" height=\"130\"\/><\/figure>\n\n\n\n<h2 class=\"wp-block-heading\"><strong>Quand LIGNES\/auto fait causer&#8230;<\/strong><\/h2>\n\n\n\n<p>Les richesses de l&#8217;univers du design automobile, ce sont autant les femmes et les hommes qui y gravitent que les produits qui naissent (ou pas) chaque ann\u00e9e. La particularit\u00e9 de LIGNES\/auto est de faire parler ces femmes et ces hommes avec de longs interviews relay\u00e9s sur le site, sur Twitter, sur Linkedin et sur la page Facebook. Au cumul, les audiences les meilleures, toutes cat\u00e9gories confondues, sont attribu\u00e9es \u00e0 ces interviews. L&#8217;interview le plus lu est celui de la responsable &#8220;couleurs mati\u00e8res&#8221; de DS, Sabine Le Masson Pannetrat (DS) qui devance celui de Gilles Vidal (Peugeot). <strong>CLIQUEZ SUR LA PHOTO POUR LIRE L&#8217;INTERVIEW<\/strong><\/p>\n\n\n\n<figure class=\"wp-block-image\"><a href=\"http:\/\/lignesauto.fr\/?p=11737\"><img loading=\"lazy\" decoding=\"async\" width=\"1024\" height=\"768\" src=\"http:\/\/lignesauto.fr\/wp-content\/uploads\/2019\/12\/LIGNES_S_02-1-1024x768-1024x768.jpg\" alt=\"\" class=\"wp-image-14878\" srcset=\"https:\/\/lignesauto.fr\/wp-content\/uploads\/2019\/12\/LIGNES_S_02-1-1024x768-1024x768.jpg 1024w, https:\/\/lignesauto.fr\/wp-content\/uploads\/2019\/12\/LIGNES_S_02-1-1024x768-300x225.jpg 300w, https:\/\/lignesauto.fr\/wp-content\/uploads\/2019\/12\/LIGNES_S_02-1-1024x768-768x576.jpg 768w, https:\/\/lignesauto.fr\/wp-content\/uploads\/2019\/12\/LIGNES_S_02-1-1024x768-370x278.jpg 370w, https:\/\/lignesauto.fr\/wp-content\/uploads\/2019\/12\/LIGNES_S_02-1-1024x768-1040x780.jpg 1040w, https:\/\/lignesauto.fr\/wp-content\/uploads\/2019\/12\/LIGNES_S_02-1-1024x768.jpg 1417w\" sizes=\"(max-width: 1024px) 100vw, 1024px\" \/><\/a><\/figure>\n\n\n\n<figure class=\"wp-block-image is-resized\"><img loading=\"lazy\" decoding=\"async\" src=\"http:\/\/lignesauto.fr\/wp-content\/uploads\/2019\/12\/LIGNESAUTO-1024x605.png\" alt=\"L\u2019attribut alt de cette image est vide, son nom de fichier est LIGNESAUTO-1024x605.png.\" width=\"219\" height=\"129\"\/><\/figure>\n\n\n\n<h2 class=\"wp-block-heading\"><strong>Quand LIGNES\/auto \u00e9lectrise l&#8217;histoire<\/strong><\/h2>\n\n\n\n<p>Lors de la pr\u00e9sentation de la Taycan, premi\u00e8re berline Porsche 100% \u00e9lectrique, LIGNES\/auto ne se contente pas d&#8217;\u00e9voquer son design. Votre site rappelle aussi le r\u00f4le essentiel des dix patrons de l&#8217;histoire de la marque&#8230;<\/p>\n\n\n\n<figure class=\"wp-block-image\"><img loading=\"lazy\" decoding=\"async\" width=\"1024\" height=\"682\" src=\"http:\/\/lignesauto.fr\/wp-content\/uploads\/2019\/12\/LIGNESPATRON-W-1024x682-1024x682.jpg\" alt=\"\" class=\"wp-image-14872\" srcset=\"https:\/\/lignesauto.fr\/wp-content\/uploads\/2019\/12\/LIGNESPATRON-W-1024x682-1024x682.jpg 1024w, https:\/\/lignesauto.fr\/wp-content\/uploads\/2019\/12\/LIGNESPATRON-W-1024x682-300x200.jpg 300w, https:\/\/lignesauto.fr\/wp-content\/uploads\/2019\/12\/LIGNESPATRON-W-1024x682-768x512.jpg 768w, https:\/\/lignesauto.fr\/wp-content\/uploads\/2019\/12\/LIGNESPATRON-W-1024x682-370x246.jpg 370w, https:\/\/lignesauto.fr\/wp-content\/uploads\/2019\/12\/LIGNESPATRON-W-1024x682-1040x693.jpg 1040w, https:\/\/lignesauto.fr\/wp-content\/uploads\/2019\/12\/LIGNESPATRON-W-1024x682.jpg 1417w\" sizes=\"(max-width: 1024px) 100vw, 1024px\" \/><\/figure>\n\n\n\n<figure class=\"wp-block-embed-wordpress wp-block-embed is-type-wp-embed is-provider-design-actualite-archives\"><div class=\"wp-block-embed__wrapper\">\n<blockquote class=\"wp-embedded-content\" data-secret=\"pE4kph7YdB\"><a href=\"http:\/\/lignesauto.fr\/?p=12510\">SPECIAL TAYCAN. Les 10 patrons de Porsche<\/a><\/blockquote><iframe class=\"wp-embedded-content\" sandbox=\"allow-scripts\" security=\"restricted\" style=\"position: absolute; clip: rect(1px, 1px, 1px, 1px);\" title=\"&#8220;SPECIAL TAYCAN. Les 10 patrons de Porsche&#8221; &#8212; LIGNES\/auto\" src=\"http:\/\/lignesauto.fr\/?p=12510&#038;embed=true#?secret=ZWmUu6TqoL#?secret=pE4kph7YdB\" data-secret=\"pE4kph7YdB\" width=\"600\" height=\"338\" frameborder=\"0\" marginwidth=\"0\" marginheight=\"0\" scrolling=\"no\"><\/iframe>\n<\/div><\/figure>\n\n\n\n<figure class=\"wp-block-image is-resized\"><img loading=\"lazy\" decoding=\"async\" src=\"http:\/\/lignesauto.fr\/wp-content\/uploads\/2019\/12\/LIGNESAUTO-1024x605.png\" alt=\"L\u2019attribut alt de cette image est vide, son nom de fichier est LIGNESAUTO-1024x605.png.\" width=\"221\" height=\"130\"\/><\/figure>\n\n\n\n<h2 class=\"wp-block-heading\"><strong>Quand LIGNES\/auto d\u00e9busque la Volkswagen ID.4<\/strong><\/h2>\n\n\n\n<figure class=\"wp-block-image\"><img loading=\"lazy\" decoding=\"async\" width=\"1024\" height=\"520\" src=\"http:\/\/lignesauto.fr\/wp-content\/uploads\/2019\/12\/LIGNESID_10-1024x520-1024x520.png\" alt=\"\" class=\"wp-image-14874\" srcset=\"https:\/\/lignesauto.fr\/wp-content\/uploads\/2019\/12\/LIGNESID_10-1024x520-1024x520.png 1024w, https:\/\/lignesauto.fr\/wp-content\/uploads\/2019\/12\/LIGNESID_10-1024x520-300x152.png 300w, https:\/\/lignesauto.fr\/wp-content\/uploads\/2019\/12\/LIGNESID_10-1024x520-768x390.png 768w, https:\/\/lignesauto.fr\/wp-content\/uploads\/2019\/12\/LIGNESID_10-1024x520-370x188.png 370w, https:\/\/lignesauto.fr\/wp-content\/uploads\/2019\/12\/LIGNESID_10-1024x520-1040x528.png 1040w, https:\/\/lignesauto.fr\/wp-content\/uploads\/2019\/12\/LIGNESID_10-1024x520.png 1417w\" sizes=\"(max-width: 1024px) 100vw, 1024px\" \/><\/figure>\n\n\n\n<p>Dans la vid\u00e9o de la communication Volkswagen qui relate la gen\u00e8se de la premi\u00e8re berline compacte 100% \u00e9lectrique du groupe, l&#8217;ID.3, on aper\u00e7oit un court moment une image num\u00e9rique de la plateforme. Mais celle-ci est identifi\u00e9e SUV. Est-ce r\u00e9ellement le soubassement MEB de l&#8217;ID.3 ou plut\u00f4t celui de la prochaine ID.4, un SUV compact reposant sur cette fameuse plateforme MEB modulaire ? <\/p>\n\n\n\n<figure class=\"wp-block-image is-resized\"><img loading=\"lazy\" decoding=\"async\" src=\"http:\/\/lignesauto.fr\/wp-content\/uploads\/2019\/12\/LIGNESAUTO-1024x605.png\" alt=\"L\u2019attribut alt de cette image est vide, son nom de fichier est LIGNESAUTO-1024x605.png.\" width=\"222\" height=\"130\"\/><\/figure>\n\n\n\n<h2 class=\"wp-block-heading\"><strong>Quand LIGNES\/auto joue aux chaises musicales<\/strong><\/h2>\n\n\n\n<p>Annoncer le transfert de Karim Habib chez Kia est une vraie information. Mais aller plus loin en expliquant comment le poste s&#8217;est lib\u00e9r\u00e9 et raconter le v\u00e9ritable jeu de chaises musicales qui a abouti \u00e0 ce changement \u00e0 la t\u00eate du design Kia monde est une autre histoire&#8230;<\/p>\n\n\n\n<figure class=\"wp-block-image\"><img loading=\"lazy\" decoding=\"async\" width=\"1024\" height=\"683\" src=\"http:\/\/lignesauto.fr\/wp-content\/uploads\/2019\/12\/LIGNESAUTOHABIB-1024x683-1024x683.jpg\" alt=\"\" class=\"wp-image-14875\" srcset=\"https:\/\/lignesauto.fr\/wp-content\/uploads\/2019\/12\/LIGNESAUTOHABIB-1024x683-1024x683.jpg 1024w, https:\/\/lignesauto.fr\/wp-content\/uploads\/2019\/12\/LIGNESAUTOHABIB-1024x683-300x200.jpg 300w, https:\/\/lignesauto.fr\/wp-content\/uploads\/2019\/12\/LIGNESAUTOHABIB-1024x683-768x512.jpg 768w, https:\/\/lignesauto.fr\/wp-content\/uploads\/2019\/12\/LIGNESAUTOHABIB-1024x683-370x247.jpg 370w, https:\/\/lignesauto.fr\/wp-content\/uploads\/2019\/12\/LIGNESAUTOHABIB-1024x683-1040x694.jpg 1040w, https:\/\/lignesauto.fr\/wp-content\/uploads\/2019\/12\/LIGNESAUTOHABIB-1024x683.jpg 1417w\" sizes=\"(max-width: 1024px) 100vw, 1024px\" \/><\/figure>\n\n\n\n<p><strong>Une histoire que le site LIGNES\/auto relate dans le d\u00e9tail, ci-dessous :<\/strong><\/p>\n\n\n\n<figure class=\"wp-block-embed-wordpress wp-block-embed is-type-wp-embed is-provider-design-actualite-archives\"><div class=\"wp-block-embed__wrapper\">\n<blockquote class=\"wp-embedded-content\" data-secret=\"C2FR0qSsD3\"><a href=\"http:\/\/lignesauto.fr\/?p=13108\">Karim Habib, patron du design Kia : retour sur un parcours os\u00e9 !<\/a><\/blockquote><iframe class=\"wp-embedded-content\" sandbox=\"allow-scripts\" security=\"restricted\" style=\"position: absolute; clip: rect(1px, 1px, 1px, 1px);\" title=\"&#8220;Karim Habib, patron du design Kia : retour sur un parcours os\u00e9 !&#8221; &#8212; LIGNES\/auto\" src=\"http:\/\/lignesauto.fr\/?p=13108&#038;embed=true#?secret=PFRu9rWQmj#?secret=C2FR0qSsD3\" data-secret=\"C2FR0qSsD3\" width=\"600\" height=\"338\" frameborder=\"0\" marginwidth=\"0\" marginheight=\"0\" scrolling=\"no\"><\/iframe>\n<\/div><\/figure>\n\n\n\n<figure class=\"wp-block-image is-resized\"><img loading=\"lazy\" decoding=\"async\" src=\"http:\/\/lignesauto.fr\/wp-content\/uploads\/2019\/12\/LIGNESAUTO-1024x605.png\" alt=\"L\u2019attribut alt de cette image est vide, son nom de fichier est LIGNESAUTO-1024x605.png.\" width=\"222\" height=\"130\"\/><\/figure>\n\n\n\n<h2 class=\"wp-block-heading\"><strong>Quand LIGNES\/auto a du pif !<\/strong><\/h2>\n\n\n\n<p>Vous \u00eates nombreuses et nombreux \u00e0 ne pas vraiment valider le choix d&#8217;un style BMW avec des calandres de plus en plus gargantuesques. L\u00e0 encore, LIGNES\/auto va plus loin, et remonte le temps, aux origines de la marque allemande pour mieux saisir les \u00e9volutions successives de l&#8217;identit\u00e9 du constructeur. Instructif&#8230;<\/p>\n\n\n\n<figure class=\"wp-block-image\"><img loading=\"lazy\" decoding=\"async\" width=\"981\" height=\"1024\" src=\"http:\/\/lignesauto.fr\/wp-content\/uploads\/2019\/12\/LIGNES600BMW-981x1024.jpg\" alt=\"\" class=\"wp-image-14877\" srcset=\"https:\/\/lignesauto.fr\/wp-content\/uploads\/2019\/12\/LIGNES600BMW-981x1024.jpg 981w, https:\/\/lignesauto.fr\/wp-content\/uploads\/2019\/12\/LIGNES600BMW-287x300.jpg 287w, https:\/\/lignesauto.fr\/wp-content\/uploads\/2019\/12\/LIGNES600BMW-768x802.jpg 768w, https:\/\/lignesauto.fr\/wp-content\/uploads\/2019\/12\/LIGNES600BMW-370x386.jpg 370w, https:\/\/lignesauto.fr\/wp-content\/uploads\/2019\/12\/LIGNES600BMW-1040x1086.jpg 1040w, https:\/\/lignesauto.fr\/wp-content\/uploads\/2019\/12\/LIGNES600BMW.jpg 1417w\" sizes=\"(max-width: 981px) 100vw, 981px\" \/><\/figure>\n\n\n\n<p><strong>Remontez le temps avec nous gr\u00e2ce \u00e0 cette chronologie des &#8220;naseaux&#8221; BMW, ci-dessous :<\/strong><\/p>\n\n\n\n<figure class=\"wp-block-embed-wordpress wp-block-embed is-type-wp-embed is-provider-design-actualite-archives\"><div class=\"wp-block-embed__wrapper\">\n<blockquote class=\"wp-embedded-content\" data-secret=\"fFP6jEmG1X\"><a href=\"http:\/\/lignesauto.fr\/?p=4951\">BMW a du nez. Un peu trop parfois (bis)&#8230;<\/a><\/blockquote><iframe class=\"wp-embedded-content\" sandbox=\"allow-scripts\" security=\"restricted\" style=\"position: absolute; clip: rect(1px, 1px, 1px, 1px);\" title=\"&#8220;BMW a du nez. Un peu trop parfois (bis)&#8230;&#8221; &#8212; LIGNES\/auto\" src=\"http:\/\/lignesauto.fr\/?p=4951&#038;embed=true#?secret=tk4jvgefjy#?secret=fFP6jEmG1X\" data-secret=\"fFP6jEmG1X\" width=\"600\" height=\"338\" frameborder=\"0\" marginwidth=\"0\" marginheight=\"0\" scrolling=\"no\"><\/iframe>\n<\/div><\/figure>\n\n\n\n<figure class=\"wp-block-image is-resized\"><img loading=\"lazy\" decoding=\"async\" src=\"http:\/\/lignesauto.fr\/wp-content\/uploads\/2018\/10\/LOGOActus_BD-1024x367.jpg\" alt=\"L\u2019attribut alt de cette image est vide, son nom de fichier est LOGOActus_BD-1024x367.jpg.\" width=\"384\" height=\"137\"\/><\/figure>\n","protected":false},"excerpt":{"rendered":"<p>Retour sur quelques moments forts de 2019, avant de tourner la page vers 2020, ann\u00e9e riche en nouveaut\u00e9s fran\u00e7aises et, pourquoi pas, en &#8220;transferts&#8221; de designers ?! (chuuuuut&#8230;) Quand LIGNES\/auto est sur le front Le transfert de l&#8217;ann\u00e9e, outre celui de Karim Habib (voir en fin de post) c&#8217;est bien [&hellip;]<\/p>\n","protected":false},"author":1,"featured_media":14986,"comment_status":"open","ping_status":"open","sticky":false,"template":"","format":"standard","meta":{"footnotes":""},"categories":[1],"tags":[],"_links":{"self":[{"href":"https:\/\/lignesauto.fr\/index.php?rest_route=\/wp\/v2\/posts\/14859"}],"collection":[{"href":"https:\/\/lignesauto.fr\/index.php?rest_route=\/wp\/v2\/posts"}],"about":[{"href":"https:\/\/lignesauto.fr\/index.php?rest_route=\/wp\/v2\/types\/post"}],"author":[{"embeddable":true,"href":"https:\/\/lignesauto.fr\/index.php?rest_route=\/wp\/v2\/users\/1"}],"replies":[{"embeddable":true,"href":"https:\/\/lignesauto.fr\/index.php?rest_route=%2Fwp%2Fv2%2Fcomments&post=14859"}],"version-history":[{"count":66,"href":"https:\/\/lignesauto.fr\/index.php?rest_route=\/wp\/v2\/posts\/14859\/revisions"}],"predecessor-version":[{"id":17925,"href":"https:\/\/lignesauto.fr\/index.php?rest_route=\/wp\/v2\/posts\/14859\/revisions\/17925"}],"wp:featuredmedia":[{"embeddable":true,"href":"https:\/\/lignesauto.fr\/index.php?rest_route=\/wp\/v2\/media\/14986"}],"wp:attachment":[{"href":"https:\/\/lignesauto.fr\/index.php?rest_route=%2Fwp%2Fv2%2Fmedia&parent=14859"}],"wp:term":[{"taxonomy":"category","embeddable":true,"href":"https:\/\/lignesauto.fr\/index.php?rest_route=%2Fwp%2Fv2%2Fcategories&post=14859"},{"taxonomy":"post_tag","embeddable":true,"href":"https:\/\/lignesauto.fr\/index.php?rest_route=%2Fwp%2Fv2%2Ftags&post=14859"}],"curies":[{"name":"wp","href":"https:\/\/api.w.org\/{rel}","templated":true}]}}