{"id":15097,"date":"2020-01-03T12:14:56","date_gmt":"2020-01-03T11:14:56","guid":{"rendered":"http:\/\/lignesauto.fr\/?p=15097"},"modified":"2020-01-03T12:14:56","modified_gmt":"2020-01-03T11:14:56","slug":"en-france-le-style-fait-il-vendre","status":"publish","type":"post","link":"https:\/\/lignesauto.fr\/?p=15097","title":{"rendered":"En France, le style fait-il vendre ?"},"content":{"rendered":"\n<p>Gr\u00e2ce aux statistiques du Comit\u00e9 des Constructeurs Fran\u00e7ais d&#8217;Automobiles (<a href=\"https:\/\/ccfa.fr\">https:\/\/ccfa.fr<\/a>) sur l&#8217;ann\u00e9e 2019, nous pouvons d\u00e9couvrir les 100 premiers v\u00e9hicules vendus dans l&#8217;hexagone et analyser, subjectivement, si le style fait vendre dans nos fronti\u00e8res.<\/p>\n\n\n\n<figure class=\"wp-block-image is-resized\"><img loading=\"lazy\" decoding=\"async\" src=\"http:\/\/lignesauto.fr\/wp-content\/uploads\/2018\/10\/LOGOActus_BD-1024x367.jpg\" alt=\"\" class=\"wp-image-4921\" width=\"356\" height=\"127\" srcset=\"https:\/\/lignesauto.fr\/wp-content\/uploads\/2018\/10\/LOGOActus_BD-1024x367.jpg 1024w, https:\/\/lignesauto.fr\/wp-content\/uploads\/2018\/10\/LOGOActus_BD-300x108.jpg 300w, https:\/\/lignesauto.fr\/wp-content\/uploads\/2018\/10\/LOGOActus_BD-768x276.jpg 768w, https:\/\/lignesauto.fr\/wp-content\/uploads\/2018\/10\/LOGOActus_BD-370x133.jpg 370w, https:\/\/lignesauto.fr\/wp-content\/uploads\/2018\/10\/LOGOActus_BD-1040x373.jpg 1040w, https:\/\/lignesauto.fr\/wp-content\/uploads\/2018\/10\/LOGOActus_BD.jpg 1240w\" sizes=\"(max-width: 356px) 100vw, 356px\" \/><\/figure>\n\n\n\n<figure class=\"wp-block-image\"><img loading=\"lazy\" decoding=\"async\" width=\"1024\" height=\"571\" src=\"http:\/\/lignesauto.fr\/wp-content\/uploads\/2020\/01\/LIGNESauto-STATS-FRANCE-2019-2-1024x571.png\" alt=\"\" class=\"wp-image-15099\" srcset=\"https:\/\/lignesauto.fr\/wp-content\/uploads\/2020\/01\/LIGNESauto-STATS-FRANCE-2019-2-1024x571.png 1024w, https:\/\/lignesauto.fr\/wp-content\/uploads\/2020\/01\/LIGNESauto-STATS-FRANCE-2019-2-300x167.png 300w, https:\/\/lignesauto.fr\/wp-content\/uploads\/2020\/01\/LIGNESauto-STATS-FRANCE-2019-2-768x428.png 768w, https:\/\/lignesauto.fr\/wp-content\/uploads\/2020\/01\/LIGNESauto-STATS-FRANCE-2019-2-370x206.png 370w, https:\/\/lignesauto.fr\/wp-content\/uploads\/2020\/01\/LIGNESauto-STATS-FRANCE-2019-2-1040x580.png 1040w\" sizes=\"(max-width: 1024px) 100vw, 1024px\" \/><\/figure>\n\n\n\n<p>Voici le tableau fourni par le CCFA sur le Top 100 des ventes de v\u00e9hicules particuliers en France de janvier \u00e0 d\u00e9cembre. Avec six exemples s\u00e9lectionn\u00e9s par nos soins, voyons si le style est pour quelque chose dans ces ventes&#8230;<\/p>\n\n\n\n<figure class=\"wp-block-image\"><img loading=\"lazy\" decoding=\"async\" width=\"1024\" height=\"681\" src=\"http:\/\/lignesauto.fr\/wp-content\/uploads\/2019\/12\/LIGNESLEBOINE_00-1024x681.jpg\" alt=\"\" class=\"wp-image-14612\" srcset=\"https:\/\/lignesauto.fr\/wp-content\/uploads\/2019\/12\/LIGNESLEBOINE_00-1024x681.jpg 1024w, https:\/\/lignesauto.fr\/wp-content\/uploads\/2019\/12\/LIGNESLEBOINE_00-300x200.jpg 300w, https:\/\/lignesauto.fr\/wp-content\/uploads\/2019\/12\/LIGNESLEBOINE_00-768x511.jpg 768w, https:\/\/lignesauto.fr\/wp-content\/uploads\/2019\/12\/LIGNESLEBOINE_00-370x246.jpg 370w, https:\/\/lignesauto.fr\/wp-content\/uploads\/2019\/12\/LIGNESLEBOINE_00-1040x692.jpg 1040w, https:\/\/lignesauto.fr\/wp-content\/uploads\/2019\/12\/LIGNESLEBOINE_00.jpg 1417w\" sizes=\"(max-width: 1024px) 100vw, 1024px\" \/><figcaption>Tiens ? Le Sc\u00e9nic r\u00e9siste avec la 27e place du march\u00e9&#8230; Mais le ciel s&#8217;assombrit pour les monospaces. La version courte se vend mieux que la longue. Alors, si Renault veut supprimer une silhouette, voil\u00e0 un indice peut-\u00eatre ?<\/figcaption><\/figure>\n\n\n\n<p><strong>Avec nos rep\u00e8res &#8220;1&#8221;<\/strong>, on remarque que le Peugeot 3008 avant-m\u00eame son restylage programm\u00e9 demeure \u00e0 une solide 4e place du march\u00e9 fran\u00e7ais. <\/p>\n\n\n\n<figure class=\"wp-block-image\"><img loading=\"lazy\" decoding=\"async\" width=\"1024\" height=\"550\" src=\"http:\/\/lignesauto.fr\/wp-content\/uploads\/2020\/01\/3008-1024x550.png\" alt=\"\" class=\"wp-image-15113\" srcset=\"https:\/\/lignesauto.fr\/wp-content\/uploads\/2020\/01\/3008-1024x550.png 1024w, https:\/\/lignesauto.fr\/wp-content\/uploads\/2020\/01\/3008-300x161.png 300w, https:\/\/lignesauto.fr\/wp-content\/uploads\/2020\/01\/3008-768x412.png 768w, https:\/\/lignesauto.fr\/wp-content\/uploads\/2020\/01\/3008-370x199.png 370w, https:\/\/lignesauto.fr\/wp-content\/uploads\/2020\/01\/3008-1040x559.png 1040w, https:\/\/lignesauto.fr\/wp-content\/uploads\/2020\/01\/3008.png 1417w\" sizes=\"(max-width: 1024px) 100vw, 1024px\" \/><\/figure>\n\n\n\n<p>C&#8217;est bien son style int\u00e9rieur et ext\u00e9rieur qui permet ce maintien en haut du tableau; un style bien \u00e9videmment soutenu par d&#8217;excellentes prestations dynamiques et d&#8217;habitabilit\u00e9. Son concurrent interne, le C5 Aircross ci-dessous dessin\u00e9 par Gr\u00e9gory Blanchet aujourd&#8217;hui chez&#8230; Mercedes (!) fait une belle entr\u00e9e avec d\u00e9j\u00e0 la 16e place du march\u00e9, devan\u00e7ant le VW Tiguan (24e)<\/p>\n\n\n\n<figure class=\"wp-block-image\"><img loading=\"lazy\" decoding=\"async\" width=\"1024\" height=\"576\" src=\"http:\/\/lignesauto.fr\/wp-content\/uploads\/2018\/04\/08772862-photo-c5-aircross-1024x576.jpg\" alt=\"\" class=\"wp-image-2214\" srcset=\"https:\/\/lignesauto.fr\/wp-content\/uploads\/2018\/04\/08772862-photo-c5-aircross-1024x576.jpg 1024w, https:\/\/lignesauto.fr\/wp-content\/uploads\/2018\/04\/08772862-photo-c5-aircross-300x169.jpg 300w, https:\/\/lignesauto.fr\/wp-content\/uploads\/2018\/04\/08772862-photo-c5-aircross-768x432.jpg 768w, https:\/\/lignesauto.fr\/wp-content\/uploads\/2018\/04\/08772862-photo-c5-aircross.jpg 1920w\" sizes=\"(max-width: 1024px) 100vw, 1024px\" \/><\/figure>\n\n\n\n<p><strong>Avec notre rep\u00e8re &#8220;2&#8221;<\/strong>, on constate que les SUV &#8220;urbains&#8221; Renault Captur et Peugeot 2008 se tirent la bourre, mais attention, il s&#8217;agit l\u00e0 encore des mod\u00e8les de la pr\u00e9c\u00e9dente g\u00e9n\u00e9ration.<\/p>\n\n\n\n<figure class=\"wp-block-image\"><img loading=\"lazy\" decoding=\"async\" width=\"1024\" height=\"246\" src=\"http:\/\/lignesauto.fr\/wp-content\/uploads\/2020\/01\/2008-1024x246.png\" alt=\"\" class=\"wp-image-15114\" srcset=\"https:\/\/lignesauto.fr\/wp-content\/uploads\/2020\/01\/2008-1024x246.png 1024w, https:\/\/lignesauto.fr\/wp-content\/uploads\/2020\/01\/2008-300x72.png 300w, https:\/\/lignesauto.fr\/wp-content\/uploads\/2020\/01\/2008-768x184.png 768w, https:\/\/lignesauto.fr\/wp-content\/uploads\/2020\/01\/2008-370x89.png 370w, https:\/\/lignesauto.fr\/wp-content\/uploads\/2020\/01\/2008-1040x250.png 1040w, https:\/\/lignesauto.fr\/wp-content\/uploads\/2020\/01\/2008.png 1417w\" sizes=\"(max-width: 1024px) 100vw, 1024px\" \/><\/figure>\n\n\n\n<p>Le nouveau 2008 ci-dessous entre en commercialisation en ce d\u00e9but d&#8217;ann\u00e9e alors que le Captur II n&#8217;appara\u00eet \u00e9videment qu&#8217;en 87e position, car ses livraisons viennent juste de d\u00e9buter. <\/p>\n\n\n\n<figure class=\"wp-block-image\"><img loading=\"lazy\" decoding=\"async\" width=\"1024\" height=\"410\" src=\"http:\/\/lignesauto.fr\/wp-content\/uploads\/2019\/09\/LIGNESAUTOPEUGEOT_10-1024x410.jpg\" alt=\"\" class=\"wp-image-13478\" srcset=\"https:\/\/lignesauto.fr\/wp-content\/uploads\/2019\/09\/LIGNESAUTOPEUGEOT_10-1024x410.jpg 1024w, https:\/\/lignesauto.fr\/wp-content\/uploads\/2019\/09\/LIGNESAUTOPEUGEOT_10-300x120.jpg 300w, https:\/\/lignesauto.fr\/wp-content\/uploads\/2019\/09\/LIGNESAUTOPEUGEOT_10-768x307.jpg 768w, https:\/\/lignesauto.fr\/wp-content\/uploads\/2019\/09\/LIGNESAUTOPEUGEOT_10-370x148.jpg 370w, https:\/\/lignesauto.fr\/wp-content\/uploads\/2019\/09\/LIGNESAUTOPEUGEOT_10-1040x416.jpg 1040w, https:\/\/lignesauto.fr\/wp-content\/uploads\/2019\/09\/LIGNESAUTOPEUGEOT_10.jpg 1417w\" sizes=\"(max-width: 1024px) 100vw, 1024px\" \/><\/figure>\n\n\n\n<p><strong>Nos rep\u00e8res &#8220;3&#8221;<\/strong> permettent de -d\u00e9j\u00e0- se faire une id\u00e9e du duel entre les deux bellig\u00e9rantes qui visent la premi\u00e8re place du march\u00e9 fran\u00e7ais d\u00e8s 2020: la Renault Clio V (ci-dessous) et la Peugeot 208.<\/p>\n\n\n\n<figure class=\"wp-block-image\"><img loading=\"lazy\" decoding=\"async\" width=\"1024\" height=\"209\" src=\"http:\/\/lignesauto.fr\/wp-content\/uploads\/2020\/01\/CLIO-1024x209.png\" alt=\"\" class=\"wp-image-15115\" srcset=\"https:\/\/lignesauto.fr\/wp-content\/uploads\/2020\/01\/CLIO-1024x209.png 1024w, https:\/\/lignesauto.fr\/wp-content\/uploads\/2020\/01\/CLIO-300x61.png 300w, https:\/\/lignesauto.fr\/wp-content\/uploads\/2020\/01\/CLIO-768x157.png 768w, https:\/\/lignesauto.fr\/wp-content\/uploads\/2020\/01\/CLIO-370x76.png 370w, https:\/\/lignesauto.fr\/wp-content\/uploads\/2020\/01\/CLIO-1040x213.png 1040w, https:\/\/lignesauto.fr\/wp-content\/uploads\/2020\/01\/CLIO.png 1663w\" sizes=\"(max-width: 1024px) 100vw, 1024px\" \/><\/figure>\n\n\n\n<p>La premi\u00e8re, disponible AVANT la Peugeot est d\u00e9j\u00e0 en 9e position du march\u00e9, un score tr\u00e8s flatteur puisque la voiture a \u00e9t\u00e9 commercialis\u00e9e au printemps dernier. Consid\u00e9rons d&#8217;embl\u00e9e que la strat\u00e9gie &#8220;\u00e0 la Golf&#8221; de l&#8217;\u00e9volution plut\u00f4t que la r\u00e9volution semble fonctionner. Sa rivale 208 est en 32e position, mais \u00e9videmment, ce score ne refl\u00e8te pas encore le duel serr\u00e9 attendu puisque la Peugeot a \u00e9t\u00e9 commercialis\u00e9e en octobre seulement. Ce duel fournira des indices sur celui qui opposera bient\u00f4t les Captur et 2008&#8230; A noter que sur l&#8217;ann\u00e9e pleine, Clio IV + Clio V \u00e9tablissent un score de plus de 131 500 ventes contre un peu plus de 105 000 pour le duo 208 + 208 II.<\/p>\n\n\n\n<figure class=\"wp-block-image\"><img loading=\"lazy\" decoding=\"async\" width=\"1024\" height=\"632\" src=\"http:\/\/lignesauto.fr\/wp-content\/uploads\/2019\/01\/All-New-Renault-Clio_Intens-20-1024x632.jpg\" alt=\"\" class=\"wp-image-7363\" srcset=\"https:\/\/lignesauto.fr\/wp-content\/uploads\/2019\/01\/All-New-Renault-Clio_Intens-20-1024x632.jpg 1024w, https:\/\/lignesauto.fr\/wp-content\/uploads\/2019\/01\/All-New-Renault-Clio_Intens-20-300x185.jpg 300w, https:\/\/lignesauto.fr\/wp-content\/uploads\/2019\/01\/All-New-Renault-Clio_Intens-20-768x474.jpg 768w, https:\/\/lignesauto.fr\/wp-content\/uploads\/2019\/01\/All-New-Renault-Clio_Intens-20-370x228.jpg 370w, https:\/\/lignesauto.fr\/wp-content\/uploads\/2019\/01\/All-New-Renault-Clio_Intens-20-1040x642.jpg 1040w, https:\/\/lignesauto.fr\/wp-content\/uploads\/2019\/01\/All-New-Renault-Clio_Intens-20.jpg 1134w\" sizes=\"(max-width: 1024px) 100vw, 1024px\" \/><\/figure>\n\n\n\n<p><strong>Notre rep\u00e8re &#8220;4&#8221; <\/strong>concerne la Peugeot 108 qui compte quand m\u00eame pour 1% du march\u00e9, ce qui n&#8217;est pas n\u00e9gligeable. Si l&#8217;on ajoute le score de la C1 avec 0,8% du march\u00e9, on peut quand m\u00eame se poser une vraie question de strat\u00e9gie, lorsqu&#8217;on sait que ces mod\u00e8les ne devraient pas \u00eatre remplac\u00e9s en l&#8217;\u00e9tat&#8230;<\/p>\n\n\n\n<figure class=\"wp-block-image\"><img loading=\"lazy\" decoding=\"async\" width=\"1024\" height=\"384\" src=\"http:\/\/lignesauto.fr\/wp-content\/uploads\/2020\/01\/108-1024x384.png\" alt=\"\" class=\"wp-image-15116\" srcset=\"https:\/\/lignesauto.fr\/wp-content\/uploads\/2020\/01\/108-1024x384.png 1024w, https:\/\/lignesauto.fr\/wp-content\/uploads\/2020\/01\/108-300x113.png 300w, https:\/\/lignesauto.fr\/wp-content\/uploads\/2020\/01\/108-768x288.png 768w, https:\/\/lignesauto.fr\/wp-content\/uploads\/2020\/01\/108-370x139.png 370w, https:\/\/lignesauto.fr\/wp-content\/uploads\/2020\/01\/108-1040x390.png 1040w, https:\/\/lignesauto.fr\/wp-content\/uploads\/2020\/01\/108.png 1417w\" sizes=\"(max-width: 1024px) 100vw, 1024px\" \/><\/figure>\n\n\n\n<p>PSA peut-il se priver de pr\u00e8s de 2% du march\u00e9 fran\u00e7ais ? R\u00e9ponse prochainement avec la proposition Citro\u00ebn d&#8217;une petite voiture \u00e9lectrique novatrice et&#8230; \u00e0 partager ! Ci-dessous, le concept-car Ami One et son designer, Pierre Icard.<\/p>\n\n\n\n<figure class=\"wp-block-image\"><img loading=\"lazy\" decoding=\"async\" width=\"1024\" height=\"768\" src=\"http:\/\/lignesauto.fr\/wp-content\/uploads\/2019\/02\/LIGNESE05-1024x768.jpg\" alt=\"\" class=\"wp-image-7920\" srcset=\"https:\/\/lignesauto.fr\/wp-content\/uploads\/2019\/02\/LIGNESE05-1024x768.jpg 1024w, https:\/\/lignesauto.fr\/wp-content\/uploads\/2019\/02\/LIGNESE05-300x225.jpg 300w, https:\/\/lignesauto.fr\/wp-content\/uploads\/2019\/02\/LIGNESE05-768x576.jpg 768w, https:\/\/lignesauto.fr\/wp-content\/uploads\/2019\/02\/LIGNESE05-370x278.jpg 370w, https:\/\/lignesauto.fr\/wp-content\/uploads\/2019\/02\/LIGNESE05-1040x780.jpg 1040w, https:\/\/lignesauto.fr\/wp-content\/uploads\/2019\/02\/LIGNESE05.jpg 1417w\" sizes=\"(max-width: 1024px) 100vw, 1024px\" \/><\/figure>\n\n\n\n<p><strong>Nos rep\u00e8res &#8220;5&#8221;<\/strong> concernent la marque DS. Premi\u00e8re surprise, la grande DS7 est tr\u00e8s loin devant sa petite soeur DS3 Crossback (41e vs 65e).<\/p>\n\n\n\n<figure class=\"wp-block-image\"><img loading=\"lazy\" decoding=\"async\" width=\"1024\" height=\"478\" src=\"http:\/\/lignesauto.fr\/wp-content\/uploads\/2020\/01\/DS-1024x478.png\" alt=\"\" class=\"wp-image-15117\" srcset=\"https:\/\/lignesauto.fr\/wp-content\/uploads\/2020\/01\/DS-1024x478.png 1024w, https:\/\/lignesauto.fr\/wp-content\/uploads\/2020\/01\/DS-300x140.png 300w, https:\/\/lignesauto.fr\/wp-content\/uploads\/2020\/01\/DS-768x358.png 768w, https:\/\/lignesauto.fr\/wp-content\/uploads\/2020\/01\/DS-370x173.png 370w, https:\/\/lignesauto.fr\/wp-content\/uploads\/2020\/01\/DS-1040x485.png 1040w, https:\/\/lignesauto.fr\/wp-content\/uploads\/2020\/01\/DS.png 1417w\" sizes=\"(max-width: 1024px) 100vw, 1024px\" \/><\/figure>\n\n\n\n<p>Certes, la DS3 Crossback n&#8217;est arriv\u00e9e en concession qu&#8217;au mois de mai 2019, mais on doit attendre avec impatience chez DS les premi\u00e8res retomb\u00e9es de la commercialisation de la variante DS3 Crossback E-tense 100% \u00e9lectrique&#8230; Maigre consolation pour la DS3 Crossback, elle se vend mieux en France que l&#8217;Audi Q2, \u00e0 la 73e place du march\u00e9.<\/p>\n\n\n\n<figure class=\"wp-block-image\"><img loading=\"lazy\" decoding=\"async\" width=\"797\" height=\"325\" src=\"http:\/\/lignesauto.fr\/wp-content\/uploads\/2018\/09\/LIGNESPORTEDS3.jpg\" alt=\"\" class=\"wp-image-4320\" srcset=\"https:\/\/lignesauto.fr\/wp-content\/uploads\/2018\/09\/LIGNESPORTEDS3.jpg 797w, https:\/\/lignesauto.fr\/wp-content\/uploads\/2018\/09\/LIGNESPORTEDS3-300x122.jpg 300w, https:\/\/lignesauto.fr\/wp-content\/uploads\/2018\/09\/LIGNESPORTEDS3-768x313.jpg 768w, https:\/\/lignesauto.fr\/wp-content\/uploads\/2018\/09\/LIGNESPORTEDS3-370x151.jpg 370w\" sizes=\"(max-width: 797px) 100vw, 797px\" \/><\/figure>\n\n\n\n<p><strong>Nos rep\u00e8res &#8220;6&#8221;<\/strong> concernant deux strat\u00e9gies de style tr\u00e8s diff\u00e9rentes entre la Peugeot 508 et la Renault Talisman.<\/p>\n\n\n\n<figure class=\"wp-block-image\"><img loading=\"lazy\" decoding=\"async\" width=\"1024\" height=\"653\" src=\"http:\/\/lignesauto.fr\/wp-content\/uploads\/2020\/01\/508-1024x653.png\" alt=\"\" class=\"wp-image-15119\" srcset=\"https:\/\/lignesauto.fr\/wp-content\/uploads\/2020\/01\/508-1024x653.png 1024w, https:\/\/lignesauto.fr\/wp-content\/uploads\/2020\/01\/508-300x191.png 300w, https:\/\/lignesauto.fr\/wp-content\/uploads\/2020\/01\/508-768x489.png 768w, https:\/\/lignesauto.fr\/wp-content\/uploads\/2020\/01\/508-370x236.png 370w, https:\/\/lignesauto.fr\/wp-content\/uploads\/2020\/01\/508-1040x663.png 1040w, https:\/\/lignesauto.fr\/wp-content\/uploads\/2020\/01\/508.png 1417w\" sizes=\"(max-width: 1024px) 100vw, 1024px\" \/><\/figure>\n\n\n\n<p>Cette derni\u00e8re s&#8217;essouffle \u00e0 la 84e place, alors que l&#8217;audace du style Peugeot permet \u00e0 la 508 de grimper jusqu&#8217;\u00e0 la 39e place. Et la variante &#8220;hybride rechargeable&#8221; (ci-dessous) va venir en renfort&#8230; A noter que la Renault Espace n&#8217;appara\u00eet pas dans le Top 100 fran\u00e7ais. De l\u00e0 \u00e0 confirmer les rumeurs d&#8217;un non renouvellement&#8230;<\/p>\n\n\n\n<figure class=\"wp-block-image\"><img loading=\"lazy\" decoding=\"async\" width=\"1024\" height=\"636\" src=\"http:\/\/lignesauto.fr\/wp-content\/uploads\/2018\/09\/2062757-tchg5hvxvg-1024x636.jpg\" alt=\"\" class=\"wp-image-4862\" srcset=\"https:\/\/lignesauto.fr\/wp-content\/uploads\/2018\/09\/2062757-tchg5hvxvg-1024x636.jpg 1024w, https:\/\/lignesauto.fr\/wp-content\/uploads\/2018\/09\/2062757-tchg5hvxvg-300x186.jpg 300w, https:\/\/lignesauto.fr\/wp-content\/uploads\/2018\/09\/2062757-tchg5hvxvg-768x477.jpg 768w, https:\/\/lignesauto.fr\/wp-content\/uploads\/2018\/09\/2062757-tchg5hvxvg-370x230.jpg 370w, https:\/\/lignesauto.fr\/wp-content\/uploads\/2018\/09\/2062757-tchg5hvxvg-1040x645.jpg 1040w, https:\/\/lignesauto.fr\/wp-content\/uploads\/2018\/09\/2062757-tchg5hvxvg.jpg 1181w\" sizes=\"(max-width: 1024px) 100vw, 1024px\" \/><\/figure>\n\n\n\n<p>Evidemment, ces chiffres ne concernent que le march\u00e9 fran\u00e7ais, pas europ\u00e9en&#8230; En Europe, notons toutefois que la berline r\u00e9siste, avec 44% des ventes de v\u00e9hicules particuliers. Mais les SUV grignotent, grignotent, notamment ceux du segment B (Renault Captur, Peugeot 2008, etc.)<\/p>\n\n\n\n<figure class=\"wp-block-image is-resized\"><img loading=\"lazy\" decoding=\"async\" src=\"http:\/\/lignesauto.fr\/wp-content\/uploads\/2018\/10\/LOGOActus_BD-1024x367.jpg\" alt=\"L\u2019attribut alt de cette image est vide, son nom de fichier est LOGOActus_BD-1024x367.jpg.\" width=\"383\" height=\"136\"\/><\/figure>\n","protected":false},"excerpt":{"rendered":"<p>Gr\u00e2ce aux statistiques du Comit\u00e9 des Constructeurs Fran\u00e7ais d&#8217;Automobiles (https:\/\/ccfa.fr) sur l&#8217;ann\u00e9e 2019, nous pouvons d\u00e9couvrir les 100 premiers v\u00e9hicules vendus dans l&#8217;hexagone et analyser, subjectivement, si le style fait vendre dans nos fronti\u00e8res. Voici le tableau fourni par le CCFA sur le Top 100 des ventes de v\u00e9hicules particuliers [&hellip;]<\/p>\n","protected":false},"author":1,"featured_media":13866,"comment_status":"open","ping_status":"open","sticky":false,"template":"","format":"standard","meta":{"footnotes":""},"categories":[1],"tags":[],"_links":{"self":[{"href":"https:\/\/lignesauto.fr\/index.php?rest_route=\/wp\/v2\/posts\/15097"}],"collection":[{"href":"https:\/\/lignesauto.fr\/index.php?rest_route=\/wp\/v2\/posts"}],"about":[{"href":"https:\/\/lignesauto.fr\/index.php?rest_route=\/wp\/v2\/types\/post"}],"author":[{"embeddable":true,"href":"https:\/\/lignesauto.fr\/index.php?rest_route=\/wp\/v2\/users\/1"}],"replies":[{"embeddable":true,"href":"https:\/\/lignesauto.fr\/index.php?rest_route=%2Fwp%2Fv2%2Fcomments&post=15097"}],"version-history":[{"count":16,"href":"https:\/\/lignesauto.fr\/index.php?rest_route=\/wp\/v2\/posts\/15097\/revisions"}],"predecessor-version":[{"id":15120,"href":"https:\/\/lignesauto.fr\/index.php?rest_route=\/wp\/v2\/posts\/15097\/revisions\/15120"}],"wp:featuredmedia":[{"embeddable":true,"href":"https:\/\/lignesauto.fr\/index.php?rest_route=\/wp\/v2\/media\/13866"}],"wp:attachment":[{"href":"https:\/\/lignesauto.fr\/index.php?rest_route=%2Fwp%2Fv2%2Fmedia&parent=15097"}],"wp:term":[{"taxonomy":"category","embeddable":true,"href":"https:\/\/lignesauto.fr\/index.php?rest_route=%2Fwp%2Fv2%2Fcategories&post=15097"},{"taxonomy":"post_tag","embeddable":true,"href":"https:\/\/lignesauto.fr\/index.php?rest_route=%2Fwp%2Fv2%2Ftags&post=15097"}],"curies":[{"name":"wp","href":"https:\/\/api.w.org\/{rel}","templated":true}]}}