{"id":15142,"date":"2020-01-24T06:32:36","date_gmt":"2020-01-24T05:32:36","guid":{"rendered":"http:\/\/lignesauto.fr\/?p=15142"},"modified":"2020-01-24T07:45:44","modified_gmt":"2020-01-24T06:45:44","slug":"mercedes-avtr-quand-le-futur-sinspire-du-cinema","status":"publish","type":"post","link":"https:\/\/lignesauto.fr\/?p=15142","title":{"rendered":"Mercedes AVTR : quand le futur s&#8217;inspire du cin\u00e9ma VIDEO"},"content":{"rendered":"\n<figure class=\"wp-block-image is-resized\"><img loading=\"lazy\" decoding=\"async\" src=\"http:\/\/lignesauto.fr\/wp-content\/uploads\/2018\/10\/LOGOActus_BD-1024x367.jpg\" alt=\"\" class=\"wp-image-4921\" width=\"339\" height=\"120\"\/><\/figure>\n\n\n\n<p>Mercedes VISION AVTR pour&nbsp;Advanced Vehicle Transformation. Ce concept-car futuriste a \u00e9t\u00e9 con\u00e7u en partenariat avec AVATAR, l&#8217;une des marques les plus innovantes de l&#8217;industrie du divertissement.<\/p>\n\n\n\n<figure class=\"wp-block-image\"><img loading=\"lazy\" decoding=\"async\" width=\"1024\" height=\"683\" src=\"http:\/\/lignesauto.fr\/wp-content\/uploads\/2020\/01\/19C1037_006-1024x683.jpg\" alt=\"\" class=\"wp-image-15144\" srcset=\"https:\/\/lignesauto.fr\/wp-content\/uploads\/2020\/01\/19C1037_006-1024x683.jpg 1024w, https:\/\/lignesauto.fr\/wp-content\/uploads\/2020\/01\/19C1037_006-300x200.jpg 300w, https:\/\/lignesauto.fr\/wp-content\/uploads\/2020\/01\/19C1037_006-768x512.jpg 768w, https:\/\/lignesauto.fr\/wp-content\/uploads\/2020\/01\/19C1037_006-370x247.jpg 370w, https:\/\/lignesauto.fr\/wp-content\/uploads\/2020\/01\/19C1037_006-1040x694.jpg 1040w, https:\/\/lignesauto.fr\/wp-content\/uploads\/2020\/01\/19C1037_006.jpg 1417w\" sizes=\"(max-width: 1024px) 100vw, 1024px\" \/><\/figure>\n\n\n\n<p>Inspir\u00e9e par le monde de Pandora , cette nouvelle cr\u00e9ation Mercedes r\u00e9v\u00e8le une interaction in\u00e9dite entre l&#8217;homme, la machine et la nature. Joli discours&#8230; O\u00f9 l\u2019on repense \u00e0 la Citro\u00ebn Activa II, \u00e0 la Renault TreZor, \u00e0 la Renault Fiftie et \u00e0 d\u2019autres cr\u00e9ations de Colani. Explications.<\/p>\n\n\n\n<figure class=\"wp-block-image\"><img loading=\"lazy\" decoding=\"async\" width=\"1024\" height=\"546\" src=\"http:\/\/lignesauto.fr\/wp-content\/uploads\/2020\/01\/19C1037_110-1024x546.jpg\" alt=\"\" class=\"wp-image-15167\" srcset=\"https:\/\/lignesauto.fr\/wp-content\/uploads\/2020\/01\/19C1037_110-1024x546.jpg 1024w, https:\/\/lignesauto.fr\/wp-content\/uploads\/2020\/01\/19C1037_110-300x160.jpg 300w, https:\/\/lignesauto.fr\/wp-content\/uploads\/2020\/01\/19C1037_110-768x410.jpg 768w, https:\/\/lignesauto.fr\/wp-content\/uploads\/2020\/01\/19C1037_110-370x197.jpg 370w, https:\/\/lignesauto.fr\/wp-content\/uploads\/2020\/01\/19C1037_110-1040x555.jpg 1040w, https:\/\/lignesauto.fr\/wp-content\/uploads\/2020\/01\/19C1037_110.jpg 1417w\" sizes=\"(max-width: 1024px) 100vw, 1024px\" \/><\/figure>\n\n\n\n<p>Ce prototype incarne la vision des designers, des ing\u00e9nieurs et des chercheurs de tendances Mercedes pour la mobilit\u00e9 d\u2019un avenir tr\u00e8s lointain. Son design est une fusion entre l&#8217;int\u00e9rieur et l&#8217;ext\u00e9rieur.<\/p>\n\n\n\n<h2 class=\"wp-block-heading\">VIDEO :<\/h2>\n\n\n\n<figure class=\"wp-block-embed-youtube wp-block-embed is-type-video is-provider-youtube wp-embed-aspect-16-9 wp-has-aspect-ratio\"><div class=\"wp-block-embed__wrapper\">\n<iframe loading=\"lazy\" title=\"LIGNES\/auto Mercedes AVTR 2020\" width=\"640\" height=\"360\" src=\"https:\/\/www.youtube.com\/embed\/uuDNdsiVKyw?feature=oembed\" frameborder=\"0\" allow=\"accelerometer; autoplay; clipboard-write; encrypted-media; gyroscope; picture-in-picture; web-share\" referrerpolicy=\"strict-origin-when-cross-origin\" allowfullscreen><\/iframe>\n<\/div><\/figure>\n\n\n\n<p>La structure o\u00f9 se m\u00eale les design inter\/exter a \u00e9t\u00e9 con\u00e7ue en s\u2019inspirant de plusieurs cr\u00e9atures du film. Avec son design \u00e9tir\u00e9 &#8221; One Bow &#8221; et son langage formel,&nbsp;&nbsp;la Mercedes VISION AVTR r\u00e9interpr\u00e8te le bio design organique cher \u00e0&nbsp;Luigi Colani mort en septembre dernier.<\/p>\n\n\n\n<figure class=\"wp-block-image\"><img loading=\"lazy\" decoding=\"async\" width=\"1024\" height=\"576\" src=\"http:\/\/lignesauto.fr\/wp-content\/uploads\/2020\/01\/19C1037_035-1024x576.jpg\" alt=\"\" class=\"wp-image-15143\" srcset=\"https:\/\/lignesauto.fr\/wp-content\/uploads\/2020\/01\/19C1037_035-1024x576.jpg 1024w, https:\/\/lignesauto.fr\/wp-content\/uploads\/2020\/01\/19C1037_035-300x169.jpg 300w, https:\/\/lignesauto.fr\/wp-content\/uploads\/2020\/01\/19C1037_035-768x432.jpg 768w, https:\/\/lignesauto.fr\/wp-content\/uploads\/2020\/01\/19C1037_035-370x208.jpg 370w, https:\/\/lignesauto.fr\/wp-content\/uploads\/2020\/01\/19C1037_035-1040x585.jpg 1040w, https:\/\/lignesauto.fr\/wp-content\/uploads\/2020\/01\/19C1037_035.jpg 1417w\" sizes=\"(max-width: 1024px) 100vw, 1024px\" \/><\/figure>\n\n\n\n<p>A bord, en lieu et place du volant traditionnel, l&#8217;\u00e9l\u00e9ment de commande multifonctionnel de la console centrale permet de fusionner l&#8217;homme et la machine. Chaud devant&nbsp;!<\/p>\n\n\n\n<figure class=\"wp-block-image\"><img loading=\"lazy\" decoding=\"async\" width=\"1024\" height=\"546\" src=\"http:\/\/lignesauto.fr\/wp-content\/uploads\/2020\/01\/19C1037_100-1024x546.jpg\" alt=\"\" class=\"wp-image-15169\" srcset=\"https:\/\/lignesauto.fr\/wp-content\/uploads\/2020\/01\/19C1037_100-1024x546.jpg 1024w, https:\/\/lignesauto.fr\/wp-content\/uploads\/2020\/01\/19C1037_100-300x160.jpg 300w, https:\/\/lignesauto.fr\/wp-content\/uploads\/2020\/01\/19C1037_100-768x410.jpg 768w, https:\/\/lignesauto.fr\/wp-content\/uploads\/2020\/01\/19C1037_100-370x197.jpg 370w, https:\/\/lignesauto.fr\/wp-content\/uploads\/2020\/01\/19C1037_100-1040x555.jpg 1040w, https:\/\/lignesauto.fr\/wp-content\/uploads\/2020\/01\/19C1037_100.jpg 1417w\" sizes=\"(max-width: 1024px) 100vw, 1024px\" \/><\/figure>\n\n\n\n<p>En pla\u00e7ant la main sur l&#8217;\u00e9l\u00e9ment de commande, l&#8217;int\u00e9rieur prend vie et le v\u00e9hicule reconna\u00eet le conducteur par son rythme cardiaque et sa respiration. Evitez donc de prendre place \u00e0 bord apr\u00e8s votre jogging, la voiture ne d\u00e9marrera pas.&nbsp;<\/p>\n\n\n\n<figure class=\"wp-block-image\"><img loading=\"lazy\" decoding=\"async\" width=\"1024\" height=\"576\" src=\"http:\/\/lignesauto.fr\/wp-content\/uploads\/2020\/01\/19C1037_119-1024x576.jpg\" alt=\"\" class=\"wp-image-15145\" srcset=\"https:\/\/lignesauto.fr\/wp-content\/uploads\/2020\/01\/19C1037_119-1024x576.jpg 1024w, https:\/\/lignesauto.fr\/wp-content\/uploads\/2020\/01\/19C1037_119-300x169.jpg 300w, https:\/\/lignesauto.fr\/wp-content\/uploads\/2020\/01\/19C1037_119-768x432.jpg 768w, https:\/\/lignesauto.fr\/wp-content\/uploads\/2020\/01\/19C1037_119-370x208.jpg 370w, https:\/\/lignesauto.fr\/wp-content\/uploads\/2020\/01\/19C1037_119-1040x585.jpg 1040w, https:\/\/lignesauto.fr\/wp-content\/uploads\/2020\/01\/19C1037_119.jpg 1417w\" sizes=\"(max-width: 1024px) 100vw, 1024px\" \/><\/figure>\n\n\n\n<p>Vous prenez place dans un environnement d&#8217;exp\u00e9riences immersives : en levant simplement la main, une s\u00e9lection de menu est projet\u00e9e sur votre paume et Irma pourrait presque lire votre ligne de vie&#8230; Vous pouvez ainsi choisir intuitivement diff\u00e9rentes fonctionnalit\u00e9s. Par exemple, des graphiques 3D en temps r\u00e9el peuvent \u00eatre utilis\u00e9s pour explorer le monde fictif de Pandora sous diff\u00e9rentes perspectives. Le module d&#8217;affichage incurv\u00e9 cr\u00e9e le lien visuel entre les passagers et le monde ext\u00e9rieur.<\/p>\n\n\n\n<figure class=\"wp-block-image\"><img loading=\"lazy\" decoding=\"async\" width=\"1024\" height=\"512\" src=\"http:\/\/lignesauto.fr\/wp-content\/uploads\/2020\/01\/19C1037_052-1024x512.jpg\" alt=\"\" class=\"wp-image-15149\" srcset=\"https:\/\/lignesauto.fr\/wp-content\/uploads\/2020\/01\/19C1037_052-1024x512.jpg 1024w, https:\/\/lignesauto.fr\/wp-content\/uploads\/2020\/01\/19C1037_052-300x150.jpg 300w, https:\/\/lignesauto.fr\/wp-content\/uploads\/2020\/01\/19C1037_052-768x384.jpg 768w, https:\/\/lignesauto.fr\/wp-content\/uploads\/2020\/01\/19C1037_052-370x185.jpg 370w, https:\/\/lignesauto.fr\/wp-content\/uploads\/2020\/01\/19C1037_052-1040x520.jpg 1040w, https:\/\/lignesauto.fr\/wp-content\/uploads\/2020\/01\/19C1037_052.jpg 1417w\" sizes=\"(max-width: 1024px) 100vw, 1024px\" \/><\/figure>\n\n\n\n<p>Le concept VISION AVTR utilise une technologie de batterie r\u00e9volutionnaire bas\u00e9e sur la chimie organique des cellules, \u00e0 base de graph\u00e8ne, totalement exempte de terres rares et de m\u00e9taux. C\u2019est Greta qui va \u00eatre contente&nbsp;! Les mat\u00e9riaux de la batterie sont compostables, et donc enti\u00e8rement recyclables. De cette fa\u00e7on, la mobilit\u00e9 \u00e9lectrique devient ind\u00e9pendante des ressources fossiles. Mercedes&nbsp;&nbsp;souligne ainsi la grande importance d&#8217;une future \u00e9conomie circulaire dans le secteur des mati\u00e8res premi\u00e8res. Allez, il faut s\u2019y mettre avant que l\u2019Australie ne br\u00fble totalement&nbsp;!<\/p>\n\n\n\n<figure class=\"wp-block-image\"><img loading=\"lazy\" decoding=\"async\" width=\"1024\" height=\"683\" src=\"http:\/\/lignesauto.fr\/wp-content\/uploads\/2020\/01\/19C1037_001-1024x683.jpg\" alt=\"\" class=\"wp-image-15147\" srcset=\"https:\/\/lignesauto.fr\/wp-content\/uploads\/2020\/01\/19C1037_001-1024x683.jpg 1024w, https:\/\/lignesauto.fr\/wp-content\/uploads\/2020\/01\/19C1037_001-300x200.jpg 300w, https:\/\/lignesauto.fr\/wp-content\/uploads\/2020\/01\/19C1037_001-768x512.jpg 768w, https:\/\/lignesauto.fr\/wp-content\/uploads\/2020\/01\/19C1037_001-370x247.jpg 370w, https:\/\/lignesauto.fr\/wp-content\/uploads\/2020\/01\/19C1037_001-1040x694.jpg 1040w, https:\/\/lignesauto.fr\/wp-content\/uploads\/2020\/01\/19C1037_001.jpg 1417w\" sizes=\"(max-width: 1024px) 100vw, 1024px\" \/><\/figure>\n\n\n\n<p>Les 33 &#8220;volets bioniques&#8221; \u00e0 l&#8217;arri\u00e8re du v\u00e9hicule rappellent les \u00e9cailles d\u2019un reptile. Et accessoirement, les \u00e9cailles du concept-car TreZor de Renault, datant de 2016. Ils peuvent se mouvoir en mouvements naturels et subtils. <\/p>\n\n\n\n<figure class=\"wp-block-image\"><img loading=\"lazy\" decoding=\"async\" width=\"1024\" height=\"683\" src=\"http:\/\/lignesauto.fr\/wp-content\/uploads\/2020\/01\/19C1037_005-1024x683.jpg\" alt=\"\" class=\"wp-image-15148\" srcset=\"https:\/\/lignesauto.fr\/wp-content\/uploads\/2020\/01\/19C1037_005-1024x683.jpg 1024w, https:\/\/lignesauto.fr\/wp-content\/uploads\/2020\/01\/19C1037_005-300x200.jpg 300w, https:\/\/lignesauto.fr\/wp-content\/uploads\/2020\/01\/19C1037_005-768x512.jpg 768w, https:\/\/lignesauto.fr\/wp-content\/uploads\/2020\/01\/19C1037_005-370x247.jpg 370w, https:\/\/lignesauto.fr\/wp-content\/uploads\/2020\/01\/19C1037_005-1040x694.jpg 1040w, https:\/\/lignesauto.fr\/wp-content\/uploads\/2020\/01\/19C1037_005.jpg 1417w\" sizes=\"(max-width: 1024px) 100vw, 1024px\" \/><\/figure>\n\n\n\n<p>Gr\u00e2ce \u00e0 la possibilit\u00e9 d&#8217;entra\u00eener les essieux avant et arri\u00e8re dans le m\u00eame sens ou en sens inverse, le VISION AVTR peut se d\u00e9placer lat\u00e9ralement d&#8217;environ 30 degr\u00e9s. Il y a un peu de la Citro\u00ebn Activa II en elle. Cette derni\u00e8re date de 1988. Ce que l&#8217;on appelle le &#8221; mouvement de crabe &#8221; donne au v\u00e9hicule concept une apparence animale m\u00eame dans son mouvement.<\/p>\n\n\n\n<figure class=\"wp-block-image\"><img loading=\"lazy\" decoding=\"async\" width=\"1024\" height=\"739\" src=\"http:\/\/lignesauto.fr\/wp-content\/uploads\/2020\/01\/19C1037_101-1024x739.jpg\" alt=\"\" class=\"wp-image-15146\" srcset=\"https:\/\/lignesauto.fr\/wp-content\/uploads\/2020\/01\/19C1037_101-1024x739.jpg 1024w, https:\/\/lignesauto.fr\/wp-content\/uploads\/2020\/01\/19C1037_101-300x216.jpg 300w, https:\/\/lignesauto.fr\/wp-content\/uploads\/2020\/01\/19C1037_101-768x554.jpg 768w, https:\/\/lignesauto.fr\/wp-content\/uploads\/2020\/01\/19C1037_101-370x267.jpg 370w, https:\/\/lignesauto.fr\/wp-content\/uploads\/2020\/01\/19C1037_101-1040x750.jpg 1040w, https:\/\/lignesauto.fr\/wp-content\/uploads\/2020\/01\/19C1037_101.jpg 1417w\" sizes=\"(max-width: 1024px) 100vw, 1024px\" \/><\/figure>\n\n\n\n<p>Les si\u00e8ges de la VISION AVTR sont en cuir v\u00e9g\u00e9talien Dinamica\u00ae, premi\u00e8re et seule microfibre qui garantit la durabilit\u00e9 environnementale tout au long du cycle de production. Le plancher est d\u00e9cor\u00e9 en&#8230; rotin, faisant alors pens\u00e9 \u00e0 la Fiftie de Renault, n\u00e9e en 1995&#8230;&nbsp;<\/p>\n\n\n\n<figure class=\"wp-block-image\"><img loading=\"lazy\" decoding=\"async\" width=\"1024\" height=\"683\" src=\"http:\/\/lignesauto.fr\/wp-content\/uploads\/2020\/01\/LIGNESAUTO-1024x683.jpg\" alt=\"\" class=\"wp-image-15156\" srcset=\"https:\/\/lignesauto.fr\/wp-content\/uploads\/2020\/01\/LIGNESAUTO-1024x683.jpg 1024w, https:\/\/lignesauto.fr\/wp-content\/uploads\/2020\/01\/LIGNESAUTO-300x200.jpg 300w, https:\/\/lignesauto.fr\/wp-content\/uploads\/2020\/01\/LIGNESAUTO-768x512.jpg 768w, https:\/\/lignesauto.fr\/wp-content\/uploads\/2020\/01\/LIGNESAUTO-370x247.jpg 370w, https:\/\/lignesauto.fr\/wp-content\/uploads\/2020\/01\/LIGNESAUTO-1040x694.jpg 1040w, https:\/\/lignesauto.fr\/wp-content\/uploads\/2020\/01\/LIGNESAUTO.jpg 1417w\" sizes=\"(max-width: 1024px) 100vw, 1024px\" \/><\/figure>\n\n\n\n<p>Gorden Wagener (ci-dessus), big boss du design Mercedes-Benz, explique que \u00ab&nbsp;nous avons mis l&#8217;accent sur les mat\u00e9riaux organiques et les fonctions qui rappellent les organismes. Les portes transparentes, par exemple, s&#8217;ouvrent vers le haut. Avec les volets \u00e0 l&#8217;arri\u00e8re du v\u00e9hicule, elles font appara\u00eetre le showcar sous un jour l\u00e9ger. L&#8217;int\u00e9rieur agit comme un nid ou un cocon qui prot\u00e8ge les passagers. Ici, nous n&#8217;avons utilis\u00e9 que des mat\u00e9riaux organiques ou v\u00e9g\u00e9taliens. La console centrale symbolise l&#8217;arbre des \u00e2mes, l&#8217;endroit le plus sacr\u00e9 des Na&#8217;vi. Elle s&#8217;\u00e9tend de fa\u00e7on spectaculaire jusqu&#8217;au pilier A et cr\u00e9e sa structure de toit, qui enferme doucement les passagers sur la banquette arri\u00e8re comme un cocon. L&#8217;appuie-t\u00eate de la banquette arri\u00e8re est tellement \u00e9tir\u00e9 vers l&#8217;avant qu&#8217;il se transforme en appuie-t\u00eate de la banquette avant. Tout est reli\u00e9 \u00e0 tout.&nbsp;\u00bb<\/p>\n\n\n\n<figure class=\"wp-block-image\"><img loading=\"lazy\" decoding=\"async\" width=\"1024\" height=\"640\" src=\"http:\/\/lignesauto.fr\/wp-content\/uploads\/2020\/01\/1-1024x640.jpg\" alt=\"\" class=\"wp-image-15157\" srcset=\"https:\/\/lignesauto.fr\/wp-content\/uploads\/2020\/01\/1-1024x640.jpg 1024w, https:\/\/lignesauto.fr\/wp-content\/uploads\/2020\/01\/1-300x188.jpg 300w, https:\/\/lignesauto.fr\/wp-content\/uploads\/2020\/01\/1-768x480.jpg 768w, https:\/\/lignesauto.fr\/wp-content\/uploads\/2020\/01\/1-370x231.jpg 370w, https:\/\/lignesauto.fr\/wp-content\/uploads\/2020\/01\/1-1040x650.jpg 1040w, https:\/\/lignesauto.fr\/wp-content\/uploads\/2020\/01\/1.jpg 1417w\" sizes=\"(max-width: 1024px) 100vw, 1024px\" \/><\/figure>\n\n\n\n<p>Des engins aussi bizarres, Mercedes en a d\u00e9j\u00e0 esquiss\u00e9 les contours, sans pour autant en d\u00e9river un concept-car (ci-dessus). C&#8217;est d\u00e9sormais chose faite.<\/p>\n\n\n\n<figure class=\"wp-block-image is-resized\"><img loading=\"lazy\" decoding=\"async\" src=\"http:\/\/lignesauto.fr\/wp-content\/uploads\/2018\/10\/LOGOActus_BD-1024x367.jpg\" alt=\"L\u2019attribut alt de cette image est vide, son nom de fichier est LOGOActus_BD-1024x367.jpg.\" width=\"412\" height=\"147\"\/><\/figure>\n","protected":false},"excerpt":{"rendered":"<p>Mercedes VISION AVTR pour&nbsp;Advanced Vehicle Transformation. Ce concept-car futuriste a \u00e9t\u00e9 con\u00e7u en partenariat avec AVATAR, l&#8217;une des marques les plus innovantes de l&#8217;industrie du divertissement. Inspir\u00e9e par le monde de Pandora , cette nouvelle cr\u00e9ation Mercedes r\u00e9v\u00e8le une interaction in\u00e9dite entre l&#8217;homme, la machine et la nature. Joli discours&#8230; [&hellip;]<\/p>\n","protected":false},"author":1,"featured_media":15143,"comment_status":"open","ping_status":"open","sticky":false,"template":"","format":"standard","meta":{"footnotes":""},"categories":[1],"tags":[],"_links":{"self":[{"href":"https:\/\/lignesauto.fr\/index.php?rest_route=\/wp\/v2\/posts\/15142"}],"collection":[{"href":"https:\/\/lignesauto.fr\/index.php?rest_route=\/wp\/v2\/posts"}],"about":[{"href":"https:\/\/lignesauto.fr\/index.php?rest_route=\/wp\/v2\/types\/post"}],"author":[{"embeddable":true,"href":"https:\/\/lignesauto.fr\/index.php?rest_route=\/wp\/v2\/users\/1"}],"replies":[{"embeddable":true,"href":"https:\/\/lignesauto.fr\/index.php?rest_route=%2Fwp%2Fv2%2Fcomments&post=15142"}],"version-history":[{"count":13,"href":"https:\/\/lignesauto.fr\/index.php?rest_route=\/wp\/v2\/posts\/15142\/revisions"}],"predecessor-version":[{"id":15272,"href":"https:\/\/lignesauto.fr\/index.php?rest_route=\/wp\/v2\/posts\/15142\/revisions\/15272"}],"wp:featuredmedia":[{"embeddable":true,"href":"https:\/\/lignesauto.fr\/index.php?rest_route=\/wp\/v2\/media\/15143"}],"wp:attachment":[{"href":"https:\/\/lignesauto.fr\/index.php?rest_route=%2Fwp%2Fv2%2Fmedia&parent=15142"}],"wp:term":[{"taxonomy":"category","embeddable":true,"href":"https:\/\/lignesauto.fr\/index.php?rest_route=%2Fwp%2Fv2%2Fcategories&post=15142"},{"taxonomy":"post_tag","embeddable":true,"href":"https:\/\/lignesauto.fr\/index.php?rest_route=%2Fwp%2Fv2%2Ftags&post=15142"}],"curies":[{"name":"wp","href":"https:\/\/api.w.org\/{rel}","templated":true}]}}